{"id":7940,"date":"2023-08-30T05:00:35","date_gmt":"2023-08-30T09:00:35","guid":{"rendered":"http:\/\/blogdacondessa.com.br\/?p=7940"},"modified":"2023-08-29T17:25:08","modified_gmt":"2023-08-29T21:25:08","slug":"cidade-de-mt-recebe-festival-gastronomico","status":"publish","type":"post","link":"https:\/\/blogdacondessa.com.br\/blog\/gastronomia\/cidade-de-mt-recebe-festival-gastronomico\/","title":{"rendered":"Cidade de MT recebe festival gastron\u00f4mico"},"content":{"rendered":"<p>O Circuito Gastron\u00f4mico do Pantanal 2023 chega ao munic\u00edpio de C\u00e1ceres (217,8 quil\u00f4metros de Cuiab\u00e1), no dia 1\u00ba de setembro, a partir das 18h. A estrutura, instalada na rua 13 de junho &#8211; ao lado da Catedral S\u00e3o Luiz -, contar\u00e1 com a participa\u00e7\u00e3o de 16 empreendedores locais, que, com o aux\u00edlio do chefe de cozinha, Marcelo Cotrim, prepararam um card\u00e1pio exclusivo para o evento. A expectativa \u00e9 que o \u2018fator surpresa\u2019 seja o tempero desta edi\u00e7\u00e3o.<\/p>\n<p>\u201cPodem esperar um protagonismo dos ingredientes regionais, vinculados a uma boa dose de criatividade, de valoriza\u00e7\u00e3o da cultura. Ser\u00e1 um festival de aromas, texturas e sabores diferentes\u201d, promete Marcelo Cotrim, consultor do Circuito Gastron\u00f4mico do Pantanal 2023.<\/p>\n<p>Promovido pelo Servi\u00e7o de Apoio \u00e0s Micro e Pequenas Empresas em Mato Grosso (Sebrae\/MT), o Circuito \u00e9 uma das a\u00e7\u00f5es do Programa Pr\u00f3 Pantanal, criado em 2020 pelos Sebraes Mato Grosso e Mato Grosso do Sul, que tem como uma das bandeiras a promo\u00e7\u00e3o de neg\u00f3cios das regi\u00f5es pantaneiras.<\/p>\n<p>Por onde passa o festival gastron\u00f4mico deixa um rastro de aromas e sabores, que j\u00e1 foram sentidos nos munic\u00edpios de Pocon\u00e9, Santo Ant\u00f4nio do Leverger e agora chega \u00e0 C\u00e1ceres.<\/p>\n<p>\u201cO Festival Gastron\u00f4mico edi\u00e7\u00e3o C\u00e1ceres \u00e9 muito mais do que uma simples experi\u00eancia culin\u00e1ria. Ele desempenha um papel crucial na economia local, gerando um impacto positivo nos neg\u00f3cios da regi\u00e3o. Foi a partir das edi\u00e7\u00f5es anteriores, que a cidade ganhou mais visibilidade e atraiu novos visitantes em busca dos sabores \u00fanicos da culin\u00e1ria local\u201d, avalia Isabela Garcia, agente do programa Pr\u00f3 Pantanal, no Sebrae de C\u00e1ceres.<\/p>\n<p>Os munic\u00edpios de Nossa Sra. do Livramento e Bar\u00e3o de Melga\u00e7o ser\u00e3o os pr\u00f3ximos a receberem o Circuito.<\/p>\n<p>O protagonismo dos empreendedores \u00e9 fundamental para realiza\u00e7\u00e3o do evento e, principalmente, na constru\u00e7\u00e3o de novas possibilidades de neg\u00f3cios dentro do territ\u00f3rio.<\/p>\n<p>\u201cEles trazem consigo n\u00e3o apenas sabores aut\u00eanticos, mas tamb\u00e9m a tradi\u00e7\u00e3o e a cultura gastron\u00f4mica da cidade. Ao promover suas habilidades, n\u00e3o apenas enaltecemos a gastronomia local, mas tamb\u00e9m oferecemos oportunidades para que seus neg\u00f3cios prosperem\u201d, destaca Isabela.<\/p>\n<p>Sobre temperos, aromas e sabores, a edi\u00e7\u00e3o de C\u00e1ceres estar\u00e1 recheada de surpresas. Diferentemente das edi\u00e7\u00f5es anteriores, o chefe de cozinha Marcelo Cotrim revelou que n\u00e3o haver\u00e1 um ingrediente base para as receitas.<\/p>\n<p>\u201cA maioria dos participantes j\u00e1 tinha uma liga\u00e7\u00e3o com alguns ingredientes e, quando foi falado do festival, eles pensaram em algum ingrediente para desenvolver a receita e estimular a criatividade e divulgar a regionalidade\u201d, recorda Marcelo Cotrim.<\/p>\n<p>Dessa forma os visitantes ter\u00e3o a chance de experimentar receitas criadas a partir da mandioca, do coco, do cumbaru, da ab\u00f3bora e da banana.<\/p>\n<p>Uma dessas receitas ser\u00e1 apresentada por C\u00e1ssia Carolinny, de 25 anos. Confeiteira desde os 19 anos, a empreendedora reconhece a visibilidade trazida pelo evento \u00e0 cidade e j\u00e1 garantiu o espa\u00e7o de sua loja C\u00e1 Doces Artesanais, nesta edi\u00e7\u00e3o.<\/p>\n<p>\u201cParticipar do Circuito Gastron\u00f4mico foi uma jornada inesquec\u00edvel principalmente para o paladar. Minha torta de manteiga escocesa do pica pau foi cuidadosamente elaborada junto com o Chef Marcelo Cotrim, que n\u00e3o mediu esfor\u00e7os e se dedicou em aperfei\u00e7o\u00e1-la ainda mais. Tamb\u00e9m tenho que destacar o Sebrae, que de forma genu\u00edna se disp\u00f5em a enriquecer os empreendimentos com conhecimentos e principalmente oportunidades\u201d, comemora C\u00e1ssia.<\/p>\n<p>Diante de mais uma edi\u00e7\u00e3o na cidade, a expectativa \u00e9 que as cria\u00e7\u00f5es surpreendam o p\u00fablico. \u201cEste \u00e9 um trabalho muito legal de fazer. Porque podemos mostrar para as pessoas que, por exemplo, uma banana, pode ser utilizada de v\u00e1rias maneiras, ter v\u00e1rias texturas, com prepara\u00e7\u00f5es doces ou salgadas. \u00c9 gostoso estimular essa criatividade em todos eles\u201d, declara Marcelo.<\/p>\n<p>O Circuito Gastron\u00f4mico do Pantanal 2023 ser\u00e1 realizado apenas no dia 1\u00ba de setembro, a partir das 18h, na rua 13 de junho &#8211; ao lado da Catedral S\u00e3o Luiz. Por\u00e9m, a popula\u00e7\u00e3o e os visitantes que desejam provar um dos sabores criados para edi\u00e7\u00e3o C\u00e1ceres, tamb\u00e9m poder\u00e3o ir a um dos estabelecimentos participantes. \u201c&#8221;\u00c9 importante refor\u00e7ar que o evento ocorrer\u00e1 no dia 1\u00ba de setembro, ap\u00f3s a data oportunidade de experimentar alguns dos pratos do card\u00e1pio ser\u00e1, somente, nos estabelecimentos participantes\u201d, frisa Isabela.<\/p>\n<p><strong>Confira abaixo os estabelecimentos participantes e os respectivos pratos elaborados para a edi\u00e7\u00e3o de C\u00e1ceres.<br \/>\n<\/strong><br \/>\nParkids Donuts<br \/>\nDonuts de Banoffee pantaneira<\/p>\n<p>Salgados Braz\u00e3o<br \/>\nCoxinhas de peixe e de carne seca<\/p>\n<p>CA Doces Artesanais<br \/>\n&#8220;Torta do pica pau&#8221; c\/crumble cumbar\u00fa<\/p>\n<p>Flor de Caf\u00e9 Cafeteria<br \/>\nMan\u00e9 pelado c\/brigadeiro cumbar\u00fa<\/p>\n<p>Brownie Art\u00b4s<br \/>\nBrownie c\/ calda de rapadura de leite<\/p>\n<p>Matula Pantaneira<br \/>\nLasanha pantaneira<\/p>\n<p>Doce Mania<br \/>\nBolo c\/calda de brigadeiro de ab\u00f3bora<\/p>\n<p>Jaqueline Quint\u00e3o Ateli\u00ea<br \/>\nBrigadeiros variados (Maracuj\u00e1, Banana e Pequi)<\/p>\n<p>Pastelaria Maria Luiza<br \/>\nPastel de peixe c\/maionese de pequi<\/p>\n<p>Restaurante MS<br \/>\nPolenta cremosa c\/Ragu su\u00edno e banana<\/p>\n<p>Caramellus Bolos e Doces<br \/>\nCookies de cumbar\u00fa \/ cookies de banana<\/p>\n<p>Taiam\u00e3 Conveniencia e Pizzaria<br \/>\nPizza de Banana c\/carne seca<\/p>\n<p>Monster Black Hamburgueria<br \/>\nHamb\u00farguer de costela c\/catupiry de banana<\/p>\n<p>O Melhor Da Vida Panifica\u00e7\u00e3o<br \/>\nBiscoitos amenteigados de cumbar\u00fa<\/p>\n<p>Status Esfiharia<br \/>\nEsfiha de carne seca c\/banana<\/p>\n<p>Espa\u00e7o Terapia Do Corpo<br \/>\nEscondidinho c\/carne de jaca e mandioca<\/p>\n<p>&nbsp;<\/p>\n","protected":false},"excerpt":{"rendered":"<p>O Circuito Gastron\u00f4mico do Pantanal 2023 chega ao munic\u00edpio de C\u00e1ceres (217,8 quil\u00f4metros de Cuiab\u00e1), no dia 1\u00ba de setembro, a partir das 18h. A estrutura, instalada na rua 13 de junho &#8211; ao lado da Catedral S\u00e3o Luiz -, contar\u00e1 com a participa\u00e7\u00e3o de 16 empreendedores locais, que, com o aux\u00edlio do chefe de [&hellip;]<\/p>\n","protected":false},"author":2,"featured_media":7941,"comment_status":"closed","ping_status":"closed","sticky":false,"template":"","format":"standard","meta":{"iawp_total_views":3,"footnotes":""},"categories":[35],"tags":[],"class_list":["post-7940","post","type-post","status-publish","format-standard","has-post-thumbnail","hentry","category-gastronomia"],"yoast_head":"<!-- This site is optimized with the Yoast SEO plugin v27.3 - https:\/\/yoast.com\/product\/yoast-seo-wordpress\/ -->\n<title>Cidade de MT recebe festival gastron\u00f4mico &#8902; Blog da Condessa<\/title>\n<meta name=\"robots\" content=\"index, follow, max-snippet:-1, max-image-preview:large, max-video-preview:-1\" \/>\n<link rel=\"canonical\" href=\"https:\/\/blogdacondessa.com.br\/blog\/gastronomia\/cidade-de-mt-recebe-festival-gastronomico\/\" \/>\n<meta property=\"og:locale\" content=\"pt_BR\" \/>\n<meta property=\"og:type\" content=\"article\" \/>\n<meta property=\"og:title\" content=\"Cidade de MT recebe festival gastron\u00f4mico &#8902; Blog da Condessa\" \/>\n<meta property=\"og:description\" content=\"O Circuito Gastron\u00f4mico do Pantanal 2023 chega ao munic\u00edpio de C\u00e1ceres (217,8 quil\u00f4metros de Cuiab\u00e1), no dia 1\u00ba de setembro, a partir das 18h. A estrutura, instalada na rua 13 de junho &#8211; ao lado da Catedral S\u00e3o Luiz -, contar\u00e1 com a participa\u00e7\u00e3o de 16 empreendedores locais, que, com o aux\u00edlio do chefe de [&hellip;]\" \/>\n<meta property=\"og:url\" content=\"https:\/\/blogdacondessa.com.br\/blog\/gastronomia\/cidade-de-mt-recebe-festival-gastronomico\/\" \/>\n<meta property=\"og:site_name\" content=\"Blog da Condessa\" \/>\n<meta property=\"article:published_time\" content=\"2023-08-30T09:00:35+00:00\" \/>\n<meta property=\"og:image\" content=\"https:\/\/blogdacondessa.com.br\/blog\/wp-content\/uploads\/2023\/08\/festival-gastronomico.jpg\" \/>\n\t<meta property=\"og:image:width\" content=\"920\" \/>\n\t<meta property=\"og:image:height\" content=\"615\" \/>\n\t<meta property=\"og:image:type\" content=\"image\/jpeg\" \/>\n<meta name=\"author\" content=\"Blog da Condessa\" \/>\n<meta name=\"twitter:card\" content=\"summary_large_image\" \/>\n<meta name=\"twitter:label1\" content=\"Escrito por\" \/>\n\t<meta name=\"twitter:data1\" content=\"Blog da Condessa\" \/>\n\t<meta name=\"twitter:label2\" content=\"Est. tempo de leitura\" \/>\n\t<meta name=\"twitter:data2\" content=\"5 minutos\" \/>\n<script type=\"application\/ld+json\" class=\"yoast-schema-graph\">{\"@context\":\"https:\\\/\\\/schema.org\",\"@graph\":[{\"@type\":\"Article\",\"@id\":\"https:\\\/\\\/blogdacondessa.com.br\\\/blog\\\/gastronomia\\\/cidade-de-mt-recebe-festival-gastronomico\\\/#article\",\"isPartOf\":{\"@id\":\"https:\\\/\\\/blogdacondessa.com.br\\\/blog\\\/gastronomia\\\/cidade-de-mt-recebe-festival-gastronomico\\\/\"},\"author\":{\"name\":\"Blog da Condessa\",\"@id\":\"https:\\\/\\\/blogdacondessa.com.br\\\/blog\\\/#\\\/schema\\\/person\\\/1d667ff8b785195b568677489d266035\"},\"headline\":\"Cidade de MT recebe festival gastron\u00f4mico\",\"datePublished\":\"2023-08-30T09:00:35+00:00\",\"mainEntityOfPage\":{\"@id\":\"https:\\\/\\\/blogdacondessa.com.br\\\/blog\\\/gastronomia\\\/cidade-de-mt-recebe-festival-gastronomico\\\/\"},\"wordCount\":913,\"image\":{\"@id\":\"https:\\\/\\\/blogdacondessa.com.br\\\/blog\\\/gastronomia\\\/cidade-de-mt-recebe-festival-gastronomico\\\/#primaryimage\"},\"thumbnailUrl\":\"https:\\\/\\\/blogdacondessa.com.br\\\/blog\\\/wp-content\\\/uploads\\\/2023\\\/08\\\/festival-gastronomico.jpg\",\"articleSection\":[\"Gastronomia\"],\"inLanguage\":\"pt-BR\"},{\"@type\":\"WebPage\",\"@id\":\"https:\\\/\\\/blogdacondessa.com.br\\\/blog\\\/gastronomia\\\/cidade-de-mt-recebe-festival-gastronomico\\\/\",\"url\":\"https:\\\/\\\/blogdacondessa.com.br\\\/blog\\\/gastronomia\\\/cidade-de-mt-recebe-festival-gastronomico\\\/\",\"name\":\"Cidade de MT recebe festival gastron\u00f4mico &#8902; Blog da Condessa\",\"isPartOf\":{\"@id\":\"https:\\\/\\\/blogdacondessa.com.br\\\/blog\\\/#website\"},\"primaryImageOfPage\":{\"@id\":\"https:\\\/\\\/blogdacondessa.com.br\\\/blog\\\/gastronomia\\\/cidade-de-mt-recebe-festival-gastronomico\\\/#primaryimage\"},\"image\":{\"@id\":\"https:\\\/\\\/blogdacondessa.com.br\\\/blog\\\/gastronomia\\\/cidade-de-mt-recebe-festival-gastronomico\\\/#primaryimage\"},\"thumbnailUrl\":\"https:\\\/\\\/blogdacondessa.com.br\\\/blog\\\/wp-content\\\/uploads\\\/2023\\\/08\\\/festival-gastronomico.jpg\",\"datePublished\":\"2023-08-30T09:00:35+00:00\",\"author\":{\"@id\":\"https:\\\/\\\/blogdacondessa.com.br\\\/blog\\\/#\\\/schema\\\/person\\\/1d667ff8b785195b568677489d266035\"},\"breadcrumb\":{\"@id\":\"https:\\\/\\\/blogdacondessa.com.br\\\/blog\\\/gastronomia\\\/cidade-de-mt-recebe-festival-gastronomico\\\/#breadcrumb\"},\"inLanguage\":\"pt-BR\",\"potentialAction\":[{\"@type\":\"ReadAction\",\"target\":[\"https:\\\/\\\/blogdacondessa.com.br\\\/blog\\\/gastronomia\\\/cidade-de-mt-recebe-festival-gastronomico\\\/\"]}]},{\"@type\":\"ImageObject\",\"inLanguage\":\"pt-BR\",\"@id\":\"https:\\\/\\\/blogdacondessa.com.br\\\/blog\\\/gastronomia\\\/cidade-de-mt-recebe-festival-gastronomico\\\/#primaryimage\",\"url\":\"https:\\\/\\\/blogdacondessa.com.br\\\/blog\\\/wp-content\\\/uploads\\\/2023\\\/08\\\/festival-gastronomico.jpg\",\"contentUrl\":\"https:\\\/\\\/blogdacondessa.com.br\\\/blog\\\/wp-content\\\/uploads\\\/2023\\\/08\\\/festival-gastronomico.jpg\",\"width\":920,\"height\":615,\"caption\":\"Foto: Lucas Garcia - Sebrae\\\/MT\"},{\"@type\":\"BreadcrumbList\",\"@id\":\"https:\\\/\\\/blogdacondessa.com.br\\\/blog\\\/gastronomia\\\/cidade-de-mt-recebe-festival-gastronomico\\\/#breadcrumb\",\"itemListElement\":[{\"@type\":\"ListItem\",\"position\":1,\"name\":\"In\u00edcio\",\"item\":\"https:\\\/\\\/blogdacondessa.com.br\\\/blog\\\/\"},{\"@type\":\"ListItem\",\"position\":2,\"name\":\"Cidade de MT recebe festival gastron\u00f4mico\"}]},{\"@type\":\"WebSite\",\"@id\":\"https:\\\/\\\/blogdacondessa.com.br\\\/blog\\\/#website\",\"url\":\"https:\\\/\\\/blogdacondessa.com.br\\\/blog\\\/\",\"name\":\"Blog da Condessa\",\"description\":\"Com Shirley de Souza O\u2019Campos\",\"potentialAction\":[{\"@type\":\"SearchAction\",\"target\":{\"@type\":\"EntryPoint\",\"urlTemplate\":\"https:\\\/\\\/blogdacondessa.com.br\\\/blog\\\/?s={search_term_string}\"},\"query-input\":{\"@type\":\"PropertyValueSpecification\",\"valueRequired\":true,\"valueName\":\"search_term_string\"}}],\"inLanguage\":\"pt-BR\"},{\"@type\":\"Person\",\"@id\":\"https:\\\/\\\/blogdacondessa.com.br\\\/blog\\\/#\\\/schema\\\/person\\\/1d667ff8b785195b568677489d266035\",\"name\":\"Blog da Condessa\",\"image\":{\"@type\":\"ImageObject\",\"inLanguage\":\"pt-BR\",\"@id\":\"https:\\\/\\\/secure.gravatar.com\\\/avatar\\\/377c0eb8b4ad2bfc25461b41564b5971e721ca34a57642868fc7b0c8ac7b52c5?s=96&d=mm&r=g\",\"url\":\"https:\\\/\\\/secure.gravatar.com\\\/avatar\\\/377c0eb8b4ad2bfc25461b41564b5971e721ca34a57642868fc7b0c8ac7b52c5?s=96&d=mm&r=g\",\"contentUrl\":\"https:\\\/\\\/secure.gravatar.com\\\/avatar\\\/377c0eb8b4ad2bfc25461b41564b5971e721ca34a57642868fc7b0c8ac7b52c5?s=96&d=mm&r=g\",\"caption\":\"Blog da Condessa\"},\"url\":\"https:\\\/\\\/blogdacondessa.com.br\\\/blog\\\/author\\\/beatriz\\\/\"}]}<\/script>\n<!-- \/ Yoast SEO plugin. -->","yoast_head_json":{"title":"Cidade de MT recebe festival gastron\u00f4mico &#8902; Blog da Condessa","robots":{"index":"index","follow":"follow","max-snippet":"max-snippet:-1","max-image-preview":"max-image-preview:large","max-video-preview":"max-video-preview:-1"},"canonical":"https:\/\/blogdacondessa.com.br\/blog\/gastronomia\/cidade-de-mt-recebe-festival-gastronomico\/","og_locale":"pt_BR","og_type":"article","og_title":"Cidade de MT recebe festival gastron\u00f4mico &#8902; Blog da Condessa","og_description":"O Circuito Gastron\u00f4mico do Pantanal 2023 chega ao munic\u00edpio de C\u00e1ceres (217,8 quil\u00f4metros de Cuiab\u00e1), no dia 1\u00ba de setembro, a partir das 18h. A estrutura, instalada na rua 13 de junho &#8211; ao lado da Catedral S\u00e3o Luiz -, contar\u00e1 com a participa\u00e7\u00e3o de 16 empreendedores locais, que, com o aux\u00edlio do chefe de [&hellip;]","og_url":"https:\/\/blogdacondessa.com.br\/blog\/gastronomia\/cidade-de-mt-recebe-festival-gastronomico\/","og_site_name":"Blog da Condessa","article_published_time":"2023-08-30T09:00:35+00:00","og_image":[{"width":920,"height":615,"url":"https:\/\/blogdacondessa.com.br\/blog\/wp-content\/uploads\/2023\/08\/festival-gastronomico.jpg","type":"image\/jpeg"}],"author":"Blog da Condessa","twitter_card":"summary_large_image","twitter_misc":{"Escrito por":"Blog da Condessa","Est. tempo de leitura":"5 minutos"},"schema":{"@context":"https:\/\/schema.org","@graph":[{"@type":"Article","@id":"https:\/\/blogdacondessa.com.br\/blog\/gastronomia\/cidade-de-mt-recebe-festival-gastronomico\/#article","isPartOf":{"@id":"https:\/\/blogdacondessa.com.br\/blog\/gastronomia\/cidade-de-mt-recebe-festival-gastronomico\/"},"author":{"name":"Blog da Condessa","@id":"https:\/\/blogdacondessa.com.br\/blog\/#\/schema\/person\/1d667ff8b785195b568677489d266035"},"headline":"Cidade de MT recebe festival gastron\u00f4mico","datePublished":"2023-08-30T09:00:35+00:00","mainEntityOfPage":{"@id":"https:\/\/blogdacondessa.com.br\/blog\/gastronomia\/cidade-de-mt-recebe-festival-gastronomico\/"},"wordCount":913,"image":{"@id":"https:\/\/blogdacondessa.com.br\/blog\/gastronomia\/cidade-de-mt-recebe-festival-gastronomico\/#primaryimage"},"thumbnailUrl":"https:\/\/blogdacondessa.com.br\/blog\/wp-content\/uploads\/2023\/08\/festival-gastronomico.jpg","articleSection":["Gastronomia"],"inLanguage":"pt-BR"},{"@type":"WebPage","@id":"https:\/\/blogdacondessa.com.br\/blog\/gastronomia\/cidade-de-mt-recebe-festival-gastronomico\/","url":"https:\/\/blogdacondessa.com.br\/blog\/gastronomia\/cidade-de-mt-recebe-festival-gastronomico\/","name":"Cidade de MT recebe festival gastron\u00f4mico &#8902; Blog da Condessa","isPartOf":{"@id":"https:\/\/blogdacondessa.com.br\/blog\/#website"},"primaryImageOfPage":{"@id":"https:\/\/blogdacondessa.com.br\/blog\/gastronomia\/cidade-de-mt-recebe-festival-gastronomico\/#primaryimage"},"image":{"@id":"https:\/\/blogdacondessa.com.br\/blog\/gastronomia\/cidade-de-mt-recebe-festival-gastronomico\/#primaryimage"},"thumbnailUrl":"https:\/\/blogdacondessa.com.br\/blog\/wp-content\/uploads\/2023\/08\/festival-gastronomico.jpg","datePublished":"2023-08-30T09:00:35+00:00","author":{"@id":"https:\/\/blogdacondessa.com.br\/blog\/#\/schema\/person\/1d667ff8b785195b568677489d266035"},"breadcrumb":{"@id":"https:\/\/blogdacondessa.com.br\/blog\/gastronomia\/cidade-de-mt-recebe-festival-gastronomico\/#breadcrumb"},"inLanguage":"pt-BR","potentialAction":[{"@type":"ReadAction","target":["https:\/\/blogdacondessa.com.br\/blog\/gastronomia\/cidade-de-mt-recebe-festival-gastronomico\/"]}]},{"@type":"ImageObject","inLanguage":"pt-BR","@id":"https:\/\/blogdacondessa.com.br\/blog\/gastronomia\/cidade-de-mt-recebe-festival-gastronomico\/#primaryimage","url":"https:\/\/blogdacondessa.com.br\/blog\/wp-content\/uploads\/2023\/08\/festival-gastronomico.jpg","contentUrl":"https:\/\/blogdacondessa.com.br\/blog\/wp-content\/uploads\/2023\/08\/festival-gastronomico.jpg","width":920,"height":615,"caption":"Foto: Lucas Garcia - Sebrae\/MT"},{"@type":"BreadcrumbList","@id":"https:\/\/blogdacondessa.com.br\/blog\/gastronomia\/cidade-de-mt-recebe-festival-gastronomico\/#breadcrumb","itemListElement":[{"@type":"ListItem","position":1,"name":"In\u00edcio","item":"https:\/\/blogdacondessa.com.br\/blog\/"},{"@type":"ListItem","position":2,"name":"Cidade de MT recebe festival gastron\u00f4mico"}]},{"@type":"WebSite","@id":"https:\/\/blogdacondessa.com.br\/blog\/#website","url":"https:\/\/blogdacondessa.com.br\/blog\/","name":"Blog da Condessa","description":"Com Shirley de Souza O\u2019Campos","potentialAction":[{"@type":"SearchAction","target":{"@type":"EntryPoint","urlTemplate":"https:\/\/blogdacondessa.com.br\/blog\/?s={search_term_string}"},"query-input":{"@type":"PropertyValueSpecification","valueRequired":true,"valueName":"search_term_string"}}],"inLanguage":"pt-BR"},{"@type":"Person","@id":"https:\/\/blogdacondessa.com.br\/blog\/#\/schema\/person\/1d667ff8b785195b568677489d266035","name":"Blog da Condessa","image":{"@type":"ImageObject","inLanguage":"pt-BR","@id":"https:\/\/secure.gravatar.com\/avatar\/377c0eb8b4ad2bfc25461b41564b5971e721ca34a57642868fc7b0c8ac7b52c5?s=96&d=mm&r=g","url":"https:\/\/secure.gravatar.com\/avatar\/377c0eb8b4ad2bfc25461b41564b5971e721ca34a57642868fc7b0c8ac7b52c5?s=96&d=mm&r=g","contentUrl":"https:\/\/secure.gravatar.com\/avatar\/377c0eb8b4ad2bfc25461b41564b5971e721ca34a57642868fc7b0c8ac7b52c5?s=96&d=mm&r=g","caption":"Blog da Condessa"},"url":"https:\/\/blogdacondessa.com.br\/blog\/author\/beatriz\/"}]}},"_links":{"self":[{"href":"https:\/\/blogdacondessa.com.br\/blog\/wp-json\/wp\/v2\/posts\/7940","targetHints":{"allow":["GET"]}}],"collection":[{"href":"https:\/\/blogdacondessa.com.br\/blog\/wp-json\/wp\/v2\/posts"}],"about":[{"href":"https:\/\/blogdacondessa.com.br\/blog\/wp-json\/wp\/v2\/types\/post"}],"author":[{"embeddable":true,"href":"https:\/\/blogdacondessa.com.br\/blog\/wp-json\/wp\/v2\/users\/2"}],"replies":[{"embeddable":true,"href":"https:\/\/blogdacondessa.com.br\/blog\/wp-json\/wp\/v2\/comments?post=7940"}],"version-history":[{"count":0,"href":"https:\/\/blogdacondessa.com.br\/blog\/wp-json\/wp\/v2\/posts\/7940\/revisions"}],"wp:featuredmedia":[{"embeddable":true,"href":"https:\/\/blogdacondessa.com.br\/blog\/wp-json\/wp\/v2\/media\/7941"}],"wp:attachment":[{"href":"https:\/\/blogdacondessa.com.br\/blog\/wp-json\/wp\/v2\/media?parent=7940"}],"wp:term":[{"taxonomy":"category","embeddable":true,"href":"https:\/\/blogdacondessa.com.br\/blog\/wp-json\/wp\/v2\/categories?post=7940"},{"taxonomy":"post_tag","embeddable":true,"href":"https:\/\/blogdacondessa.com.br\/blog\/wp-json\/wp\/v2\/tags?post=7940"}],"curies":[{"name":"wp","href":"https:\/\/api.w.org\/{rel}","templated":true}]}}