{"id":7934,"date":"2023-08-30T05:00:29","date_gmt":"2023-08-30T09:00:29","guid":{"rendered":"http:\/\/blogdacondessa.com.br\/?p=7934"},"modified":"2023-08-29T16:59:22","modified_gmt":"2023-08-29T20:59:22","slug":"macons-sao-homenageados-na-almt","status":"publish","type":"post","link":"https:\/\/blogdacondessa.com.br\/blog\/cotidiano\/macons-sao-homenageados-na-almt\/","title":{"rendered":"Ma\u00e7ons s\u00e3o homenageados na ALMT"},"content":{"rendered":"<p>Membros da Ma\u00e7onaria de Mato Grosso participaram de sess\u00e3o promovida pelo Parlamento estadual, na segunda-feira (28), para entrega de comendas, t\u00edtulos de cidad\u00e3o e mo\u00e7\u00f5es. Requerida pelos deputados Eduardo Botelho (Uni\u00e3o Brasil) e Wilson Santos (PSD), a solenidade teve como objetivo celebrar o Dia do Ma\u00e7om, comemorado em 20 de agosto.<\/p>\n<p>Os ma\u00e7ons homenageados pertencem ao Grande Oriente do Brasil, Grande Loja Ma\u00e7\u00f4nica do Estado de Mato Grosso e Grande Oriente do Estado de Mato Grosso. Os tr\u00eas grupos re\u00fanem 280 lojas, somando mais de dez mil membros. Para o ma\u00e7om e ex-deputado estadual Ant\u00f4nio Alberto Schommer, voltar \u00e0 Assembleia Legislativa de Mato Grosso (ALMT) para receber a comenda Marechal C\u00e2ndido Rondon foi uma oportunidade de reviver a pr\u00f3pria trajet\u00f3ria.<\/p>\n<p>\u201cEu e minha fam\u00edlia temos uma hist\u00f3ria de dedica\u00e7\u00e3o a este estado, dentro e fora da ma\u00e7onaria. J\u00e1 deixamos muito suor por aqui. \u00c9 uma honra receber essa homenagem\u201d, disse Schommer. Ma\u00e7om h\u00e1 mais de trinta anos, ele foi vereador em Rondon\u00f3polis, deputado estadual, secret\u00e1rio de Trabalho e Desenvolvimento Social no governo de J\u00falio Campos, chefe de gabinete no governo de Jayme Campos e, em seguida, secret\u00e1rio de Estado da Casa Civil.<\/p>\n<p>O gr\u00e3o-mestre do Grande Oriente do Estado de Mato Grosso, Gelson Menegatti Filho, representou a institui\u00e7\u00e3o, homenageada com mo\u00e7\u00e3o de aplausos em virtude dos trabalhos desenvolvidos para o aperfei\u00e7oamento de seus membros. Ele destacou a participa\u00e7\u00e3o ativa da ma\u00e7onaria no desenvolvimento econ\u00f4mico e social de Mato Grosso. \u201cA primeira loja deste estado data de 1830, ou seja, estivemos presentes no processo de coloniza\u00e7\u00e3o destas terras e aqui permanecemos\u201d, disse Menegatti.<\/p>\n<p>No discurso de abertura da sess\u00e3o especial, o presidente da ALMT, deputado Eduardo Botelho, falou do comprometimento da ma\u00e7onaria com os princ\u00edpios da liberdade, da igualdade e da fraternidade. \u201cAl\u00e9m da dedica\u00e7\u00e3o ao aprimoramento pessoal, esses irm\u00e3os est\u00e3o sempre comprometidos com a vida pol\u00edtica e com o pr\u00f3ximo. Agindo de forma discreta, t\u00eam amparado muitas pessoas e servido de inspira\u00e7\u00e3o, reunindo homens de diferentes classes e origens\u201d, enfatizou o presidente da Casa de Leis.<\/p>\n<p>A participa\u00e7\u00e3o da ma\u00e7onaria em acontecimentos decisivos da hist\u00f3ria do Brasil foi lembrada pelo deputado Wilson Santos. Ele citou datas, ma\u00e7ons ilustres, fez refer\u00eancia \u00e0 organiza\u00e7\u00e3o do grupo e ao patrim\u00f4nio hist\u00f3rico constru\u00eddo ao longo dos anos e abrigado pelas lojas ma\u00e7\u00f4nicas de todo o pa\u00eds.<\/p>\n<p><strong>Dia do Ma\u00e7om\u00a0&#8211;<\/strong> Em Mato Grosso, o Dia do Ma\u00e7om passou a ser comemorado a partir da\u00a0<a href=\"https:\/\/www.al.mt.gov.br\/norma-juridica\/urn:lex:br;mato.grosso:estadual:lei.ordinaria:1991-11-04;5855\">lei n\u00b0 5.855\/1991<\/a>, de autoria do deputado Mois\u00e9s Feltrin, sancionada por Jayme Campos, governador \u00e0 \u00e9poca.<\/p>\n<p>De acordo com pesquisas hist\u00f3ricas, a origem da ma\u00e7onaria data de 1175. A sua forma atual surgiu em 1717, com a funda\u00e7\u00e3o da primeira loja ma\u00e7\u00f4nica, em Londres. A ma\u00e7onaria chegou ao Brasil no in\u00edcio do s\u00e9culo XIX e as primeiras lojas foram formadas por brasileiros que voltavam da Europa. Foi criado, nessa \u00e9poca, o Grande Oriente do Brasil (GOB), reconhecido pelo Grande Oriente da Fran\u00e7a.<\/p>\n<p>O dia 20 de agosto \u00e9 a data de celebra\u00e7\u00e3o da ma\u00e7onaria brasileira porque foi o momento da funda\u00e7\u00e3o do GOB, com a fus\u00e3o das lojas Esperan\u00e7a, Com\u00e9rcio e Artes, Uni\u00e3o e Tranquilidade, em 1822. Seu primeiro gr\u00e3o-mestre foi o patriarca da Independ\u00eancia, Jos\u00e9 Bonif\u00e1cio de Andrada e Silva. Assim como na independ\u00eancia do pa\u00eds, a ordem ma\u00e7\u00f4nica atuou de forma contundente em outros momentos da hist\u00f3ria brasileira, como na proclama\u00e7\u00e3o da Rep\u00fablica.<\/p>\n<p>&nbsp;<\/p>\n","protected":false},"excerpt":{"rendered":"<p>Membros da Ma\u00e7onaria de Mato Grosso participaram de sess\u00e3o promovida pelo Parlamento estadual, na segunda-feira (28), para entrega de comendas, t\u00edtulos de cidad\u00e3o e mo\u00e7\u00f5es. Requerida pelos deputados Eduardo Botelho (Uni\u00e3o Brasil) e Wilson Santos (PSD), a solenidade teve como objetivo celebrar o Dia do Ma\u00e7om, comemorado em 20 de agosto. Os ma\u00e7ons homenageados pertencem [&hellip;]<\/p>\n","protected":false},"author":2,"featured_media":7935,"comment_status":"closed","ping_status":"closed","sticky":false,"template":"","format":"standard","meta":{"iawp_total_views":3,"footnotes":""},"categories":[24],"tags":[],"class_list":["post-7934","post","type-post","status-publish","format-standard","has-post-thumbnail","hentry","category-cotidiano"],"yoast_head":"<!-- This site is optimized with the Yoast SEO plugin v27.3 - https:\/\/yoast.com\/product\/yoast-seo-wordpress\/ -->\n<title>Ma\u00e7ons s\u00e3o homenageados na ALMT &#8902; Blog da Condessa<\/title>\n<meta name=\"robots\" content=\"index, follow, max-snippet:-1, max-image-preview:large, max-video-preview:-1\" \/>\n<link rel=\"canonical\" href=\"https:\/\/blogdacondessa.com.br\/blog\/cotidiano\/macons-sao-homenageados-na-almt\/\" \/>\n<meta property=\"og:locale\" content=\"pt_BR\" \/>\n<meta property=\"og:type\" content=\"article\" \/>\n<meta property=\"og:title\" content=\"Ma\u00e7ons s\u00e3o homenageados na ALMT &#8902; Blog da Condessa\" \/>\n<meta property=\"og:description\" content=\"Membros da Ma\u00e7onaria de Mato Grosso participaram de sess\u00e3o promovida pelo Parlamento estadual, na segunda-feira (28), para entrega de comendas, t\u00edtulos de cidad\u00e3o e mo\u00e7\u00f5es. Requerida pelos deputados Eduardo Botelho (Uni\u00e3o Brasil) e Wilson Santos (PSD), a solenidade teve como objetivo celebrar o Dia do Ma\u00e7om, comemorado em 20 de agosto. Os ma\u00e7ons homenageados pertencem [&hellip;]\" \/>\n<meta property=\"og:url\" content=\"https:\/\/blogdacondessa.com.br\/blog\/cotidiano\/macons-sao-homenageados-na-almt\/\" \/>\n<meta property=\"og:site_name\" content=\"Blog da Condessa\" \/>\n<meta property=\"article:published_time\" content=\"2023-08-30T09:00:29+00:00\" \/>\n<meta property=\"og:image\" content=\"https:\/\/blogdacondessa.com.br\/blog\/wp-content\/uploads\/2023\/08\/MACONS.jpg\" \/>\n\t<meta property=\"og:image:width\" content=\"420\" \/>\n\t<meta property=\"og:image:height\" content=\"280\" \/>\n\t<meta property=\"og:image:type\" content=\"image\/jpeg\" \/>\n<meta name=\"author\" content=\"Blog da Condessa\" \/>\n<meta name=\"twitter:card\" content=\"summary_large_image\" \/>\n<meta name=\"twitter:label1\" content=\"Escrito por\" \/>\n\t<meta name=\"twitter:data1\" content=\"Blog da Condessa\" \/>\n\t<meta name=\"twitter:label2\" content=\"Est. tempo de leitura\" \/>\n\t<meta name=\"twitter:data2\" content=\"4 minutos\" \/>\n<script type=\"application\/ld+json\" class=\"yoast-schema-graph\">{\"@context\":\"https:\\\/\\\/schema.org\",\"@graph\":[{\"@type\":\"Article\",\"@id\":\"https:\\\/\\\/blogdacondessa.com.br\\\/blog\\\/cotidiano\\\/macons-sao-homenageados-na-almt\\\/#article\",\"isPartOf\":{\"@id\":\"https:\\\/\\\/blogdacondessa.com.br\\\/blog\\\/cotidiano\\\/macons-sao-homenageados-na-almt\\\/\"},\"author\":{\"name\":\"Blog da Condessa\",\"@id\":\"https:\\\/\\\/blogdacondessa.com.br\\\/blog\\\/#\\\/schema\\\/person\\\/1d667ff8b785195b568677489d266035\"},\"headline\":\"Ma\u00e7ons s\u00e3o homenageados na ALMT\",\"datePublished\":\"2023-08-30T09:00:29+00:00\",\"mainEntityOfPage\":{\"@id\":\"https:\\\/\\\/blogdacondessa.com.br\\\/blog\\\/cotidiano\\\/macons-sao-homenageados-na-almt\\\/\"},\"wordCount\":631,\"image\":{\"@id\":\"https:\\\/\\\/blogdacondessa.com.br\\\/blog\\\/cotidiano\\\/macons-sao-homenageados-na-almt\\\/#primaryimage\"},\"thumbnailUrl\":\"https:\\\/\\\/blogdacondessa.com.br\\\/blog\\\/wp-content\\\/uploads\\\/2023\\\/08\\\/MACONS.jpg\",\"articleSection\":[\"Cotidiano\"],\"inLanguage\":\"pt-BR\"},{\"@type\":\"WebPage\",\"@id\":\"https:\\\/\\\/blogdacondessa.com.br\\\/blog\\\/cotidiano\\\/macons-sao-homenageados-na-almt\\\/\",\"url\":\"https:\\\/\\\/blogdacondessa.com.br\\\/blog\\\/cotidiano\\\/macons-sao-homenageados-na-almt\\\/\",\"name\":\"Ma\u00e7ons s\u00e3o homenageados na ALMT &#8902; Blog da Condessa\",\"isPartOf\":{\"@id\":\"https:\\\/\\\/blogdacondessa.com.br\\\/blog\\\/#website\"},\"primaryImageOfPage\":{\"@id\":\"https:\\\/\\\/blogdacondessa.com.br\\\/blog\\\/cotidiano\\\/macons-sao-homenageados-na-almt\\\/#primaryimage\"},\"image\":{\"@id\":\"https:\\\/\\\/blogdacondessa.com.br\\\/blog\\\/cotidiano\\\/macons-sao-homenageados-na-almt\\\/#primaryimage\"},\"thumbnailUrl\":\"https:\\\/\\\/blogdacondessa.com.br\\\/blog\\\/wp-content\\\/uploads\\\/2023\\\/08\\\/MACONS.jpg\",\"datePublished\":\"2023-08-30T09:00:29+00:00\",\"author\":{\"@id\":\"https:\\\/\\\/blogdacondessa.com.br\\\/blog\\\/#\\\/schema\\\/person\\\/1d667ff8b785195b568677489d266035\"},\"breadcrumb\":{\"@id\":\"https:\\\/\\\/blogdacondessa.com.br\\\/blog\\\/cotidiano\\\/macons-sao-homenageados-na-almt\\\/#breadcrumb\"},\"inLanguage\":\"pt-BR\",\"potentialAction\":[{\"@type\":\"ReadAction\",\"target\":[\"https:\\\/\\\/blogdacondessa.com.br\\\/blog\\\/cotidiano\\\/macons-sao-homenageados-na-almt\\\/\"]}]},{\"@type\":\"ImageObject\",\"inLanguage\":\"pt-BR\",\"@id\":\"https:\\\/\\\/blogdacondessa.com.br\\\/blog\\\/cotidiano\\\/macons-sao-homenageados-na-almt\\\/#primaryimage\",\"url\":\"https:\\\/\\\/blogdacondessa.com.br\\\/blog\\\/wp-content\\\/uploads\\\/2023\\\/08\\\/MACONS.jpg\",\"contentUrl\":\"https:\\\/\\\/blogdacondessa.com.br\\\/blog\\\/wp-content\\\/uploads\\\/2023\\\/08\\\/MACONS.jpg\",\"width\":420,\"height\":280,\"caption\":\"Foto: Ronaldo Mazza\"},{\"@type\":\"BreadcrumbList\",\"@id\":\"https:\\\/\\\/blogdacondessa.com.br\\\/blog\\\/cotidiano\\\/macons-sao-homenageados-na-almt\\\/#breadcrumb\",\"itemListElement\":[{\"@type\":\"ListItem\",\"position\":1,\"name\":\"In\u00edcio\",\"item\":\"https:\\\/\\\/blogdacondessa.com.br\\\/blog\\\/\"},{\"@type\":\"ListItem\",\"position\":2,\"name\":\"Ma\u00e7ons s\u00e3o homenageados na ALMT\"}]},{\"@type\":\"WebSite\",\"@id\":\"https:\\\/\\\/blogdacondessa.com.br\\\/blog\\\/#website\",\"url\":\"https:\\\/\\\/blogdacondessa.com.br\\\/blog\\\/\",\"name\":\"Blog da Condessa\",\"description\":\"Com Shirley de Souza O\u2019Campos\",\"potentialAction\":[{\"@type\":\"SearchAction\",\"target\":{\"@type\":\"EntryPoint\",\"urlTemplate\":\"https:\\\/\\\/blogdacondessa.com.br\\\/blog\\\/?s={search_term_string}\"},\"query-input\":{\"@type\":\"PropertyValueSpecification\",\"valueRequired\":true,\"valueName\":\"search_term_string\"}}],\"inLanguage\":\"pt-BR\"},{\"@type\":\"Person\",\"@id\":\"https:\\\/\\\/blogdacondessa.com.br\\\/blog\\\/#\\\/schema\\\/person\\\/1d667ff8b785195b568677489d266035\",\"name\":\"Blog da Condessa\",\"image\":{\"@type\":\"ImageObject\",\"inLanguage\":\"pt-BR\",\"@id\":\"https:\\\/\\\/secure.gravatar.com\\\/avatar\\\/377c0eb8b4ad2bfc25461b41564b5971e721ca34a57642868fc7b0c8ac7b52c5?s=96&d=mm&r=g\",\"url\":\"https:\\\/\\\/secure.gravatar.com\\\/avatar\\\/377c0eb8b4ad2bfc25461b41564b5971e721ca34a57642868fc7b0c8ac7b52c5?s=96&d=mm&r=g\",\"contentUrl\":\"https:\\\/\\\/secure.gravatar.com\\\/avatar\\\/377c0eb8b4ad2bfc25461b41564b5971e721ca34a57642868fc7b0c8ac7b52c5?s=96&d=mm&r=g\",\"caption\":\"Blog da Condessa\"},\"url\":\"https:\\\/\\\/blogdacondessa.com.br\\\/blog\\\/author\\\/beatriz\\\/\"}]}<\/script>\n<!-- \/ Yoast SEO plugin. -->","yoast_head_json":{"title":"Ma\u00e7ons s\u00e3o homenageados na ALMT &#8902; Blog da Condessa","robots":{"index":"index","follow":"follow","max-snippet":"max-snippet:-1","max-image-preview":"max-image-preview:large","max-video-preview":"max-video-preview:-1"},"canonical":"https:\/\/blogdacondessa.com.br\/blog\/cotidiano\/macons-sao-homenageados-na-almt\/","og_locale":"pt_BR","og_type":"article","og_title":"Ma\u00e7ons s\u00e3o homenageados na ALMT &#8902; Blog da Condessa","og_description":"Membros da Ma\u00e7onaria de Mato Grosso participaram de sess\u00e3o promovida pelo Parlamento estadual, na segunda-feira (28), para entrega de comendas, t\u00edtulos de cidad\u00e3o e mo\u00e7\u00f5es. Requerida pelos deputados Eduardo Botelho (Uni\u00e3o Brasil) e Wilson Santos (PSD), a solenidade teve como objetivo celebrar o Dia do Ma\u00e7om, comemorado em 20 de agosto. Os ma\u00e7ons homenageados pertencem [&hellip;]","og_url":"https:\/\/blogdacondessa.com.br\/blog\/cotidiano\/macons-sao-homenageados-na-almt\/","og_site_name":"Blog da Condessa","article_published_time":"2023-08-30T09:00:29+00:00","og_image":[{"width":420,"height":280,"url":"https:\/\/blogdacondessa.com.br\/blog\/wp-content\/uploads\/2023\/08\/MACONS.jpg","type":"image\/jpeg"}],"author":"Blog da Condessa","twitter_card":"summary_large_image","twitter_misc":{"Escrito por":"Blog da Condessa","Est. tempo de leitura":"4 minutos"},"schema":{"@context":"https:\/\/schema.org","@graph":[{"@type":"Article","@id":"https:\/\/blogdacondessa.com.br\/blog\/cotidiano\/macons-sao-homenageados-na-almt\/#article","isPartOf":{"@id":"https:\/\/blogdacondessa.com.br\/blog\/cotidiano\/macons-sao-homenageados-na-almt\/"},"author":{"name":"Blog da Condessa","@id":"https:\/\/blogdacondessa.com.br\/blog\/#\/schema\/person\/1d667ff8b785195b568677489d266035"},"headline":"Ma\u00e7ons s\u00e3o homenageados na ALMT","datePublished":"2023-08-30T09:00:29+00:00","mainEntityOfPage":{"@id":"https:\/\/blogdacondessa.com.br\/blog\/cotidiano\/macons-sao-homenageados-na-almt\/"},"wordCount":631,"image":{"@id":"https:\/\/blogdacondessa.com.br\/blog\/cotidiano\/macons-sao-homenageados-na-almt\/#primaryimage"},"thumbnailUrl":"https:\/\/blogdacondessa.com.br\/blog\/wp-content\/uploads\/2023\/08\/MACONS.jpg","articleSection":["Cotidiano"],"inLanguage":"pt-BR"},{"@type":"WebPage","@id":"https:\/\/blogdacondessa.com.br\/blog\/cotidiano\/macons-sao-homenageados-na-almt\/","url":"https:\/\/blogdacondessa.com.br\/blog\/cotidiano\/macons-sao-homenageados-na-almt\/","name":"Ma\u00e7ons s\u00e3o homenageados na ALMT &#8902; Blog da Condessa","isPartOf":{"@id":"https:\/\/blogdacondessa.com.br\/blog\/#website"},"primaryImageOfPage":{"@id":"https:\/\/blogdacondessa.com.br\/blog\/cotidiano\/macons-sao-homenageados-na-almt\/#primaryimage"},"image":{"@id":"https:\/\/blogdacondessa.com.br\/blog\/cotidiano\/macons-sao-homenageados-na-almt\/#primaryimage"},"thumbnailUrl":"https:\/\/blogdacondessa.com.br\/blog\/wp-content\/uploads\/2023\/08\/MACONS.jpg","datePublished":"2023-08-30T09:00:29+00:00","author":{"@id":"https:\/\/blogdacondessa.com.br\/blog\/#\/schema\/person\/1d667ff8b785195b568677489d266035"},"breadcrumb":{"@id":"https:\/\/blogdacondessa.com.br\/blog\/cotidiano\/macons-sao-homenageados-na-almt\/#breadcrumb"},"inLanguage":"pt-BR","potentialAction":[{"@type":"ReadAction","target":["https:\/\/blogdacondessa.com.br\/blog\/cotidiano\/macons-sao-homenageados-na-almt\/"]}]},{"@type":"ImageObject","inLanguage":"pt-BR","@id":"https:\/\/blogdacondessa.com.br\/blog\/cotidiano\/macons-sao-homenageados-na-almt\/#primaryimage","url":"https:\/\/blogdacondessa.com.br\/blog\/wp-content\/uploads\/2023\/08\/MACONS.jpg","contentUrl":"https:\/\/blogdacondessa.com.br\/blog\/wp-content\/uploads\/2023\/08\/MACONS.jpg","width":420,"height":280,"caption":"Foto: Ronaldo Mazza"},{"@type":"BreadcrumbList","@id":"https:\/\/blogdacondessa.com.br\/blog\/cotidiano\/macons-sao-homenageados-na-almt\/#breadcrumb","itemListElement":[{"@type":"ListItem","position":1,"name":"In\u00edcio","item":"https:\/\/blogdacondessa.com.br\/blog\/"},{"@type":"ListItem","position":2,"name":"Ma\u00e7ons s\u00e3o homenageados na ALMT"}]},{"@type":"WebSite","@id":"https:\/\/blogdacondessa.com.br\/blog\/#website","url":"https:\/\/blogdacondessa.com.br\/blog\/","name":"Blog da Condessa","description":"Com Shirley de Souza O\u2019Campos","potentialAction":[{"@type":"SearchAction","target":{"@type":"EntryPoint","urlTemplate":"https:\/\/blogdacondessa.com.br\/blog\/?s={search_term_string}"},"query-input":{"@type":"PropertyValueSpecification","valueRequired":true,"valueName":"search_term_string"}}],"inLanguage":"pt-BR"},{"@type":"Person","@id":"https:\/\/blogdacondessa.com.br\/blog\/#\/schema\/person\/1d667ff8b785195b568677489d266035","name":"Blog da Condessa","image":{"@type":"ImageObject","inLanguage":"pt-BR","@id":"https:\/\/secure.gravatar.com\/avatar\/377c0eb8b4ad2bfc25461b41564b5971e721ca34a57642868fc7b0c8ac7b52c5?s=96&d=mm&r=g","url":"https:\/\/secure.gravatar.com\/avatar\/377c0eb8b4ad2bfc25461b41564b5971e721ca34a57642868fc7b0c8ac7b52c5?s=96&d=mm&r=g","contentUrl":"https:\/\/secure.gravatar.com\/avatar\/377c0eb8b4ad2bfc25461b41564b5971e721ca34a57642868fc7b0c8ac7b52c5?s=96&d=mm&r=g","caption":"Blog da Condessa"},"url":"https:\/\/blogdacondessa.com.br\/blog\/author\/beatriz\/"}]}},"_links":{"self":[{"href":"https:\/\/blogdacondessa.com.br\/blog\/wp-json\/wp\/v2\/posts\/7934","targetHints":{"allow":["GET"]}}],"collection":[{"href":"https:\/\/blogdacondessa.com.br\/blog\/wp-json\/wp\/v2\/posts"}],"about":[{"href":"https:\/\/blogdacondessa.com.br\/blog\/wp-json\/wp\/v2\/types\/post"}],"author":[{"embeddable":true,"href":"https:\/\/blogdacondessa.com.br\/blog\/wp-json\/wp\/v2\/users\/2"}],"replies":[{"embeddable":true,"href":"https:\/\/blogdacondessa.com.br\/blog\/wp-json\/wp\/v2\/comments?post=7934"}],"version-history":[{"count":0,"href":"https:\/\/blogdacondessa.com.br\/blog\/wp-json\/wp\/v2\/posts\/7934\/revisions"}],"wp:featuredmedia":[{"embeddable":true,"href":"https:\/\/blogdacondessa.com.br\/blog\/wp-json\/wp\/v2\/media\/7935"}],"wp:attachment":[{"href":"https:\/\/blogdacondessa.com.br\/blog\/wp-json\/wp\/v2\/media?parent=7934"}],"wp:term":[{"taxonomy":"category","embeddable":true,"href":"https:\/\/blogdacondessa.com.br\/blog\/wp-json\/wp\/v2\/categories?post=7934"},{"taxonomy":"post_tag","embeddable":true,"href":"https:\/\/blogdacondessa.com.br\/blog\/wp-json\/wp\/v2\/tags?post=7934"}],"curies":[{"name":"wp","href":"https:\/\/api.w.org\/{rel}","templated":true}]}}