{"id":7794,"date":"2023-08-11T05:00:18","date_gmt":"2023-08-11T09:00:18","guid":{"rendered":"http:\/\/blogdacondessa.com.br\/?p=7794"},"modified":"2023-08-10T18:13:37","modified_gmt":"2023-08-10T22:13:37","slug":"lagrimas-e-risos-marcam-homenagens-ao-dia-dos-pais-no-centro-de-convivencia-vovo-zeid","status":"publish","type":"post","link":"https:\/\/blogdacondessa.com.br\/blog\/cotidiano\/lagrimas-e-risos-marcam-homenagens-ao-dia-dos-pais-no-centro-de-convivencia-vovo-zeid\/","title":{"rendered":"L\u00e1grimas e risos marcam homenagens ao Dia dos Pais no Centro de Conviv\u00eancia Vov\u00f4 Zeid"},"content":{"rendered":"<p>Poema recitado por uma mulher frequentadora do centro de conviv\u00eancia<br \/>\nVov\u00f4 Zeid em homenagem aos pais e ao prefeito Kalil Baracat levou todos<br \/>\na uma infinita experi\u00eancia de lembran\u00e7as e de felicidades.<br \/>\nO Dia dos Pais \u00e9 celebrado no segundo domingo de agosto e para comemorar a data, o Centro de Conviv\u00eancia de Idosos \u2018Vov\u00f4 Zeid\u2019, realizou uma programa\u00e7\u00e3o especial para homenagear aqueles que para muitos filhos s\u00e3o her\u00f3is e exemplos de vida. O evento contou com a presen\u00e7a da primeira-dama e Promotora de Justi\u00e7a Kika Doril\u00eao Baracat, foi marcado por l\u00e1grimas e risos.<br \/>\n\u201cAqui \u00e9 a Assist\u00eancia Social na pr\u00e1tica, ou seja, a m\u00e3o estendida, o<br \/>\namor e o acolhimento. A gente sente pelo olhar dos nossos assistidos que<br \/>\neles gostam de estar aqui, e n\u00e3o h\u00e1 presente maior para n\u00f3s, perceber em<br \/>\ncada um deles e poder compartilhar as hist\u00f3rias de vida de pessoas t\u00e3o<br \/>\nexperientes e especiais, e nesta ocasi\u00e3o, ouvir tamb\u00e9m os relatos dos<br \/>\nfilhos. Agrade\u00e7o a todos e trago o abra\u00e7o afetuoso do meu esposo Kalil<br \/>\nBaracat pelos Dia dos Pais e o recado dele, de que a melhor idade sempre<br \/>\nestar\u00e1 entre as prioridades de sua gest\u00e3o, pois cada obra ou a\u00e7\u00e3o sempre<br \/>\n\u00e9 pensada nos benef\u00edcios que ela leva para os muitos p\u00fablicos que temos\u201d<br \/>\ndestacou Kika Doril\u00eao.<br \/>\nContida pela emo\u00e7\u00e3o, a primeira-dama disse que o dia foi muito especial<br \/>\ne que acredita que todos presentes no Vov\u00f4 Zeid, assim com ela, n\u00e3o<br \/>\nconseguiram conter as l\u00e1grimas. \u201cOuvir os relatos dos filhos dizendo o<br \/>\nquanto a vida dos pais mudou a partir do momento em que come\u00e7aram a<br \/>\nfrequentar o Centro de Conviv\u00eancia, e a dedica\u00e7\u00e3o que os servidores da<br \/>\ncasa t\u00eam com eles, enche os nossos cora\u00e7\u00f5es de alegria e contentamento.<br \/>\nEu e o Kalil que neste \u2018Dia dos Pais\u2019, n\u00e3o tem mais essa alegria de ter<br \/>\nos nossos pais presentes, estar aqui e receber o carinho de todos os<br \/>\nnossos idosos \u00e9 muito especial\u201d.<br \/>\nA coordenadora do Centro, Keli Cristina Cavalcante, disse que tudo foi<br \/>\npreparado com muito carinho para homenagear todos os pais do Vov\u00f4 Zeid.<br \/>\n\u201cFazemos quest\u00e3o de comemorar todas as datas especiais e assim como<br \/>\nesta, do \u2018Dia dos Pais\u2019, tamb\u00e9m n\u00e3o poderia passar em branco. Convidamos os filhos para participar desse evento e tivemos a grata alegria de ver que muitos deixaram de seus afazeres para partilhar com gente, esse momento especial\u201d.<br \/>\nA secret\u00e1ria de Assist\u00eancia Ana Cristina, disse que \u00e9 sempre uma alegria<br \/>\nparticipar de eventos no Centro de Conviv\u00eancia Vov\u00f4 Zeid, porque o<br \/>\ncora\u00e7\u00e3o se enche de contentamento. \u201cQuero agradecer o esfor\u00e7o de cada um que atua nesta unidade e, aos profissionais que trazem vida e felicidade para essa casa\u201d.<br \/>\nA gestora tamb\u00e9m fez um agradecimento aos filhos, netos e familiares dos<br \/>\nintegrantes do Centro. \u201cObrigada por confiarem a n\u00f3s o que voc\u00eas t\u00eam de<br \/>\nmais precioso e que s\u00e3o os nossos protagonistas da melhor idade\u201d, frisou<br \/>\nAna Cristina.<br \/>\n<strong>HUMOR<\/strong><\/p>\n<p>A programa\u00e7\u00e3o festiva no Vov\u00f4 Zeid tamb\u00e9m foi marcada por humor e<br \/>\nmuita risada. Os facilitadores da Oficina de Artes fizeram uma encena\u00e7\u00e3o<br \/>\nde luta de boxe entre um idoso e um jovem.<br \/>\nO combate foi realizado em dois rounds e marcado por momentos de muita apreens\u00e3o, mas a voz da experi\u00eancia levou a melhor, mostrando que a vida exige paci\u00eancia e flexibilidade, e que essas atitudes muitos s\u00f3 aprendem quando chegam na terceira idade.<br \/>\n<strong>HOMENAGEM<\/strong><\/p>\n<p>O prefeito Kalil Baracat, em fun\u00e7\u00e3o da agenda de trabalho, n\u00e3o<br \/>\npode estar presente na celebra\u00e7\u00e3o dos \u2018Dia dos Pais\u2019 no Centro de<br \/>\nConviv\u00eancia Vov\u00f4 Zeid, por\u00e9m n\u00e3o foi esquecido. A primeira-dama Kika<br \/>\nDoril\u00eao Baracat recebeu das m\u00e3os do professor de pintura C\u00e1ssio Wilker<br \/>\nAlves da Silva, uma tela com a imagem retratada do abra\u00e7o afetuoso de<br \/>\npai e filha (Kalil Baracat e Angelina).<br \/>\nMuito emocionada Kika Doril\u00eao n\u00e3o conteve as l\u00e1grimas. \u201cFoi lindo<br \/>\nreceber esse quadro retratando o prefeito e a nossa filha Angelina.<br \/>\nMostra o quanto ele \u00e9 um pai presente e uma figura forte na vida dela. E<br \/>\nn\u00e3o \u00e9 poss\u00edvel olhar para a imagem dele abra\u00e7ando, a acolhendo a nossa<br \/>\nfilha e n\u00e3o ter o cora\u00e7\u00e3o emocionado e conseguir segurar a emo\u00e7\u00e3o\u201d.<br \/>\nIntegrante do Vov\u00f4 Zeid, Neuza Maria da Silveira resolveu homenagear o<br \/>\nprefeito e todos os pais do Centro de Conviv\u00eancia em forma de poema:<\/p>\n<p>Pai tr\u00eas palavras pequeninas,<br \/>\nPai tr\u00eas palavras pequeninas,<br \/>\nQue produz tanto querer,<br \/>\nUm a\u00ed, que o cora\u00e7\u00e3o sente,<br \/>\nSem saber como ou por qu\u00ea.<\/p>\n<p>Mas a vida nos reserva,<br \/>\nTantos problemas pequenos,<br \/>\nMas para mim tu seres sempre,<br \/>\nO melhor pai deste mundo.<\/p>\n<p>Oh que saudades que eu tenho,<br \/>\nDa minha inf\u00e2ncia querida,<br \/>\nQuando me embalava nos bra\u00e7os,<br \/>\nCantando a can\u00e7\u00e3o preferida.<\/p>\n<p>Me lembro quando chegava com seu semblante cansado,<br \/>\nReunia esposa e filhos,<br \/>\nNum converseiro danado.<\/p>\n<p>Falava de seu trabalho,<br \/>\nDas coisas que l\u00e1 passou,<br \/>\nMas chegava em casa alegre,<br \/>\nSem comentar suas dores.<\/p>\n<p>N\u00e3o importa o cansa\u00e7o porque ali queria estar,<br \/>\nPara contar as fa\u00e7anhas e o povo gargalhar,<br \/>\nPai, como seria bom voltar aos tempos de outono,<br \/>\nNo embalo de seus bra\u00e7os,<br \/>\nCome\u00e7ava a cantarolar,<br \/>\nSorrindo da fam\u00edlia at\u00e9 o romper da aurora.<\/p>\n<p>Pai perdoa o filho amado,<br \/>\nQue as vezes te magoou,<br \/>\nTalvez eu nem percebia o teu carinho e amor,<br \/>\nHoje sou homem formado e agrade\u00e7o ao senhor.<\/p>\n<p>&nbsp;<\/p>\n","protected":false},"excerpt":{"rendered":"<p>Poema recitado por uma mulher frequentadora do centro de conviv\u00eancia Vov\u00f4 Zeid em homenagem aos pais e ao prefeito Kalil Baracat levou todos a uma infinita experi\u00eancia de lembran\u00e7as e de felicidades. O Dia dos Pais \u00e9 celebrado no segundo domingo de agosto e para comemorar a data, o Centro de Conviv\u00eancia de Idosos \u2018Vov\u00f4 [&hellip;]<\/p>\n","protected":false},"author":2,"featured_media":7795,"comment_status":"closed","ping_status":"closed","sticky":false,"template":"","format":"standard","meta":{"iawp_total_views":1,"footnotes":""},"categories":[24],"tags":[],"class_list":["post-7794","post","type-post","status-publish","format-standard","has-post-thumbnail","hentry","category-cotidiano"],"yoast_head":"<!-- This site is optimized with the Yoast SEO plugin v27.3 - https:\/\/yoast.com\/product\/yoast-seo-wordpress\/ -->\n<title>L\u00e1grimas e risos marcam homenagens ao Dia dos Pais no Centro de Conviv\u00eancia Vov\u00f4 Zeid &#8902; Blog da Condessa<\/title>\n<meta name=\"robots\" content=\"index, follow, max-snippet:-1, max-image-preview:large, max-video-preview:-1\" \/>\n<link rel=\"canonical\" href=\"https:\/\/blogdacondessa.com.br\/blog\/cotidiano\/lagrimas-e-risos-marcam-homenagens-ao-dia-dos-pais-no-centro-de-convivencia-vovo-zeid\/\" \/>\n<meta property=\"og:locale\" content=\"pt_BR\" \/>\n<meta property=\"og:type\" content=\"article\" \/>\n<meta property=\"og:title\" content=\"L\u00e1grimas e risos marcam homenagens ao Dia dos Pais no Centro de Conviv\u00eancia Vov\u00f4 Zeid &#8902; Blog da Condessa\" \/>\n<meta property=\"og:description\" content=\"Poema recitado por uma mulher frequentadora do centro de conviv\u00eancia Vov\u00f4 Zeid em homenagem aos pais e ao prefeito Kalil Baracat levou todos a uma infinita experi\u00eancia de lembran\u00e7as e de felicidades. O Dia dos Pais \u00e9 celebrado no segundo domingo de agosto e para comemorar a data, o Centro de Conviv\u00eancia de Idosos \u2018Vov\u00f4 [&hellip;]\" \/>\n<meta property=\"og:url\" content=\"https:\/\/blogdacondessa.com.br\/blog\/cotidiano\/lagrimas-e-risos-marcam-homenagens-ao-dia-dos-pais-no-centro-de-convivencia-vovo-zeid\/\" \/>\n<meta property=\"og:site_name\" content=\"Blog da Condessa\" \/>\n<meta property=\"article:published_time\" content=\"2023-08-11T09:00:18+00:00\" \/>\n<meta property=\"og:image\" content=\"https:\/\/blogdacondessa.com.br\/blog\/wp-content\/uploads\/2023\/08\/vovo-zaid.jpeg\" \/>\n\t<meta property=\"og:image:width\" content=\"1024\" \/>\n\t<meta property=\"og:image:height\" content=\"692\" \/>\n\t<meta property=\"og:image:type\" content=\"image\/jpeg\" \/>\n<meta name=\"author\" content=\"Blog da Condessa\" \/>\n<meta name=\"twitter:card\" content=\"summary_large_image\" \/>\n<meta name=\"twitter:label1\" content=\"Escrito por\" \/>\n\t<meta name=\"twitter:data1\" content=\"Blog da Condessa\" \/>\n\t<meta name=\"twitter:label2\" content=\"Est. tempo de leitura\" \/>\n\t<meta name=\"twitter:data2\" content=\"5 minutos\" \/>\n<script type=\"application\/ld+json\" class=\"yoast-schema-graph\">{\"@context\":\"https:\\\/\\\/schema.org\",\"@graph\":[{\"@type\":\"Article\",\"@id\":\"https:\\\/\\\/blogdacondessa.com.br\\\/blog\\\/cotidiano\\\/lagrimas-e-risos-marcam-homenagens-ao-dia-dos-pais-no-centro-de-convivencia-vovo-zeid\\\/#article\",\"isPartOf\":{\"@id\":\"https:\\\/\\\/blogdacondessa.com.br\\\/blog\\\/cotidiano\\\/lagrimas-e-risos-marcam-homenagens-ao-dia-dos-pais-no-centro-de-convivencia-vovo-zeid\\\/\"},\"author\":{\"name\":\"Blog da Condessa\",\"@id\":\"https:\\\/\\\/blogdacondessa.com.br\\\/blog\\\/#\\\/schema\\\/person\\\/1d667ff8b785195b568677489d266035\"},\"headline\":\"L\u00e1grimas e risos marcam homenagens ao Dia dos Pais no Centro de Conviv\u00eancia Vov\u00f4 Zeid\",\"datePublished\":\"2023-08-11T09:00:18+00:00\",\"mainEntityOfPage\":{\"@id\":\"https:\\\/\\\/blogdacondessa.com.br\\\/blog\\\/cotidiano\\\/lagrimas-e-risos-marcam-homenagens-ao-dia-dos-pais-no-centro-de-convivencia-vovo-zeid\\\/\"},\"wordCount\":973,\"image\":{\"@id\":\"https:\\\/\\\/blogdacondessa.com.br\\\/blog\\\/cotidiano\\\/lagrimas-e-risos-marcam-homenagens-ao-dia-dos-pais-no-centro-de-convivencia-vovo-zeid\\\/#primaryimage\"},\"thumbnailUrl\":\"https:\\\/\\\/blogdacondessa.com.br\\\/blog\\\/wp-content\\\/uploads\\\/2023\\\/08\\\/vovo-zaid.jpeg\",\"articleSection\":[\"Cotidiano\"],\"inLanguage\":\"pt-BR\"},{\"@type\":\"WebPage\",\"@id\":\"https:\\\/\\\/blogdacondessa.com.br\\\/blog\\\/cotidiano\\\/lagrimas-e-risos-marcam-homenagens-ao-dia-dos-pais-no-centro-de-convivencia-vovo-zeid\\\/\",\"url\":\"https:\\\/\\\/blogdacondessa.com.br\\\/blog\\\/cotidiano\\\/lagrimas-e-risos-marcam-homenagens-ao-dia-dos-pais-no-centro-de-convivencia-vovo-zeid\\\/\",\"name\":\"L\u00e1grimas e risos marcam homenagens ao Dia dos Pais no Centro de Conviv\u00eancia Vov\u00f4 Zeid &#8902; Blog da Condessa\",\"isPartOf\":{\"@id\":\"https:\\\/\\\/blogdacondessa.com.br\\\/blog\\\/#website\"},\"primaryImageOfPage\":{\"@id\":\"https:\\\/\\\/blogdacondessa.com.br\\\/blog\\\/cotidiano\\\/lagrimas-e-risos-marcam-homenagens-ao-dia-dos-pais-no-centro-de-convivencia-vovo-zeid\\\/#primaryimage\"},\"image\":{\"@id\":\"https:\\\/\\\/blogdacondessa.com.br\\\/blog\\\/cotidiano\\\/lagrimas-e-risos-marcam-homenagens-ao-dia-dos-pais-no-centro-de-convivencia-vovo-zeid\\\/#primaryimage\"},\"thumbnailUrl\":\"https:\\\/\\\/blogdacondessa.com.br\\\/blog\\\/wp-content\\\/uploads\\\/2023\\\/08\\\/vovo-zaid.jpeg\",\"datePublished\":\"2023-08-11T09:00:18+00:00\",\"author\":{\"@id\":\"https:\\\/\\\/blogdacondessa.com.br\\\/blog\\\/#\\\/schema\\\/person\\\/1d667ff8b785195b568677489d266035\"},\"breadcrumb\":{\"@id\":\"https:\\\/\\\/blogdacondessa.com.br\\\/blog\\\/cotidiano\\\/lagrimas-e-risos-marcam-homenagens-ao-dia-dos-pais-no-centro-de-convivencia-vovo-zeid\\\/#breadcrumb\"},\"inLanguage\":\"pt-BR\",\"potentialAction\":[{\"@type\":\"ReadAction\",\"target\":[\"https:\\\/\\\/blogdacondessa.com.br\\\/blog\\\/cotidiano\\\/lagrimas-e-risos-marcam-homenagens-ao-dia-dos-pais-no-centro-de-convivencia-vovo-zeid\\\/\"]}]},{\"@type\":\"ImageObject\",\"inLanguage\":\"pt-BR\",\"@id\":\"https:\\\/\\\/blogdacondessa.com.br\\\/blog\\\/cotidiano\\\/lagrimas-e-risos-marcam-homenagens-ao-dia-dos-pais-no-centro-de-convivencia-vovo-zeid\\\/#primaryimage\",\"url\":\"https:\\\/\\\/blogdacondessa.com.br\\\/blog\\\/wp-content\\\/uploads\\\/2023\\\/08\\\/vovo-zaid.jpeg\",\"contentUrl\":\"https:\\\/\\\/blogdacondessa.com.br\\\/blog\\\/wp-content\\\/uploads\\\/2023\\\/08\\\/vovo-zaid.jpeg\",\"width\":1024,\"height\":692},{\"@type\":\"BreadcrumbList\",\"@id\":\"https:\\\/\\\/blogdacondessa.com.br\\\/blog\\\/cotidiano\\\/lagrimas-e-risos-marcam-homenagens-ao-dia-dos-pais-no-centro-de-convivencia-vovo-zeid\\\/#breadcrumb\",\"itemListElement\":[{\"@type\":\"ListItem\",\"position\":1,\"name\":\"In\u00edcio\",\"item\":\"https:\\\/\\\/blogdacondessa.com.br\\\/blog\\\/\"},{\"@type\":\"ListItem\",\"position\":2,\"name\":\"L\u00e1grimas e risos marcam homenagens ao Dia dos Pais no Centro de Conviv\u00eancia Vov\u00f4 Zeid\"}]},{\"@type\":\"WebSite\",\"@id\":\"https:\\\/\\\/blogdacondessa.com.br\\\/blog\\\/#website\",\"url\":\"https:\\\/\\\/blogdacondessa.com.br\\\/blog\\\/\",\"name\":\"Blog da Condessa\",\"description\":\"Com Shirley de Souza O\u2019Campos\",\"potentialAction\":[{\"@type\":\"SearchAction\",\"target\":{\"@type\":\"EntryPoint\",\"urlTemplate\":\"https:\\\/\\\/blogdacondessa.com.br\\\/blog\\\/?s={search_term_string}\"},\"query-input\":{\"@type\":\"PropertyValueSpecification\",\"valueRequired\":true,\"valueName\":\"search_term_string\"}}],\"inLanguage\":\"pt-BR\"},{\"@type\":\"Person\",\"@id\":\"https:\\\/\\\/blogdacondessa.com.br\\\/blog\\\/#\\\/schema\\\/person\\\/1d667ff8b785195b568677489d266035\",\"name\":\"Blog da Condessa\",\"image\":{\"@type\":\"ImageObject\",\"inLanguage\":\"pt-BR\",\"@id\":\"https:\\\/\\\/secure.gravatar.com\\\/avatar\\\/377c0eb8b4ad2bfc25461b41564b5971e721ca34a57642868fc7b0c8ac7b52c5?s=96&d=mm&r=g\",\"url\":\"https:\\\/\\\/secure.gravatar.com\\\/avatar\\\/377c0eb8b4ad2bfc25461b41564b5971e721ca34a57642868fc7b0c8ac7b52c5?s=96&d=mm&r=g\",\"contentUrl\":\"https:\\\/\\\/secure.gravatar.com\\\/avatar\\\/377c0eb8b4ad2bfc25461b41564b5971e721ca34a57642868fc7b0c8ac7b52c5?s=96&d=mm&r=g\",\"caption\":\"Blog da Condessa\"},\"url\":\"https:\\\/\\\/blogdacondessa.com.br\\\/blog\\\/author\\\/beatriz\\\/\"}]}<\/script>\n<!-- \/ Yoast SEO plugin. -->","yoast_head_json":{"title":"L\u00e1grimas e risos marcam homenagens ao Dia dos Pais no Centro de Conviv\u00eancia Vov\u00f4 Zeid &#8902; Blog da Condessa","robots":{"index":"index","follow":"follow","max-snippet":"max-snippet:-1","max-image-preview":"max-image-preview:large","max-video-preview":"max-video-preview:-1"},"canonical":"https:\/\/blogdacondessa.com.br\/blog\/cotidiano\/lagrimas-e-risos-marcam-homenagens-ao-dia-dos-pais-no-centro-de-convivencia-vovo-zeid\/","og_locale":"pt_BR","og_type":"article","og_title":"L\u00e1grimas e risos marcam homenagens ao Dia dos Pais no Centro de Conviv\u00eancia Vov\u00f4 Zeid &#8902; Blog da Condessa","og_description":"Poema recitado por uma mulher frequentadora do centro de conviv\u00eancia Vov\u00f4 Zeid em homenagem aos pais e ao prefeito Kalil Baracat levou todos a uma infinita experi\u00eancia de lembran\u00e7as e de felicidades. O Dia dos Pais \u00e9 celebrado no segundo domingo de agosto e para comemorar a data, o Centro de Conviv\u00eancia de Idosos \u2018Vov\u00f4 [&hellip;]","og_url":"https:\/\/blogdacondessa.com.br\/blog\/cotidiano\/lagrimas-e-risos-marcam-homenagens-ao-dia-dos-pais-no-centro-de-convivencia-vovo-zeid\/","og_site_name":"Blog da Condessa","article_published_time":"2023-08-11T09:00:18+00:00","og_image":[{"width":1024,"height":692,"url":"https:\/\/blogdacondessa.com.br\/blog\/wp-content\/uploads\/2023\/08\/vovo-zaid.jpeg","type":"image\/jpeg"}],"author":"Blog da Condessa","twitter_card":"summary_large_image","twitter_misc":{"Escrito por":"Blog da Condessa","Est. tempo de leitura":"5 minutos"},"schema":{"@context":"https:\/\/schema.org","@graph":[{"@type":"Article","@id":"https:\/\/blogdacondessa.com.br\/blog\/cotidiano\/lagrimas-e-risos-marcam-homenagens-ao-dia-dos-pais-no-centro-de-convivencia-vovo-zeid\/#article","isPartOf":{"@id":"https:\/\/blogdacondessa.com.br\/blog\/cotidiano\/lagrimas-e-risos-marcam-homenagens-ao-dia-dos-pais-no-centro-de-convivencia-vovo-zeid\/"},"author":{"name":"Blog da Condessa","@id":"https:\/\/blogdacondessa.com.br\/blog\/#\/schema\/person\/1d667ff8b785195b568677489d266035"},"headline":"L\u00e1grimas e risos marcam homenagens ao Dia dos Pais no Centro de Conviv\u00eancia Vov\u00f4 Zeid","datePublished":"2023-08-11T09:00:18+00:00","mainEntityOfPage":{"@id":"https:\/\/blogdacondessa.com.br\/blog\/cotidiano\/lagrimas-e-risos-marcam-homenagens-ao-dia-dos-pais-no-centro-de-convivencia-vovo-zeid\/"},"wordCount":973,"image":{"@id":"https:\/\/blogdacondessa.com.br\/blog\/cotidiano\/lagrimas-e-risos-marcam-homenagens-ao-dia-dos-pais-no-centro-de-convivencia-vovo-zeid\/#primaryimage"},"thumbnailUrl":"https:\/\/blogdacondessa.com.br\/blog\/wp-content\/uploads\/2023\/08\/vovo-zaid.jpeg","articleSection":["Cotidiano"],"inLanguage":"pt-BR"},{"@type":"WebPage","@id":"https:\/\/blogdacondessa.com.br\/blog\/cotidiano\/lagrimas-e-risos-marcam-homenagens-ao-dia-dos-pais-no-centro-de-convivencia-vovo-zeid\/","url":"https:\/\/blogdacondessa.com.br\/blog\/cotidiano\/lagrimas-e-risos-marcam-homenagens-ao-dia-dos-pais-no-centro-de-convivencia-vovo-zeid\/","name":"L\u00e1grimas e risos marcam homenagens ao Dia dos Pais no Centro de Conviv\u00eancia Vov\u00f4 Zeid &#8902; Blog da Condessa","isPartOf":{"@id":"https:\/\/blogdacondessa.com.br\/blog\/#website"},"primaryImageOfPage":{"@id":"https:\/\/blogdacondessa.com.br\/blog\/cotidiano\/lagrimas-e-risos-marcam-homenagens-ao-dia-dos-pais-no-centro-de-convivencia-vovo-zeid\/#primaryimage"},"image":{"@id":"https:\/\/blogdacondessa.com.br\/blog\/cotidiano\/lagrimas-e-risos-marcam-homenagens-ao-dia-dos-pais-no-centro-de-convivencia-vovo-zeid\/#primaryimage"},"thumbnailUrl":"https:\/\/blogdacondessa.com.br\/blog\/wp-content\/uploads\/2023\/08\/vovo-zaid.jpeg","datePublished":"2023-08-11T09:00:18+00:00","author":{"@id":"https:\/\/blogdacondessa.com.br\/blog\/#\/schema\/person\/1d667ff8b785195b568677489d266035"},"breadcrumb":{"@id":"https:\/\/blogdacondessa.com.br\/blog\/cotidiano\/lagrimas-e-risos-marcam-homenagens-ao-dia-dos-pais-no-centro-de-convivencia-vovo-zeid\/#breadcrumb"},"inLanguage":"pt-BR","potentialAction":[{"@type":"ReadAction","target":["https:\/\/blogdacondessa.com.br\/blog\/cotidiano\/lagrimas-e-risos-marcam-homenagens-ao-dia-dos-pais-no-centro-de-convivencia-vovo-zeid\/"]}]},{"@type":"ImageObject","inLanguage":"pt-BR","@id":"https:\/\/blogdacondessa.com.br\/blog\/cotidiano\/lagrimas-e-risos-marcam-homenagens-ao-dia-dos-pais-no-centro-de-convivencia-vovo-zeid\/#primaryimage","url":"https:\/\/blogdacondessa.com.br\/blog\/wp-content\/uploads\/2023\/08\/vovo-zaid.jpeg","contentUrl":"https:\/\/blogdacondessa.com.br\/blog\/wp-content\/uploads\/2023\/08\/vovo-zaid.jpeg","width":1024,"height":692},{"@type":"BreadcrumbList","@id":"https:\/\/blogdacondessa.com.br\/blog\/cotidiano\/lagrimas-e-risos-marcam-homenagens-ao-dia-dos-pais-no-centro-de-convivencia-vovo-zeid\/#breadcrumb","itemListElement":[{"@type":"ListItem","position":1,"name":"In\u00edcio","item":"https:\/\/blogdacondessa.com.br\/blog\/"},{"@type":"ListItem","position":2,"name":"L\u00e1grimas e risos marcam homenagens ao Dia dos Pais no Centro de Conviv\u00eancia Vov\u00f4 Zeid"}]},{"@type":"WebSite","@id":"https:\/\/blogdacondessa.com.br\/blog\/#website","url":"https:\/\/blogdacondessa.com.br\/blog\/","name":"Blog da Condessa","description":"Com Shirley de Souza O\u2019Campos","potentialAction":[{"@type":"SearchAction","target":{"@type":"EntryPoint","urlTemplate":"https:\/\/blogdacondessa.com.br\/blog\/?s={search_term_string}"},"query-input":{"@type":"PropertyValueSpecification","valueRequired":true,"valueName":"search_term_string"}}],"inLanguage":"pt-BR"},{"@type":"Person","@id":"https:\/\/blogdacondessa.com.br\/blog\/#\/schema\/person\/1d667ff8b785195b568677489d266035","name":"Blog da Condessa","image":{"@type":"ImageObject","inLanguage":"pt-BR","@id":"https:\/\/secure.gravatar.com\/avatar\/377c0eb8b4ad2bfc25461b41564b5971e721ca34a57642868fc7b0c8ac7b52c5?s=96&d=mm&r=g","url":"https:\/\/secure.gravatar.com\/avatar\/377c0eb8b4ad2bfc25461b41564b5971e721ca34a57642868fc7b0c8ac7b52c5?s=96&d=mm&r=g","contentUrl":"https:\/\/secure.gravatar.com\/avatar\/377c0eb8b4ad2bfc25461b41564b5971e721ca34a57642868fc7b0c8ac7b52c5?s=96&d=mm&r=g","caption":"Blog da Condessa"},"url":"https:\/\/blogdacondessa.com.br\/blog\/author\/beatriz\/"}]}},"_links":{"self":[{"href":"https:\/\/blogdacondessa.com.br\/blog\/wp-json\/wp\/v2\/posts\/7794","targetHints":{"allow":["GET"]}}],"collection":[{"href":"https:\/\/blogdacondessa.com.br\/blog\/wp-json\/wp\/v2\/posts"}],"about":[{"href":"https:\/\/blogdacondessa.com.br\/blog\/wp-json\/wp\/v2\/types\/post"}],"author":[{"embeddable":true,"href":"https:\/\/blogdacondessa.com.br\/blog\/wp-json\/wp\/v2\/users\/2"}],"replies":[{"embeddable":true,"href":"https:\/\/blogdacondessa.com.br\/blog\/wp-json\/wp\/v2\/comments?post=7794"}],"version-history":[{"count":0,"href":"https:\/\/blogdacondessa.com.br\/blog\/wp-json\/wp\/v2\/posts\/7794\/revisions"}],"wp:featuredmedia":[{"embeddable":true,"href":"https:\/\/blogdacondessa.com.br\/blog\/wp-json\/wp\/v2\/media\/7795"}],"wp:attachment":[{"href":"https:\/\/blogdacondessa.com.br\/blog\/wp-json\/wp\/v2\/media?parent=7794"}],"wp:term":[{"taxonomy":"category","embeddable":true,"href":"https:\/\/blogdacondessa.com.br\/blog\/wp-json\/wp\/v2\/categories?post=7794"},{"taxonomy":"post_tag","embeddable":true,"href":"https:\/\/blogdacondessa.com.br\/blog\/wp-json\/wp\/v2\/tags?post=7794"}],"curies":[{"name":"wp","href":"https:\/\/api.w.org\/{rel}","templated":true}]}}