{"id":7773,"date":"2023-08-07T17:45:24","date_gmt":"2023-08-07T21:45:24","guid":{"rendered":"http:\/\/blogdacondessa.com.br\/?p=7773"},"modified":"2023-08-07T17:45:24","modified_gmt":"2023-08-07T21:45:24","slug":"primeira-dama-de-mt-reforca-compromisso-de-lutar-contra-a-violencia-domestica","status":"publish","type":"post","link":"https:\/\/blogdacondessa.com.br\/blog\/cotidiano\/primeira-dama-de-mt-reforca-compromisso-de-lutar-contra-a-violencia-domestica\/","title":{"rendered":"Primeira-dama de MT refor\u00e7a compromisso de lutar contra a viol\u00eancia dom\u00e9stica"},"content":{"rendered":"<p>Nesta segunda-feira (07.08), a Lei Federal n\u00ba 11.340\/2006, conhecida como Lei Maria da Penha, completa 17 anos desde que foi sancionada.\u00a0A primeira-dama de Mato Grosso, Virginia Mendes, que tem atuado em defesa das mulheres em situa\u00e7\u00e3o de viol\u00eancia dom\u00e9stica, publicou uma foto com a\u00a0 farmac\u00eautica bioqu\u00edmica, autora do livro \u2018Sobrevivi\u2019, Maria da Penha Maia Fernandes.<\/p>\n<p>V\u00edtima de viol\u00eancia dom\u00e9stica, Maria da Penha percorreu v\u00e1rios caminhos at\u00e9 a conquista da lei. Em 2006 a legisla\u00e7\u00e3o foi batizada com seu nome em reconhecimento \u00e0 luta contra a viola\u00e7\u00e3o dos direitos humanos e das mulheres.<\/p>\n<p>\u201cResgatei essas fotos para homenagear essa mulher incr\u00edvel que tive a honra de conhecer. Aproveito ainda para refor\u00e7ar o compromisso de fortalecer a aplica\u00e7\u00e3o da lei, garantindo que as v\u00edtimas tenham acesso a recursos de apoio e acolhimento. Seguiremos firmes na luta, combatendo qualquer tipo de viol\u00eancia dom\u00e9stica\u201d, manifestou a primeira-dama do Estado, Virginia Mendes.<\/p>\n<p>Na pr\u00f3xima quarta-feira (09.08), a primeira-dama, juntamente com o governador Mauro Mendes, a Secret\u00e1ria de Estado de Assist\u00eancia Social e Cidadania (Setasc) e o secret\u00e1rio de Estado de Seguran\u00e7a P\u00fablica (Sesp), coronel C\u00e9sar Roveri, lan\u00e7am oficialmente o programa SER Fam\u00edlia Mulher.<\/p>\n<p>O programa prev\u00ea aux\u00edlio moradia no valor de R$ 600 vai amparar mulheres em situa\u00e7\u00e3o de medida protetiva, bem como acompanhamento familiar e acesso a qualifica\u00e7\u00e3o profissional. O programa foi projetado pela primeira-dama do Estado e ser\u00e1 um avan\u00e7o para encorajar mulheres em situa\u00e7\u00e3o de viol\u00eancia dom\u00e9stica a denunciar e sair de perto do agressor.<\/p>\n<p>\u201cEstou muito feliz por essa conquista. N\u00f3s sabemos que muitas v\u00edtimas se mant\u00eam ref\u00e9ns, na maioria das vezes, pela condi\u00e7\u00e3o financeira e esse aux\u00edlio \u00e9 apenas um ponto de apoio, um recome\u00e7o para que elas se encorajem a denunciar o criminoso. Desse modo, com uma rede, vamos garantir que a v\u00edtima se mantenha em seguran\u00e7a\u201d, ratificou Virginia Mendes.<\/p>\n<p>&nbsp;<\/p>\n","protected":false},"excerpt":{"rendered":"<p>Nesta segunda-feira (07.08), a Lei Federal n\u00ba 11.340\/2006, conhecida como Lei Maria da Penha, completa 17 anos desde que foi sancionada.\u00a0A primeira-dama de Mato Grosso, Virginia Mendes, que tem atuado em defesa das mulheres em situa\u00e7\u00e3o de viol\u00eancia dom\u00e9stica, publicou uma foto com a\u00a0 farmac\u00eautica bioqu\u00edmica, autora do livro \u2018Sobrevivi\u2019, Maria da Penha Maia Fernandes. [&hellip;]<\/p>\n","protected":false},"author":2,"featured_media":7774,"comment_status":"closed","ping_status":"closed","sticky":false,"template":"","format":"standard","meta":{"iawp_total_views":0,"footnotes":""},"categories":[24],"tags":[],"class_list":["post-7773","post","type-post","status-publish","format-standard","has-post-thumbnail","hentry","category-cotidiano"],"yoast_head":"<!-- This site is optimized with the Yoast SEO plugin v27.3 - https:\/\/yoast.com\/product\/yoast-seo-wordpress\/ -->\n<title>Primeira-dama de MT refor\u00e7a compromisso de lutar contra a viol\u00eancia dom\u00e9stica &#8902; Blog da Condessa<\/title>\n<meta name=\"robots\" content=\"index, follow, max-snippet:-1, max-image-preview:large, max-video-preview:-1\" \/>\n<link rel=\"canonical\" href=\"https:\/\/blogdacondessa.com.br\/blog\/cotidiano\/primeira-dama-de-mt-reforca-compromisso-de-lutar-contra-a-violencia-domestica\/\" \/>\n<meta property=\"og:locale\" content=\"pt_BR\" \/>\n<meta property=\"og:type\" content=\"article\" \/>\n<meta property=\"og:title\" content=\"Primeira-dama de MT refor\u00e7a compromisso de lutar contra a viol\u00eancia dom\u00e9stica &#8902; Blog da Condessa\" \/>\n<meta property=\"og:description\" content=\"Nesta segunda-feira (07.08), a Lei Federal n\u00ba 11.340\/2006, conhecida como Lei Maria da Penha, completa 17 anos desde que foi sancionada.\u00a0A primeira-dama de Mato Grosso, Virginia Mendes, que tem atuado em defesa das mulheres em situa\u00e7\u00e3o de viol\u00eancia dom\u00e9stica, publicou uma foto com a\u00a0 farmac\u00eautica bioqu\u00edmica, autora do livro \u2018Sobrevivi\u2019, Maria da Penha Maia Fernandes. [&hellip;]\" \/>\n<meta property=\"og:url\" content=\"https:\/\/blogdacondessa.com.br\/blog\/cotidiano\/primeira-dama-de-mt-reforca-compromisso-de-lutar-contra-a-violencia-domestica\/\" \/>\n<meta property=\"og:site_name\" content=\"Blog da Condessa\" \/>\n<meta property=\"article:published_time\" content=\"2023-08-07T21:45:24+00:00\" \/>\n<meta property=\"og:image\" content=\"https:\/\/blogdacondessa.com.br\/blog\/wp-content\/uploads\/2023\/08\/virginia-mendes.jpeg\" \/>\n\t<meta property=\"og:image:width\" content=\"1600\" \/>\n\t<meta property=\"og:image:height\" content=\"1025\" \/>\n\t<meta property=\"og:image:type\" content=\"image\/jpeg\" \/>\n<meta name=\"author\" content=\"Blog da Condessa\" \/>\n<meta name=\"twitter:card\" content=\"summary_large_image\" \/>\n<meta name=\"twitter:label1\" content=\"Escrito por\" \/>\n\t<meta name=\"twitter:data1\" content=\"Blog da Condessa\" \/>\n\t<meta name=\"twitter:label2\" content=\"Est. tempo de leitura\" \/>\n\t<meta name=\"twitter:data2\" content=\"2 minutos\" \/>\n<script type=\"application\/ld+json\" class=\"yoast-schema-graph\">{\"@context\":\"https:\\\/\\\/schema.org\",\"@graph\":[{\"@type\":\"Article\",\"@id\":\"https:\\\/\\\/blogdacondessa.com.br\\\/blog\\\/cotidiano\\\/primeira-dama-de-mt-reforca-compromisso-de-lutar-contra-a-violencia-domestica\\\/#article\",\"isPartOf\":{\"@id\":\"https:\\\/\\\/blogdacondessa.com.br\\\/blog\\\/cotidiano\\\/primeira-dama-de-mt-reforca-compromisso-de-lutar-contra-a-violencia-domestica\\\/\"},\"author\":{\"name\":\"Blog da Condessa\",\"@id\":\"https:\\\/\\\/blogdacondessa.com.br\\\/blog\\\/#\\\/schema\\\/person\\\/1d667ff8b785195b568677489d266035\"},\"headline\":\"Primeira-dama de MT refor\u00e7a compromisso de lutar contra a viol\u00eancia dom\u00e9stica\",\"datePublished\":\"2023-08-07T21:45:24+00:00\",\"mainEntityOfPage\":{\"@id\":\"https:\\\/\\\/blogdacondessa.com.br\\\/blog\\\/cotidiano\\\/primeira-dama-de-mt-reforca-compromisso-de-lutar-contra-a-violencia-domestica\\\/\"},\"wordCount\":351,\"image\":{\"@id\":\"https:\\\/\\\/blogdacondessa.com.br\\\/blog\\\/cotidiano\\\/primeira-dama-de-mt-reforca-compromisso-de-lutar-contra-a-violencia-domestica\\\/#primaryimage\"},\"thumbnailUrl\":\"https:\\\/\\\/blogdacondessa.com.br\\\/blog\\\/wp-content\\\/uploads\\\/2023\\\/08\\\/virginia-mendes.jpeg\",\"articleSection\":[\"Cotidiano\"],\"inLanguage\":\"pt-BR\"},{\"@type\":\"WebPage\",\"@id\":\"https:\\\/\\\/blogdacondessa.com.br\\\/blog\\\/cotidiano\\\/primeira-dama-de-mt-reforca-compromisso-de-lutar-contra-a-violencia-domestica\\\/\",\"url\":\"https:\\\/\\\/blogdacondessa.com.br\\\/blog\\\/cotidiano\\\/primeira-dama-de-mt-reforca-compromisso-de-lutar-contra-a-violencia-domestica\\\/\",\"name\":\"Primeira-dama de MT refor\u00e7a compromisso de lutar contra a viol\u00eancia dom\u00e9stica &#8902; Blog da Condessa\",\"isPartOf\":{\"@id\":\"https:\\\/\\\/blogdacondessa.com.br\\\/blog\\\/#website\"},\"primaryImageOfPage\":{\"@id\":\"https:\\\/\\\/blogdacondessa.com.br\\\/blog\\\/cotidiano\\\/primeira-dama-de-mt-reforca-compromisso-de-lutar-contra-a-violencia-domestica\\\/#primaryimage\"},\"image\":{\"@id\":\"https:\\\/\\\/blogdacondessa.com.br\\\/blog\\\/cotidiano\\\/primeira-dama-de-mt-reforca-compromisso-de-lutar-contra-a-violencia-domestica\\\/#primaryimage\"},\"thumbnailUrl\":\"https:\\\/\\\/blogdacondessa.com.br\\\/blog\\\/wp-content\\\/uploads\\\/2023\\\/08\\\/virginia-mendes.jpeg\",\"datePublished\":\"2023-08-07T21:45:24+00:00\",\"author\":{\"@id\":\"https:\\\/\\\/blogdacondessa.com.br\\\/blog\\\/#\\\/schema\\\/person\\\/1d667ff8b785195b568677489d266035\"},\"breadcrumb\":{\"@id\":\"https:\\\/\\\/blogdacondessa.com.br\\\/blog\\\/cotidiano\\\/primeira-dama-de-mt-reforca-compromisso-de-lutar-contra-a-violencia-domestica\\\/#breadcrumb\"},\"inLanguage\":\"pt-BR\",\"potentialAction\":[{\"@type\":\"ReadAction\",\"target\":[\"https:\\\/\\\/blogdacondessa.com.br\\\/blog\\\/cotidiano\\\/primeira-dama-de-mt-reforca-compromisso-de-lutar-contra-a-violencia-domestica\\\/\"]}]},{\"@type\":\"ImageObject\",\"inLanguage\":\"pt-BR\",\"@id\":\"https:\\\/\\\/blogdacondessa.com.br\\\/blog\\\/cotidiano\\\/primeira-dama-de-mt-reforca-compromisso-de-lutar-contra-a-violencia-domestica\\\/#primaryimage\",\"url\":\"https:\\\/\\\/blogdacondessa.com.br\\\/blog\\\/wp-content\\\/uploads\\\/2023\\\/08\\\/virginia-mendes.jpeg\",\"contentUrl\":\"https:\\\/\\\/blogdacondessa.com.br\\\/blog\\\/wp-content\\\/uploads\\\/2023\\\/08\\\/virginia-mendes.jpeg\",\"width\":1600,\"height\":1025,\"caption\":\"Cr\u00e9dito - Assessoria\"},{\"@type\":\"BreadcrumbList\",\"@id\":\"https:\\\/\\\/blogdacondessa.com.br\\\/blog\\\/cotidiano\\\/primeira-dama-de-mt-reforca-compromisso-de-lutar-contra-a-violencia-domestica\\\/#breadcrumb\",\"itemListElement\":[{\"@type\":\"ListItem\",\"position\":1,\"name\":\"In\u00edcio\",\"item\":\"https:\\\/\\\/blogdacondessa.com.br\\\/blog\\\/\"},{\"@type\":\"ListItem\",\"position\":2,\"name\":\"Primeira-dama de MT refor\u00e7a compromisso de lutar contra a viol\u00eancia dom\u00e9stica\"}]},{\"@type\":\"WebSite\",\"@id\":\"https:\\\/\\\/blogdacondessa.com.br\\\/blog\\\/#website\",\"url\":\"https:\\\/\\\/blogdacondessa.com.br\\\/blog\\\/\",\"name\":\"Blog da Condessa\",\"description\":\"Com Shirley de Souza O\u2019Campos\",\"potentialAction\":[{\"@type\":\"SearchAction\",\"target\":{\"@type\":\"EntryPoint\",\"urlTemplate\":\"https:\\\/\\\/blogdacondessa.com.br\\\/blog\\\/?s={search_term_string}\"},\"query-input\":{\"@type\":\"PropertyValueSpecification\",\"valueRequired\":true,\"valueName\":\"search_term_string\"}}],\"inLanguage\":\"pt-BR\"},{\"@type\":\"Person\",\"@id\":\"https:\\\/\\\/blogdacondessa.com.br\\\/blog\\\/#\\\/schema\\\/person\\\/1d667ff8b785195b568677489d266035\",\"name\":\"Blog da Condessa\",\"image\":{\"@type\":\"ImageObject\",\"inLanguage\":\"pt-BR\",\"@id\":\"https:\\\/\\\/secure.gravatar.com\\\/avatar\\\/377c0eb8b4ad2bfc25461b41564b5971e721ca34a57642868fc7b0c8ac7b52c5?s=96&d=mm&r=g\",\"url\":\"https:\\\/\\\/secure.gravatar.com\\\/avatar\\\/377c0eb8b4ad2bfc25461b41564b5971e721ca34a57642868fc7b0c8ac7b52c5?s=96&d=mm&r=g\",\"contentUrl\":\"https:\\\/\\\/secure.gravatar.com\\\/avatar\\\/377c0eb8b4ad2bfc25461b41564b5971e721ca34a57642868fc7b0c8ac7b52c5?s=96&d=mm&r=g\",\"caption\":\"Blog da Condessa\"},\"url\":\"https:\\\/\\\/blogdacondessa.com.br\\\/blog\\\/author\\\/beatriz\\\/\"}]}<\/script>\n<!-- \/ Yoast SEO plugin. -->","yoast_head_json":{"title":"Primeira-dama de MT refor\u00e7a compromisso de lutar contra a viol\u00eancia dom\u00e9stica &#8902; Blog da Condessa","robots":{"index":"index","follow":"follow","max-snippet":"max-snippet:-1","max-image-preview":"max-image-preview:large","max-video-preview":"max-video-preview:-1"},"canonical":"https:\/\/blogdacondessa.com.br\/blog\/cotidiano\/primeira-dama-de-mt-reforca-compromisso-de-lutar-contra-a-violencia-domestica\/","og_locale":"pt_BR","og_type":"article","og_title":"Primeira-dama de MT refor\u00e7a compromisso de lutar contra a viol\u00eancia dom\u00e9stica &#8902; Blog da Condessa","og_description":"Nesta segunda-feira (07.08), a Lei Federal n\u00ba 11.340\/2006, conhecida como Lei Maria da Penha, completa 17 anos desde que foi sancionada.\u00a0A primeira-dama de Mato Grosso, Virginia Mendes, que tem atuado em defesa das mulheres em situa\u00e7\u00e3o de viol\u00eancia dom\u00e9stica, publicou uma foto com a\u00a0 farmac\u00eautica bioqu\u00edmica, autora do livro \u2018Sobrevivi\u2019, Maria da Penha Maia Fernandes. [&hellip;]","og_url":"https:\/\/blogdacondessa.com.br\/blog\/cotidiano\/primeira-dama-de-mt-reforca-compromisso-de-lutar-contra-a-violencia-domestica\/","og_site_name":"Blog da Condessa","article_published_time":"2023-08-07T21:45:24+00:00","og_image":[{"width":1600,"height":1025,"url":"https:\/\/blogdacondessa.com.br\/blog\/wp-content\/uploads\/2023\/08\/virginia-mendes.jpeg","type":"image\/jpeg"}],"author":"Blog da Condessa","twitter_card":"summary_large_image","twitter_misc":{"Escrito por":"Blog da Condessa","Est. tempo de leitura":"2 minutos"},"schema":{"@context":"https:\/\/schema.org","@graph":[{"@type":"Article","@id":"https:\/\/blogdacondessa.com.br\/blog\/cotidiano\/primeira-dama-de-mt-reforca-compromisso-de-lutar-contra-a-violencia-domestica\/#article","isPartOf":{"@id":"https:\/\/blogdacondessa.com.br\/blog\/cotidiano\/primeira-dama-de-mt-reforca-compromisso-de-lutar-contra-a-violencia-domestica\/"},"author":{"name":"Blog da Condessa","@id":"https:\/\/blogdacondessa.com.br\/blog\/#\/schema\/person\/1d667ff8b785195b568677489d266035"},"headline":"Primeira-dama de MT refor\u00e7a compromisso de lutar contra a viol\u00eancia dom\u00e9stica","datePublished":"2023-08-07T21:45:24+00:00","mainEntityOfPage":{"@id":"https:\/\/blogdacondessa.com.br\/blog\/cotidiano\/primeira-dama-de-mt-reforca-compromisso-de-lutar-contra-a-violencia-domestica\/"},"wordCount":351,"image":{"@id":"https:\/\/blogdacondessa.com.br\/blog\/cotidiano\/primeira-dama-de-mt-reforca-compromisso-de-lutar-contra-a-violencia-domestica\/#primaryimage"},"thumbnailUrl":"https:\/\/blogdacondessa.com.br\/blog\/wp-content\/uploads\/2023\/08\/virginia-mendes.jpeg","articleSection":["Cotidiano"],"inLanguage":"pt-BR"},{"@type":"WebPage","@id":"https:\/\/blogdacondessa.com.br\/blog\/cotidiano\/primeira-dama-de-mt-reforca-compromisso-de-lutar-contra-a-violencia-domestica\/","url":"https:\/\/blogdacondessa.com.br\/blog\/cotidiano\/primeira-dama-de-mt-reforca-compromisso-de-lutar-contra-a-violencia-domestica\/","name":"Primeira-dama de MT refor\u00e7a compromisso de lutar contra a viol\u00eancia dom\u00e9stica &#8902; Blog da Condessa","isPartOf":{"@id":"https:\/\/blogdacondessa.com.br\/blog\/#website"},"primaryImageOfPage":{"@id":"https:\/\/blogdacondessa.com.br\/blog\/cotidiano\/primeira-dama-de-mt-reforca-compromisso-de-lutar-contra-a-violencia-domestica\/#primaryimage"},"image":{"@id":"https:\/\/blogdacondessa.com.br\/blog\/cotidiano\/primeira-dama-de-mt-reforca-compromisso-de-lutar-contra-a-violencia-domestica\/#primaryimage"},"thumbnailUrl":"https:\/\/blogdacondessa.com.br\/blog\/wp-content\/uploads\/2023\/08\/virginia-mendes.jpeg","datePublished":"2023-08-07T21:45:24+00:00","author":{"@id":"https:\/\/blogdacondessa.com.br\/blog\/#\/schema\/person\/1d667ff8b785195b568677489d266035"},"breadcrumb":{"@id":"https:\/\/blogdacondessa.com.br\/blog\/cotidiano\/primeira-dama-de-mt-reforca-compromisso-de-lutar-contra-a-violencia-domestica\/#breadcrumb"},"inLanguage":"pt-BR","potentialAction":[{"@type":"ReadAction","target":["https:\/\/blogdacondessa.com.br\/blog\/cotidiano\/primeira-dama-de-mt-reforca-compromisso-de-lutar-contra-a-violencia-domestica\/"]}]},{"@type":"ImageObject","inLanguage":"pt-BR","@id":"https:\/\/blogdacondessa.com.br\/blog\/cotidiano\/primeira-dama-de-mt-reforca-compromisso-de-lutar-contra-a-violencia-domestica\/#primaryimage","url":"https:\/\/blogdacondessa.com.br\/blog\/wp-content\/uploads\/2023\/08\/virginia-mendes.jpeg","contentUrl":"https:\/\/blogdacondessa.com.br\/blog\/wp-content\/uploads\/2023\/08\/virginia-mendes.jpeg","width":1600,"height":1025,"caption":"Cr\u00e9dito - Assessoria"},{"@type":"BreadcrumbList","@id":"https:\/\/blogdacondessa.com.br\/blog\/cotidiano\/primeira-dama-de-mt-reforca-compromisso-de-lutar-contra-a-violencia-domestica\/#breadcrumb","itemListElement":[{"@type":"ListItem","position":1,"name":"In\u00edcio","item":"https:\/\/blogdacondessa.com.br\/blog\/"},{"@type":"ListItem","position":2,"name":"Primeira-dama de MT refor\u00e7a compromisso de lutar contra a viol\u00eancia dom\u00e9stica"}]},{"@type":"WebSite","@id":"https:\/\/blogdacondessa.com.br\/blog\/#website","url":"https:\/\/blogdacondessa.com.br\/blog\/","name":"Blog da Condessa","description":"Com Shirley de Souza O\u2019Campos","potentialAction":[{"@type":"SearchAction","target":{"@type":"EntryPoint","urlTemplate":"https:\/\/blogdacondessa.com.br\/blog\/?s={search_term_string}"},"query-input":{"@type":"PropertyValueSpecification","valueRequired":true,"valueName":"search_term_string"}}],"inLanguage":"pt-BR"},{"@type":"Person","@id":"https:\/\/blogdacondessa.com.br\/blog\/#\/schema\/person\/1d667ff8b785195b568677489d266035","name":"Blog da Condessa","image":{"@type":"ImageObject","inLanguage":"pt-BR","@id":"https:\/\/secure.gravatar.com\/avatar\/377c0eb8b4ad2bfc25461b41564b5971e721ca34a57642868fc7b0c8ac7b52c5?s=96&d=mm&r=g","url":"https:\/\/secure.gravatar.com\/avatar\/377c0eb8b4ad2bfc25461b41564b5971e721ca34a57642868fc7b0c8ac7b52c5?s=96&d=mm&r=g","contentUrl":"https:\/\/secure.gravatar.com\/avatar\/377c0eb8b4ad2bfc25461b41564b5971e721ca34a57642868fc7b0c8ac7b52c5?s=96&d=mm&r=g","caption":"Blog da Condessa"},"url":"https:\/\/blogdacondessa.com.br\/blog\/author\/beatriz\/"}]}},"_links":{"self":[{"href":"https:\/\/blogdacondessa.com.br\/blog\/wp-json\/wp\/v2\/posts\/7773","targetHints":{"allow":["GET"]}}],"collection":[{"href":"https:\/\/blogdacondessa.com.br\/blog\/wp-json\/wp\/v2\/posts"}],"about":[{"href":"https:\/\/blogdacondessa.com.br\/blog\/wp-json\/wp\/v2\/types\/post"}],"author":[{"embeddable":true,"href":"https:\/\/blogdacondessa.com.br\/blog\/wp-json\/wp\/v2\/users\/2"}],"replies":[{"embeddable":true,"href":"https:\/\/blogdacondessa.com.br\/blog\/wp-json\/wp\/v2\/comments?post=7773"}],"version-history":[{"count":0,"href":"https:\/\/blogdacondessa.com.br\/blog\/wp-json\/wp\/v2\/posts\/7773\/revisions"}],"wp:featuredmedia":[{"embeddable":true,"href":"https:\/\/blogdacondessa.com.br\/blog\/wp-json\/wp\/v2\/media\/7774"}],"wp:attachment":[{"href":"https:\/\/blogdacondessa.com.br\/blog\/wp-json\/wp\/v2\/media?parent=7773"}],"wp:term":[{"taxonomy":"category","embeddable":true,"href":"https:\/\/blogdacondessa.com.br\/blog\/wp-json\/wp\/v2\/categories?post=7773"},{"taxonomy":"post_tag","embeddable":true,"href":"https:\/\/blogdacondessa.com.br\/blog\/wp-json\/wp\/v2\/tags?post=7773"}],"curies":[{"name":"wp","href":"https:\/\/api.w.org\/{rel}","templated":true}]}}