{"id":7642,"date":"2023-07-22T05:00:10","date_gmt":"2023-07-22T09:00:10","guid":{"rendered":"http:\/\/blogdacondessa.com.br\/?p=7642"},"modified":"2023-07-21T15:41:14","modified_gmt":"2023-07-21T19:41:14","slug":"a-importancia-dos-avos-no-aprendizado-das-criancas","status":"publish","type":"post","link":"https:\/\/blogdacondessa.com.br\/blog\/cotidiano\/a-importancia-dos-avos-no-aprendizado-das-criancas\/","title":{"rendered":"A import\u00e2ncia dos av\u00f3s no aprendizado das crian\u00e7as"},"content":{"rendered":"<p>A rela\u00e7\u00e3o afetiva entre as crian\u00e7as e seus av\u00f3s contribui para um aprendizado mais completo e positivo.<\/p>\n<p>Na pr\u00f3xima quarta-feira, dia 26 de julho, ser\u00e1 celebrado o Dia dos Av\u00f3s, uma data para lembrar o papel fundamental que essas figuras possuem dentro das fam\u00edlias. Os av\u00f3s fazem parte das mem\u00f3rias mais amorosas, carinhosas e de cuidados que uma crian\u00e7a poderia ter.<\/p>\n<p>Nos processos de educa\u00e7\u00e3o e aprendizagem, os av\u00f3s influenciam diretamente por se tratar de figuras que as crian\u00e7as se sentem confiantes para partilhar de suas expectativas e se sentem amparadas na aus\u00eancia dos pais. A maioria das pessoas se lembra de momentos vividos com seus av\u00f3s, seja de uma receita gostosa que a av\u00f3 fez ou da sa\u00edda da escola que o av\u00f4 estava esperando. Essas lembran\u00e7as s\u00e3o resultados de experi\u00eancias marcantes da inf\u00e2ncia e que ser\u00e3o para sempre lembradas. Com eles aumenta-se o v\u00ednculo familiar, constr\u00f3i-se mem\u00f3rias afetivas, trocas de experi\u00eancias e muito aprendizado.<\/p>\n<p>Estimular o contato e v\u00ednculo de um neto com os seus av\u00f3s proporciona um impacto muito positivo no campo de aprendizado da crian\u00e7a, pois favorece um desenvolvimento enriquecido de autonomia, seguran\u00e7a e confian\u00e7a. Suas participa\u00e7\u00f5es s\u00e3o experi\u00eancias de amor, valoriza\u00e7\u00e3o, cuidado e afeto fora do ambiente de casa. Essa rela\u00e7\u00e3o tem benef\u00edcios tanto para os av\u00f3s que se sentem valorizados, estimulados, ativos e com grande sentimento de pertencimento, pois participam do desenvolvimento de uma nova gera\u00e7\u00e3o, quanto para as crian\u00e7as que se sentem aceitas e amadas.<\/p>\n<p>Nesse sentido, o m\u00e9todo Kumon, criado em 1954 pelo professor Toru Kumon, que privilegia o desenvolvimento da autonomia dos alunos nos estudos, tem se destacado como uma importante ferramenta. O m\u00e9todo tem uma abordagem \u00fanica que se concentra no progresso individual de cada aluno, permitindo que eles aperfei\u00e7oem suas habilidades cognitivas e emocionais de forma aut\u00f4noma e progressiva, al\u00e9m de promover valores essenciais, como a perseveran\u00e7a, a disciplina e a responsabilidade.<\/p>\n<p>A pedagoga Cristhiane Amorim, com p\u00f3s-gradua\u00e7\u00e3o em neuroci\u00eancia de educa\u00e7\u00e3o e desenvolvimento infantil e que atua na rede Kumon, d\u00e1 algumas dicas que podem ajudar a estimular e aumentar esse v\u00ednculo afetivo entre as fam\u00edlias:<\/p>\n<p>&#8211; \u00a0Criar ambientes que possibilitem tempo de qualidade e constru\u00e7\u00e3o de boas mem\u00f3rias entre os av\u00f3s e as crian\u00e7as.<\/p>\n<p>&#8211; Exercitar a viv\u00eancia de experi\u00eancias para que cada vez mais aumente o sentimento de seguran\u00e7a e amparo fora do ambiente de casa.<\/p>\n<p>&#8211;\u00a0Abrir espa\u00e7o para troca de valores e conex\u00e3o com a hist\u00f3ria da fam\u00edlia, afinal, os mais velhos possuem conhecimentos que podem ser muito enriquecedores.<\/p>\n<p>&#8211;\u00a0Aumentar o conv\u00edvio entre eles, pois dessa forma abrir\u00e1 espa\u00e7o para uma melhor socializa\u00e7\u00e3o.<\/p>\n<p>A pedagoga ainda conta que os av\u00f3s precisam fazer parte da forma\u00e7\u00e3o das crian\u00e7as, no entanto \u00e9 necess\u00e1rio que haja uma harmonia e que a fam\u00edlia esteja alinhada com a conduta seguida pelos pais. \u201cA comunica\u00e7\u00e3o entre eles \u00e9 a chave para que essa rela\u00e7\u00e3o se desenvolva de forma saud\u00e1vel e com limites agrad\u00e1veis para ambos os lados. A crian\u00e7a s\u00f3 tem a ganhar, j\u00e1 que o lar \u00e9 o primeiro ambiente de aprendizado e conduta \u00e9tico social\u201d, finaliza.<\/p>\n<p>&nbsp;<\/p>\n","protected":false},"excerpt":{"rendered":"<p>A rela\u00e7\u00e3o afetiva entre as crian\u00e7as e seus av\u00f3s contribui para um aprendizado mais completo e positivo. Na pr\u00f3xima quarta-feira, dia 26 de julho, ser\u00e1 celebrado o Dia dos Av\u00f3s, uma data para lembrar o papel fundamental que essas figuras possuem dentro das fam\u00edlias. Os av\u00f3s fazem parte das mem\u00f3rias mais amorosas, carinhosas e de [&hellip;]<\/p>\n","protected":false},"author":2,"featured_media":7643,"comment_status":"closed","ping_status":"closed","sticky":false,"template":"","format":"standard","meta":{"iawp_total_views":3,"footnotes":""},"categories":[24],"tags":[],"class_list":["post-7642","post","type-post","status-publish","format-standard","has-post-thumbnail","hentry","category-cotidiano"],"yoast_head":"<!-- This site is optimized with the Yoast SEO plugin v27.3 - https:\/\/yoast.com\/product\/yoast-seo-wordpress\/ -->\n<title>A import\u00e2ncia dos av\u00f3s no aprendizado das crian\u00e7as &#8902; Blog da Condessa<\/title>\n<meta name=\"robots\" content=\"index, follow, max-snippet:-1, max-image-preview:large, max-video-preview:-1\" \/>\n<link rel=\"canonical\" href=\"https:\/\/blogdacondessa.com.br\/blog\/cotidiano\/a-importancia-dos-avos-no-aprendizado-das-criancas\/\" \/>\n<meta property=\"og:locale\" content=\"pt_BR\" \/>\n<meta property=\"og:type\" content=\"article\" \/>\n<meta property=\"og:title\" content=\"A import\u00e2ncia dos av\u00f3s no aprendizado das crian\u00e7as &#8902; Blog da Condessa\" \/>\n<meta property=\"og:description\" content=\"A rela\u00e7\u00e3o afetiva entre as crian\u00e7as e seus av\u00f3s contribui para um aprendizado mais completo e positivo. Na pr\u00f3xima quarta-feira, dia 26 de julho, ser\u00e1 celebrado o Dia dos Av\u00f3s, uma data para lembrar o papel fundamental que essas figuras possuem dentro das fam\u00edlias. Os av\u00f3s fazem parte das mem\u00f3rias mais amorosas, carinhosas e de [&hellip;]\" \/>\n<meta property=\"og:url\" content=\"https:\/\/blogdacondessa.com.br\/blog\/cotidiano\/a-importancia-dos-avos-no-aprendizado-das-criancas\/\" \/>\n<meta property=\"og:site_name\" content=\"Blog da Condessa\" \/>\n<meta property=\"article:published_time\" content=\"2023-07-22T09:00:10+00:00\" \/>\n<meta property=\"og:image\" content=\"https:\/\/blogdacondessa.com.br\/blog\/wp-content\/uploads\/2023\/07\/VOVO.png\" \/>\n\t<meta property=\"og:image:width\" content=\"567\" \/>\n\t<meta property=\"og:image:height\" content=\"377\" \/>\n\t<meta property=\"og:image:type\" content=\"image\/png\" \/>\n<meta name=\"author\" content=\"Blog da Condessa\" \/>\n<meta name=\"twitter:card\" content=\"summary_large_image\" \/>\n<meta name=\"twitter:label1\" content=\"Escrito por\" \/>\n\t<meta name=\"twitter:data1\" content=\"Blog da Condessa\" \/>\n\t<meta name=\"twitter:label2\" content=\"Est. tempo de leitura\" \/>\n\t<meta name=\"twitter:data2\" content=\"3 minutos\" \/>\n<script type=\"application\/ld+json\" class=\"yoast-schema-graph\">{\"@context\":\"https:\\\/\\\/schema.org\",\"@graph\":[{\"@type\":\"Article\",\"@id\":\"https:\\\/\\\/blogdacondessa.com.br\\\/blog\\\/cotidiano\\\/a-importancia-dos-avos-no-aprendizado-das-criancas\\\/#article\",\"isPartOf\":{\"@id\":\"https:\\\/\\\/blogdacondessa.com.br\\\/blog\\\/cotidiano\\\/a-importancia-dos-avos-no-aprendizado-das-criancas\\\/\"},\"author\":{\"name\":\"Blog da Condessa\",\"@id\":\"https:\\\/\\\/blogdacondessa.com.br\\\/blog\\\/#\\\/schema\\\/person\\\/1d667ff8b785195b568677489d266035\"},\"headline\":\"A import\u00e2ncia dos av\u00f3s no aprendizado das crian\u00e7as\",\"datePublished\":\"2023-07-22T09:00:10+00:00\",\"mainEntityOfPage\":{\"@id\":\"https:\\\/\\\/blogdacondessa.com.br\\\/blog\\\/cotidiano\\\/a-importancia-dos-avos-no-aprendizado-das-criancas\\\/\"},\"wordCount\":590,\"image\":{\"@id\":\"https:\\\/\\\/blogdacondessa.com.br\\\/blog\\\/cotidiano\\\/a-importancia-dos-avos-no-aprendizado-das-criancas\\\/#primaryimage\"},\"thumbnailUrl\":\"https:\\\/\\\/blogdacondessa.com.br\\\/blog\\\/wp-content\\\/uploads\\\/2023\\\/07\\\/VOVO.png\",\"articleSection\":[\"Cotidiano\"],\"inLanguage\":\"pt-BR\"},{\"@type\":\"WebPage\",\"@id\":\"https:\\\/\\\/blogdacondessa.com.br\\\/blog\\\/cotidiano\\\/a-importancia-dos-avos-no-aprendizado-das-criancas\\\/\",\"url\":\"https:\\\/\\\/blogdacondessa.com.br\\\/blog\\\/cotidiano\\\/a-importancia-dos-avos-no-aprendizado-das-criancas\\\/\",\"name\":\"A import\u00e2ncia dos av\u00f3s no aprendizado das crian\u00e7as &#8902; Blog da Condessa\",\"isPartOf\":{\"@id\":\"https:\\\/\\\/blogdacondessa.com.br\\\/blog\\\/#website\"},\"primaryImageOfPage\":{\"@id\":\"https:\\\/\\\/blogdacondessa.com.br\\\/blog\\\/cotidiano\\\/a-importancia-dos-avos-no-aprendizado-das-criancas\\\/#primaryimage\"},\"image\":{\"@id\":\"https:\\\/\\\/blogdacondessa.com.br\\\/blog\\\/cotidiano\\\/a-importancia-dos-avos-no-aprendizado-das-criancas\\\/#primaryimage\"},\"thumbnailUrl\":\"https:\\\/\\\/blogdacondessa.com.br\\\/blog\\\/wp-content\\\/uploads\\\/2023\\\/07\\\/VOVO.png\",\"datePublished\":\"2023-07-22T09:00:10+00:00\",\"author\":{\"@id\":\"https:\\\/\\\/blogdacondessa.com.br\\\/blog\\\/#\\\/schema\\\/person\\\/1d667ff8b785195b568677489d266035\"},\"breadcrumb\":{\"@id\":\"https:\\\/\\\/blogdacondessa.com.br\\\/blog\\\/cotidiano\\\/a-importancia-dos-avos-no-aprendizado-das-criancas\\\/#breadcrumb\"},\"inLanguage\":\"pt-BR\",\"potentialAction\":[{\"@type\":\"ReadAction\",\"target\":[\"https:\\\/\\\/blogdacondessa.com.br\\\/blog\\\/cotidiano\\\/a-importancia-dos-avos-no-aprendizado-das-criancas\\\/\"]}]},{\"@type\":\"ImageObject\",\"inLanguage\":\"pt-BR\",\"@id\":\"https:\\\/\\\/blogdacondessa.com.br\\\/blog\\\/cotidiano\\\/a-importancia-dos-avos-no-aprendizado-das-criancas\\\/#primaryimage\",\"url\":\"https:\\\/\\\/blogdacondessa.com.br\\\/blog\\\/wp-content\\\/uploads\\\/2023\\\/07\\\/VOVO.png\",\"contentUrl\":\"https:\\\/\\\/blogdacondessa.com.br\\\/blog\\\/wp-content\\\/uploads\\\/2023\\\/07\\\/VOVO.png\",\"width\":567,\"height\":377},{\"@type\":\"BreadcrumbList\",\"@id\":\"https:\\\/\\\/blogdacondessa.com.br\\\/blog\\\/cotidiano\\\/a-importancia-dos-avos-no-aprendizado-das-criancas\\\/#breadcrumb\",\"itemListElement\":[{\"@type\":\"ListItem\",\"position\":1,\"name\":\"In\u00edcio\",\"item\":\"https:\\\/\\\/blogdacondessa.com.br\\\/blog\\\/\"},{\"@type\":\"ListItem\",\"position\":2,\"name\":\"A import\u00e2ncia dos av\u00f3s no aprendizado das crian\u00e7as\"}]},{\"@type\":\"WebSite\",\"@id\":\"https:\\\/\\\/blogdacondessa.com.br\\\/blog\\\/#website\",\"url\":\"https:\\\/\\\/blogdacondessa.com.br\\\/blog\\\/\",\"name\":\"Blog da Condessa\",\"description\":\"Com Shirley de Souza O\u2019Campos\",\"potentialAction\":[{\"@type\":\"SearchAction\",\"target\":{\"@type\":\"EntryPoint\",\"urlTemplate\":\"https:\\\/\\\/blogdacondessa.com.br\\\/blog\\\/?s={search_term_string}\"},\"query-input\":{\"@type\":\"PropertyValueSpecification\",\"valueRequired\":true,\"valueName\":\"search_term_string\"}}],\"inLanguage\":\"pt-BR\"},{\"@type\":\"Person\",\"@id\":\"https:\\\/\\\/blogdacondessa.com.br\\\/blog\\\/#\\\/schema\\\/person\\\/1d667ff8b785195b568677489d266035\",\"name\":\"Blog da Condessa\",\"image\":{\"@type\":\"ImageObject\",\"inLanguage\":\"pt-BR\",\"@id\":\"https:\\\/\\\/secure.gravatar.com\\\/avatar\\\/377c0eb8b4ad2bfc25461b41564b5971e721ca34a57642868fc7b0c8ac7b52c5?s=96&d=mm&r=g\",\"url\":\"https:\\\/\\\/secure.gravatar.com\\\/avatar\\\/377c0eb8b4ad2bfc25461b41564b5971e721ca34a57642868fc7b0c8ac7b52c5?s=96&d=mm&r=g\",\"contentUrl\":\"https:\\\/\\\/secure.gravatar.com\\\/avatar\\\/377c0eb8b4ad2bfc25461b41564b5971e721ca34a57642868fc7b0c8ac7b52c5?s=96&d=mm&r=g\",\"caption\":\"Blog da Condessa\"},\"url\":\"https:\\\/\\\/blogdacondessa.com.br\\\/blog\\\/author\\\/beatriz\\\/\"}]}<\/script>\n<!-- \/ Yoast SEO plugin. -->","yoast_head_json":{"title":"A import\u00e2ncia dos av\u00f3s no aprendizado das crian\u00e7as &#8902; Blog da Condessa","robots":{"index":"index","follow":"follow","max-snippet":"max-snippet:-1","max-image-preview":"max-image-preview:large","max-video-preview":"max-video-preview:-1"},"canonical":"https:\/\/blogdacondessa.com.br\/blog\/cotidiano\/a-importancia-dos-avos-no-aprendizado-das-criancas\/","og_locale":"pt_BR","og_type":"article","og_title":"A import\u00e2ncia dos av\u00f3s no aprendizado das crian\u00e7as &#8902; Blog da Condessa","og_description":"A rela\u00e7\u00e3o afetiva entre as crian\u00e7as e seus av\u00f3s contribui para um aprendizado mais completo e positivo. Na pr\u00f3xima quarta-feira, dia 26 de julho, ser\u00e1 celebrado o Dia dos Av\u00f3s, uma data para lembrar o papel fundamental que essas figuras possuem dentro das fam\u00edlias. Os av\u00f3s fazem parte das mem\u00f3rias mais amorosas, carinhosas e de [&hellip;]","og_url":"https:\/\/blogdacondessa.com.br\/blog\/cotidiano\/a-importancia-dos-avos-no-aprendizado-das-criancas\/","og_site_name":"Blog da Condessa","article_published_time":"2023-07-22T09:00:10+00:00","og_image":[{"width":567,"height":377,"url":"https:\/\/blogdacondessa.com.br\/blog\/wp-content\/uploads\/2023\/07\/VOVO.png","type":"image\/png"}],"author":"Blog da Condessa","twitter_card":"summary_large_image","twitter_misc":{"Escrito por":"Blog da Condessa","Est. tempo de leitura":"3 minutos"},"schema":{"@context":"https:\/\/schema.org","@graph":[{"@type":"Article","@id":"https:\/\/blogdacondessa.com.br\/blog\/cotidiano\/a-importancia-dos-avos-no-aprendizado-das-criancas\/#article","isPartOf":{"@id":"https:\/\/blogdacondessa.com.br\/blog\/cotidiano\/a-importancia-dos-avos-no-aprendizado-das-criancas\/"},"author":{"name":"Blog da Condessa","@id":"https:\/\/blogdacondessa.com.br\/blog\/#\/schema\/person\/1d667ff8b785195b568677489d266035"},"headline":"A import\u00e2ncia dos av\u00f3s no aprendizado das crian\u00e7as","datePublished":"2023-07-22T09:00:10+00:00","mainEntityOfPage":{"@id":"https:\/\/blogdacondessa.com.br\/blog\/cotidiano\/a-importancia-dos-avos-no-aprendizado-das-criancas\/"},"wordCount":590,"image":{"@id":"https:\/\/blogdacondessa.com.br\/blog\/cotidiano\/a-importancia-dos-avos-no-aprendizado-das-criancas\/#primaryimage"},"thumbnailUrl":"https:\/\/blogdacondessa.com.br\/blog\/wp-content\/uploads\/2023\/07\/VOVO.png","articleSection":["Cotidiano"],"inLanguage":"pt-BR"},{"@type":"WebPage","@id":"https:\/\/blogdacondessa.com.br\/blog\/cotidiano\/a-importancia-dos-avos-no-aprendizado-das-criancas\/","url":"https:\/\/blogdacondessa.com.br\/blog\/cotidiano\/a-importancia-dos-avos-no-aprendizado-das-criancas\/","name":"A import\u00e2ncia dos av\u00f3s no aprendizado das crian\u00e7as &#8902; Blog da Condessa","isPartOf":{"@id":"https:\/\/blogdacondessa.com.br\/blog\/#website"},"primaryImageOfPage":{"@id":"https:\/\/blogdacondessa.com.br\/blog\/cotidiano\/a-importancia-dos-avos-no-aprendizado-das-criancas\/#primaryimage"},"image":{"@id":"https:\/\/blogdacondessa.com.br\/blog\/cotidiano\/a-importancia-dos-avos-no-aprendizado-das-criancas\/#primaryimage"},"thumbnailUrl":"https:\/\/blogdacondessa.com.br\/blog\/wp-content\/uploads\/2023\/07\/VOVO.png","datePublished":"2023-07-22T09:00:10+00:00","author":{"@id":"https:\/\/blogdacondessa.com.br\/blog\/#\/schema\/person\/1d667ff8b785195b568677489d266035"},"breadcrumb":{"@id":"https:\/\/blogdacondessa.com.br\/blog\/cotidiano\/a-importancia-dos-avos-no-aprendizado-das-criancas\/#breadcrumb"},"inLanguage":"pt-BR","potentialAction":[{"@type":"ReadAction","target":["https:\/\/blogdacondessa.com.br\/blog\/cotidiano\/a-importancia-dos-avos-no-aprendizado-das-criancas\/"]}]},{"@type":"ImageObject","inLanguage":"pt-BR","@id":"https:\/\/blogdacondessa.com.br\/blog\/cotidiano\/a-importancia-dos-avos-no-aprendizado-das-criancas\/#primaryimage","url":"https:\/\/blogdacondessa.com.br\/blog\/wp-content\/uploads\/2023\/07\/VOVO.png","contentUrl":"https:\/\/blogdacondessa.com.br\/blog\/wp-content\/uploads\/2023\/07\/VOVO.png","width":567,"height":377},{"@type":"BreadcrumbList","@id":"https:\/\/blogdacondessa.com.br\/blog\/cotidiano\/a-importancia-dos-avos-no-aprendizado-das-criancas\/#breadcrumb","itemListElement":[{"@type":"ListItem","position":1,"name":"In\u00edcio","item":"https:\/\/blogdacondessa.com.br\/blog\/"},{"@type":"ListItem","position":2,"name":"A import\u00e2ncia dos av\u00f3s no aprendizado das crian\u00e7as"}]},{"@type":"WebSite","@id":"https:\/\/blogdacondessa.com.br\/blog\/#website","url":"https:\/\/blogdacondessa.com.br\/blog\/","name":"Blog da Condessa","description":"Com Shirley de Souza O\u2019Campos","potentialAction":[{"@type":"SearchAction","target":{"@type":"EntryPoint","urlTemplate":"https:\/\/blogdacondessa.com.br\/blog\/?s={search_term_string}"},"query-input":{"@type":"PropertyValueSpecification","valueRequired":true,"valueName":"search_term_string"}}],"inLanguage":"pt-BR"},{"@type":"Person","@id":"https:\/\/blogdacondessa.com.br\/blog\/#\/schema\/person\/1d667ff8b785195b568677489d266035","name":"Blog da Condessa","image":{"@type":"ImageObject","inLanguage":"pt-BR","@id":"https:\/\/secure.gravatar.com\/avatar\/377c0eb8b4ad2bfc25461b41564b5971e721ca34a57642868fc7b0c8ac7b52c5?s=96&d=mm&r=g","url":"https:\/\/secure.gravatar.com\/avatar\/377c0eb8b4ad2bfc25461b41564b5971e721ca34a57642868fc7b0c8ac7b52c5?s=96&d=mm&r=g","contentUrl":"https:\/\/secure.gravatar.com\/avatar\/377c0eb8b4ad2bfc25461b41564b5971e721ca34a57642868fc7b0c8ac7b52c5?s=96&d=mm&r=g","caption":"Blog da Condessa"},"url":"https:\/\/blogdacondessa.com.br\/blog\/author\/beatriz\/"}]}},"_links":{"self":[{"href":"https:\/\/blogdacondessa.com.br\/blog\/wp-json\/wp\/v2\/posts\/7642","targetHints":{"allow":["GET"]}}],"collection":[{"href":"https:\/\/blogdacondessa.com.br\/blog\/wp-json\/wp\/v2\/posts"}],"about":[{"href":"https:\/\/blogdacondessa.com.br\/blog\/wp-json\/wp\/v2\/types\/post"}],"author":[{"embeddable":true,"href":"https:\/\/blogdacondessa.com.br\/blog\/wp-json\/wp\/v2\/users\/2"}],"replies":[{"embeddable":true,"href":"https:\/\/blogdacondessa.com.br\/blog\/wp-json\/wp\/v2\/comments?post=7642"}],"version-history":[{"count":0,"href":"https:\/\/blogdacondessa.com.br\/blog\/wp-json\/wp\/v2\/posts\/7642\/revisions"}],"wp:featuredmedia":[{"embeddable":true,"href":"https:\/\/blogdacondessa.com.br\/blog\/wp-json\/wp\/v2\/media\/7643"}],"wp:attachment":[{"href":"https:\/\/blogdacondessa.com.br\/blog\/wp-json\/wp\/v2\/media?parent=7642"}],"wp:term":[{"taxonomy":"category","embeddable":true,"href":"https:\/\/blogdacondessa.com.br\/blog\/wp-json\/wp\/v2\/categories?post=7642"},{"taxonomy":"post_tag","embeddable":true,"href":"https:\/\/blogdacondessa.com.br\/blog\/wp-json\/wp\/v2\/tags?post=7642"}],"curies":[{"name":"wp","href":"https:\/\/api.w.org\/{rel}","templated":true}]}}