{"id":7485,"date":"2023-07-02T05:00:28","date_gmt":"2023-07-02T09:00:28","guid":{"rendered":"http:\/\/blogdacondessa.com.br\/?p=7485"},"modified":"2023-07-01T17:04:54","modified_gmt":"2023-07-01T21:04:54","slug":"ensaio-aberto-do-grupo-flor-ribeirinha-se-consolida-como-referencia-cultural-em-cuiaba","status":"publish","type":"post","link":"https:\/\/blogdacondessa.com.br\/blog\/cultura\/ensaio-aberto-do-grupo-flor-ribeirinha-se-consolida-como-referencia-cultural-em-cuiaba\/","title":{"rendered":"Ensaio Aberto do grupo Flor Ribeirinha se consolida como refer\u00eancia cultural em Cuiab\u00e1"},"content":{"rendered":"<p>Em sua segunda edi\u00e7\u00e3o e se consolidando como refer\u00eancia cultural em Cuiab\u00e1, o Ensaio Aberto do grupo Flor Ribeirinha ser\u00e1 realizado, mais uma vez, neste domingo (02.07), \u00e0s 19h. O evento gratuito acontece no Ponto de Cultura Quintal da Domingas, que fica na comunidade S\u00e3o Gon\u00e7alo Beira Rio, trazendo apresenta\u00e7\u00f5es do grupo, de alunos de projetos socioculturais e de artistas convidados.<\/p>\n<p>\u201cA primeira edi\u00e7\u00e3o foi um sucesso, ficamos muito felizes em ajudar a democratizar o acesso \u00e0 cultura por meio dessa iniciativa que acontecer\u00e1 todo m\u00eas. Neste domingo, teremos tamb\u00e9m convidados muito especiais que v\u00e3o abrilhantar ainda mais o evento\u201d, destaca o gestor cultural e diretor art\u00edstico do grupo Flor Ribeirinha, Avinner Brand\u00e3o.<\/p>\n<p>Al\u00e9m do grupo Flor Ribeirinha, haver\u00e1 apresenta\u00e7\u00f5es de projetos, como o Semente Ribeirinha e Flor da Idade, e a participa\u00e7\u00e3o do trio Pescuma, Henrique e Claudinho, do grupo \u00d3pera Ballet e da banda Ra\u00edzes do Samba.<\/p>\n<p>O evento disp\u00f5e ainda de gastronomia regional com pre\u00e7o acess\u00edvel e venda de artesanatos da comunidade S\u00e3o Gon\u00e7alo Beira Rio. O p\u00fablico tamb\u00e9m poder\u00e1 participar da roda do siriri e dos demais ritmos apresentados.<\/p>\n<p>Viabilizado com o apoio da Secretaria de Estado de Cultura, Esporte e Lazer (Secel-MT), o Ensaio Aberto \u00e9 uma iniciativa criativa que visa potencializar a programa\u00e7\u00e3o cultural na capital mato-grossense. A festividade ainda propicia oportunidades para o desenvolvimento do turismo na hist\u00f3rica comunidade, beneficiando artistas e produtores culturais locais.<\/p>\n<p>O projeto tamb\u00e9m conta com o apoio de empresas mantenedoras da Associa\u00e7\u00e3o Cultural Flor Ribeirinha e Grupo Flor Ribeirinha.<\/p>\n<p><strong>Servi\u00e7o <\/strong><\/p>\n<p>Ensaio Aberto do grupo Flor Ribeirinha<br \/>\nData: domingo (02.07), \u00e0s 19h<br \/>\nLocal: Quintal da Domingas (Rua Ant\u00f4nio Dorileo, 2510, Comunidade S\u00e3o Gon\u00e7alo Beira Rio &#8211; \u00a0Cuiab\u00e1\/MT)<\/p>\n","protected":false},"excerpt":{"rendered":"<p>Em sua segunda edi\u00e7\u00e3o e se consolidando como refer\u00eancia cultural em Cuiab\u00e1, o Ensaio Aberto do grupo Flor Ribeirinha ser\u00e1 realizado, mais uma vez, neste domingo (02.07), \u00e0s 19h. O evento gratuito acontece no Ponto de Cultura Quintal da Domingas, que fica na comunidade S\u00e3o Gon\u00e7alo Beira Rio, trazendo apresenta\u00e7\u00f5es do grupo, de alunos de [&hellip;]<\/p>\n","protected":false},"author":2,"featured_media":7486,"comment_status":"closed","ping_status":"closed","sticky":false,"template":"","format":"standard","meta":{"iawp_total_views":0,"footnotes":""},"categories":[18],"tags":[],"class_list":["post-7485","post","type-post","status-publish","format-standard","has-post-thumbnail","hentry","category-cultura"],"yoast_head":"<!-- This site is optimized with the Yoast SEO plugin v27.3 - https:\/\/yoast.com\/product\/yoast-seo-wordpress\/ -->\n<title>Ensaio Aberto do grupo Flor Ribeirinha se consolida como refer\u00eancia cultural em Cuiab\u00e1 &#8902; Blog da Condessa<\/title>\n<meta name=\"robots\" content=\"index, follow, max-snippet:-1, max-image-preview:large, max-video-preview:-1\" \/>\n<link rel=\"canonical\" href=\"https:\/\/blogdacondessa.com.br\/blog\/cultura\/ensaio-aberto-do-grupo-flor-ribeirinha-se-consolida-como-referencia-cultural-em-cuiaba\/\" \/>\n<meta property=\"og:locale\" content=\"pt_BR\" \/>\n<meta property=\"og:type\" content=\"article\" \/>\n<meta property=\"og:title\" content=\"Ensaio Aberto do grupo Flor Ribeirinha se consolida como refer\u00eancia cultural em Cuiab\u00e1 &#8902; Blog da Condessa\" \/>\n<meta property=\"og:description\" content=\"Em sua segunda edi\u00e7\u00e3o e se consolidando como refer\u00eancia cultural em Cuiab\u00e1, o Ensaio Aberto do grupo Flor Ribeirinha ser\u00e1 realizado, mais uma vez, neste domingo (02.07), \u00e0s 19h. O evento gratuito acontece no Ponto de Cultura Quintal da Domingas, que fica na comunidade S\u00e3o Gon\u00e7alo Beira Rio, trazendo apresenta\u00e7\u00f5es do grupo, de alunos de [&hellip;]\" \/>\n<meta property=\"og:url\" content=\"https:\/\/blogdacondessa.com.br\/blog\/cultura\/ensaio-aberto-do-grupo-flor-ribeirinha-se-consolida-como-referencia-cultural-em-cuiaba\/\" \/>\n<meta property=\"og:site_name\" content=\"Blog da Condessa\" \/>\n<meta property=\"article:published_time\" content=\"2023-07-02T09:00:28+00:00\" \/>\n<meta property=\"og:image\" content=\"https:\/\/blogdacondessa.com.br\/blog\/wp-content\/uploads\/2023\/07\/flor-ribeirinha.jpg\" \/>\n\t<meta property=\"og:image:width\" content=\"1024\" \/>\n\t<meta property=\"og:image:height\" content=\"639\" \/>\n\t<meta property=\"og:image:type\" content=\"image\/jpeg\" \/>\n<meta name=\"author\" content=\"Blog da Condessa\" \/>\n<meta name=\"twitter:card\" content=\"summary_large_image\" \/>\n<meta name=\"twitter:label1\" content=\"Escrito por\" \/>\n\t<meta name=\"twitter:data1\" content=\"Blog da Condessa\" \/>\n\t<meta name=\"twitter:label2\" content=\"Est. tempo de leitura\" \/>\n\t<meta name=\"twitter:data2\" content=\"2 minutos\" \/>\n<script type=\"application\/ld+json\" class=\"yoast-schema-graph\">{\"@context\":\"https:\\\/\\\/schema.org\",\"@graph\":[{\"@type\":\"Article\",\"@id\":\"https:\\\/\\\/blogdacondessa.com.br\\\/blog\\\/cultura\\\/ensaio-aberto-do-grupo-flor-ribeirinha-se-consolida-como-referencia-cultural-em-cuiaba\\\/#article\",\"isPartOf\":{\"@id\":\"https:\\\/\\\/blogdacondessa.com.br\\\/blog\\\/cultura\\\/ensaio-aberto-do-grupo-flor-ribeirinha-se-consolida-como-referencia-cultural-em-cuiaba\\\/\"},\"author\":{\"name\":\"Blog da Condessa\",\"@id\":\"https:\\\/\\\/blogdacondessa.com.br\\\/blog\\\/#\\\/schema\\\/person\\\/1d667ff8b785195b568677489d266035\"},\"headline\":\"Ensaio Aberto do grupo Flor Ribeirinha se consolida como refer\u00eancia cultural em Cuiab\u00e1\",\"datePublished\":\"2023-07-02T09:00:28+00:00\",\"mainEntityOfPage\":{\"@id\":\"https:\\\/\\\/blogdacondessa.com.br\\\/blog\\\/cultura\\\/ensaio-aberto-do-grupo-flor-ribeirinha-se-consolida-como-referencia-cultural-em-cuiaba\\\/\"},\"wordCount\":318,\"image\":{\"@id\":\"https:\\\/\\\/blogdacondessa.com.br\\\/blog\\\/cultura\\\/ensaio-aberto-do-grupo-flor-ribeirinha-se-consolida-como-referencia-cultural-em-cuiaba\\\/#primaryimage\"},\"thumbnailUrl\":\"https:\\\/\\\/blogdacondessa.com.br\\\/blog\\\/wp-content\\\/uploads\\\/2023\\\/07\\\/flor-ribeirinha.jpg\",\"articleSection\":[\"Cultura\"],\"inLanguage\":\"pt-BR\"},{\"@type\":\"WebPage\",\"@id\":\"https:\\\/\\\/blogdacondessa.com.br\\\/blog\\\/cultura\\\/ensaio-aberto-do-grupo-flor-ribeirinha-se-consolida-como-referencia-cultural-em-cuiaba\\\/\",\"url\":\"https:\\\/\\\/blogdacondessa.com.br\\\/blog\\\/cultura\\\/ensaio-aberto-do-grupo-flor-ribeirinha-se-consolida-como-referencia-cultural-em-cuiaba\\\/\",\"name\":\"Ensaio Aberto do grupo Flor Ribeirinha se consolida como refer\u00eancia cultural em Cuiab\u00e1 &#8902; Blog da Condessa\",\"isPartOf\":{\"@id\":\"https:\\\/\\\/blogdacondessa.com.br\\\/blog\\\/#website\"},\"primaryImageOfPage\":{\"@id\":\"https:\\\/\\\/blogdacondessa.com.br\\\/blog\\\/cultura\\\/ensaio-aberto-do-grupo-flor-ribeirinha-se-consolida-como-referencia-cultural-em-cuiaba\\\/#primaryimage\"},\"image\":{\"@id\":\"https:\\\/\\\/blogdacondessa.com.br\\\/blog\\\/cultura\\\/ensaio-aberto-do-grupo-flor-ribeirinha-se-consolida-como-referencia-cultural-em-cuiaba\\\/#primaryimage\"},\"thumbnailUrl\":\"https:\\\/\\\/blogdacondessa.com.br\\\/blog\\\/wp-content\\\/uploads\\\/2023\\\/07\\\/flor-ribeirinha.jpg\",\"datePublished\":\"2023-07-02T09:00:28+00:00\",\"author\":{\"@id\":\"https:\\\/\\\/blogdacondessa.com.br\\\/blog\\\/#\\\/schema\\\/person\\\/1d667ff8b785195b568677489d266035\"},\"breadcrumb\":{\"@id\":\"https:\\\/\\\/blogdacondessa.com.br\\\/blog\\\/cultura\\\/ensaio-aberto-do-grupo-flor-ribeirinha-se-consolida-como-referencia-cultural-em-cuiaba\\\/#breadcrumb\"},\"inLanguage\":\"pt-BR\",\"potentialAction\":[{\"@type\":\"ReadAction\",\"target\":[\"https:\\\/\\\/blogdacondessa.com.br\\\/blog\\\/cultura\\\/ensaio-aberto-do-grupo-flor-ribeirinha-se-consolida-como-referencia-cultural-em-cuiaba\\\/\"]}]},{\"@type\":\"ImageObject\",\"inLanguage\":\"pt-BR\",\"@id\":\"https:\\\/\\\/blogdacondessa.com.br\\\/blog\\\/cultura\\\/ensaio-aberto-do-grupo-flor-ribeirinha-se-consolida-como-referencia-cultural-em-cuiaba\\\/#primaryimage\",\"url\":\"https:\\\/\\\/blogdacondessa.com.br\\\/blog\\\/wp-content\\\/uploads\\\/2023\\\/07\\\/flor-ribeirinha.jpg\",\"contentUrl\":\"https:\\\/\\\/blogdacondessa.com.br\\\/blog\\\/wp-content\\\/uploads\\\/2023\\\/07\\\/flor-ribeirinha.jpg\",\"width\":1024,\"height\":639,\"caption\":\"Foto: Eduardo Andrade\"},{\"@type\":\"BreadcrumbList\",\"@id\":\"https:\\\/\\\/blogdacondessa.com.br\\\/blog\\\/cultura\\\/ensaio-aberto-do-grupo-flor-ribeirinha-se-consolida-como-referencia-cultural-em-cuiaba\\\/#breadcrumb\",\"itemListElement\":[{\"@type\":\"ListItem\",\"position\":1,\"name\":\"In\u00edcio\",\"item\":\"https:\\\/\\\/blogdacondessa.com.br\\\/blog\\\/\"},{\"@type\":\"ListItem\",\"position\":2,\"name\":\"Ensaio Aberto do grupo Flor Ribeirinha se consolida como refer\u00eancia cultural em Cuiab\u00e1\"}]},{\"@type\":\"WebSite\",\"@id\":\"https:\\\/\\\/blogdacondessa.com.br\\\/blog\\\/#website\",\"url\":\"https:\\\/\\\/blogdacondessa.com.br\\\/blog\\\/\",\"name\":\"Blog da Condessa\",\"description\":\"Com Shirley de Souza O\u2019Campos\",\"potentialAction\":[{\"@type\":\"SearchAction\",\"target\":{\"@type\":\"EntryPoint\",\"urlTemplate\":\"https:\\\/\\\/blogdacondessa.com.br\\\/blog\\\/?s={search_term_string}\"},\"query-input\":{\"@type\":\"PropertyValueSpecification\",\"valueRequired\":true,\"valueName\":\"search_term_string\"}}],\"inLanguage\":\"pt-BR\"},{\"@type\":\"Person\",\"@id\":\"https:\\\/\\\/blogdacondessa.com.br\\\/blog\\\/#\\\/schema\\\/person\\\/1d667ff8b785195b568677489d266035\",\"name\":\"Blog da Condessa\",\"image\":{\"@type\":\"ImageObject\",\"inLanguage\":\"pt-BR\",\"@id\":\"https:\\\/\\\/secure.gravatar.com\\\/avatar\\\/377c0eb8b4ad2bfc25461b41564b5971e721ca34a57642868fc7b0c8ac7b52c5?s=96&d=mm&r=g\",\"url\":\"https:\\\/\\\/secure.gravatar.com\\\/avatar\\\/377c0eb8b4ad2bfc25461b41564b5971e721ca34a57642868fc7b0c8ac7b52c5?s=96&d=mm&r=g\",\"contentUrl\":\"https:\\\/\\\/secure.gravatar.com\\\/avatar\\\/377c0eb8b4ad2bfc25461b41564b5971e721ca34a57642868fc7b0c8ac7b52c5?s=96&d=mm&r=g\",\"caption\":\"Blog da Condessa\"},\"url\":\"https:\\\/\\\/blogdacondessa.com.br\\\/blog\\\/author\\\/beatriz\\\/\"}]}<\/script>\n<!-- \/ Yoast SEO plugin. -->","yoast_head_json":{"title":"Ensaio Aberto do grupo Flor Ribeirinha se consolida como refer\u00eancia cultural em Cuiab\u00e1 &#8902; Blog da Condessa","robots":{"index":"index","follow":"follow","max-snippet":"max-snippet:-1","max-image-preview":"max-image-preview:large","max-video-preview":"max-video-preview:-1"},"canonical":"https:\/\/blogdacondessa.com.br\/blog\/cultura\/ensaio-aberto-do-grupo-flor-ribeirinha-se-consolida-como-referencia-cultural-em-cuiaba\/","og_locale":"pt_BR","og_type":"article","og_title":"Ensaio Aberto do grupo Flor Ribeirinha se consolida como refer\u00eancia cultural em Cuiab\u00e1 &#8902; Blog da Condessa","og_description":"Em sua segunda edi\u00e7\u00e3o e se consolidando como refer\u00eancia cultural em Cuiab\u00e1, o Ensaio Aberto do grupo Flor Ribeirinha ser\u00e1 realizado, mais uma vez, neste domingo (02.07), \u00e0s 19h. O evento gratuito acontece no Ponto de Cultura Quintal da Domingas, que fica na comunidade S\u00e3o Gon\u00e7alo Beira Rio, trazendo apresenta\u00e7\u00f5es do grupo, de alunos de [&hellip;]","og_url":"https:\/\/blogdacondessa.com.br\/blog\/cultura\/ensaio-aberto-do-grupo-flor-ribeirinha-se-consolida-como-referencia-cultural-em-cuiaba\/","og_site_name":"Blog da Condessa","article_published_time":"2023-07-02T09:00:28+00:00","og_image":[{"width":1024,"height":639,"url":"https:\/\/blogdacondessa.com.br\/blog\/wp-content\/uploads\/2023\/07\/flor-ribeirinha.jpg","type":"image\/jpeg"}],"author":"Blog da Condessa","twitter_card":"summary_large_image","twitter_misc":{"Escrito por":"Blog da Condessa","Est. tempo de leitura":"2 minutos"},"schema":{"@context":"https:\/\/schema.org","@graph":[{"@type":"Article","@id":"https:\/\/blogdacondessa.com.br\/blog\/cultura\/ensaio-aberto-do-grupo-flor-ribeirinha-se-consolida-como-referencia-cultural-em-cuiaba\/#article","isPartOf":{"@id":"https:\/\/blogdacondessa.com.br\/blog\/cultura\/ensaio-aberto-do-grupo-flor-ribeirinha-se-consolida-como-referencia-cultural-em-cuiaba\/"},"author":{"name":"Blog da Condessa","@id":"https:\/\/blogdacondessa.com.br\/blog\/#\/schema\/person\/1d667ff8b785195b568677489d266035"},"headline":"Ensaio Aberto do grupo Flor Ribeirinha se consolida como refer\u00eancia cultural em Cuiab\u00e1","datePublished":"2023-07-02T09:00:28+00:00","mainEntityOfPage":{"@id":"https:\/\/blogdacondessa.com.br\/blog\/cultura\/ensaio-aberto-do-grupo-flor-ribeirinha-se-consolida-como-referencia-cultural-em-cuiaba\/"},"wordCount":318,"image":{"@id":"https:\/\/blogdacondessa.com.br\/blog\/cultura\/ensaio-aberto-do-grupo-flor-ribeirinha-se-consolida-como-referencia-cultural-em-cuiaba\/#primaryimage"},"thumbnailUrl":"https:\/\/blogdacondessa.com.br\/blog\/wp-content\/uploads\/2023\/07\/flor-ribeirinha.jpg","articleSection":["Cultura"],"inLanguage":"pt-BR"},{"@type":"WebPage","@id":"https:\/\/blogdacondessa.com.br\/blog\/cultura\/ensaio-aberto-do-grupo-flor-ribeirinha-se-consolida-como-referencia-cultural-em-cuiaba\/","url":"https:\/\/blogdacondessa.com.br\/blog\/cultura\/ensaio-aberto-do-grupo-flor-ribeirinha-se-consolida-como-referencia-cultural-em-cuiaba\/","name":"Ensaio Aberto do grupo Flor Ribeirinha se consolida como refer\u00eancia cultural em Cuiab\u00e1 &#8902; Blog da Condessa","isPartOf":{"@id":"https:\/\/blogdacondessa.com.br\/blog\/#website"},"primaryImageOfPage":{"@id":"https:\/\/blogdacondessa.com.br\/blog\/cultura\/ensaio-aberto-do-grupo-flor-ribeirinha-se-consolida-como-referencia-cultural-em-cuiaba\/#primaryimage"},"image":{"@id":"https:\/\/blogdacondessa.com.br\/blog\/cultura\/ensaio-aberto-do-grupo-flor-ribeirinha-se-consolida-como-referencia-cultural-em-cuiaba\/#primaryimage"},"thumbnailUrl":"https:\/\/blogdacondessa.com.br\/blog\/wp-content\/uploads\/2023\/07\/flor-ribeirinha.jpg","datePublished":"2023-07-02T09:00:28+00:00","author":{"@id":"https:\/\/blogdacondessa.com.br\/blog\/#\/schema\/person\/1d667ff8b785195b568677489d266035"},"breadcrumb":{"@id":"https:\/\/blogdacondessa.com.br\/blog\/cultura\/ensaio-aberto-do-grupo-flor-ribeirinha-se-consolida-como-referencia-cultural-em-cuiaba\/#breadcrumb"},"inLanguage":"pt-BR","potentialAction":[{"@type":"ReadAction","target":["https:\/\/blogdacondessa.com.br\/blog\/cultura\/ensaio-aberto-do-grupo-flor-ribeirinha-se-consolida-como-referencia-cultural-em-cuiaba\/"]}]},{"@type":"ImageObject","inLanguage":"pt-BR","@id":"https:\/\/blogdacondessa.com.br\/blog\/cultura\/ensaio-aberto-do-grupo-flor-ribeirinha-se-consolida-como-referencia-cultural-em-cuiaba\/#primaryimage","url":"https:\/\/blogdacondessa.com.br\/blog\/wp-content\/uploads\/2023\/07\/flor-ribeirinha.jpg","contentUrl":"https:\/\/blogdacondessa.com.br\/blog\/wp-content\/uploads\/2023\/07\/flor-ribeirinha.jpg","width":1024,"height":639,"caption":"Foto: Eduardo Andrade"},{"@type":"BreadcrumbList","@id":"https:\/\/blogdacondessa.com.br\/blog\/cultura\/ensaio-aberto-do-grupo-flor-ribeirinha-se-consolida-como-referencia-cultural-em-cuiaba\/#breadcrumb","itemListElement":[{"@type":"ListItem","position":1,"name":"In\u00edcio","item":"https:\/\/blogdacondessa.com.br\/blog\/"},{"@type":"ListItem","position":2,"name":"Ensaio Aberto do grupo Flor Ribeirinha se consolida como refer\u00eancia cultural em Cuiab\u00e1"}]},{"@type":"WebSite","@id":"https:\/\/blogdacondessa.com.br\/blog\/#website","url":"https:\/\/blogdacondessa.com.br\/blog\/","name":"Blog da Condessa","description":"Com Shirley de Souza O\u2019Campos","potentialAction":[{"@type":"SearchAction","target":{"@type":"EntryPoint","urlTemplate":"https:\/\/blogdacondessa.com.br\/blog\/?s={search_term_string}"},"query-input":{"@type":"PropertyValueSpecification","valueRequired":true,"valueName":"search_term_string"}}],"inLanguage":"pt-BR"},{"@type":"Person","@id":"https:\/\/blogdacondessa.com.br\/blog\/#\/schema\/person\/1d667ff8b785195b568677489d266035","name":"Blog da Condessa","image":{"@type":"ImageObject","inLanguage":"pt-BR","@id":"https:\/\/secure.gravatar.com\/avatar\/377c0eb8b4ad2bfc25461b41564b5971e721ca34a57642868fc7b0c8ac7b52c5?s=96&d=mm&r=g","url":"https:\/\/secure.gravatar.com\/avatar\/377c0eb8b4ad2bfc25461b41564b5971e721ca34a57642868fc7b0c8ac7b52c5?s=96&d=mm&r=g","contentUrl":"https:\/\/secure.gravatar.com\/avatar\/377c0eb8b4ad2bfc25461b41564b5971e721ca34a57642868fc7b0c8ac7b52c5?s=96&d=mm&r=g","caption":"Blog da Condessa"},"url":"https:\/\/blogdacondessa.com.br\/blog\/author\/beatriz\/"}]}},"_links":{"self":[{"href":"https:\/\/blogdacondessa.com.br\/blog\/wp-json\/wp\/v2\/posts\/7485","targetHints":{"allow":["GET"]}}],"collection":[{"href":"https:\/\/blogdacondessa.com.br\/blog\/wp-json\/wp\/v2\/posts"}],"about":[{"href":"https:\/\/blogdacondessa.com.br\/blog\/wp-json\/wp\/v2\/types\/post"}],"author":[{"embeddable":true,"href":"https:\/\/blogdacondessa.com.br\/blog\/wp-json\/wp\/v2\/users\/2"}],"replies":[{"embeddable":true,"href":"https:\/\/blogdacondessa.com.br\/blog\/wp-json\/wp\/v2\/comments?post=7485"}],"version-history":[{"count":0,"href":"https:\/\/blogdacondessa.com.br\/blog\/wp-json\/wp\/v2\/posts\/7485\/revisions"}],"wp:featuredmedia":[{"embeddable":true,"href":"https:\/\/blogdacondessa.com.br\/blog\/wp-json\/wp\/v2\/media\/7486"}],"wp:attachment":[{"href":"https:\/\/blogdacondessa.com.br\/blog\/wp-json\/wp\/v2\/media?parent=7485"}],"wp:term":[{"taxonomy":"category","embeddable":true,"href":"https:\/\/blogdacondessa.com.br\/blog\/wp-json\/wp\/v2\/categories?post=7485"},{"taxonomy":"post_tag","embeddable":true,"href":"https:\/\/blogdacondessa.com.br\/blog\/wp-json\/wp\/v2\/tags?post=7485"}],"curies":[{"name":"wp","href":"https:\/\/api.w.org\/{rel}","templated":true}]}}