{"id":7473,"date":"2023-06-30T05:00:15","date_gmt":"2023-06-30T09:00:15","guid":{"rendered":"http:\/\/blogdacondessa.com.br\/?p=7473"},"modified":"2023-06-29T17:06:28","modified_gmt":"2023-06-29T21:06:28","slug":"celebre-o-seu-corpo","status":"publish","type":"post","link":"https:\/\/blogdacondessa.com.br\/blog\/social\/celebre-o-seu-corpo\/","title":{"rendered":"&#8220;Celebre o seu corpo&#8221;"},"content":{"rendered":"<p>A quinta edi\u00e7\u00e3o do Miss Plus Size na Capital est\u00e1 com inscri\u00e7\u00f5es abertas. Com o objetivo de celebrar a ess\u00eancia da mulher de corpo inteiro, o Miss Plus Size Cuiab\u00e1 2023, est\u00e1 com as inscri\u00e7\u00f5es abertas at\u00e9 o dia 15 de julho. O evento respeitado, prestigiado e reconhecido nacionalmente \u00e9 a preliminar oficial do concurso estadual Miss Plus Size Mato Grosso, para mulheres fora do padr\u00e3o que desejam se tornar a mais bela da capital, na sua categoria, figuras p\u00fablicas ou modelos.<\/p>\n<p>O concurso est\u00e1 em sua 5\u00aa edi\u00e7\u00e3o e traz o tema &#8220;Celebre o seu corpo&#8221;, com o intuito de exaltar a representatividade da beleza Plus Size e fazer com que as mulheres se vejam e percebam que um corpo bonito \u00e9 o de uma mulher feliz. As inscri\u00e7\u00f5es podem ser feitas atrav\u00e9s desse n\u00famero:\u00a0\u00a0(65) 98118-5025.<\/p>\n<p>&#8220;Acreditamos que todas as mulheres s\u00e3o lindas, por dentro e por fora, e merecem uma chance de promover as causas mais pr\u00f3ximas ao seu cora\u00e7\u00e3o com um t\u00edtulo que celebre o seu corpo&#8221;, destaca o coordenador Ghon\u00e7alo Rodrigo, que lidera o movimento Plus Size no estado. Ele acrescenta que tem por objetivo celebrar e elevar a beleza, intelig\u00eancia e confian\u00e7a das mulheres fora do padr\u00e3o e tamb\u00e9m promover estilo de vida saud\u00e1vel, corpo positivo e empoderamento feminino.<\/p>\n<p>Para participar \u00e9 necess\u00e1rio atender a alguns requisitos como ter idade entre 18\u00a0 e 55 anos, morar em Cuiab\u00e1 ou regi\u00e3o metropolitana, ser Plus Size, com qualquer tipo f\u00edsico e altura. Pode ser m\u00e3e, casada, tatuada e n\u00e3o \u00e9 necess\u00e1rio ter experi\u00eancia, pois o concurso est\u00e1 sempre em busca de revelar novos talentos.<\/p>\n<p>&#8220;Al\u00e9m de ter um formato inovador e transformador, o concurso d\u00e1 a oportunidade e visibilidade para as participantes fazerem a diferen\u00e7a e inspirar outras mulheres por meio de suas hist\u00f3rias&#8221;, enfatiza o coordenador.<\/p>\n<p>Em 5 anos de trabalho, Ghon\u00e7alo j\u00e1 emplacou 3 misses Brasil Plus Size, sendo a modelo plus size Helen Veiga, em 2021, a advogada Eliza Santa, em 2022 e, recentemente, a influenciadora digital Nathalia Vianna foi eleita Miss Brasil Curvy Bww 2023 no Festival Beauty Worldwide Brasil, em Curitiba.<\/p>\n<p><strong>Servi\u00e7o<br \/>\n<\/strong>Abertura das inscri\u00e7\u00f5es para o Miss Plus Size Cuiab\u00e1 2023<br \/>\nQuando: at\u00e9 15 de julho<br \/>\nInforma\u00e7\u00f5es e inscri\u00e7\u00f5es:\u00a0(65) 98118-5025.<\/p>\n<p>&nbsp;<\/p>\n","protected":false},"excerpt":{"rendered":"<p>A quinta edi\u00e7\u00e3o do Miss Plus Size na Capital est\u00e1 com inscri\u00e7\u00f5es abertas. Com o objetivo de celebrar a ess\u00eancia da mulher de corpo inteiro, o Miss Plus Size Cuiab\u00e1 2023, est\u00e1 com as inscri\u00e7\u00f5es abertas at\u00e9 o dia 15 de julho. O evento respeitado, prestigiado e reconhecido nacionalmente \u00e9 a preliminar oficial do concurso [&hellip;]<\/p>\n","protected":false},"author":2,"featured_media":7474,"comment_status":"closed","ping_status":"closed","sticky":false,"template":"","format":"standard","meta":{"iawp_total_views":0,"footnotes":""},"categories":[25],"tags":[],"class_list":["post-7473","post","type-post","status-publish","format-standard","has-post-thumbnail","hentry","category-social"],"yoast_head":"<!-- This site is optimized with the Yoast SEO plugin v27.3 - https:\/\/yoast.com\/product\/yoast-seo-wordpress\/ -->\n<title>&quot;Celebre o seu corpo&quot; &#8902; Blog da Condessa<\/title>\n<meta name=\"robots\" content=\"index, follow, max-snippet:-1, max-image-preview:large, max-video-preview:-1\" \/>\n<link rel=\"canonical\" href=\"https:\/\/blogdacondessa.com.br\/blog\/social\/celebre-o-seu-corpo\/\" \/>\n<meta property=\"og:locale\" content=\"pt_BR\" \/>\n<meta property=\"og:type\" content=\"article\" \/>\n<meta property=\"og:title\" content=\"&quot;Celebre o seu corpo&quot; &#8902; Blog da Condessa\" \/>\n<meta property=\"og:description\" content=\"A quinta edi\u00e7\u00e3o do Miss Plus Size na Capital est\u00e1 com inscri\u00e7\u00f5es abertas. Com o objetivo de celebrar a ess\u00eancia da mulher de corpo inteiro, o Miss Plus Size Cuiab\u00e1 2023, est\u00e1 com as inscri\u00e7\u00f5es abertas at\u00e9 o dia 15 de julho. O evento respeitado, prestigiado e reconhecido nacionalmente \u00e9 a preliminar oficial do concurso [&hellip;]\" \/>\n<meta property=\"og:url\" content=\"https:\/\/blogdacondessa.com.br\/blog\/social\/celebre-o-seu-corpo\/\" \/>\n<meta property=\"og:site_name\" content=\"Blog da Condessa\" \/>\n<meta property=\"article:published_time\" content=\"2023-06-30T09:00:15+00:00\" \/>\n<meta property=\"og:image\" content=\"https:\/\/blogdacondessa.com.br\/blog\/wp-content\/uploads\/2023\/06\/concurso-pluz-size.jpg\" \/>\n\t<meta property=\"og:image:width\" content=\"760\" \/>\n\t<meta property=\"og:image:height\" content=\"440\" \/>\n\t<meta property=\"og:image:type\" content=\"image\/jpeg\" \/>\n<meta name=\"author\" content=\"Blog da Condessa\" \/>\n<meta name=\"twitter:card\" content=\"summary_large_image\" \/>\n<meta name=\"twitter:label1\" content=\"Escrito por\" \/>\n\t<meta name=\"twitter:data1\" content=\"Blog da Condessa\" \/>\n\t<meta name=\"twitter:label2\" content=\"Est. tempo de leitura\" \/>\n\t<meta name=\"twitter:data2\" content=\"3 minutos\" \/>\n<script type=\"application\/ld+json\" class=\"yoast-schema-graph\">{\"@context\":\"https:\\\/\\\/schema.org\",\"@graph\":[{\"@type\":\"Article\",\"@id\":\"https:\\\/\\\/blogdacondessa.com.br\\\/blog\\\/social\\\/celebre-o-seu-corpo\\\/#article\",\"isPartOf\":{\"@id\":\"https:\\\/\\\/blogdacondessa.com.br\\\/blog\\\/social\\\/celebre-o-seu-corpo\\\/\"},\"author\":{\"name\":\"Blog da Condessa\",\"@id\":\"https:\\\/\\\/blogdacondessa.com.br\\\/blog\\\/#\\\/schema\\\/person\\\/1d667ff8b785195b568677489d266035\"},\"headline\":\"&#8220;Celebre o seu corpo&#8221;\",\"datePublished\":\"2023-06-30T09:00:15+00:00\",\"mainEntityOfPage\":{\"@id\":\"https:\\\/\\\/blogdacondessa.com.br\\\/blog\\\/social\\\/celebre-o-seu-corpo\\\/\"},\"wordCount\":393,\"image\":{\"@id\":\"https:\\\/\\\/blogdacondessa.com.br\\\/blog\\\/social\\\/celebre-o-seu-corpo\\\/#primaryimage\"},\"thumbnailUrl\":\"https:\\\/\\\/blogdacondessa.com.br\\\/blog\\\/wp-content\\\/uploads\\\/2023\\\/06\\\/concurso-pluz-size.jpg\",\"articleSection\":[\"Social\"],\"inLanguage\":\"pt-BR\"},{\"@type\":\"WebPage\",\"@id\":\"https:\\\/\\\/blogdacondessa.com.br\\\/blog\\\/social\\\/celebre-o-seu-corpo\\\/\",\"url\":\"https:\\\/\\\/blogdacondessa.com.br\\\/blog\\\/social\\\/celebre-o-seu-corpo\\\/\",\"name\":\"\\\"Celebre o seu corpo\\\" &#8902; Blog da Condessa\",\"isPartOf\":{\"@id\":\"https:\\\/\\\/blogdacondessa.com.br\\\/blog\\\/#website\"},\"primaryImageOfPage\":{\"@id\":\"https:\\\/\\\/blogdacondessa.com.br\\\/blog\\\/social\\\/celebre-o-seu-corpo\\\/#primaryimage\"},\"image\":{\"@id\":\"https:\\\/\\\/blogdacondessa.com.br\\\/blog\\\/social\\\/celebre-o-seu-corpo\\\/#primaryimage\"},\"thumbnailUrl\":\"https:\\\/\\\/blogdacondessa.com.br\\\/blog\\\/wp-content\\\/uploads\\\/2023\\\/06\\\/concurso-pluz-size.jpg\",\"datePublished\":\"2023-06-30T09:00:15+00:00\",\"author\":{\"@id\":\"https:\\\/\\\/blogdacondessa.com.br\\\/blog\\\/#\\\/schema\\\/person\\\/1d667ff8b785195b568677489d266035\"},\"breadcrumb\":{\"@id\":\"https:\\\/\\\/blogdacondessa.com.br\\\/blog\\\/social\\\/celebre-o-seu-corpo\\\/#breadcrumb\"},\"inLanguage\":\"pt-BR\",\"potentialAction\":[{\"@type\":\"ReadAction\",\"target\":[\"https:\\\/\\\/blogdacondessa.com.br\\\/blog\\\/social\\\/celebre-o-seu-corpo\\\/\"]}]},{\"@type\":\"ImageObject\",\"inLanguage\":\"pt-BR\",\"@id\":\"https:\\\/\\\/blogdacondessa.com.br\\\/blog\\\/social\\\/celebre-o-seu-corpo\\\/#primaryimage\",\"url\":\"https:\\\/\\\/blogdacondessa.com.br\\\/blog\\\/wp-content\\\/uploads\\\/2023\\\/06\\\/concurso-pluz-size.jpg\",\"contentUrl\":\"https:\\\/\\\/blogdacondessa.com.br\\\/blog\\\/wp-content\\\/uploads\\\/2023\\\/06\\\/concurso-pluz-size.jpg\",\"width\":760,\"height\":440,\"caption\":\"Foto: Assessoria\"},{\"@type\":\"BreadcrumbList\",\"@id\":\"https:\\\/\\\/blogdacondessa.com.br\\\/blog\\\/social\\\/celebre-o-seu-corpo\\\/#breadcrumb\",\"itemListElement\":[{\"@type\":\"ListItem\",\"position\":1,\"name\":\"In\u00edcio\",\"item\":\"https:\\\/\\\/blogdacondessa.com.br\\\/blog\\\/\"},{\"@type\":\"ListItem\",\"position\":2,\"name\":\"&#8220;Celebre o seu corpo&#8221;\"}]},{\"@type\":\"WebSite\",\"@id\":\"https:\\\/\\\/blogdacondessa.com.br\\\/blog\\\/#website\",\"url\":\"https:\\\/\\\/blogdacondessa.com.br\\\/blog\\\/\",\"name\":\"Blog da Condessa\",\"description\":\"Com Shirley de Souza O\u2019Campos\",\"potentialAction\":[{\"@type\":\"SearchAction\",\"target\":{\"@type\":\"EntryPoint\",\"urlTemplate\":\"https:\\\/\\\/blogdacondessa.com.br\\\/blog\\\/?s={search_term_string}\"},\"query-input\":{\"@type\":\"PropertyValueSpecification\",\"valueRequired\":true,\"valueName\":\"search_term_string\"}}],\"inLanguage\":\"pt-BR\"},{\"@type\":\"Person\",\"@id\":\"https:\\\/\\\/blogdacondessa.com.br\\\/blog\\\/#\\\/schema\\\/person\\\/1d667ff8b785195b568677489d266035\",\"name\":\"Blog da Condessa\",\"image\":{\"@type\":\"ImageObject\",\"inLanguage\":\"pt-BR\",\"@id\":\"https:\\\/\\\/secure.gravatar.com\\\/avatar\\\/377c0eb8b4ad2bfc25461b41564b5971e721ca34a57642868fc7b0c8ac7b52c5?s=96&d=mm&r=g\",\"url\":\"https:\\\/\\\/secure.gravatar.com\\\/avatar\\\/377c0eb8b4ad2bfc25461b41564b5971e721ca34a57642868fc7b0c8ac7b52c5?s=96&d=mm&r=g\",\"contentUrl\":\"https:\\\/\\\/secure.gravatar.com\\\/avatar\\\/377c0eb8b4ad2bfc25461b41564b5971e721ca34a57642868fc7b0c8ac7b52c5?s=96&d=mm&r=g\",\"caption\":\"Blog da Condessa\"},\"url\":\"https:\\\/\\\/blogdacondessa.com.br\\\/blog\\\/author\\\/beatriz\\\/\"}]}<\/script>\n<!-- \/ Yoast SEO plugin. -->","yoast_head_json":{"title":"\"Celebre o seu corpo\" &#8902; Blog da Condessa","robots":{"index":"index","follow":"follow","max-snippet":"max-snippet:-1","max-image-preview":"max-image-preview:large","max-video-preview":"max-video-preview:-1"},"canonical":"https:\/\/blogdacondessa.com.br\/blog\/social\/celebre-o-seu-corpo\/","og_locale":"pt_BR","og_type":"article","og_title":"\"Celebre o seu corpo\" &#8902; Blog da Condessa","og_description":"A quinta edi\u00e7\u00e3o do Miss Plus Size na Capital est\u00e1 com inscri\u00e7\u00f5es abertas. Com o objetivo de celebrar a ess\u00eancia da mulher de corpo inteiro, o Miss Plus Size Cuiab\u00e1 2023, est\u00e1 com as inscri\u00e7\u00f5es abertas at\u00e9 o dia 15 de julho. O evento respeitado, prestigiado e reconhecido nacionalmente \u00e9 a preliminar oficial do concurso [&hellip;]","og_url":"https:\/\/blogdacondessa.com.br\/blog\/social\/celebre-o-seu-corpo\/","og_site_name":"Blog da Condessa","article_published_time":"2023-06-30T09:00:15+00:00","og_image":[{"width":760,"height":440,"url":"https:\/\/blogdacondessa.com.br\/blog\/wp-content\/uploads\/2023\/06\/concurso-pluz-size.jpg","type":"image\/jpeg"}],"author":"Blog da Condessa","twitter_card":"summary_large_image","twitter_misc":{"Escrito por":"Blog da Condessa","Est. tempo de leitura":"3 minutos"},"schema":{"@context":"https:\/\/schema.org","@graph":[{"@type":"Article","@id":"https:\/\/blogdacondessa.com.br\/blog\/social\/celebre-o-seu-corpo\/#article","isPartOf":{"@id":"https:\/\/blogdacondessa.com.br\/blog\/social\/celebre-o-seu-corpo\/"},"author":{"name":"Blog da Condessa","@id":"https:\/\/blogdacondessa.com.br\/blog\/#\/schema\/person\/1d667ff8b785195b568677489d266035"},"headline":"&#8220;Celebre o seu corpo&#8221;","datePublished":"2023-06-30T09:00:15+00:00","mainEntityOfPage":{"@id":"https:\/\/blogdacondessa.com.br\/blog\/social\/celebre-o-seu-corpo\/"},"wordCount":393,"image":{"@id":"https:\/\/blogdacondessa.com.br\/blog\/social\/celebre-o-seu-corpo\/#primaryimage"},"thumbnailUrl":"https:\/\/blogdacondessa.com.br\/blog\/wp-content\/uploads\/2023\/06\/concurso-pluz-size.jpg","articleSection":["Social"],"inLanguage":"pt-BR"},{"@type":"WebPage","@id":"https:\/\/blogdacondessa.com.br\/blog\/social\/celebre-o-seu-corpo\/","url":"https:\/\/blogdacondessa.com.br\/blog\/social\/celebre-o-seu-corpo\/","name":"\"Celebre o seu corpo\" &#8902; Blog da Condessa","isPartOf":{"@id":"https:\/\/blogdacondessa.com.br\/blog\/#website"},"primaryImageOfPage":{"@id":"https:\/\/blogdacondessa.com.br\/blog\/social\/celebre-o-seu-corpo\/#primaryimage"},"image":{"@id":"https:\/\/blogdacondessa.com.br\/blog\/social\/celebre-o-seu-corpo\/#primaryimage"},"thumbnailUrl":"https:\/\/blogdacondessa.com.br\/blog\/wp-content\/uploads\/2023\/06\/concurso-pluz-size.jpg","datePublished":"2023-06-30T09:00:15+00:00","author":{"@id":"https:\/\/blogdacondessa.com.br\/blog\/#\/schema\/person\/1d667ff8b785195b568677489d266035"},"breadcrumb":{"@id":"https:\/\/blogdacondessa.com.br\/blog\/social\/celebre-o-seu-corpo\/#breadcrumb"},"inLanguage":"pt-BR","potentialAction":[{"@type":"ReadAction","target":["https:\/\/blogdacondessa.com.br\/blog\/social\/celebre-o-seu-corpo\/"]}]},{"@type":"ImageObject","inLanguage":"pt-BR","@id":"https:\/\/blogdacondessa.com.br\/blog\/social\/celebre-o-seu-corpo\/#primaryimage","url":"https:\/\/blogdacondessa.com.br\/blog\/wp-content\/uploads\/2023\/06\/concurso-pluz-size.jpg","contentUrl":"https:\/\/blogdacondessa.com.br\/blog\/wp-content\/uploads\/2023\/06\/concurso-pluz-size.jpg","width":760,"height":440,"caption":"Foto: Assessoria"},{"@type":"BreadcrumbList","@id":"https:\/\/blogdacondessa.com.br\/blog\/social\/celebre-o-seu-corpo\/#breadcrumb","itemListElement":[{"@type":"ListItem","position":1,"name":"In\u00edcio","item":"https:\/\/blogdacondessa.com.br\/blog\/"},{"@type":"ListItem","position":2,"name":"&#8220;Celebre o seu corpo&#8221;"}]},{"@type":"WebSite","@id":"https:\/\/blogdacondessa.com.br\/blog\/#website","url":"https:\/\/blogdacondessa.com.br\/blog\/","name":"Blog da Condessa","description":"Com Shirley de Souza O\u2019Campos","potentialAction":[{"@type":"SearchAction","target":{"@type":"EntryPoint","urlTemplate":"https:\/\/blogdacondessa.com.br\/blog\/?s={search_term_string}"},"query-input":{"@type":"PropertyValueSpecification","valueRequired":true,"valueName":"search_term_string"}}],"inLanguage":"pt-BR"},{"@type":"Person","@id":"https:\/\/blogdacondessa.com.br\/blog\/#\/schema\/person\/1d667ff8b785195b568677489d266035","name":"Blog da Condessa","image":{"@type":"ImageObject","inLanguage":"pt-BR","@id":"https:\/\/secure.gravatar.com\/avatar\/377c0eb8b4ad2bfc25461b41564b5971e721ca34a57642868fc7b0c8ac7b52c5?s=96&d=mm&r=g","url":"https:\/\/secure.gravatar.com\/avatar\/377c0eb8b4ad2bfc25461b41564b5971e721ca34a57642868fc7b0c8ac7b52c5?s=96&d=mm&r=g","contentUrl":"https:\/\/secure.gravatar.com\/avatar\/377c0eb8b4ad2bfc25461b41564b5971e721ca34a57642868fc7b0c8ac7b52c5?s=96&d=mm&r=g","caption":"Blog da Condessa"},"url":"https:\/\/blogdacondessa.com.br\/blog\/author\/beatriz\/"}]}},"_links":{"self":[{"href":"https:\/\/blogdacondessa.com.br\/blog\/wp-json\/wp\/v2\/posts\/7473","targetHints":{"allow":["GET"]}}],"collection":[{"href":"https:\/\/blogdacondessa.com.br\/blog\/wp-json\/wp\/v2\/posts"}],"about":[{"href":"https:\/\/blogdacondessa.com.br\/blog\/wp-json\/wp\/v2\/types\/post"}],"author":[{"embeddable":true,"href":"https:\/\/blogdacondessa.com.br\/blog\/wp-json\/wp\/v2\/users\/2"}],"replies":[{"embeddable":true,"href":"https:\/\/blogdacondessa.com.br\/blog\/wp-json\/wp\/v2\/comments?post=7473"}],"version-history":[{"count":0,"href":"https:\/\/blogdacondessa.com.br\/blog\/wp-json\/wp\/v2\/posts\/7473\/revisions"}],"wp:featuredmedia":[{"embeddable":true,"href":"https:\/\/blogdacondessa.com.br\/blog\/wp-json\/wp\/v2\/media\/7474"}],"wp:attachment":[{"href":"https:\/\/blogdacondessa.com.br\/blog\/wp-json\/wp\/v2\/media?parent=7473"}],"wp:term":[{"taxonomy":"category","embeddable":true,"href":"https:\/\/blogdacondessa.com.br\/blog\/wp-json\/wp\/v2\/categories?post=7473"},{"taxonomy":"post_tag","embeddable":true,"href":"https:\/\/blogdacondessa.com.br\/blog\/wp-json\/wp\/v2\/tags?post=7473"}],"curies":[{"name":"wp","href":"https:\/\/api.w.org\/{rel}","templated":true}]}}