{"id":7470,"date":"2023-06-30T05:00:05","date_gmt":"2023-06-30T09:00:05","guid":{"rendered":"http:\/\/blogdacondessa.com.br\/?p=7470"},"modified":"2023-06-29T16:40:00","modified_gmt":"2023-06-29T20:40:00","slug":"mayran-benicio-assume-presidencia-da-desenvolve-mt","status":"publish","type":"post","link":"https:\/\/blogdacondessa.com.br\/blog\/institucional\/mayran-benicio-assume-presidencia-da-desenvolve-mt\/","title":{"rendered":"Mayran Benicio assume presid\u00eancia da Desenvolve MT"},"content":{"rendered":"<p>A contadora Mayran Beckman Benicio assume a presid\u00eancia da Desenvolve MT \u2013 Ag\u00eancia de Fomento do Estado de Mato Grosso. Ela substitui Jair de Oliveira Marques, presidente falecido em abril deste ano. A cerim\u00f4nia de posse da nova diretoria est\u00e1 prevista para o dia 17 de julho, na sede da Desenvolve MT.<\/p>\n<p>Servidora h\u00e1 cinco anos, desempenhou a fun\u00e7\u00e3o de gerente de Recupera\u00e7\u00e3o de Cr\u00e9dito e superintendente Financeira da institui\u00e7\u00e3o, onde atuou como gestora das linhas de cr\u00e9dito da ag\u00eancia, mais especificamente ao trade de turismo, por meio do Minist\u00e9rio do Turismo (MTUR), no Estado. Tamb\u00e9m atuou na constru\u00e7\u00e3o e implanta\u00e7\u00e3o do Fundo de Aval do Governo do Estado \u2013 MT Garante, instrumento que busca mitigar os riscos de opera\u00e7\u00e3o de cr\u00e9dito para a institui\u00e7\u00e3o financeira, tornando o cr\u00e9dito mais acess\u00edvel aos pequenos neg\u00f3cios.<\/p>\n<p>Marco na hist\u00f3ria da ag\u00eancia, que completa 19 anos em 2023, a nova diretora-presidente, assume como a primeira mulher \u00e0 frente do cargo, e com a miss\u00e3o de promover uma gest\u00e3o equilibrada pela condu\u00e7\u00e3o suave e potente em seus resultados, entregando um melhor servi\u00e7o \u00e0 sociedade e contribuindo para o desenvolvimento do Estado.<\/p>\n<p>\u201cO compromisso da Desenvolve MT \u00e9 apoiar os micro e pequenos empres\u00e1rios mato-grossenses nas necessidades existentes em seus neg\u00f3cios, fomentando o empreendedorismo e a gera\u00e7\u00e3o de emprego de renda em toda cadeia produtiva\u201d, ressalta Mayran.<\/p>\n<p>Outra medida dentro do planejamento de sua gest\u00e3o ser\u00e1 trabalhar para a acelera\u00e7\u00e3o da inova\u00e7\u00e3o digital com objetivo de melhorar as entregas de cr\u00e9dito ao empreendedor, otimizando os processos com pr\u00e1ticas mais eficientes e c\u00e9leres.<br \/>\n&nbsp;<\/p>\n","protected":false},"excerpt":{"rendered":"<p>A contadora Mayran Beckman Benicio assume a presid\u00eancia da Desenvolve MT \u2013 Ag\u00eancia de Fomento do Estado de Mato Grosso. Ela substitui Jair de Oliveira Marques, presidente falecido em abril deste ano. A cerim\u00f4nia de posse da nova diretoria est\u00e1 prevista para o dia 17 de julho, na sede da Desenvolve MT. Servidora h\u00e1 cinco [&hellip;]<\/p>\n","protected":false},"author":2,"featured_media":7471,"comment_status":"closed","ping_status":"closed","sticky":false,"template":"","format":"standard","meta":{"iawp_total_views":0,"footnotes":""},"categories":[13],"tags":[],"class_list":["post-7470","post","type-post","status-publish","format-standard","has-post-thumbnail","hentry","category-institucional"],"yoast_head":"<!-- This site is optimized with the Yoast SEO plugin v27.3 - https:\/\/yoast.com\/product\/yoast-seo-wordpress\/ -->\n<title>Mayran Benicio assume presid\u00eancia da Desenvolve MT &#8902; Blog da Condessa<\/title>\n<meta name=\"robots\" content=\"index, follow, max-snippet:-1, max-image-preview:large, max-video-preview:-1\" \/>\n<link rel=\"canonical\" href=\"https:\/\/blogdacondessa.com.br\/blog\/institucional\/mayran-benicio-assume-presidencia-da-desenvolve-mt\/\" \/>\n<meta property=\"og:locale\" content=\"pt_BR\" \/>\n<meta property=\"og:type\" content=\"article\" \/>\n<meta property=\"og:title\" content=\"Mayran Benicio assume presid\u00eancia da Desenvolve MT &#8902; Blog da Condessa\" \/>\n<meta property=\"og:description\" content=\"A contadora Mayran Beckman Benicio assume a presid\u00eancia da Desenvolve MT \u2013 Ag\u00eancia de Fomento do Estado de Mato Grosso. Ela substitui Jair de Oliveira Marques, presidente falecido em abril deste ano. A cerim\u00f4nia de posse da nova diretoria est\u00e1 prevista para o dia 17 de julho, na sede da Desenvolve MT. Servidora h\u00e1 cinco [&hellip;]\" \/>\n<meta property=\"og:url\" content=\"https:\/\/blogdacondessa.com.br\/blog\/institucional\/mayran-benicio-assume-presidencia-da-desenvolve-mt\/\" \/>\n<meta property=\"og:site_name\" content=\"Blog da Condessa\" \/>\n<meta property=\"article:published_time\" content=\"2023-06-30T09:00:05+00:00\" \/>\n<meta property=\"og:image\" content=\"https:\/\/blogdacondessa.com.br\/blog\/wp-content\/uploads\/2023\/06\/MAYRAN.jpg\" \/>\n\t<meta property=\"og:image:width\" content=\"920\" \/>\n\t<meta property=\"og:image:height\" content=\"571\" \/>\n\t<meta property=\"og:image:type\" content=\"image\/jpeg\" \/>\n<meta name=\"author\" content=\"Blog da Condessa\" \/>\n<meta name=\"twitter:card\" content=\"summary_large_image\" \/>\n<meta name=\"twitter:label1\" content=\"Escrito por\" \/>\n\t<meta name=\"twitter:data1\" content=\"Blog da Condessa\" \/>\n\t<meta name=\"twitter:label2\" content=\"Est. tempo de leitura\" \/>\n\t<meta name=\"twitter:data2\" content=\"2 minutos\" \/>\n<script type=\"application\/ld+json\" class=\"yoast-schema-graph\">{\"@context\":\"https:\\\/\\\/schema.org\",\"@graph\":[{\"@type\":\"Article\",\"@id\":\"https:\\\/\\\/blogdacondessa.com.br\\\/blog\\\/institucional\\\/mayran-benicio-assume-presidencia-da-desenvolve-mt\\\/#article\",\"isPartOf\":{\"@id\":\"https:\\\/\\\/blogdacondessa.com.br\\\/blog\\\/institucional\\\/mayran-benicio-assume-presidencia-da-desenvolve-mt\\\/\"},\"author\":{\"name\":\"Blog da Condessa\",\"@id\":\"https:\\\/\\\/blogdacondessa.com.br\\\/blog\\\/#\\\/schema\\\/person\\\/1d667ff8b785195b568677489d266035\"},\"headline\":\"Mayran Benicio assume presid\u00eancia da Desenvolve MT\",\"datePublished\":\"2023-06-30T09:00:05+00:00\",\"mainEntityOfPage\":{\"@id\":\"https:\\\/\\\/blogdacondessa.com.br\\\/blog\\\/institucional\\\/mayran-benicio-assume-presidencia-da-desenvolve-mt\\\/\"},\"wordCount\":292,\"image\":{\"@id\":\"https:\\\/\\\/blogdacondessa.com.br\\\/blog\\\/institucional\\\/mayran-benicio-assume-presidencia-da-desenvolve-mt\\\/#primaryimage\"},\"thumbnailUrl\":\"https:\\\/\\\/blogdacondessa.com.br\\\/blog\\\/wp-content\\\/uploads\\\/2023\\\/06\\\/MAYRAN.jpg\",\"articleSection\":[\"Institucional\"],\"inLanguage\":\"pt-BR\"},{\"@type\":\"WebPage\",\"@id\":\"https:\\\/\\\/blogdacondessa.com.br\\\/blog\\\/institucional\\\/mayran-benicio-assume-presidencia-da-desenvolve-mt\\\/\",\"url\":\"https:\\\/\\\/blogdacondessa.com.br\\\/blog\\\/institucional\\\/mayran-benicio-assume-presidencia-da-desenvolve-mt\\\/\",\"name\":\"Mayran Benicio assume presid\u00eancia da Desenvolve MT &#8902; Blog da Condessa\",\"isPartOf\":{\"@id\":\"https:\\\/\\\/blogdacondessa.com.br\\\/blog\\\/#website\"},\"primaryImageOfPage\":{\"@id\":\"https:\\\/\\\/blogdacondessa.com.br\\\/blog\\\/institucional\\\/mayran-benicio-assume-presidencia-da-desenvolve-mt\\\/#primaryimage\"},\"image\":{\"@id\":\"https:\\\/\\\/blogdacondessa.com.br\\\/blog\\\/institucional\\\/mayran-benicio-assume-presidencia-da-desenvolve-mt\\\/#primaryimage\"},\"thumbnailUrl\":\"https:\\\/\\\/blogdacondessa.com.br\\\/blog\\\/wp-content\\\/uploads\\\/2023\\\/06\\\/MAYRAN.jpg\",\"datePublished\":\"2023-06-30T09:00:05+00:00\",\"author\":{\"@id\":\"https:\\\/\\\/blogdacondessa.com.br\\\/blog\\\/#\\\/schema\\\/person\\\/1d667ff8b785195b568677489d266035\"},\"breadcrumb\":{\"@id\":\"https:\\\/\\\/blogdacondessa.com.br\\\/blog\\\/institucional\\\/mayran-benicio-assume-presidencia-da-desenvolve-mt\\\/#breadcrumb\"},\"inLanguage\":\"pt-BR\",\"potentialAction\":[{\"@type\":\"ReadAction\",\"target\":[\"https:\\\/\\\/blogdacondessa.com.br\\\/blog\\\/institucional\\\/mayran-benicio-assume-presidencia-da-desenvolve-mt\\\/\"]}]},{\"@type\":\"ImageObject\",\"inLanguage\":\"pt-BR\",\"@id\":\"https:\\\/\\\/blogdacondessa.com.br\\\/blog\\\/institucional\\\/mayran-benicio-assume-presidencia-da-desenvolve-mt\\\/#primaryimage\",\"url\":\"https:\\\/\\\/blogdacondessa.com.br\\\/blog\\\/wp-content\\\/uploads\\\/2023\\\/06\\\/MAYRAN.jpg\",\"contentUrl\":\"https:\\\/\\\/blogdacondessa.com.br\\\/blog\\\/wp-content\\\/uploads\\\/2023\\\/06\\\/MAYRAN.jpg\",\"width\":920,\"height\":571,\"caption\":\"Foto: Divulga\u00e7\u00e3o\\\/Desenvolve MT\"},{\"@type\":\"BreadcrumbList\",\"@id\":\"https:\\\/\\\/blogdacondessa.com.br\\\/blog\\\/institucional\\\/mayran-benicio-assume-presidencia-da-desenvolve-mt\\\/#breadcrumb\",\"itemListElement\":[{\"@type\":\"ListItem\",\"position\":1,\"name\":\"In\u00edcio\",\"item\":\"https:\\\/\\\/blogdacondessa.com.br\\\/blog\\\/\"},{\"@type\":\"ListItem\",\"position\":2,\"name\":\"Mayran Benicio assume presid\u00eancia da Desenvolve MT\"}]},{\"@type\":\"WebSite\",\"@id\":\"https:\\\/\\\/blogdacondessa.com.br\\\/blog\\\/#website\",\"url\":\"https:\\\/\\\/blogdacondessa.com.br\\\/blog\\\/\",\"name\":\"Blog da Condessa\",\"description\":\"Com Shirley de Souza O\u2019Campos\",\"potentialAction\":[{\"@type\":\"SearchAction\",\"target\":{\"@type\":\"EntryPoint\",\"urlTemplate\":\"https:\\\/\\\/blogdacondessa.com.br\\\/blog\\\/?s={search_term_string}\"},\"query-input\":{\"@type\":\"PropertyValueSpecification\",\"valueRequired\":true,\"valueName\":\"search_term_string\"}}],\"inLanguage\":\"pt-BR\"},{\"@type\":\"Person\",\"@id\":\"https:\\\/\\\/blogdacondessa.com.br\\\/blog\\\/#\\\/schema\\\/person\\\/1d667ff8b785195b568677489d266035\",\"name\":\"Blog da Condessa\",\"image\":{\"@type\":\"ImageObject\",\"inLanguage\":\"pt-BR\",\"@id\":\"https:\\\/\\\/secure.gravatar.com\\\/avatar\\\/377c0eb8b4ad2bfc25461b41564b5971e721ca34a57642868fc7b0c8ac7b52c5?s=96&d=mm&r=g\",\"url\":\"https:\\\/\\\/secure.gravatar.com\\\/avatar\\\/377c0eb8b4ad2bfc25461b41564b5971e721ca34a57642868fc7b0c8ac7b52c5?s=96&d=mm&r=g\",\"contentUrl\":\"https:\\\/\\\/secure.gravatar.com\\\/avatar\\\/377c0eb8b4ad2bfc25461b41564b5971e721ca34a57642868fc7b0c8ac7b52c5?s=96&d=mm&r=g\",\"caption\":\"Blog da Condessa\"},\"url\":\"https:\\\/\\\/blogdacondessa.com.br\\\/blog\\\/author\\\/beatriz\\\/\"}]}<\/script>\n<!-- \/ Yoast SEO plugin. -->","yoast_head_json":{"title":"Mayran Benicio assume presid\u00eancia da Desenvolve MT &#8902; Blog da Condessa","robots":{"index":"index","follow":"follow","max-snippet":"max-snippet:-1","max-image-preview":"max-image-preview:large","max-video-preview":"max-video-preview:-1"},"canonical":"https:\/\/blogdacondessa.com.br\/blog\/institucional\/mayran-benicio-assume-presidencia-da-desenvolve-mt\/","og_locale":"pt_BR","og_type":"article","og_title":"Mayran Benicio assume presid\u00eancia da Desenvolve MT &#8902; Blog da Condessa","og_description":"A contadora Mayran Beckman Benicio assume a presid\u00eancia da Desenvolve MT \u2013 Ag\u00eancia de Fomento do Estado de Mato Grosso. Ela substitui Jair de Oliveira Marques, presidente falecido em abril deste ano. A cerim\u00f4nia de posse da nova diretoria est\u00e1 prevista para o dia 17 de julho, na sede da Desenvolve MT. Servidora h\u00e1 cinco [&hellip;]","og_url":"https:\/\/blogdacondessa.com.br\/blog\/institucional\/mayran-benicio-assume-presidencia-da-desenvolve-mt\/","og_site_name":"Blog da Condessa","article_published_time":"2023-06-30T09:00:05+00:00","og_image":[{"width":920,"height":571,"url":"https:\/\/blogdacondessa.com.br\/blog\/wp-content\/uploads\/2023\/06\/MAYRAN.jpg","type":"image\/jpeg"}],"author":"Blog da Condessa","twitter_card":"summary_large_image","twitter_misc":{"Escrito por":"Blog da Condessa","Est. tempo de leitura":"2 minutos"},"schema":{"@context":"https:\/\/schema.org","@graph":[{"@type":"Article","@id":"https:\/\/blogdacondessa.com.br\/blog\/institucional\/mayran-benicio-assume-presidencia-da-desenvolve-mt\/#article","isPartOf":{"@id":"https:\/\/blogdacondessa.com.br\/blog\/institucional\/mayran-benicio-assume-presidencia-da-desenvolve-mt\/"},"author":{"name":"Blog da Condessa","@id":"https:\/\/blogdacondessa.com.br\/blog\/#\/schema\/person\/1d667ff8b785195b568677489d266035"},"headline":"Mayran Benicio assume presid\u00eancia da Desenvolve MT","datePublished":"2023-06-30T09:00:05+00:00","mainEntityOfPage":{"@id":"https:\/\/blogdacondessa.com.br\/blog\/institucional\/mayran-benicio-assume-presidencia-da-desenvolve-mt\/"},"wordCount":292,"image":{"@id":"https:\/\/blogdacondessa.com.br\/blog\/institucional\/mayran-benicio-assume-presidencia-da-desenvolve-mt\/#primaryimage"},"thumbnailUrl":"https:\/\/blogdacondessa.com.br\/blog\/wp-content\/uploads\/2023\/06\/MAYRAN.jpg","articleSection":["Institucional"],"inLanguage":"pt-BR"},{"@type":"WebPage","@id":"https:\/\/blogdacondessa.com.br\/blog\/institucional\/mayran-benicio-assume-presidencia-da-desenvolve-mt\/","url":"https:\/\/blogdacondessa.com.br\/blog\/institucional\/mayran-benicio-assume-presidencia-da-desenvolve-mt\/","name":"Mayran Benicio assume presid\u00eancia da Desenvolve MT &#8902; Blog da Condessa","isPartOf":{"@id":"https:\/\/blogdacondessa.com.br\/blog\/#website"},"primaryImageOfPage":{"@id":"https:\/\/blogdacondessa.com.br\/blog\/institucional\/mayran-benicio-assume-presidencia-da-desenvolve-mt\/#primaryimage"},"image":{"@id":"https:\/\/blogdacondessa.com.br\/blog\/institucional\/mayran-benicio-assume-presidencia-da-desenvolve-mt\/#primaryimage"},"thumbnailUrl":"https:\/\/blogdacondessa.com.br\/blog\/wp-content\/uploads\/2023\/06\/MAYRAN.jpg","datePublished":"2023-06-30T09:00:05+00:00","author":{"@id":"https:\/\/blogdacondessa.com.br\/blog\/#\/schema\/person\/1d667ff8b785195b568677489d266035"},"breadcrumb":{"@id":"https:\/\/blogdacondessa.com.br\/blog\/institucional\/mayran-benicio-assume-presidencia-da-desenvolve-mt\/#breadcrumb"},"inLanguage":"pt-BR","potentialAction":[{"@type":"ReadAction","target":["https:\/\/blogdacondessa.com.br\/blog\/institucional\/mayran-benicio-assume-presidencia-da-desenvolve-mt\/"]}]},{"@type":"ImageObject","inLanguage":"pt-BR","@id":"https:\/\/blogdacondessa.com.br\/blog\/institucional\/mayran-benicio-assume-presidencia-da-desenvolve-mt\/#primaryimage","url":"https:\/\/blogdacondessa.com.br\/blog\/wp-content\/uploads\/2023\/06\/MAYRAN.jpg","contentUrl":"https:\/\/blogdacondessa.com.br\/blog\/wp-content\/uploads\/2023\/06\/MAYRAN.jpg","width":920,"height":571,"caption":"Foto: Divulga\u00e7\u00e3o\/Desenvolve MT"},{"@type":"BreadcrumbList","@id":"https:\/\/blogdacondessa.com.br\/blog\/institucional\/mayran-benicio-assume-presidencia-da-desenvolve-mt\/#breadcrumb","itemListElement":[{"@type":"ListItem","position":1,"name":"In\u00edcio","item":"https:\/\/blogdacondessa.com.br\/blog\/"},{"@type":"ListItem","position":2,"name":"Mayran Benicio assume presid\u00eancia da Desenvolve MT"}]},{"@type":"WebSite","@id":"https:\/\/blogdacondessa.com.br\/blog\/#website","url":"https:\/\/blogdacondessa.com.br\/blog\/","name":"Blog da Condessa","description":"Com Shirley de Souza O\u2019Campos","potentialAction":[{"@type":"SearchAction","target":{"@type":"EntryPoint","urlTemplate":"https:\/\/blogdacondessa.com.br\/blog\/?s={search_term_string}"},"query-input":{"@type":"PropertyValueSpecification","valueRequired":true,"valueName":"search_term_string"}}],"inLanguage":"pt-BR"},{"@type":"Person","@id":"https:\/\/blogdacondessa.com.br\/blog\/#\/schema\/person\/1d667ff8b785195b568677489d266035","name":"Blog da Condessa","image":{"@type":"ImageObject","inLanguage":"pt-BR","@id":"https:\/\/secure.gravatar.com\/avatar\/377c0eb8b4ad2bfc25461b41564b5971e721ca34a57642868fc7b0c8ac7b52c5?s=96&d=mm&r=g","url":"https:\/\/secure.gravatar.com\/avatar\/377c0eb8b4ad2bfc25461b41564b5971e721ca34a57642868fc7b0c8ac7b52c5?s=96&d=mm&r=g","contentUrl":"https:\/\/secure.gravatar.com\/avatar\/377c0eb8b4ad2bfc25461b41564b5971e721ca34a57642868fc7b0c8ac7b52c5?s=96&d=mm&r=g","caption":"Blog da Condessa"},"url":"https:\/\/blogdacondessa.com.br\/blog\/author\/beatriz\/"}]}},"_links":{"self":[{"href":"https:\/\/blogdacondessa.com.br\/blog\/wp-json\/wp\/v2\/posts\/7470","targetHints":{"allow":["GET"]}}],"collection":[{"href":"https:\/\/blogdacondessa.com.br\/blog\/wp-json\/wp\/v2\/posts"}],"about":[{"href":"https:\/\/blogdacondessa.com.br\/blog\/wp-json\/wp\/v2\/types\/post"}],"author":[{"embeddable":true,"href":"https:\/\/blogdacondessa.com.br\/blog\/wp-json\/wp\/v2\/users\/2"}],"replies":[{"embeddable":true,"href":"https:\/\/blogdacondessa.com.br\/blog\/wp-json\/wp\/v2\/comments?post=7470"}],"version-history":[{"count":0,"href":"https:\/\/blogdacondessa.com.br\/blog\/wp-json\/wp\/v2\/posts\/7470\/revisions"}],"wp:featuredmedia":[{"embeddable":true,"href":"https:\/\/blogdacondessa.com.br\/blog\/wp-json\/wp\/v2\/media\/7471"}],"wp:attachment":[{"href":"https:\/\/blogdacondessa.com.br\/blog\/wp-json\/wp\/v2\/media?parent=7470"}],"wp:term":[{"taxonomy":"category","embeddable":true,"href":"https:\/\/blogdacondessa.com.br\/blog\/wp-json\/wp\/v2\/categories?post=7470"},{"taxonomy":"post_tag","embeddable":true,"href":"https:\/\/blogdacondessa.com.br\/blog\/wp-json\/wp\/v2\/tags?post=7470"}],"curies":[{"name":"wp","href":"https:\/\/api.w.org\/{rel}","templated":true}]}}