{"id":7433,"date":"2023-06-24T05:00:54","date_gmt":"2023-06-24T09:00:54","guid":{"rendered":"http:\/\/blogdacondessa.com.br\/?p=7433"},"modified":"2023-06-23T16:13:59","modified_gmt":"2023-06-23T20:13:59","slug":"como-faz-pra-ficar-aqui","status":"publish","type":"post","link":"https:\/\/blogdacondessa.com.br\/blog\/cultura\/como-faz-pra-ficar-aqui\/","title":{"rendered":"&#8216;Como Faz Pra Ficar Aqui?&#8217;"},"content":{"rendered":"<p>\u00c9 o novo espet\u00e1culo do humorista Nando Viana, que ser\u00e1 apresentado em Cuiab\u00e1 no pr\u00f3ximo dia 9 de julho, domingo, \u00e0s 19h30, no Teatro Zulmira Canavarros. O humorista ga\u00facho, sucesso no programa A Culpa \u00e9 do Cabral, vem falar, desta vez, sobre um problema que atinge n\u00e3o s\u00f3 ele, mas talvez at\u00e9 voc\u00ea a\u00ed agora: a ansiedade.<\/p>\n<p>Prestes a completar 15 anos de carreira e com milh\u00f5es de seguidores nas redes sociais, Nando volta aos palcos em seu quarto show solo em turn\u00ea pelo Brasil, com espet\u00e1culo in\u00e9dito e avisa desde j\u00e1: ele est\u00e1 em crise. E n\u00e3o \u00e9 de criatividade.<\/p>\n<p>Munido de piadas certeiras, sua sempre presente vida familiar, reflex\u00f5es sobre a sociedade que estamos criando e muita terapia, o artista apresenta um show atual, que promete arrancar gargalhadas ao mesmo tempo que te far\u00e1 se perguntar: onde est\u00e1 sua cabe\u00e7a quando ela est\u00e1 a\u00ed?<\/p>\n<p>Depois de meses de laborat\u00f3rio em clubes de com\u00e9dia pelo Brasil, Nando Viana est\u00e1 ansioso para mostrar pra voc\u00ea seu novo show. Mas n\u00e3o t\u00e3o ansioso assim, porque t\u00e1 tentando melhorar. Venha rir e torcer junto com ele, para que o nome do show n\u00e3o precise mais de interroga\u00e7\u00e3o e se transforme em uma resposta.<\/p>\n<p><strong>Servi\u00e7o<br \/>\n<\/strong>Como Faz Pra Ficar Aqui?<br \/>\nQuando: Domingo, 09 de julho de 2023, \u00e0s 19h30<br \/>\nLocal: Teatro Zulmira Canavarros &#8211; Av. Andr\u00e9 Maggi &#8211; Centro Pol\u00edtico Administrativo.<br \/>\nClassifica\u00e7\u00e3o Indicativa: 14 anos.<br \/>\nOs ingressos variam entre R$ 50,00 e R$ 120,00<br \/>\nCompre online:\u00a0<a href=\"https:\/\/ingressodigital.com\/evento\/8806\/Nando_Viana_%7C_Como_Faz_Pra_Ficar_Aqui\">https:\/\/bit.ly\/45xQn1G<\/a><br \/>\nInforma\u00e7\u00f5es:\u00a0(65)\u00a099972-7897<\/p>\n","protected":false},"excerpt":{"rendered":"<p>\u00c9 o novo espet\u00e1culo do humorista Nando Viana, que ser\u00e1 apresentado em Cuiab\u00e1 no pr\u00f3ximo dia 9 de julho, domingo, \u00e0s 19h30, no Teatro Zulmira Canavarros. O humorista ga\u00facho, sucesso no programa A Culpa \u00e9 do Cabral, vem falar, desta vez, sobre um problema que atinge n\u00e3o s\u00f3 ele, mas talvez at\u00e9 voc\u00ea a\u00ed agora: [&hellip;]<\/p>\n","protected":false},"author":2,"featured_media":7434,"comment_status":"closed","ping_status":"closed","sticky":false,"template":"","format":"standard","meta":{"iawp_total_views":1,"footnotes":""},"categories":[18],"tags":[],"class_list":["post-7433","post","type-post","status-publish","format-standard","has-post-thumbnail","hentry","category-cultura"],"yoast_head":"<!-- This site is optimized with the Yoast SEO plugin v27.3 - https:\/\/yoast.com\/product\/yoast-seo-wordpress\/ -->\n<title>&#039;Como Faz Pra Ficar Aqui?&#039; &#8902; Blog da Condessa<\/title>\n<meta name=\"robots\" content=\"index, follow, max-snippet:-1, max-image-preview:large, max-video-preview:-1\" \/>\n<link rel=\"canonical\" href=\"https:\/\/blogdacondessa.com.br\/blog\/cultura\/como-faz-pra-ficar-aqui\/\" \/>\n<meta property=\"og:locale\" content=\"pt_BR\" \/>\n<meta property=\"og:type\" content=\"article\" \/>\n<meta property=\"og:title\" content=\"&#039;Como Faz Pra Ficar Aqui?&#039; &#8902; Blog da Condessa\" \/>\n<meta property=\"og:description\" content=\"\u00c9 o novo espet\u00e1culo do humorista Nando Viana, que ser\u00e1 apresentado em Cuiab\u00e1 no pr\u00f3ximo dia 9 de julho, domingo, \u00e0s 19h30, no Teatro Zulmira Canavarros. O humorista ga\u00facho, sucesso no programa A Culpa \u00e9 do Cabral, vem falar, desta vez, sobre um problema que atinge n\u00e3o s\u00f3 ele, mas talvez at\u00e9 voc\u00ea a\u00ed agora: [&hellip;]\" \/>\n<meta property=\"og:url\" content=\"https:\/\/blogdacondessa.com.br\/blog\/cultura\/como-faz-pra-ficar-aqui\/\" \/>\n<meta property=\"og:site_name\" content=\"Blog da Condessa\" \/>\n<meta property=\"article:published_time\" content=\"2023-06-24T09:00:54+00:00\" \/>\n<meta property=\"og:image\" content=\"https:\/\/blogdacondessa.com.br\/blog\/wp-content\/uploads\/2023\/06\/nando-viana.jpeg\" \/>\n\t<meta property=\"og:image:width\" content=\"920\" \/>\n\t<meta property=\"og:image:height\" content=\"613\" \/>\n\t<meta property=\"og:image:type\" content=\"image\/jpeg\" \/>\n<meta name=\"author\" content=\"Blog da Condessa\" \/>\n<meta name=\"twitter:card\" content=\"summary_large_image\" \/>\n<meta name=\"twitter:label1\" content=\"Escrito por\" \/>\n\t<meta name=\"twitter:data1\" content=\"Blog da Condessa\" \/>\n\t<meta name=\"twitter:label2\" content=\"Est. tempo de leitura\" \/>\n\t<meta name=\"twitter:data2\" content=\"2 minutos\" \/>\n<script type=\"application\/ld+json\" class=\"yoast-schema-graph\">{\"@context\":\"https:\\\/\\\/schema.org\",\"@graph\":[{\"@type\":\"Article\",\"@id\":\"https:\\\/\\\/blogdacondessa.com.br\\\/blog\\\/cultura\\\/como-faz-pra-ficar-aqui\\\/#article\",\"isPartOf\":{\"@id\":\"https:\\\/\\\/blogdacondessa.com.br\\\/blog\\\/cultura\\\/como-faz-pra-ficar-aqui\\\/\"},\"author\":{\"name\":\"Blog da Condessa\",\"@id\":\"https:\\\/\\\/blogdacondessa.com.br\\\/blog\\\/#\\\/schema\\\/person\\\/1d667ff8b785195b568677489d266035\"},\"headline\":\"&#8216;Como Faz Pra Ficar Aqui?&#8217;\",\"datePublished\":\"2023-06-24T09:00:54+00:00\",\"mainEntityOfPage\":{\"@id\":\"https:\\\/\\\/blogdacondessa.com.br\\\/blog\\\/cultura\\\/como-faz-pra-ficar-aqui\\\/\"},\"wordCount\":265,\"image\":{\"@id\":\"https:\\\/\\\/blogdacondessa.com.br\\\/blog\\\/cultura\\\/como-faz-pra-ficar-aqui\\\/#primaryimage\"},\"thumbnailUrl\":\"https:\\\/\\\/blogdacondessa.com.br\\\/blog\\\/wp-content\\\/uploads\\\/2023\\\/06\\\/nando-viana.jpeg\",\"articleSection\":[\"Cultura\"],\"inLanguage\":\"pt-BR\"},{\"@type\":\"WebPage\",\"@id\":\"https:\\\/\\\/blogdacondessa.com.br\\\/blog\\\/cultura\\\/como-faz-pra-ficar-aqui\\\/\",\"url\":\"https:\\\/\\\/blogdacondessa.com.br\\\/blog\\\/cultura\\\/como-faz-pra-ficar-aqui\\\/\",\"name\":\"'Como Faz Pra Ficar Aqui?' &#8902; Blog da Condessa\",\"isPartOf\":{\"@id\":\"https:\\\/\\\/blogdacondessa.com.br\\\/blog\\\/#website\"},\"primaryImageOfPage\":{\"@id\":\"https:\\\/\\\/blogdacondessa.com.br\\\/blog\\\/cultura\\\/como-faz-pra-ficar-aqui\\\/#primaryimage\"},\"image\":{\"@id\":\"https:\\\/\\\/blogdacondessa.com.br\\\/blog\\\/cultura\\\/como-faz-pra-ficar-aqui\\\/#primaryimage\"},\"thumbnailUrl\":\"https:\\\/\\\/blogdacondessa.com.br\\\/blog\\\/wp-content\\\/uploads\\\/2023\\\/06\\\/nando-viana.jpeg\",\"datePublished\":\"2023-06-24T09:00:54+00:00\",\"author\":{\"@id\":\"https:\\\/\\\/blogdacondessa.com.br\\\/blog\\\/#\\\/schema\\\/person\\\/1d667ff8b785195b568677489d266035\"},\"breadcrumb\":{\"@id\":\"https:\\\/\\\/blogdacondessa.com.br\\\/blog\\\/cultura\\\/como-faz-pra-ficar-aqui\\\/#breadcrumb\"},\"inLanguage\":\"pt-BR\",\"potentialAction\":[{\"@type\":\"ReadAction\",\"target\":[\"https:\\\/\\\/blogdacondessa.com.br\\\/blog\\\/cultura\\\/como-faz-pra-ficar-aqui\\\/\"]}]},{\"@type\":\"ImageObject\",\"inLanguage\":\"pt-BR\",\"@id\":\"https:\\\/\\\/blogdacondessa.com.br\\\/blog\\\/cultura\\\/como-faz-pra-ficar-aqui\\\/#primaryimage\",\"url\":\"https:\\\/\\\/blogdacondessa.com.br\\\/blog\\\/wp-content\\\/uploads\\\/2023\\\/06\\\/nando-viana.jpeg\",\"contentUrl\":\"https:\\\/\\\/blogdacondessa.com.br\\\/blog\\\/wp-content\\\/uploads\\\/2023\\\/06\\\/nando-viana.jpeg\",\"width\":920,\"height\":613,\"caption\":\"Foto: Assessoria\"},{\"@type\":\"BreadcrumbList\",\"@id\":\"https:\\\/\\\/blogdacondessa.com.br\\\/blog\\\/cultura\\\/como-faz-pra-ficar-aqui\\\/#breadcrumb\",\"itemListElement\":[{\"@type\":\"ListItem\",\"position\":1,\"name\":\"In\u00edcio\",\"item\":\"https:\\\/\\\/blogdacondessa.com.br\\\/blog\\\/\"},{\"@type\":\"ListItem\",\"position\":2,\"name\":\"&#8216;Como Faz Pra Ficar Aqui?&#8217;\"}]},{\"@type\":\"WebSite\",\"@id\":\"https:\\\/\\\/blogdacondessa.com.br\\\/blog\\\/#website\",\"url\":\"https:\\\/\\\/blogdacondessa.com.br\\\/blog\\\/\",\"name\":\"Blog da Condessa\",\"description\":\"Com Shirley de Souza O\u2019Campos\",\"potentialAction\":[{\"@type\":\"SearchAction\",\"target\":{\"@type\":\"EntryPoint\",\"urlTemplate\":\"https:\\\/\\\/blogdacondessa.com.br\\\/blog\\\/?s={search_term_string}\"},\"query-input\":{\"@type\":\"PropertyValueSpecification\",\"valueRequired\":true,\"valueName\":\"search_term_string\"}}],\"inLanguage\":\"pt-BR\"},{\"@type\":\"Person\",\"@id\":\"https:\\\/\\\/blogdacondessa.com.br\\\/blog\\\/#\\\/schema\\\/person\\\/1d667ff8b785195b568677489d266035\",\"name\":\"Blog da Condessa\",\"image\":{\"@type\":\"ImageObject\",\"inLanguage\":\"pt-BR\",\"@id\":\"https:\\\/\\\/secure.gravatar.com\\\/avatar\\\/377c0eb8b4ad2bfc25461b41564b5971e721ca34a57642868fc7b0c8ac7b52c5?s=96&d=mm&r=g\",\"url\":\"https:\\\/\\\/secure.gravatar.com\\\/avatar\\\/377c0eb8b4ad2bfc25461b41564b5971e721ca34a57642868fc7b0c8ac7b52c5?s=96&d=mm&r=g\",\"contentUrl\":\"https:\\\/\\\/secure.gravatar.com\\\/avatar\\\/377c0eb8b4ad2bfc25461b41564b5971e721ca34a57642868fc7b0c8ac7b52c5?s=96&d=mm&r=g\",\"caption\":\"Blog da Condessa\"},\"url\":\"https:\\\/\\\/blogdacondessa.com.br\\\/blog\\\/author\\\/beatriz\\\/\"}]}<\/script>\n<!-- \/ Yoast SEO plugin. -->","yoast_head_json":{"title":"'Como Faz Pra Ficar Aqui?' &#8902; Blog da Condessa","robots":{"index":"index","follow":"follow","max-snippet":"max-snippet:-1","max-image-preview":"max-image-preview:large","max-video-preview":"max-video-preview:-1"},"canonical":"https:\/\/blogdacondessa.com.br\/blog\/cultura\/como-faz-pra-ficar-aqui\/","og_locale":"pt_BR","og_type":"article","og_title":"'Como Faz Pra Ficar Aqui?' &#8902; Blog da Condessa","og_description":"\u00c9 o novo espet\u00e1culo do humorista Nando Viana, que ser\u00e1 apresentado em Cuiab\u00e1 no pr\u00f3ximo dia 9 de julho, domingo, \u00e0s 19h30, no Teatro Zulmira Canavarros. O humorista ga\u00facho, sucesso no programa A Culpa \u00e9 do Cabral, vem falar, desta vez, sobre um problema que atinge n\u00e3o s\u00f3 ele, mas talvez at\u00e9 voc\u00ea a\u00ed agora: [&hellip;]","og_url":"https:\/\/blogdacondessa.com.br\/blog\/cultura\/como-faz-pra-ficar-aqui\/","og_site_name":"Blog da Condessa","article_published_time":"2023-06-24T09:00:54+00:00","og_image":[{"width":920,"height":613,"url":"https:\/\/blogdacondessa.com.br\/blog\/wp-content\/uploads\/2023\/06\/nando-viana.jpeg","type":"image\/jpeg"}],"author":"Blog da Condessa","twitter_card":"summary_large_image","twitter_misc":{"Escrito por":"Blog da Condessa","Est. tempo de leitura":"2 minutos"},"schema":{"@context":"https:\/\/schema.org","@graph":[{"@type":"Article","@id":"https:\/\/blogdacondessa.com.br\/blog\/cultura\/como-faz-pra-ficar-aqui\/#article","isPartOf":{"@id":"https:\/\/blogdacondessa.com.br\/blog\/cultura\/como-faz-pra-ficar-aqui\/"},"author":{"name":"Blog da Condessa","@id":"https:\/\/blogdacondessa.com.br\/blog\/#\/schema\/person\/1d667ff8b785195b568677489d266035"},"headline":"&#8216;Como Faz Pra Ficar Aqui?&#8217;","datePublished":"2023-06-24T09:00:54+00:00","mainEntityOfPage":{"@id":"https:\/\/blogdacondessa.com.br\/blog\/cultura\/como-faz-pra-ficar-aqui\/"},"wordCount":265,"image":{"@id":"https:\/\/blogdacondessa.com.br\/blog\/cultura\/como-faz-pra-ficar-aqui\/#primaryimage"},"thumbnailUrl":"https:\/\/blogdacondessa.com.br\/blog\/wp-content\/uploads\/2023\/06\/nando-viana.jpeg","articleSection":["Cultura"],"inLanguage":"pt-BR"},{"@type":"WebPage","@id":"https:\/\/blogdacondessa.com.br\/blog\/cultura\/como-faz-pra-ficar-aqui\/","url":"https:\/\/blogdacondessa.com.br\/blog\/cultura\/como-faz-pra-ficar-aqui\/","name":"'Como Faz Pra Ficar Aqui?' &#8902; Blog da Condessa","isPartOf":{"@id":"https:\/\/blogdacondessa.com.br\/blog\/#website"},"primaryImageOfPage":{"@id":"https:\/\/blogdacondessa.com.br\/blog\/cultura\/como-faz-pra-ficar-aqui\/#primaryimage"},"image":{"@id":"https:\/\/blogdacondessa.com.br\/blog\/cultura\/como-faz-pra-ficar-aqui\/#primaryimage"},"thumbnailUrl":"https:\/\/blogdacondessa.com.br\/blog\/wp-content\/uploads\/2023\/06\/nando-viana.jpeg","datePublished":"2023-06-24T09:00:54+00:00","author":{"@id":"https:\/\/blogdacondessa.com.br\/blog\/#\/schema\/person\/1d667ff8b785195b568677489d266035"},"breadcrumb":{"@id":"https:\/\/blogdacondessa.com.br\/blog\/cultura\/como-faz-pra-ficar-aqui\/#breadcrumb"},"inLanguage":"pt-BR","potentialAction":[{"@type":"ReadAction","target":["https:\/\/blogdacondessa.com.br\/blog\/cultura\/como-faz-pra-ficar-aqui\/"]}]},{"@type":"ImageObject","inLanguage":"pt-BR","@id":"https:\/\/blogdacondessa.com.br\/blog\/cultura\/como-faz-pra-ficar-aqui\/#primaryimage","url":"https:\/\/blogdacondessa.com.br\/blog\/wp-content\/uploads\/2023\/06\/nando-viana.jpeg","contentUrl":"https:\/\/blogdacondessa.com.br\/blog\/wp-content\/uploads\/2023\/06\/nando-viana.jpeg","width":920,"height":613,"caption":"Foto: Assessoria"},{"@type":"BreadcrumbList","@id":"https:\/\/blogdacondessa.com.br\/blog\/cultura\/como-faz-pra-ficar-aqui\/#breadcrumb","itemListElement":[{"@type":"ListItem","position":1,"name":"In\u00edcio","item":"https:\/\/blogdacondessa.com.br\/blog\/"},{"@type":"ListItem","position":2,"name":"&#8216;Como Faz Pra Ficar Aqui?&#8217;"}]},{"@type":"WebSite","@id":"https:\/\/blogdacondessa.com.br\/blog\/#website","url":"https:\/\/blogdacondessa.com.br\/blog\/","name":"Blog da Condessa","description":"Com Shirley de Souza O\u2019Campos","potentialAction":[{"@type":"SearchAction","target":{"@type":"EntryPoint","urlTemplate":"https:\/\/blogdacondessa.com.br\/blog\/?s={search_term_string}"},"query-input":{"@type":"PropertyValueSpecification","valueRequired":true,"valueName":"search_term_string"}}],"inLanguage":"pt-BR"},{"@type":"Person","@id":"https:\/\/blogdacondessa.com.br\/blog\/#\/schema\/person\/1d667ff8b785195b568677489d266035","name":"Blog da Condessa","image":{"@type":"ImageObject","inLanguage":"pt-BR","@id":"https:\/\/secure.gravatar.com\/avatar\/377c0eb8b4ad2bfc25461b41564b5971e721ca34a57642868fc7b0c8ac7b52c5?s=96&d=mm&r=g","url":"https:\/\/secure.gravatar.com\/avatar\/377c0eb8b4ad2bfc25461b41564b5971e721ca34a57642868fc7b0c8ac7b52c5?s=96&d=mm&r=g","contentUrl":"https:\/\/secure.gravatar.com\/avatar\/377c0eb8b4ad2bfc25461b41564b5971e721ca34a57642868fc7b0c8ac7b52c5?s=96&d=mm&r=g","caption":"Blog da Condessa"},"url":"https:\/\/blogdacondessa.com.br\/blog\/author\/beatriz\/"}]}},"_links":{"self":[{"href":"https:\/\/blogdacondessa.com.br\/blog\/wp-json\/wp\/v2\/posts\/7433","targetHints":{"allow":["GET"]}}],"collection":[{"href":"https:\/\/blogdacondessa.com.br\/blog\/wp-json\/wp\/v2\/posts"}],"about":[{"href":"https:\/\/blogdacondessa.com.br\/blog\/wp-json\/wp\/v2\/types\/post"}],"author":[{"embeddable":true,"href":"https:\/\/blogdacondessa.com.br\/blog\/wp-json\/wp\/v2\/users\/2"}],"replies":[{"embeddable":true,"href":"https:\/\/blogdacondessa.com.br\/blog\/wp-json\/wp\/v2\/comments?post=7433"}],"version-history":[{"count":0,"href":"https:\/\/blogdacondessa.com.br\/blog\/wp-json\/wp\/v2\/posts\/7433\/revisions"}],"wp:featuredmedia":[{"embeddable":true,"href":"https:\/\/blogdacondessa.com.br\/blog\/wp-json\/wp\/v2\/media\/7434"}],"wp:attachment":[{"href":"https:\/\/blogdacondessa.com.br\/blog\/wp-json\/wp\/v2\/media?parent=7433"}],"wp:term":[{"taxonomy":"category","embeddable":true,"href":"https:\/\/blogdacondessa.com.br\/blog\/wp-json\/wp\/v2\/categories?post=7433"},{"taxonomy":"post_tag","embeddable":true,"href":"https:\/\/blogdacondessa.com.br\/blog\/wp-json\/wp\/v2\/tags?post=7433"}],"curies":[{"name":"wp","href":"https:\/\/api.w.org\/{rel}","templated":true}]}}