{"id":7424,"date":"2023-06-23T05:00:08","date_gmt":"2023-06-23T09:00:08","guid":{"rendered":"http:\/\/blogdacondessa.com.br\/?p=7424"},"modified":"2023-06-22T20:41:19","modified_gmt":"2023-06-23T00:41:19","slug":"sefaz-transfere-sorteio-do-nota-mt-para-30-de-junho","status":"publish","type":"post","link":"https:\/\/blogdacondessa.com.br\/blog\/economia\/sefaz-transfere-sorteio-do-nota-mt-para-30-de-junho\/","title":{"rendered":"Sefaz transfere sorteio do Nota MT para 30 de junho"},"content":{"rendered":"<p>Sorteio vai conceder R$ 900 mil em pr\u00eamios; mudan\u00e7a na data se d\u00e1 em raz\u00e3o de instabilidade no sistema. A Secretaria de Estado de Fazenda (Sefaz) adiou, mais uma vez, o sorteio do Programa Nota MT, em raz\u00e3o de manuten\u00e7\u00e3o no sistema. O sorteio referente ao m\u00eas de maio, que havia sido transferido para quinta-feira (22.06), dever\u00e1 ser realizado em 30 de junho.<\/p>\n<p>O adiamento \u00e9 necess\u00e1rio para garantir a\u00a0integridade dos procedimentos e do resultado da premia\u00e7\u00e3o, ap\u00f3s instabilidade no sistema.\u00a0A nova data do sorteio ser\u00e1 publicada no Di\u00e1rio Oficial, por meio de portaria.<\/p>\n<p>A Secretaria ressalta que nenhum participante ser\u00e1 prejudicado com a altera\u00e7\u00e3o da data, pois os bilhetes j\u00e1 foram gerados entre os dias 1\u00ba e 31 de maio. O arquivo com a lista de bilhetes, sem a identifica\u00e7\u00e3o completa do CPF, \u00e9 p\u00fablico e pode ser consultado no site ou aplicativo do Nota MT.<\/p>\n<p>Este ser\u00e1 o 61\u00ba sorteio do Nota MT e vai distribuir R$ 900 mil em pr\u00eamios. S\u00e3o 1.010 pr\u00eamios, sendo dois no valor de R$ 100 mil, tr\u00eas de R$ 50 mil, cinco de R$ 10 mil, al\u00e9m dos mil pr\u00eamios de R$ 500. Concorrer\u00e3o \u00e0s premia\u00e7\u00f5es 425.401 pessoas.<\/p>\n<p><strong>Instabilidade nos sistemas<br \/>\n<\/strong><br \/>\nOs sistemas da Sefaz ficaram indispon\u00edveis na \u00faltima quinta-feira (15.06), data incialmente prevista para o sorteio do Nota MT, devido a uma queda de energia que afetou o grupo de gerador e o datacenter da secretaria.<\/p>\n<p>A maioria dos sistemas foram restabelecidos no mesmo dia do incidente, por\u00e9m a plataforma de an\u00e1lise e gerenciamento de dados apresentou falhas de conex\u00e3o com o sistema do Nota MT.<\/p>\n<p>A equipe de tecnologia de informa\u00e7\u00e3o tem trabalhado para normalizar a situa\u00e7\u00e3o, monitorando o sistema e fazendo os devidos testes para que o sorteio ocorra sem contratempos.<\/p>\n","protected":false},"excerpt":{"rendered":"<p>Sorteio vai conceder R$ 900 mil em pr\u00eamios; mudan\u00e7a na data se d\u00e1 em raz\u00e3o de instabilidade no sistema. A Secretaria de Estado de Fazenda (Sefaz) adiou, mais uma vez, o sorteio do Programa Nota MT, em raz\u00e3o de manuten\u00e7\u00e3o no sistema. O sorteio referente ao m\u00eas de maio, que havia sido transferido para quinta-feira [&hellip;]<\/p>\n","protected":false},"author":2,"featured_media":7425,"comment_status":"closed","ping_status":"closed","sticky":false,"template":"","format":"standard","meta":{"iawp_total_views":0,"footnotes":""},"categories":[9],"tags":[],"class_list":["post-7424","post","type-post","status-publish","format-standard","has-post-thumbnail","hentry","category-economia"],"yoast_head":"<!-- This site is optimized with the Yoast SEO plugin v27.3 - https:\/\/yoast.com\/product\/yoast-seo-wordpress\/ -->\n<title>Sefaz transfere sorteio do Nota MT para 30 de junho &#8902; Blog da Condessa<\/title>\n<meta name=\"robots\" content=\"index, follow, max-snippet:-1, max-image-preview:large, max-video-preview:-1\" \/>\n<link rel=\"canonical\" href=\"https:\/\/blogdacondessa.com.br\/blog\/economia\/sefaz-transfere-sorteio-do-nota-mt-para-30-de-junho\/\" \/>\n<meta property=\"og:locale\" content=\"pt_BR\" \/>\n<meta property=\"og:type\" content=\"article\" \/>\n<meta property=\"og:title\" content=\"Sefaz transfere sorteio do Nota MT para 30 de junho &#8902; Blog da Condessa\" \/>\n<meta property=\"og:description\" content=\"Sorteio vai conceder R$ 900 mil em pr\u00eamios; mudan\u00e7a na data se d\u00e1 em raz\u00e3o de instabilidade no sistema. A Secretaria de Estado de Fazenda (Sefaz) adiou, mais uma vez, o sorteio do Programa Nota MT, em raz\u00e3o de manuten\u00e7\u00e3o no sistema. O sorteio referente ao m\u00eas de maio, que havia sido transferido para quinta-feira [&hellip;]\" \/>\n<meta property=\"og:url\" content=\"https:\/\/blogdacondessa.com.br\/blog\/economia\/sefaz-transfere-sorteio-do-nota-mt-para-30-de-junho\/\" \/>\n<meta property=\"og:site_name\" content=\"Blog da Condessa\" \/>\n<meta property=\"article:published_time\" content=\"2023-06-23T09:00:08+00:00\" \/>\n<meta property=\"og:image\" content=\"https:\/\/blogdacondessa.com.br\/blog\/wp-content\/uploads\/2023\/06\/nota-MT.jpeg\" \/>\n\t<meta property=\"og:image:width\" content=\"1280\" \/>\n\t<meta property=\"og:image:height\" content=\"853\" \/>\n\t<meta property=\"og:image:type\" content=\"image\/jpeg\" \/>\n<meta name=\"author\" content=\"Blog da Condessa\" \/>\n<meta name=\"twitter:card\" content=\"summary_large_image\" \/>\n<meta name=\"twitter:label1\" content=\"Escrito por\" \/>\n\t<meta name=\"twitter:data1\" content=\"Blog da Condessa\" \/>\n\t<meta name=\"twitter:label2\" content=\"Est. tempo de leitura\" \/>\n\t<meta name=\"twitter:data2\" content=\"2 minutos\" \/>\n<script type=\"application\/ld+json\" class=\"yoast-schema-graph\">{\"@context\":\"https:\\\/\\\/schema.org\",\"@graph\":[{\"@type\":\"Article\",\"@id\":\"https:\\\/\\\/blogdacondessa.com.br\\\/blog\\\/economia\\\/sefaz-transfere-sorteio-do-nota-mt-para-30-de-junho\\\/#article\",\"isPartOf\":{\"@id\":\"https:\\\/\\\/blogdacondessa.com.br\\\/blog\\\/economia\\\/sefaz-transfere-sorteio-do-nota-mt-para-30-de-junho\\\/\"},\"author\":{\"name\":\"Blog da Condessa\",\"@id\":\"https:\\\/\\\/blogdacondessa.com.br\\\/blog\\\/#\\\/schema\\\/person\\\/1d667ff8b785195b568677489d266035\"},\"headline\":\"Sefaz transfere sorteio do Nota MT para 30 de junho\",\"datePublished\":\"2023-06-23T09:00:08+00:00\",\"mainEntityOfPage\":{\"@id\":\"https:\\\/\\\/blogdacondessa.com.br\\\/blog\\\/economia\\\/sefaz-transfere-sorteio-do-nota-mt-para-30-de-junho\\\/\"},\"wordCount\":314,\"image\":{\"@id\":\"https:\\\/\\\/blogdacondessa.com.br\\\/blog\\\/economia\\\/sefaz-transfere-sorteio-do-nota-mt-para-30-de-junho\\\/#primaryimage\"},\"thumbnailUrl\":\"https:\\\/\\\/blogdacondessa.com.br\\\/blog\\\/wp-content\\\/uploads\\\/2023\\\/06\\\/nota-MT.jpeg\",\"articleSection\":[\"Economia\"],\"inLanguage\":\"pt-BR\"},{\"@type\":\"WebPage\",\"@id\":\"https:\\\/\\\/blogdacondessa.com.br\\\/blog\\\/economia\\\/sefaz-transfere-sorteio-do-nota-mt-para-30-de-junho\\\/\",\"url\":\"https:\\\/\\\/blogdacondessa.com.br\\\/blog\\\/economia\\\/sefaz-transfere-sorteio-do-nota-mt-para-30-de-junho\\\/\",\"name\":\"Sefaz transfere sorteio do Nota MT para 30 de junho &#8902; Blog da Condessa\",\"isPartOf\":{\"@id\":\"https:\\\/\\\/blogdacondessa.com.br\\\/blog\\\/#website\"},\"primaryImageOfPage\":{\"@id\":\"https:\\\/\\\/blogdacondessa.com.br\\\/blog\\\/economia\\\/sefaz-transfere-sorteio-do-nota-mt-para-30-de-junho\\\/#primaryimage\"},\"image\":{\"@id\":\"https:\\\/\\\/blogdacondessa.com.br\\\/blog\\\/economia\\\/sefaz-transfere-sorteio-do-nota-mt-para-30-de-junho\\\/#primaryimage\"},\"thumbnailUrl\":\"https:\\\/\\\/blogdacondessa.com.br\\\/blog\\\/wp-content\\\/uploads\\\/2023\\\/06\\\/nota-MT.jpeg\",\"datePublished\":\"2023-06-23T09:00:08+00:00\",\"author\":{\"@id\":\"https:\\\/\\\/blogdacondessa.com.br\\\/blog\\\/#\\\/schema\\\/person\\\/1d667ff8b785195b568677489d266035\"},\"breadcrumb\":{\"@id\":\"https:\\\/\\\/blogdacondessa.com.br\\\/blog\\\/economia\\\/sefaz-transfere-sorteio-do-nota-mt-para-30-de-junho\\\/#breadcrumb\"},\"inLanguage\":\"pt-BR\",\"potentialAction\":[{\"@type\":\"ReadAction\",\"target\":[\"https:\\\/\\\/blogdacondessa.com.br\\\/blog\\\/economia\\\/sefaz-transfere-sorteio-do-nota-mt-para-30-de-junho\\\/\"]}]},{\"@type\":\"ImageObject\",\"inLanguage\":\"pt-BR\",\"@id\":\"https:\\\/\\\/blogdacondessa.com.br\\\/blog\\\/economia\\\/sefaz-transfere-sorteio-do-nota-mt-para-30-de-junho\\\/#primaryimage\",\"url\":\"https:\\\/\\\/blogdacondessa.com.br\\\/blog\\\/wp-content\\\/uploads\\\/2023\\\/06\\\/nota-MT.jpeg\",\"contentUrl\":\"https:\\\/\\\/blogdacondessa.com.br\\\/blog\\\/wp-content\\\/uploads\\\/2023\\\/06\\\/nota-MT.jpeg\",\"width\":1280,\"height\":853,\"caption\":\"Foto: Secom-MT\"},{\"@type\":\"BreadcrumbList\",\"@id\":\"https:\\\/\\\/blogdacondessa.com.br\\\/blog\\\/economia\\\/sefaz-transfere-sorteio-do-nota-mt-para-30-de-junho\\\/#breadcrumb\",\"itemListElement\":[{\"@type\":\"ListItem\",\"position\":1,\"name\":\"In\u00edcio\",\"item\":\"https:\\\/\\\/blogdacondessa.com.br\\\/blog\\\/\"},{\"@type\":\"ListItem\",\"position\":2,\"name\":\"Sefaz transfere sorteio do Nota MT para 30 de junho\"}]},{\"@type\":\"WebSite\",\"@id\":\"https:\\\/\\\/blogdacondessa.com.br\\\/blog\\\/#website\",\"url\":\"https:\\\/\\\/blogdacondessa.com.br\\\/blog\\\/\",\"name\":\"Blog da Condessa\",\"description\":\"Com Shirley de Souza O\u2019Campos\",\"potentialAction\":[{\"@type\":\"SearchAction\",\"target\":{\"@type\":\"EntryPoint\",\"urlTemplate\":\"https:\\\/\\\/blogdacondessa.com.br\\\/blog\\\/?s={search_term_string}\"},\"query-input\":{\"@type\":\"PropertyValueSpecification\",\"valueRequired\":true,\"valueName\":\"search_term_string\"}}],\"inLanguage\":\"pt-BR\"},{\"@type\":\"Person\",\"@id\":\"https:\\\/\\\/blogdacondessa.com.br\\\/blog\\\/#\\\/schema\\\/person\\\/1d667ff8b785195b568677489d266035\",\"name\":\"Blog da Condessa\",\"image\":{\"@type\":\"ImageObject\",\"inLanguage\":\"pt-BR\",\"@id\":\"https:\\\/\\\/secure.gravatar.com\\\/avatar\\\/377c0eb8b4ad2bfc25461b41564b5971e721ca34a57642868fc7b0c8ac7b52c5?s=96&d=mm&r=g\",\"url\":\"https:\\\/\\\/secure.gravatar.com\\\/avatar\\\/377c0eb8b4ad2bfc25461b41564b5971e721ca34a57642868fc7b0c8ac7b52c5?s=96&d=mm&r=g\",\"contentUrl\":\"https:\\\/\\\/secure.gravatar.com\\\/avatar\\\/377c0eb8b4ad2bfc25461b41564b5971e721ca34a57642868fc7b0c8ac7b52c5?s=96&d=mm&r=g\",\"caption\":\"Blog da Condessa\"},\"url\":\"https:\\\/\\\/blogdacondessa.com.br\\\/blog\\\/author\\\/beatriz\\\/\"}]}<\/script>\n<!-- \/ Yoast SEO plugin. -->","yoast_head_json":{"title":"Sefaz transfere sorteio do Nota MT para 30 de junho &#8902; Blog da Condessa","robots":{"index":"index","follow":"follow","max-snippet":"max-snippet:-1","max-image-preview":"max-image-preview:large","max-video-preview":"max-video-preview:-1"},"canonical":"https:\/\/blogdacondessa.com.br\/blog\/economia\/sefaz-transfere-sorteio-do-nota-mt-para-30-de-junho\/","og_locale":"pt_BR","og_type":"article","og_title":"Sefaz transfere sorteio do Nota MT para 30 de junho &#8902; Blog da Condessa","og_description":"Sorteio vai conceder R$ 900 mil em pr\u00eamios; mudan\u00e7a na data se d\u00e1 em raz\u00e3o de instabilidade no sistema. A Secretaria de Estado de Fazenda (Sefaz) adiou, mais uma vez, o sorteio do Programa Nota MT, em raz\u00e3o de manuten\u00e7\u00e3o no sistema. O sorteio referente ao m\u00eas de maio, que havia sido transferido para quinta-feira [&hellip;]","og_url":"https:\/\/blogdacondessa.com.br\/blog\/economia\/sefaz-transfere-sorteio-do-nota-mt-para-30-de-junho\/","og_site_name":"Blog da Condessa","article_published_time":"2023-06-23T09:00:08+00:00","og_image":[{"width":1280,"height":853,"url":"https:\/\/blogdacondessa.com.br\/blog\/wp-content\/uploads\/2023\/06\/nota-MT.jpeg","type":"image\/jpeg"}],"author":"Blog da Condessa","twitter_card":"summary_large_image","twitter_misc":{"Escrito por":"Blog da Condessa","Est. tempo de leitura":"2 minutos"},"schema":{"@context":"https:\/\/schema.org","@graph":[{"@type":"Article","@id":"https:\/\/blogdacondessa.com.br\/blog\/economia\/sefaz-transfere-sorteio-do-nota-mt-para-30-de-junho\/#article","isPartOf":{"@id":"https:\/\/blogdacondessa.com.br\/blog\/economia\/sefaz-transfere-sorteio-do-nota-mt-para-30-de-junho\/"},"author":{"name":"Blog da Condessa","@id":"https:\/\/blogdacondessa.com.br\/blog\/#\/schema\/person\/1d667ff8b785195b568677489d266035"},"headline":"Sefaz transfere sorteio do Nota MT para 30 de junho","datePublished":"2023-06-23T09:00:08+00:00","mainEntityOfPage":{"@id":"https:\/\/blogdacondessa.com.br\/blog\/economia\/sefaz-transfere-sorteio-do-nota-mt-para-30-de-junho\/"},"wordCount":314,"image":{"@id":"https:\/\/blogdacondessa.com.br\/blog\/economia\/sefaz-transfere-sorteio-do-nota-mt-para-30-de-junho\/#primaryimage"},"thumbnailUrl":"https:\/\/blogdacondessa.com.br\/blog\/wp-content\/uploads\/2023\/06\/nota-MT.jpeg","articleSection":["Economia"],"inLanguage":"pt-BR"},{"@type":"WebPage","@id":"https:\/\/blogdacondessa.com.br\/blog\/economia\/sefaz-transfere-sorteio-do-nota-mt-para-30-de-junho\/","url":"https:\/\/blogdacondessa.com.br\/blog\/economia\/sefaz-transfere-sorteio-do-nota-mt-para-30-de-junho\/","name":"Sefaz transfere sorteio do Nota MT para 30 de junho &#8902; Blog da Condessa","isPartOf":{"@id":"https:\/\/blogdacondessa.com.br\/blog\/#website"},"primaryImageOfPage":{"@id":"https:\/\/blogdacondessa.com.br\/blog\/economia\/sefaz-transfere-sorteio-do-nota-mt-para-30-de-junho\/#primaryimage"},"image":{"@id":"https:\/\/blogdacondessa.com.br\/blog\/economia\/sefaz-transfere-sorteio-do-nota-mt-para-30-de-junho\/#primaryimage"},"thumbnailUrl":"https:\/\/blogdacondessa.com.br\/blog\/wp-content\/uploads\/2023\/06\/nota-MT.jpeg","datePublished":"2023-06-23T09:00:08+00:00","author":{"@id":"https:\/\/blogdacondessa.com.br\/blog\/#\/schema\/person\/1d667ff8b785195b568677489d266035"},"breadcrumb":{"@id":"https:\/\/blogdacondessa.com.br\/blog\/economia\/sefaz-transfere-sorteio-do-nota-mt-para-30-de-junho\/#breadcrumb"},"inLanguage":"pt-BR","potentialAction":[{"@type":"ReadAction","target":["https:\/\/blogdacondessa.com.br\/blog\/economia\/sefaz-transfere-sorteio-do-nota-mt-para-30-de-junho\/"]}]},{"@type":"ImageObject","inLanguage":"pt-BR","@id":"https:\/\/blogdacondessa.com.br\/blog\/economia\/sefaz-transfere-sorteio-do-nota-mt-para-30-de-junho\/#primaryimage","url":"https:\/\/blogdacondessa.com.br\/blog\/wp-content\/uploads\/2023\/06\/nota-MT.jpeg","contentUrl":"https:\/\/blogdacondessa.com.br\/blog\/wp-content\/uploads\/2023\/06\/nota-MT.jpeg","width":1280,"height":853,"caption":"Foto: Secom-MT"},{"@type":"BreadcrumbList","@id":"https:\/\/blogdacondessa.com.br\/blog\/economia\/sefaz-transfere-sorteio-do-nota-mt-para-30-de-junho\/#breadcrumb","itemListElement":[{"@type":"ListItem","position":1,"name":"In\u00edcio","item":"https:\/\/blogdacondessa.com.br\/blog\/"},{"@type":"ListItem","position":2,"name":"Sefaz transfere sorteio do Nota MT para 30 de junho"}]},{"@type":"WebSite","@id":"https:\/\/blogdacondessa.com.br\/blog\/#website","url":"https:\/\/blogdacondessa.com.br\/blog\/","name":"Blog da Condessa","description":"Com Shirley de Souza O\u2019Campos","potentialAction":[{"@type":"SearchAction","target":{"@type":"EntryPoint","urlTemplate":"https:\/\/blogdacondessa.com.br\/blog\/?s={search_term_string}"},"query-input":{"@type":"PropertyValueSpecification","valueRequired":true,"valueName":"search_term_string"}}],"inLanguage":"pt-BR"},{"@type":"Person","@id":"https:\/\/blogdacondessa.com.br\/blog\/#\/schema\/person\/1d667ff8b785195b568677489d266035","name":"Blog da Condessa","image":{"@type":"ImageObject","inLanguage":"pt-BR","@id":"https:\/\/secure.gravatar.com\/avatar\/377c0eb8b4ad2bfc25461b41564b5971e721ca34a57642868fc7b0c8ac7b52c5?s=96&d=mm&r=g","url":"https:\/\/secure.gravatar.com\/avatar\/377c0eb8b4ad2bfc25461b41564b5971e721ca34a57642868fc7b0c8ac7b52c5?s=96&d=mm&r=g","contentUrl":"https:\/\/secure.gravatar.com\/avatar\/377c0eb8b4ad2bfc25461b41564b5971e721ca34a57642868fc7b0c8ac7b52c5?s=96&d=mm&r=g","caption":"Blog da Condessa"},"url":"https:\/\/blogdacondessa.com.br\/blog\/author\/beatriz\/"}]}},"_links":{"self":[{"href":"https:\/\/blogdacondessa.com.br\/blog\/wp-json\/wp\/v2\/posts\/7424","targetHints":{"allow":["GET"]}}],"collection":[{"href":"https:\/\/blogdacondessa.com.br\/blog\/wp-json\/wp\/v2\/posts"}],"about":[{"href":"https:\/\/blogdacondessa.com.br\/blog\/wp-json\/wp\/v2\/types\/post"}],"author":[{"embeddable":true,"href":"https:\/\/blogdacondessa.com.br\/blog\/wp-json\/wp\/v2\/users\/2"}],"replies":[{"embeddable":true,"href":"https:\/\/blogdacondessa.com.br\/blog\/wp-json\/wp\/v2\/comments?post=7424"}],"version-history":[{"count":0,"href":"https:\/\/blogdacondessa.com.br\/blog\/wp-json\/wp\/v2\/posts\/7424\/revisions"}],"wp:featuredmedia":[{"embeddable":true,"href":"https:\/\/blogdacondessa.com.br\/blog\/wp-json\/wp\/v2\/media\/7425"}],"wp:attachment":[{"href":"https:\/\/blogdacondessa.com.br\/blog\/wp-json\/wp\/v2\/media?parent=7424"}],"wp:term":[{"taxonomy":"category","embeddable":true,"href":"https:\/\/blogdacondessa.com.br\/blog\/wp-json\/wp\/v2\/categories?post=7424"},{"taxonomy":"post_tag","embeddable":true,"href":"https:\/\/blogdacondessa.com.br\/blog\/wp-json\/wp\/v2\/tags?post=7424"}],"curies":[{"name":"wp","href":"https:\/\/api.w.org\/{rel}","templated":true}]}}