{"id":7421,"date":"2023-06-23T05:00:23","date_gmt":"2023-06-23T09:00:23","guid":{"rendered":"http:\/\/blogdacondessa.com.br\/?p=7421"},"modified":"2023-06-22T20:32:24","modified_gmt":"2023-06-23T00:32:24","slug":"o-arraia-do-pan","status":"publish","type":"post","link":"https:\/\/blogdacondessa.com.br\/blog\/cidades\/o-arraia-do-pan\/","title":{"rendered":"O Arrai\u00e1 do Pan"},"content":{"rendered":"<p>S\u00e3o tr\u00eas dias de festa e entrada gratuita. O Arrai\u00e1 do Pan est\u00e1 de volta em sua 2\u00aa edi\u00e7\u00e3o! Ser\u00e3o tr\u00eas dias de anima\u00e7\u00e3o, com muita m\u00fasica boa e divers\u00e3o garantida. O evento ser\u00e1 nos dias 23, 24 e 25 de junho no estacionamento do Pantanal Shopping, em Cuiab\u00e1.<\/p>\n<p>A programa\u00e7\u00e3o promete encantar o p\u00fablico de todas as idades. No dia 23 de junho (sexta-feira), as festividades ter\u00e3o in\u00edcio \u00e0s 17h e seguir\u00e3o at\u00e9 \u00e0s 21h. A Banda Reflexo ser\u00e1 a primeira a se apresentar, aquecendo o p\u00fablico para a noite que est\u00e1 por vir.<\/p>\n<p>Em seguida, \u00e0s 19h30, o Voa Tuiui\u00fa trar\u00e1 uma performance \u00fanica, seguida pela Banda Erre Som, que encerrar\u00e1 a noite com chave de ouro, fazendo o melhor do lambad\u00e3o cuiabano.<\/p>\n<p>No dia 24 de junho (s\u00e1bado), a festa continua a partir das 17h. O cantor Bruno Braz ser\u00e1 a primeira atra\u00e7\u00e3o do dia \u00e0s 18h, seguido pelo Grupo de Cururu Tradi\u00e7\u00e3o Cuiabana do Coxip\u00f3, \u00e0s 19h30. E para fechar a noite em grande estilo, a Banda Novo Som se apresentar\u00e1 a partir das 20h.<\/p>\n<p>J\u00e1 no dia 25 de junho (domingo), a programa\u00e7\u00e3o ter\u00e1 in\u00edcio \u00e0s 16h, com Grupo Flor Serrana \u00e0s 18h, seguido pela Banda C\u00e3o Latino, que assumir\u00e1 o palco \u00e0s 19h.<\/p>\n<p>\u201cO Pantanal Shopping quer organizar um grande evento trazendo a ess\u00eancia de uma tradicional festa junina. \u00c9 um arrai\u00e1 raiz, bem decorado e com barracas tradicionais de comidas e bebidas t\u00edpicas, al\u00e9m de todo o clima da ro\u00e7a com apresenta\u00e7\u00e3o de quadrilhas e lambad\u00e3o. Queremos oferecer lazer e entretenimento em um \u00fanico lugar, resgatando as tradi\u00e7\u00f5es juninas para toda a fam\u00edlia\u201d, afirma a gerente de marketing do shopping, Daniela Rossi.<\/p>\n<p>A entrada da festividade \u00e9 gratuita, no entanto, \u00e9 necess\u00e1rio baixar o aplicativo do Pantanal Shopping e resgatar o cupom. Bebidas e comidas ser\u00e3o vendidas no local.<\/p>\n<p><strong>Servi\u00e7o<\/strong><br \/>\nArrai\u00e1 do Pan<br \/>\nQuando: 23, 24 e 25 de junho, a partir das 17h<br \/>\nOnde: estacionamento do Pantanal Shopping, em Cuiab\u00e1.<br \/>\nIngressos: entrada gratuita. Mas\u00a0 \u00e9 necess\u00e1rio baixar o aplicativo do Pantanal Shopping e resgatar o cupom.<\/p>\n","protected":false},"excerpt":{"rendered":"<p>S\u00e3o tr\u00eas dias de festa e entrada gratuita. O Arrai\u00e1 do Pan est\u00e1 de volta em sua 2\u00aa edi\u00e7\u00e3o! Ser\u00e3o tr\u00eas dias de anima\u00e7\u00e3o, com muita m\u00fasica boa e divers\u00e3o garantida. O evento ser\u00e1 nos dias 23, 24 e 25 de junho no estacionamento do Pantanal Shopping, em Cuiab\u00e1. A programa\u00e7\u00e3o promete encantar o p\u00fablico [&hellip;]<\/p>\n","protected":false},"author":2,"featured_media":7422,"comment_status":"closed","ping_status":"closed","sticky":false,"template":"","format":"standard","meta":{"iawp_total_views":0,"footnotes":""},"categories":[12],"tags":[],"class_list":["post-7421","post","type-post","status-publish","format-standard","has-post-thumbnail","hentry","category-cidades"],"yoast_head":"<!-- This site is optimized with the Yoast SEO plugin v27.3 - https:\/\/yoast.com\/product\/yoast-seo-wordpress\/ -->\n<title>O Arrai\u00e1 do Pan &#8902; Blog da Condessa<\/title>\n<meta name=\"robots\" content=\"index, follow, max-snippet:-1, max-image-preview:large, max-video-preview:-1\" \/>\n<link rel=\"canonical\" href=\"https:\/\/blogdacondessa.com.br\/blog\/cidades\/o-arraia-do-pan\/\" \/>\n<meta property=\"og:locale\" content=\"pt_BR\" \/>\n<meta property=\"og:type\" content=\"article\" \/>\n<meta property=\"og:title\" content=\"O Arrai\u00e1 do Pan &#8902; Blog da Condessa\" \/>\n<meta property=\"og:description\" content=\"S\u00e3o tr\u00eas dias de festa e entrada gratuita. O Arrai\u00e1 do Pan est\u00e1 de volta em sua 2\u00aa edi\u00e7\u00e3o! Ser\u00e3o tr\u00eas dias de anima\u00e7\u00e3o, com muita m\u00fasica boa e divers\u00e3o garantida. O evento ser\u00e1 nos dias 23, 24 e 25 de junho no estacionamento do Pantanal Shopping, em Cuiab\u00e1. A programa\u00e7\u00e3o promete encantar o p\u00fablico [&hellip;]\" \/>\n<meta property=\"og:url\" content=\"https:\/\/blogdacondessa.com.br\/blog\/cidades\/o-arraia-do-pan\/\" \/>\n<meta property=\"og:site_name\" content=\"Blog da Condessa\" \/>\n<meta property=\"article:published_time\" content=\"2023-06-23T09:00:23+00:00\" \/>\n<meta property=\"og:image\" content=\"https:\/\/blogdacondessa.com.br\/blog\/wp-content\/uploads\/2023\/06\/arraia-do-pan.jpeg\" \/>\n\t<meta property=\"og:image:width\" content=\"920\" \/>\n\t<meta property=\"og:image:height\" content=\"690\" \/>\n\t<meta property=\"og:image:type\" content=\"image\/jpeg\" \/>\n<meta name=\"author\" content=\"Blog da Condessa\" \/>\n<meta name=\"twitter:card\" content=\"summary_large_image\" \/>\n<meta name=\"twitter:label1\" content=\"Escrito por\" \/>\n\t<meta name=\"twitter:data1\" content=\"Blog da Condessa\" \/>\n\t<meta name=\"twitter:label2\" content=\"Est. tempo de leitura\" \/>\n\t<meta name=\"twitter:data2\" content=\"2 minutos\" \/>\n<script type=\"application\/ld+json\" class=\"yoast-schema-graph\">{\"@context\":\"https:\\\/\\\/schema.org\",\"@graph\":[{\"@type\":\"Article\",\"@id\":\"https:\\\/\\\/blogdacondessa.com.br\\\/blog\\\/cidades\\\/o-arraia-do-pan\\\/#article\",\"isPartOf\":{\"@id\":\"https:\\\/\\\/blogdacondessa.com.br\\\/blog\\\/cidades\\\/o-arraia-do-pan\\\/\"},\"author\":{\"name\":\"Blog da Condessa\",\"@id\":\"https:\\\/\\\/blogdacondessa.com.br\\\/blog\\\/#\\\/schema\\\/person\\\/1d667ff8b785195b568677489d266035\"},\"headline\":\"O Arrai\u00e1 do Pan\",\"datePublished\":\"2023-06-23T09:00:23+00:00\",\"mainEntityOfPage\":{\"@id\":\"https:\\\/\\\/blogdacondessa.com.br\\\/blog\\\/cidades\\\/o-arraia-do-pan\\\/\"},\"wordCount\":367,\"image\":{\"@id\":\"https:\\\/\\\/blogdacondessa.com.br\\\/blog\\\/cidades\\\/o-arraia-do-pan\\\/#primaryimage\"},\"thumbnailUrl\":\"https:\\\/\\\/blogdacondessa.com.br\\\/blog\\\/wp-content\\\/uploads\\\/2023\\\/06\\\/arraia-do-pan.jpeg\",\"articleSection\":[\"Cidades\"],\"inLanguage\":\"pt-BR\"},{\"@type\":\"WebPage\",\"@id\":\"https:\\\/\\\/blogdacondessa.com.br\\\/blog\\\/cidades\\\/o-arraia-do-pan\\\/\",\"url\":\"https:\\\/\\\/blogdacondessa.com.br\\\/blog\\\/cidades\\\/o-arraia-do-pan\\\/\",\"name\":\"O Arrai\u00e1 do Pan &#8902; Blog da Condessa\",\"isPartOf\":{\"@id\":\"https:\\\/\\\/blogdacondessa.com.br\\\/blog\\\/#website\"},\"primaryImageOfPage\":{\"@id\":\"https:\\\/\\\/blogdacondessa.com.br\\\/blog\\\/cidades\\\/o-arraia-do-pan\\\/#primaryimage\"},\"image\":{\"@id\":\"https:\\\/\\\/blogdacondessa.com.br\\\/blog\\\/cidades\\\/o-arraia-do-pan\\\/#primaryimage\"},\"thumbnailUrl\":\"https:\\\/\\\/blogdacondessa.com.br\\\/blog\\\/wp-content\\\/uploads\\\/2023\\\/06\\\/arraia-do-pan.jpeg\",\"datePublished\":\"2023-06-23T09:00:23+00:00\",\"author\":{\"@id\":\"https:\\\/\\\/blogdacondessa.com.br\\\/blog\\\/#\\\/schema\\\/person\\\/1d667ff8b785195b568677489d266035\"},\"breadcrumb\":{\"@id\":\"https:\\\/\\\/blogdacondessa.com.br\\\/blog\\\/cidades\\\/o-arraia-do-pan\\\/#breadcrumb\"},\"inLanguage\":\"pt-BR\",\"potentialAction\":[{\"@type\":\"ReadAction\",\"target\":[\"https:\\\/\\\/blogdacondessa.com.br\\\/blog\\\/cidades\\\/o-arraia-do-pan\\\/\"]}]},{\"@type\":\"ImageObject\",\"inLanguage\":\"pt-BR\",\"@id\":\"https:\\\/\\\/blogdacondessa.com.br\\\/blog\\\/cidades\\\/o-arraia-do-pan\\\/#primaryimage\",\"url\":\"https:\\\/\\\/blogdacondessa.com.br\\\/blog\\\/wp-content\\\/uploads\\\/2023\\\/06\\\/arraia-do-pan.jpeg\",\"contentUrl\":\"https:\\\/\\\/blogdacondessa.com.br\\\/blog\\\/wp-content\\\/uploads\\\/2023\\\/06\\\/arraia-do-pan.jpeg\",\"width\":920,\"height\":690,\"caption\":\"Foto: Assessoria\"},{\"@type\":\"BreadcrumbList\",\"@id\":\"https:\\\/\\\/blogdacondessa.com.br\\\/blog\\\/cidades\\\/o-arraia-do-pan\\\/#breadcrumb\",\"itemListElement\":[{\"@type\":\"ListItem\",\"position\":1,\"name\":\"In\u00edcio\",\"item\":\"https:\\\/\\\/blogdacondessa.com.br\\\/blog\\\/\"},{\"@type\":\"ListItem\",\"position\":2,\"name\":\"O Arrai\u00e1 do Pan\"}]},{\"@type\":\"WebSite\",\"@id\":\"https:\\\/\\\/blogdacondessa.com.br\\\/blog\\\/#website\",\"url\":\"https:\\\/\\\/blogdacondessa.com.br\\\/blog\\\/\",\"name\":\"Blog da Condessa\",\"description\":\"Com Shirley de Souza O\u2019Campos\",\"potentialAction\":[{\"@type\":\"SearchAction\",\"target\":{\"@type\":\"EntryPoint\",\"urlTemplate\":\"https:\\\/\\\/blogdacondessa.com.br\\\/blog\\\/?s={search_term_string}\"},\"query-input\":{\"@type\":\"PropertyValueSpecification\",\"valueRequired\":true,\"valueName\":\"search_term_string\"}}],\"inLanguage\":\"pt-BR\"},{\"@type\":\"Person\",\"@id\":\"https:\\\/\\\/blogdacondessa.com.br\\\/blog\\\/#\\\/schema\\\/person\\\/1d667ff8b785195b568677489d266035\",\"name\":\"Blog da Condessa\",\"image\":{\"@type\":\"ImageObject\",\"inLanguage\":\"pt-BR\",\"@id\":\"https:\\\/\\\/secure.gravatar.com\\\/avatar\\\/377c0eb8b4ad2bfc25461b41564b5971e721ca34a57642868fc7b0c8ac7b52c5?s=96&d=mm&r=g\",\"url\":\"https:\\\/\\\/secure.gravatar.com\\\/avatar\\\/377c0eb8b4ad2bfc25461b41564b5971e721ca34a57642868fc7b0c8ac7b52c5?s=96&d=mm&r=g\",\"contentUrl\":\"https:\\\/\\\/secure.gravatar.com\\\/avatar\\\/377c0eb8b4ad2bfc25461b41564b5971e721ca34a57642868fc7b0c8ac7b52c5?s=96&d=mm&r=g\",\"caption\":\"Blog da Condessa\"},\"url\":\"https:\\\/\\\/blogdacondessa.com.br\\\/blog\\\/author\\\/beatriz\\\/\"}]}<\/script>\n<!-- \/ Yoast SEO plugin. -->","yoast_head_json":{"title":"O Arrai\u00e1 do Pan &#8902; Blog da Condessa","robots":{"index":"index","follow":"follow","max-snippet":"max-snippet:-1","max-image-preview":"max-image-preview:large","max-video-preview":"max-video-preview:-1"},"canonical":"https:\/\/blogdacondessa.com.br\/blog\/cidades\/o-arraia-do-pan\/","og_locale":"pt_BR","og_type":"article","og_title":"O Arrai\u00e1 do Pan &#8902; Blog da Condessa","og_description":"S\u00e3o tr\u00eas dias de festa e entrada gratuita. O Arrai\u00e1 do Pan est\u00e1 de volta em sua 2\u00aa edi\u00e7\u00e3o! Ser\u00e3o tr\u00eas dias de anima\u00e7\u00e3o, com muita m\u00fasica boa e divers\u00e3o garantida. O evento ser\u00e1 nos dias 23, 24 e 25 de junho no estacionamento do Pantanal Shopping, em Cuiab\u00e1. A programa\u00e7\u00e3o promete encantar o p\u00fablico [&hellip;]","og_url":"https:\/\/blogdacondessa.com.br\/blog\/cidades\/o-arraia-do-pan\/","og_site_name":"Blog da Condessa","article_published_time":"2023-06-23T09:00:23+00:00","og_image":[{"width":920,"height":690,"url":"https:\/\/blogdacondessa.com.br\/blog\/wp-content\/uploads\/2023\/06\/arraia-do-pan.jpeg","type":"image\/jpeg"}],"author":"Blog da Condessa","twitter_card":"summary_large_image","twitter_misc":{"Escrito por":"Blog da Condessa","Est. tempo de leitura":"2 minutos"},"schema":{"@context":"https:\/\/schema.org","@graph":[{"@type":"Article","@id":"https:\/\/blogdacondessa.com.br\/blog\/cidades\/o-arraia-do-pan\/#article","isPartOf":{"@id":"https:\/\/blogdacondessa.com.br\/blog\/cidades\/o-arraia-do-pan\/"},"author":{"name":"Blog da Condessa","@id":"https:\/\/blogdacondessa.com.br\/blog\/#\/schema\/person\/1d667ff8b785195b568677489d266035"},"headline":"O Arrai\u00e1 do Pan","datePublished":"2023-06-23T09:00:23+00:00","mainEntityOfPage":{"@id":"https:\/\/blogdacondessa.com.br\/blog\/cidades\/o-arraia-do-pan\/"},"wordCount":367,"image":{"@id":"https:\/\/blogdacondessa.com.br\/blog\/cidades\/o-arraia-do-pan\/#primaryimage"},"thumbnailUrl":"https:\/\/blogdacondessa.com.br\/blog\/wp-content\/uploads\/2023\/06\/arraia-do-pan.jpeg","articleSection":["Cidades"],"inLanguage":"pt-BR"},{"@type":"WebPage","@id":"https:\/\/blogdacondessa.com.br\/blog\/cidades\/o-arraia-do-pan\/","url":"https:\/\/blogdacondessa.com.br\/blog\/cidades\/o-arraia-do-pan\/","name":"O Arrai\u00e1 do Pan &#8902; Blog da Condessa","isPartOf":{"@id":"https:\/\/blogdacondessa.com.br\/blog\/#website"},"primaryImageOfPage":{"@id":"https:\/\/blogdacondessa.com.br\/blog\/cidades\/o-arraia-do-pan\/#primaryimage"},"image":{"@id":"https:\/\/blogdacondessa.com.br\/blog\/cidades\/o-arraia-do-pan\/#primaryimage"},"thumbnailUrl":"https:\/\/blogdacondessa.com.br\/blog\/wp-content\/uploads\/2023\/06\/arraia-do-pan.jpeg","datePublished":"2023-06-23T09:00:23+00:00","author":{"@id":"https:\/\/blogdacondessa.com.br\/blog\/#\/schema\/person\/1d667ff8b785195b568677489d266035"},"breadcrumb":{"@id":"https:\/\/blogdacondessa.com.br\/blog\/cidades\/o-arraia-do-pan\/#breadcrumb"},"inLanguage":"pt-BR","potentialAction":[{"@type":"ReadAction","target":["https:\/\/blogdacondessa.com.br\/blog\/cidades\/o-arraia-do-pan\/"]}]},{"@type":"ImageObject","inLanguage":"pt-BR","@id":"https:\/\/blogdacondessa.com.br\/blog\/cidades\/o-arraia-do-pan\/#primaryimage","url":"https:\/\/blogdacondessa.com.br\/blog\/wp-content\/uploads\/2023\/06\/arraia-do-pan.jpeg","contentUrl":"https:\/\/blogdacondessa.com.br\/blog\/wp-content\/uploads\/2023\/06\/arraia-do-pan.jpeg","width":920,"height":690,"caption":"Foto: Assessoria"},{"@type":"BreadcrumbList","@id":"https:\/\/blogdacondessa.com.br\/blog\/cidades\/o-arraia-do-pan\/#breadcrumb","itemListElement":[{"@type":"ListItem","position":1,"name":"In\u00edcio","item":"https:\/\/blogdacondessa.com.br\/blog\/"},{"@type":"ListItem","position":2,"name":"O Arrai\u00e1 do Pan"}]},{"@type":"WebSite","@id":"https:\/\/blogdacondessa.com.br\/blog\/#website","url":"https:\/\/blogdacondessa.com.br\/blog\/","name":"Blog da Condessa","description":"Com Shirley de Souza O\u2019Campos","potentialAction":[{"@type":"SearchAction","target":{"@type":"EntryPoint","urlTemplate":"https:\/\/blogdacondessa.com.br\/blog\/?s={search_term_string}"},"query-input":{"@type":"PropertyValueSpecification","valueRequired":true,"valueName":"search_term_string"}}],"inLanguage":"pt-BR"},{"@type":"Person","@id":"https:\/\/blogdacondessa.com.br\/blog\/#\/schema\/person\/1d667ff8b785195b568677489d266035","name":"Blog da Condessa","image":{"@type":"ImageObject","inLanguage":"pt-BR","@id":"https:\/\/secure.gravatar.com\/avatar\/377c0eb8b4ad2bfc25461b41564b5971e721ca34a57642868fc7b0c8ac7b52c5?s=96&d=mm&r=g","url":"https:\/\/secure.gravatar.com\/avatar\/377c0eb8b4ad2bfc25461b41564b5971e721ca34a57642868fc7b0c8ac7b52c5?s=96&d=mm&r=g","contentUrl":"https:\/\/secure.gravatar.com\/avatar\/377c0eb8b4ad2bfc25461b41564b5971e721ca34a57642868fc7b0c8ac7b52c5?s=96&d=mm&r=g","caption":"Blog da Condessa"},"url":"https:\/\/blogdacondessa.com.br\/blog\/author\/beatriz\/"}]}},"_links":{"self":[{"href":"https:\/\/blogdacondessa.com.br\/blog\/wp-json\/wp\/v2\/posts\/7421","targetHints":{"allow":["GET"]}}],"collection":[{"href":"https:\/\/blogdacondessa.com.br\/blog\/wp-json\/wp\/v2\/posts"}],"about":[{"href":"https:\/\/blogdacondessa.com.br\/blog\/wp-json\/wp\/v2\/types\/post"}],"author":[{"embeddable":true,"href":"https:\/\/blogdacondessa.com.br\/blog\/wp-json\/wp\/v2\/users\/2"}],"replies":[{"embeddable":true,"href":"https:\/\/blogdacondessa.com.br\/blog\/wp-json\/wp\/v2\/comments?post=7421"}],"version-history":[{"count":0,"href":"https:\/\/blogdacondessa.com.br\/blog\/wp-json\/wp\/v2\/posts\/7421\/revisions"}],"wp:featuredmedia":[{"embeddable":true,"href":"https:\/\/blogdacondessa.com.br\/blog\/wp-json\/wp\/v2\/media\/7422"}],"wp:attachment":[{"href":"https:\/\/blogdacondessa.com.br\/blog\/wp-json\/wp\/v2\/media?parent=7421"}],"wp:term":[{"taxonomy":"category","embeddable":true,"href":"https:\/\/blogdacondessa.com.br\/blog\/wp-json\/wp\/v2\/categories?post=7421"},{"taxonomy":"post_tag","embeddable":true,"href":"https:\/\/blogdacondessa.com.br\/blog\/wp-json\/wp\/v2\/tags?post=7421"}],"curies":[{"name":"wp","href":"https:\/\/api.w.org\/{rel}","templated":true}]}}