{"id":7418,"date":"2023-06-23T05:00:15","date_gmt":"2023-06-23T09:00:15","guid":{"rendered":"http:\/\/blogdacondessa.com.br\/?p=7418"},"modified":"2023-06-22T20:26:10","modified_gmt":"2023-06-23T00:26:10","slug":"presidente-do-tce-mt-anuncia-mesa-tecnica-para-reduzir-judicializacao-de-conflitos-na-saude","status":"publish","type":"post","link":"https:\/\/blogdacondessa.com.br\/blog\/institucional\/presidente-do-tce-mt-anuncia-mesa-tecnica-para-reduzir-judicializacao-de-conflitos-na-saude\/","title":{"rendered":"Presidente do TCE-MT anuncia mesa t\u00e9cnica para reduzir judicializa\u00e7\u00e3o de conflitos na sa\u00fade"},"content":{"rendered":"<p>O presidente do Tribunal de Contas de Mato Grosso (TCE-MT), conselheiro Jos\u00e9 Carlos Novelli, anunciou mesa t\u00e9cnica para garantir a desburocratiza\u00e7\u00e3o e a redu\u00e7\u00e3o de custos \u00e0 administra\u00e7\u00e3o p\u00fablica decorrentes da judicializa\u00e7\u00e3o de conflitos na sa\u00fade. O assunto foi discutido em reuni\u00e3o do \u00faltimo dia 20 com o conselheiro Guilherme Antonio Maluf e o desembargador do Tribunal de Justi\u00e7a de Mato Grosso (TJMT) M\u00e1rio Kono.<\/p>\n<p>\u201cO TCE tem papel fundamental na avalia\u00e7\u00e3o da execu\u00e7\u00e3o dos or\u00e7amentos desta \u00e1rea. Ent\u00e3o, ao construirmos uma solu\u00e7\u00e3o junto ao Judici\u00e1rio para dar seguran\u00e7a jur\u00eddica aos tr\u00e2mites pr\u00e9-processuais, vamos aliviar a judicializa\u00e7\u00e3o dos procedimentos e assegurar mais economia para o Poder P\u00fablico, que poder\u00e1 investir na qualidade e alcance dos atendimentos na sa\u00fade\u201d, explicou Jos\u00e9 Carlos Novelli.<\/p>\n<p>De acordo com o presidente, a mesa t\u00e9cnica vai garantir mais seguran\u00e7a t\u00e9cnico-jur\u00eddica \u00e0s Reclama\u00e7\u00f5es Pr\u00e9-Processuais (RPP) referentes ao controle dos recursos da sa\u00fade que tramitam no \u00e2mbito do Centro Judici\u00e1rio de Solu\u00e7\u00e3o de Conflitos e Cidadania (Cejusc) da Sa\u00fade P\u00fablica. Depois de validada pelos envolvidos, a conclus\u00e3o da mesa ser\u00e1 submetida ao Plen\u00e1rio para homologa\u00e7\u00e3o.<\/p>\n<p>Novelli tamb\u00e9m chamou a aten\u00e7\u00e3o para os importantes resultados j\u00e1 obtidos por meio do modelo de atua\u00e7\u00e3o consensual, adotado pela Corte de Contas como instrumento de resolu\u00e7\u00e3o de quest\u00f5es complexas. \u201cEsta ferramenta legitima o processo decis\u00f3rio e amplia a seguran\u00e7a jur\u00eddica, privilegiando a preven\u00e7\u00e3o antes da san\u00e7\u00e3o. \u00c9 um caminho sem volta rumo \u00e0 efetividade e celeridade.\u201d<\/p>\n<p>Na ocasi\u00e3o, o conselheiro Guilherme Antonio Maluf, que preside a Comiss\u00e3o Permanente de Sa\u00fade e Assist\u00eancia Social (CPSA) do TCE-MT, lembrou que as institui\u00e7\u00f5es iniciaram o debate sobre o tema em fevereiro e que agora, com a proposta do presidente, a quest\u00e3o ter\u00e1 um desfecho mais r\u00e1pido e preciso.<\/p>\n<p>Presidente do N\u00facleo Permanente de M\u00e9todos Consensuais de Solu\u00e7\u00e3o de Conflitos do TJMT, o desembargador M\u00e1rio Kono, avaliou que, a partir deste trabalho, ser\u00e1 poss\u00edvel atender com mais celeridade, presteza e com menos \u00f4nus para o estado toda a popula\u00e7\u00e3o de Mato Grosso, j\u00e1 que ser\u00e3o reduzidos a complexidade e os custos da judicializa\u00e7\u00e3o.\u00a0 Para tanto, em sua opini\u00e3o, o aux\u00edlio da Corte de Contas \u00e9 fundamental.<\/p>\n<p>\u201cA atua\u00e7\u00e3o do TCE-MT \u00e9 important\u00edssima, pois \u00e9 um \u00f3rg\u00e3o fiscalizador por natureza, tem t\u00e9cnicos de alta qualidade que poder\u00e3o nos ajudar no desenvolvimento dessa proposta. \u00c9 um trabalho feito em v\u00e1rias m\u00e3os para que uma finalidade \u00fanica seja conclu\u00edda, satisfazer todos os princ\u00edpios da administra\u00e7\u00e3o, atender os interesses do estado e, principalmente, do cidad\u00e3o\u201d, concluiu.<\/p>\n<p>&nbsp;<\/p>\n","protected":false},"excerpt":{"rendered":"<p>O presidente do Tribunal de Contas de Mato Grosso (TCE-MT), conselheiro Jos\u00e9 Carlos Novelli, anunciou mesa t\u00e9cnica para garantir a desburocratiza\u00e7\u00e3o e a redu\u00e7\u00e3o de custos \u00e0 administra\u00e7\u00e3o p\u00fablica decorrentes da judicializa\u00e7\u00e3o de conflitos na sa\u00fade. O assunto foi discutido em reuni\u00e3o do \u00faltimo dia 20 com o conselheiro Guilherme Antonio Maluf e o desembargador [&hellip;]<\/p>\n","protected":false},"author":2,"featured_media":7419,"comment_status":"closed","ping_status":"closed","sticky":false,"template":"","format":"standard","meta":{"iawp_total_views":0,"footnotes":""},"categories":[13],"tags":[],"class_list":["post-7418","post","type-post","status-publish","format-standard","has-post-thumbnail","hentry","category-institucional"],"yoast_head":"<!-- This site is optimized with the Yoast SEO plugin v27.3 - https:\/\/yoast.com\/product\/yoast-seo-wordpress\/ -->\n<title>Presidente do TCE-MT anuncia mesa t\u00e9cnica para reduzir judicializa\u00e7\u00e3o de conflitos na sa\u00fade &#8902; Blog da Condessa<\/title>\n<meta name=\"robots\" content=\"index, follow, max-snippet:-1, max-image-preview:large, max-video-preview:-1\" \/>\n<link rel=\"canonical\" href=\"https:\/\/blogdacondessa.com.br\/blog\/institucional\/presidente-do-tce-mt-anuncia-mesa-tecnica-para-reduzir-judicializacao-de-conflitos-na-saude\/\" \/>\n<meta property=\"og:locale\" content=\"pt_BR\" \/>\n<meta property=\"og:type\" content=\"article\" \/>\n<meta property=\"og:title\" content=\"Presidente do TCE-MT anuncia mesa t\u00e9cnica para reduzir judicializa\u00e7\u00e3o de conflitos na sa\u00fade &#8902; Blog da Condessa\" \/>\n<meta property=\"og:description\" content=\"O presidente do Tribunal de Contas de Mato Grosso (TCE-MT), conselheiro Jos\u00e9 Carlos Novelli, anunciou mesa t\u00e9cnica para garantir a desburocratiza\u00e7\u00e3o e a redu\u00e7\u00e3o de custos \u00e0 administra\u00e7\u00e3o p\u00fablica decorrentes da judicializa\u00e7\u00e3o de conflitos na sa\u00fade. O assunto foi discutido em reuni\u00e3o do \u00faltimo dia 20 com o conselheiro Guilherme Antonio Maluf e o desembargador [&hellip;]\" \/>\n<meta property=\"og:url\" content=\"https:\/\/blogdacondessa.com.br\/blog\/institucional\/presidente-do-tce-mt-anuncia-mesa-tecnica-para-reduzir-judicializacao-de-conflitos-na-saude\/\" \/>\n<meta property=\"og:site_name\" content=\"Blog da Condessa\" \/>\n<meta property=\"article:published_time\" content=\"2023-06-23T09:00:15+00:00\" \/>\n<meta property=\"og:image\" content=\"https:\/\/blogdacondessa.com.br\/blog\/wp-content\/uploads\/2023\/06\/novelli-scaled.jpg\" \/>\n\t<meta property=\"og:image:width\" content=\"2560\" \/>\n\t<meta property=\"og:image:height\" content=\"1707\" \/>\n\t<meta property=\"og:image:type\" content=\"image\/jpeg\" \/>\n<meta name=\"author\" content=\"Blog da Condessa\" \/>\n<meta name=\"twitter:card\" content=\"summary_large_image\" \/>\n<meta name=\"twitter:label1\" content=\"Escrito por\" \/>\n\t<meta name=\"twitter:data1\" content=\"Blog da Condessa\" \/>\n\t<meta name=\"twitter:label2\" content=\"Est. tempo de leitura\" \/>\n\t<meta name=\"twitter:data2\" content=\"3 minutos\" \/>\n<script type=\"application\/ld+json\" class=\"yoast-schema-graph\">{\"@context\":\"https:\\\/\\\/schema.org\",\"@graph\":[{\"@type\":\"Article\",\"@id\":\"https:\\\/\\\/blogdacondessa.com.br\\\/blog\\\/institucional\\\/presidente-do-tce-mt-anuncia-mesa-tecnica-para-reduzir-judicializacao-de-conflitos-na-saude\\\/#article\",\"isPartOf\":{\"@id\":\"https:\\\/\\\/blogdacondessa.com.br\\\/blog\\\/institucional\\\/presidente-do-tce-mt-anuncia-mesa-tecnica-para-reduzir-judicializacao-de-conflitos-na-saude\\\/\"},\"author\":{\"name\":\"Blog da Condessa\",\"@id\":\"https:\\\/\\\/blogdacondessa.com.br\\\/blog\\\/#\\\/schema\\\/person\\\/1d667ff8b785195b568677489d266035\"},\"headline\":\"Presidente do TCE-MT anuncia mesa t\u00e9cnica para reduzir judicializa\u00e7\u00e3o de conflitos na sa\u00fade\",\"datePublished\":\"2023-06-23T09:00:15+00:00\",\"mainEntityOfPage\":{\"@id\":\"https:\\\/\\\/blogdacondessa.com.br\\\/blog\\\/institucional\\\/presidente-do-tce-mt-anuncia-mesa-tecnica-para-reduzir-judicializacao-de-conflitos-na-saude\\\/\"},\"wordCount\":491,\"image\":{\"@id\":\"https:\\\/\\\/blogdacondessa.com.br\\\/blog\\\/institucional\\\/presidente-do-tce-mt-anuncia-mesa-tecnica-para-reduzir-judicializacao-de-conflitos-na-saude\\\/#primaryimage\"},\"thumbnailUrl\":\"https:\\\/\\\/blogdacondessa.com.br\\\/blog\\\/wp-content\\\/uploads\\\/2023\\\/06\\\/novelli-scaled.jpg\",\"articleSection\":[\"Institucional\"],\"inLanguage\":\"pt-BR\"},{\"@type\":\"WebPage\",\"@id\":\"https:\\\/\\\/blogdacondessa.com.br\\\/blog\\\/institucional\\\/presidente-do-tce-mt-anuncia-mesa-tecnica-para-reduzir-judicializacao-de-conflitos-na-saude\\\/\",\"url\":\"https:\\\/\\\/blogdacondessa.com.br\\\/blog\\\/institucional\\\/presidente-do-tce-mt-anuncia-mesa-tecnica-para-reduzir-judicializacao-de-conflitos-na-saude\\\/\",\"name\":\"Presidente do TCE-MT anuncia mesa t\u00e9cnica para reduzir judicializa\u00e7\u00e3o de conflitos na sa\u00fade &#8902; Blog da Condessa\",\"isPartOf\":{\"@id\":\"https:\\\/\\\/blogdacondessa.com.br\\\/blog\\\/#website\"},\"primaryImageOfPage\":{\"@id\":\"https:\\\/\\\/blogdacondessa.com.br\\\/blog\\\/institucional\\\/presidente-do-tce-mt-anuncia-mesa-tecnica-para-reduzir-judicializacao-de-conflitos-na-saude\\\/#primaryimage\"},\"image\":{\"@id\":\"https:\\\/\\\/blogdacondessa.com.br\\\/blog\\\/institucional\\\/presidente-do-tce-mt-anuncia-mesa-tecnica-para-reduzir-judicializacao-de-conflitos-na-saude\\\/#primaryimage\"},\"thumbnailUrl\":\"https:\\\/\\\/blogdacondessa.com.br\\\/blog\\\/wp-content\\\/uploads\\\/2023\\\/06\\\/novelli-scaled.jpg\",\"datePublished\":\"2023-06-23T09:00:15+00:00\",\"author\":{\"@id\":\"https:\\\/\\\/blogdacondessa.com.br\\\/blog\\\/#\\\/schema\\\/person\\\/1d667ff8b785195b568677489d266035\"},\"breadcrumb\":{\"@id\":\"https:\\\/\\\/blogdacondessa.com.br\\\/blog\\\/institucional\\\/presidente-do-tce-mt-anuncia-mesa-tecnica-para-reduzir-judicializacao-de-conflitos-na-saude\\\/#breadcrumb\"},\"inLanguage\":\"pt-BR\",\"potentialAction\":[{\"@type\":\"ReadAction\",\"target\":[\"https:\\\/\\\/blogdacondessa.com.br\\\/blog\\\/institucional\\\/presidente-do-tce-mt-anuncia-mesa-tecnica-para-reduzir-judicializacao-de-conflitos-na-saude\\\/\"]}]},{\"@type\":\"ImageObject\",\"inLanguage\":\"pt-BR\",\"@id\":\"https:\\\/\\\/blogdacondessa.com.br\\\/blog\\\/institucional\\\/presidente-do-tce-mt-anuncia-mesa-tecnica-para-reduzir-judicializacao-de-conflitos-na-saude\\\/#primaryimage\",\"url\":\"https:\\\/\\\/blogdacondessa.com.br\\\/blog\\\/wp-content\\\/uploads\\\/2023\\\/06\\\/novelli-scaled.jpg\",\"contentUrl\":\"https:\\\/\\\/blogdacondessa.com.br\\\/blog\\\/wp-content\\\/uploads\\\/2023\\\/06\\\/novelli-scaled.jpg\",\"width\":2560,\"height\":1707},{\"@type\":\"BreadcrumbList\",\"@id\":\"https:\\\/\\\/blogdacondessa.com.br\\\/blog\\\/institucional\\\/presidente-do-tce-mt-anuncia-mesa-tecnica-para-reduzir-judicializacao-de-conflitos-na-saude\\\/#breadcrumb\",\"itemListElement\":[{\"@type\":\"ListItem\",\"position\":1,\"name\":\"In\u00edcio\",\"item\":\"https:\\\/\\\/blogdacondessa.com.br\\\/blog\\\/\"},{\"@type\":\"ListItem\",\"position\":2,\"name\":\"Presidente do TCE-MT anuncia mesa t\u00e9cnica para reduzir judicializa\u00e7\u00e3o de conflitos na sa\u00fade\"}]},{\"@type\":\"WebSite\",\"@id\":\"https:\\\/\\\/blogdacondessa.com.br\\\/blog\\\/#website\",\"url\":\"https:\\\/\\\/blogdacondessa.com.br\\\/blog\\\/\",\"name\":\"Blog da Condessa\",\"description\":\"Com Shirley de Souza O\u2019Campos\",\"potentialAction\":[{\"@type\":\"SearchAction\",\"target\":{\"@type\":\"EntryPoint\",\"urlTemplate\":\"https:\\\/\\\/blogdacondessa.com.br\\\/blog\\\/?s={search_term_string}\"},\"query-input\":{\"@type\":\"PropertyValueSpecification\",\"valueRequired\":true,\"valueName\":\"search_term_string\"}}],\"inLanguage\":\"pt-BR\"},{\"@type\":\"Person\",\"@id\":\"https:\\\/\\\/blogdacondessa.com.br\\\/blog\\\/#\\\/schema\\\/person\\\/1d667ff8b785195b568677489d266035\",\"name\":\"Blog da Condessa\",\"image\":{\"@type\":\"ImageObject\",\"inLanguage\":\"pt-BR\",\"@id\":\"https:\\\/\\\/secure.gravatar.com\\\/avatar\\\/377c0eb8b4ad2bfc25461b41564b5971e721ca34a57642868fc7b0c8ac7b52c5?s=96&d=mm&r=g\",\"url\":\"https:\\\/\\\/secure.gravatar.com\\\/avatar\\\/377c0eb8b4ad2bfc25461b41564b5971e721ca34a57642868fc7b0c8ac7b52c5?s=96&d=mm&r=g\",\"contentUrl\":\"https:\\\/\\\/secure.gravatar.com\\\/avatar\\\/377c0eb8b4ad2bfc25461b41564b5971e721ca34a57642868fc7b0c8ac7b52c5?s=96&d=mm&r=g\",\"caption\":\"Blog da Condessa\"},\"url\":\"https:\\\/\\\/blogdacondessa.com.br\\\/blog\\\/author\\\/beatriz\\\/\"}]}<\/script>\n<!-- \/ Yoast SEO plugin. -->","yoast_head_json":{"title":"Presidente do TCE-MT anuncia mesa t\u00e9cnica para reduzir judicializa\u00e7\u00e3o de conflitos na sa\u00fade &#8902; Blog da Condessa","robots":{"index":"index","follow":"follow","max-snippet":"max-snippet:-1","max-image-preview":"max-image-preview:large","max-video-preview":"max-video-preview:-1"},"canonical":"https:\/\/blogdacondessa.com.br\/blog\/institucional\/presidente-do-tce-mt-anuncia-mesa-tecnica-para-reduzir-judicializacao-de-conflitos-na-saude\/","og_locale":"pt_BR","og_type":"article","og_title":"Presidente do TCE-MT anuncia mesa t\u00e9cnica para reduzir judicializa\u00e7\u00e3o de conflitos na sa\u00fade &#8902; Blog da Condessa","og_description":"O presidente do Tribunal de Contas de Mato Grosso (TCE-MT), conselheiro Jos\u00e9 Carlos Novelli, anunciou mesa t\u00e9cnica para garantir a desburocratiza\u00e7\u00e3o e a redu\u00e7\u00e3o de custos \u00e0 administra\u00e7\u00e3o p\u00fablica decorrentes da judicializa\u00e7\u00e3o de conflitos na sa\u00fade. O assunto foi discutido em reuni\u00e3o do \u00faltimo dia 20 com o conselheiro Guilherme Antonio Maluf e o desembargador [&hellip;]","og_url":"https:\/\/blogdacondessa.com.br\/blog\/institucional\/presidente-do-tce-mt-anuncia-mesa-tecnica-para-reduzir-judicializacao-de-conflitos-na-saude\/","og_site_name":"Blog da Condessa","article_published_time":"2023-06-23T09:00:15+00:00","og_image":[{"width":2560,"height":1707,"url":"https:\/\/blogdacondessa.com.br\/blog\/wp-content\/uploads\/2023\/06\/novelli-scaled.jpg","type":"image\/jpeg"}],"author":"Blog da Condessa","twitter_card":"summary_large_image","twitter_misc":{"Escrito por":"Blog da Condessa","Est. tempo de leitura":"3 minutos"},"schema":{"@context":"https:\/\/schema.org","@graph":[{"@type":"Article","@id":"https:\/\/blogdacondessa.com.br\/blog\/institucional\/presidente-do-tce-mt-anuncia-mesa-tecnica-para-reduzir-judicializacao-de-conflitos-na-saude\/#article","isPartOf":{"@id":"https:\/\/blogdacondessa.com.br\/blog\/institucional\/presidente-do-tce-mt-anuncia-mesa-tecnica-para-reduzir-judicializacao-de-conflitos-na-saude\/"},"author":{"name":"Blog da Condessa","@id":"https:\/\/blogdacondessa.com.br\/blog\/#\/schema\/person\/1d667ff8b785195b568677489d266035"},"headline":"Presidente do TCE-MT anuncia mesa t\u00e9cnica para reduzir judicializa\u00e7\u00e3o de conflitos na sa\u00fade","datePublished":"2023-06-23T09:00:15+00:00","mainEntityOfPage":{"@id":"https:\/\/blogdacondessa.com.br\/blog\/institucional\/presidente-do-tce-mt-anuncia-mesa-tecnica-para-reduzir-judicializacao-de-conflitos-na-saude\/"},"wordCount":491,"image":{"@id":"https:\/\/blogdacondessa.com.br\/blog\/institucional\/presidente-do-tce-mt-anuncia-mesa-tecnica-para-reduzir-judicializacao-de-conflitos-na-saude\/#primaryimage"},"thumbnailUrl":"https:\/\/blogdacondessa.com.br\/blog\/wp-content\/uploads\/2023\/06\/novelli-scaled.jpg","articleSection":["Institucional"],"inLanguage":"pt-BR"},{"@type":"WebPage","@id":"https:\/\/blogdacondessa.com.br\/blog\/institucional\/presidente-do-tce-mt-anuncia-mesa-tecnica-para-reduzir-judicializacao-de-conflitos-na-saude\/","url":"https:\/\/blogdacondessa.com.br\/blog\/institucional\/presidente-do-tce-mt-anuncia-mesa-tecnica-para-reduzir-judicializacao-de-conflitos-na-saude\/","name":"Presidente do TCE-MT anuncia mesa t\u00e9cnica para reduzir judicializa\u00e7\u00e3o de conflitos na sa\u00fade &#8902; Blog da Condessa","isPartOf":{"@id":"https:\/\/blogdacondessa.com.br\/blog\/#website"},"primaryImageOfPage":{"@id":"https:\/\/blogdacondessa.com.br\/blog\/institucional\/presidente-do-tce-mt-anuncia-mesa-tecnica-para-reduzir-judicializacao-de-conflitos-na-saude\/#primaryimage"},"image":{"@id":"https:\/\/blogdacondessa.com.br\/blog\/institucional\/presidente-do-tce-mt-anuncia-mesa-tecnica-para-reduzir-judicializacao-de-conflitos-na-saude\/#primaryimage"},"thumbnailUrl":"https:\/\/blogdacondessa.com.br\/blog\/wp-content\/uploads\/2023\/06\/novelli-scaled.jpg","datePublished":"2023-06-23T09:00:15+00:00","author":{"@id":"https:\/\/blogdacondessa.com.br\/blog\/#\/schema\/person\/1d667ff8b785195b568677489d266035"},"breadcrumb":{"@id":"https:\/\/blogdacondessa.com.br\/blog\/institucional\/presidente-do-tce-mt-anuncia-mesa-tecnica-para-reduzir-judicializacao-de-conflitos-na-saude\/#breadcrumb"},"inLanguage":"pt-BR","potentialAction":[{"@type":"ReadAction","target":["https:\/\/blogdacondessa.com.br\/blog\/institucional\/presidente-do-tce-mt-anuncia-mesa-tecnica-para-reduzir-judicializacao-de-conflitos-na-saude\/"]}]},{"@type":"ImageObject","inLanguage":"pt-BR","@id":"https:\/\/blogdacondessa.com.br\/blog\/institucional\/presidente-do-tce-mt-anuncia-mesa-tecnica-para-reduzir-judicializacao-de-conflitos-na-saude\/#primaryimage","url":"https:\/\/blogdacondessa.com.br\/blog\/wp-content\/uploads\/2023\/06\/novelli-scaled.jpg","contentUrl":"https:\/\/blogdacondessa.com.br\/blog\/wp-content\/uploads\/2023\/06\/novelli-scaled.jpg","width":2560,"height":1707},{"@type":"BreadcrumbList","@id":"https:\/\/blogdacondessa.com.br\/blog\/institucional\/presidente-do-tce-mt-anuncia-mesa-tecnica-para-reduzir-judicializacao-de-conflitos-na-saude\/#breadcrumb","itemListElement":[{"@type":"ListItem","position":1,"name":"In\u00edcio","item":"https:\/\/blogdacondessa.com.br\/blog\/"},{"@type":"ListItem","position":2,"name":"Presidente do TCE-MT anuncia mesa t\u00e9cnica para reduzir judicializa\u00e7\u00e3o de conflitos na sa\u00fade"}]},{"@type":"WebSite","@id":"https:\/\/blogdacondessa.com.br\/blog\/#website","url":"https:\/\/blogdacondessa.com.br\/blog\/","name":"Blog da Condessa","description":"Com Shirley de Souza O\u2019Campos","potentialAction":[{"@type":"SearchAction","target":{"@type":"EntryPoint","urlTemplate":"https:\/\/blogdacondessa.com.br\/blog\/?s={search_term_string}"},"query-input":{"@type":"PropertyValueSpecification","valueRequired":true,"valueName":"search_term_string"}}],"inLanguage":"pt-BR"},{"@type":"Person","@id":"https:\/\/blogdacondessa.com.br\/blog\/#\/schema\/person\/1d667ff8b785195b568677489d266035","name":"Blog da Condessa","image":{"@type":"ImageObject","inLanguage":"pt-BR","@id":"https:\/\/secure.gravatar.com\/avatar\/377c0eb8b4ad2bfc25461b41564b5971e721ca34a57642868fc7b0c8ac7b52c5?s=96&d=mm&r=g","url":"https:\/\/secure.gravatar.com\/avatar\/377c0eb8b4ad2bfc25461b41564b5971e721ca34a57642868fc7b0c8ac7b52c5?s=96&d=mm&r=g","contentUrl":"https:\/\/secure.gravatar.com\/avatar\/377c0eb8b4ad2bfc25461b41564b5971e721ca34a57642868fc7b0c8ac7b52c5?s=96&d=mm&r=g","caption":"Blog da Condessa"},"url":"https:\/\/blogdacondessa.com.br\/blog\/author\/beatriz\/"}]}},"_links":{"self":[{"href":"https:\/\/blogdacondessa.com.br\/blog\/wp-json\/wp\/v2\/posts\/7418","targetHints":{"allow":["GET"]}}],"collection":[{"href":"https:\/\/blogdacondessa.com.br\/blog\/wp-json\/wp\/v2\/posts"}],"about":[{"href":"https:\/\/blogdacondessa.com.br\/blog\/wp-json\/wp\/v2\/types\/post"}],"author":[{"embeddable":true,"href":"https:\/\/blogdacondessa.com.br\/blog\/wp-json\/wp\/v2\/users\/2"}],"replies":[{"embeddable":true,"href":"https:\/\/blogdacondessa.com.br\/blog\/wp-json\/wp\/v2\/comments?post=7418"}],"version-history":[{"count":0,"href":"https:\/\/blogdacondessa.com.br\/blog\/wp-json\/wp\/v2\/posts\/7418\/revisions"}],"wp:featuredmedia":[{"embeddable":true,"href":"https:\/\/blogdacondessa.com.br\/blog\/wp-json\/wp\/v2\/media\/7419"}],"wp:attachment":[{"href":"https:\/\/blogdacondessa.com.br\/blog\/wp-json\/wp\/v2\/media?parent=7418"}],"wp:term":[{"taxonomy":"category","embeddable":true,"href":"https:\/\/blogdacondessa.com.br\/blog\/wp-json\/wp\/v2\/categories?post=7418"},{"taxonomy":"post_tag","embeddable":true,"href":"https:\/\/blogdacondessa.com.br\/blog\/wp-json\/wp\/v2\/tags?post=7418"}],"curies":[{"name":"wp","href":"https:\/\/api.w.org\/{rel}","templated":true}]}}