{"id":7349,"date":"2023-06-13T05:00:22","date_gmt":"2023-06-13T09:00:22","guid":{"rendered":"http:\/\/blogdacondessa.com.br\/?p=7349"},"modified":"2023-06-12T18:55:55","modified_gmt":"2023-06-12T22:55:55","slug":"a-1a-grande-feira-de-orquideas-no-shopping-orla","status":"publish","type":"post","link":"https:\/\/blogdacondessa.com.br\/blog\/geral\/a-1a-grande-feira-de-orquideas-no-shopping-orla\/","title":{"rendered":"A &#8216;1\u00aa Grande Feira de Orqu\u00eddeas&#8217; no Shopping Orla"},"content":{"rendered":"<p>Na semana do Dia dos Namorados, a Prefeitura de Cuiab\u00e1, por meio da Secretaria de Agricultura, Trabalho e Desenvolvimento Econ\u00f4mico realiza a &#8220;1\u00aa Grande Feira de Orqu\u00eddeas&#8221; no Shopping Orla. O evento come\u00e7a nesta quinta-feira (15) e vai at\u00e9 domingo (18), sendo que, de quinta a s\u00e1bado funcionar\u00e1 das 8h \u00e0s 18h e no domingo ser\u00e1 das 8h \u00e0s 12h.<\/p>\n<p>Os admiradores de orqu\u00eddeas ter\u00e3o acesso a uma grande variedade de cores e formas, al\u00e9m de vasos, adubos e outros elementos essenciais para o cultivo das flores. As orqu\u00eddeas s\u00e3o conhecidas por sua beleza exuberante e pela rica diversidade encontrada na Fam\u00edlia Orchidaceae, composta por centenas de milhares de esp\u00e9cies e h\u00edbridos. No Brasil, em particular, onde existem mais de 3.000 esp\u00e9cies nativas, as orqu\u00eddeas desempenham um papel significativo na flora.<\/p>\n<p>Um dos destaques da feira ser\u00e1 a presen\u00e7a do Orquid\u00e1rio Itaipava, importante produtor e expositor brasileiro, que trar\u00e1 uma grande variedade de novidades, como a Calanthe vestita, Dendrobium esp\u00e9cies e h\u00edbridos, Cattleya em todas as cores, Catasetum e Vanda. Essas flores estar\u00e3o dispon\u00edveis ao p\u00fablico a partir de R$ 10,00. Al\u00e9m das orqu\u00eddeas, a feira tamb\u00e9m contar\u00e1 com uma diversidade de plantas ornamentais, com destaque para a bel\u00edssima Rosa do Deserto.<\/p>\n<p>S\u00e9rgio Gomes de Freitas, coordenador e organizador da feira, destaca o importante apoio da Prefeitura de Cuiab\u00e1, por meio da Secretaria de Trabalho e Desenvolvimento Econ\u00f4mico, para a realiza\u00e7\u00e3o desse evento. &#8220;Desde que iniciei o cultivo e o com\u00e9rcio dessas plantas, a Prefeitura sempre nos deu um apoio fundamental. Agora, estamos ainda mais preparados para atender nossos clientes e fornecer orienta\u00e7\u00f5es sobre os cuidados com as plantas&#8221;, ressalta S\u00e9rgio.<\/p>\n<p><strong>Servi\u00e7o:<\/strong><\/p>\n<p>O que: 1\u00aa Grande Feira de Orqu\u00eddeas do Shopping Orla<\/p>\n<p>Data: 15 a 18 de junho<\/p>\n<p>Local: Shopping Orla \u2013 ao lado do Mercado do Porto<\/p>\n<p>Hor\u00e1rio: 08 \u00e0s 18h (no domingo vai at\u00e9 12h)<\/p>\n<p>&nbsp;<\/p>\n","protected":false},"excerpt":{"rendered":"<p>Na semana do Dia dos Namorados, a Prefeitura de Cuiab\u00e1, por meio da Secretaria de Agricultura, Trabalho e Desenvolvimento Econ\u00f4mico realiza a &#8220;1\u00aa Grande Feira de Orqu\u00eddeas&#8221; no Shopping Orla. O evento come\u00e7a nesta quinta-feira (15) e vai at\u00e9 domingo (18), sendo que, de quinta a s\u00e1bado funcionar\u00e1 das 8h \u00e0s 18h e no domingo [&hellip;]<\/p>\n","protected":false},"author":2,"featured_media":7350,"comment_status":"closed","ping_status":"closed","sticky":false,"template":"","format":"standard","meta":{"iawp_total_views":1,"footnotes":""},"categories":[16],"tags":[],"class_list":["post-7349","post","type-post","status-publish","format-standard","has-post-thumbnail","hentry","category-geral"],"yoast_head":"<!-- This site is optimized with the Yoast SEO plugin v27.3 - https:\/\/yoast.com\/product\/yoast-seo-wordpress\/ -->\n<title>A &#039;1\u00aa Grande Feira de Orqu\u00eddeas&#039; no Shopping Orla &#8902; Blog da Condessa<\/title>\n<meta name=\"robots\" content=\"index, follow, max-snippet:-1, max-image-preview:large, max-video-preview:-1\" \/>\n<link rel=\"canonical\" href=\"https:\/\/blogdacondessa.com.br\/blog\/geral\/a-1a-grande-feira-de-orquideas-no-shopping-orla\/\" \/>\n<meta property=\"og:locale\" content=\"pt_BR\" \/>\n<meta property=\"og:type\" content=\"article\" \/>\n<meta property=\"og:title\" content=\"A &#039;1\u00aa Grande Feira de Orqu\u00eddeas&#039; no Shopping Orla &#8902; Blog da Condessa\" \/>\n<meta property=\"og:description\" content=\"Na semana do Dia dos Namorados, a Prefeitura de Cuiab\u00e1, por meio da Secretaria de Agricultura, Trabalho e Desenvolvimento Econ\u00f4mico realiza a &#8220;1\u00aa Grande Feira de Orqu\u00eddeas&#8221; no Shopping Orla. O evento come\u00e7a nesta quinta-feira (15) e vai at\u00e9 domingo (18), sendo que, de quinta a s\u00e1bado funcionar\u00e1 das 8h \u00e0s 18h e no domingo [&hellip;]\" \/>\n<meta property=\"og:url\" content=\"https:\/\/blogdacondessa.com.br\/blog\/geral\/a-1a-grande-feira-de-orquideas-no-shopping-orla\/\" \/>\n<meta property=\"og:site_name\" content=\"Blog da Condessa\" \/>\n<meta property=\"article:published_time\" content=\"2023-06-13T09:00:22+00:00\" \/>\n<meta property=\"og:image\" content=\"https:\/\/blogdacondessa.com.br\/blog\/wp-content\/uploads\/2023\/06\/orquideas.jpg\" \/>\n\t<meta property=\"og:image:width\" content=\"590\" \/>\n\t<meta property=\"og:image:height\" content=\"393\" \/>\n\t<meta property=\"og:image:type\" content=\"image\/jpeg\" \/>\n<meta name=\"author\" content=\"Blog da Condessa\" \/>\n<meta name=\"twitter:card\" content=\"summary_large_image\" \/>\n<meta name=\"twitter:label1\" content=\"Escrito por\" \/>\n\t<meta name=\"twitter:data1\" content=\"Blog da Condessa\" \/>\n\t<meta name=\"twitter:label2\" content=\"Est. tempo de leitura\" \/>\n\t<meta name=\"twitter:data2\" content=\"2 minutos\" \/>\n<script type=\"application\/ld+json\" class=\"yoast-schema-graph\">{\"@context\":\"https:\\\/\\\/schema.org\",\"@graph\":[{\"@type\":\"Article\",\"@id\":\"https:\\\/\\\/blogdacondessa.com.br\\\/blog\\\/geral\\\/a-1a-grande-feira-de-orquideas-no-shopping-orla\\\/#article\",\"isPartOf\":{\"@id\":\"https:\\\/\\\/blogdacondessa.com.br\\\/blog\\\/geral\\\/a-1a-grande-feira-de-orquideas-no-shopping-orla\\\/\"},\"author\":{\"name\":\"Blog da Condessa\",\"@id\":\"https:\\\/\\\/blogdacondessa.com.br\\\/blog\\\/#\\\/schema\\\/person\\\/1d667ff8b785195b568677489d266035\"},\"headline\":\"A &#8216;1\u00aa Grande Feira de Orqu\u00eddeas&#8217; no Shopping Orla\",\"datePublished\":\"2023-06-13T09:00:22+00:00\",\"mainEntityOfPage\":{\"@id\":\"https:\\\/\\\/blogdacondessa.com.br\\\/blog\\\/geral\\\/a-1a-grande-feira-de-orquideas-no-shopping-orla\\\/\"},\"wordCount\":341,\"image\":{\"@id\":\"https:\\\/\\\/blogdacondessa.com.br\\\/blog\\\/geral\\\/a-1a-grande-feira-de-orquideas-no-shopping-orla\\\/#primaryimage\"},\"thumbnailUrl\":\"https:\\\/\\\/blogdacondessa.com.br\\\/blog\\\/wp-content\\\/uploads\\\/2023\\\/06\\\/orquideas.jpg\",\"articleSection\":[\"Variedades\"],\"inLanguage\":\"pt-BR\"},{\"@type\":\"WebPage\",\"@id\":\"https:\\\/\\\/blogdacondessa.com.br\\\/blog\\\/geral\\\/a-1a-grande-feira-de-orquideas-no-shopping-orla\\\/\",\"url\":\"https:\\\/\\\/blogdacondessa.com.br\\\/blog\\\/geral\\\/a-1a-grande-feira-de-orquideas-no-shopping-orla\\\/\",\"name\":\"A '1\u00aa Grande Feira de Orqu\u00eddeas' no Shopping Orla &#8902; Blog da Condessa\",\"isPartOf\":{\"@id\":\"https:\\\/\\\/blogdacondessa.com.br\\\/blog\\\/#website\"},\"primaryImageOfPage\":{\"@id\":\"https:\\\/\\\/blogdacondessa.com.br\\\/blog\\\/geral\\\/a-1a-grande-feira-de-orquideas-no-shopping-orla\\\/#primaryimage\"},\"image\":{\"@id\":\"https:\\\/\\\/blogdacondessa.com.br\\\/blog\\\/geral\\\/a-1a-grande-feira-de-orquideas-no-shopping-orla\\\/#primaryimage\"},\"thumbnailUrl\":\"https:\\\/\\\/blogdacondessa.com.br\\\/blog\\\/wp-content\\\/uploads\\\/2023\\\/06\\\/orquideas.jpg\",\"datePublished\":\"2023-06-13T09:00:22+00:00\",\"author\":{\"@id\":\"https:\\\/\\\/blogdacondessa.com.br\\\/blog\\\/#\\\/schema\\\/person\\\/1d667ff8b785195b568677489d266035\"},\"breadcrumb\":{\"@id\":\"https:\\\/\\\/blogdacondessa.com.br\\\/blog\\\/geral\\\/a-1a-grande-feira-de-orquideas-no-shopping-orla\\\/#breadcrumb\"},\"inLanguage\":\"pt-BR\",\"potentialAction\":[{\"@type\":\"ReadAction\",\"target\":[\"https:\\\/\\\/blogdacondessa.com.br\\\/blog\\\/geral\\\/a-1a-grande-feira-de-orquideas-no-shopping-orla\\\/\"]}]},{\"@type\":\"ImageObject\",\"inLanguage\":\"pt-BR\",\"@id\":\"https:\\\/\\\/blogdacondessa.com.br\\\/blog\\\/geral\\\/a-1a-grande-feira-de-orquideas-no-shopping-orla\\\/#primaryimage\",\"url\":\"https:\\\/\\\/blogdacondessa.com.br\\\/blog\\\/wp-content\\\/uploads\\\/2023\\\/06\\\/orquideas.jpg\",\"contentUrl\":\"https:\\\/\\\/blogdacondessa.com.br\\\/blog\\\/wp-content\\\/uploads\\\/2023\\\/06\\\/orquideas.jpg\",\"width\":590,\"height\":393,\"caption\":\"Foto: Davi Valle\"},{\"@type\":\"BreadcrumbList\",\"@id\":\"https:\\\/\\\/blogdacondessa.com.br\\\/blog\\\/geral\\\/a-1a-grande-feira-de-orquideas-no-shopping-orla\\\/#breadcrumb\",\"itemListElement\":[{\"@type\":\"ListItem\",\"position\":1,\"name\":\"In\u00edcio\",\"item\":\"https:\\\/\\\/blogdacondessa.com.br\\\/blog\\\/\"},{\"@type\":\"ListItem\",\"position\":2,\"name\":\"A &#8216;1\u00aa Grande Feira de Orqu\u00eddeas&#8217; no Shopping Orla\"}]},{\"@type\":\"WebSite\",\"@id\":\"https:\\\/\\\/blogdacondessa.com.br\\\/blog\\\/#website\",\"url\":\"https:\\\/\\\/blogdacondessa.com.br\\\/blog\\\/\",\"name\":\"Blog da Condessa\",\"description\":\"Com Shirley de Souza O\u2019Campos\",\"potentialAction\":[{\"@type\":\"SearchAction\",\"target\":{\"@type\":\"EntryPoint\",\"urlTemplate\":\"https:\\\/\\\/blogdacondessa.com.br\\\/blog\\\/?s={search_term_string}\"},\"query-input\":{\"@type\":\"PropertyValueSpecification\",\"valueRequired\":true,\"valueName\":\"search_term_string\"}}],\"inLanguage\":\"pt-BR\"},{\"@type\":\"Person\",\"@id\":\"https:\\\/\\\/blogdacondessa.com.br\\\/blog\\\/#\\\/schema\\\/person\\\/1d667ff8b785195b568677489d266035\",\"name\":\"Blog da Condessa\",\"image\":{\"@type\":\"ImageObject\",\"inLanguage\":\"pt-BR\",\"@id\":\"https:\\\/\\\/secure.gravatar.com\\\/avatar\\\/377c0eb8b4ad2bfc25461b41564b5971e721ca34a57642868fc7b0c8ac7b52c5?s=96&d=mm&r=g\",\"url\":\"https:\\\/\\\/secure.gravatar.com\\\/avatar\\\/377c0eb8b4ad2bfc25461b41564b5971e721ca34a57642868fc7b0c8ac7b52c5?s=96&d=mm&r=g\",\"contentUrl\":\"https:\\\/\\\/secure.gravatar.com\\\/avatar\\\/377c0eb8b4ad2bfc25461b41564b5971e721ca34a57642868fc7b0c8ac7b52c5?s=96&d=mm&r=g\",\"caption\":\"Blog da Condessa\"},\"url\":\"https:\\\/\\\/blogdacondessa.com.br\\\/blog\\\/author\\\/beatriz\\\/\"}]}<\/script>\n<!-- \/ Yoast SEO plugin. -->","yoast_head_json":{"title":"A '1\u00aa Grande Feira de Orqu\u00eddeas' no Shopping Orla &#8902; Blog da Condessa","robots":{"index":"index","follow":"follow","max-snippet":"max-snippet:-1","max-image-preview":"max-image-preview:large","max-video-preview":"max-video-preview:-1"},"canonical":"https:\/\/blogdacondessa.com.br\/blog\/geral\/a-1a-grande-feira-de-orquideas-no-shopping-orla\/","og_locale":"pt_BR","og_type":"article","og_title":"A '1\u00aa Grande Feira de Orqu\u00eddeas' no Shopping Orla &#8902; Blog da Condessa","og_description":"Na semana do Dia dos Namorados, a Prefeitura de Cuiab\u00e1, por meio da Secretaria de Agricultura, Trabalho e Desenvolvimento Econ\u00f4mico realiza a &#8220;1\u00aa Grande Feira de Orqu\u00eddeas&#8221; no Shopping Orla. O evento come\u00e7a nesta quinta-feira (15) e vai at\u00e9 domingo (18), sendo que, de quinta a s\u00e1bado funcionar\u00e1 das 8h \u00e0s 18h e no domingo [&hellip;]","og_url":"https:\/\/blogdacondessa.com.br\/blog\/geral\/a-1a-grande-feira-de-orquideas-no-shopping-orla\/","og_site_name":"Blog da Condessa","article_published_time":"2023-06-13T09:00:22+00:00","og_image":[{"width":590,"height":393,"url":"https:\/\/blogdacondessa.com.br\/blog\/wp-content\/uploads\/2023\/06\/orquideas.jpg","type":"image\/jpeg"}],"author":"Blog da Condessa","twitter_card":"summary_large_image","twitter_misc":{"Escrito por":"Blog da Condessa","Est. tempo de leitura":"2 minutos"},"schema":{"@context":"https:\/\/schema.org","@graph":[{"@type":"Article","@id":"https:\/\/blogdacondessa.com.br\/blog\/geral\/a-1a-grande-feira-de-orquideas-no-shopping-orla\/#article","isPartOf":{"@id":"https:\/\/blogdacondessa.com.br\/blog\/geral\/a-1a-grande-feira-de-orquideas-no-shopping-orla\/"},"author":{"name":"Blog da Condessa","@id":"https:\/\/blogdacondessa.com.br\/blog\/#\/schema\/person\/1d667ff8b785195b568677489d266035"},"headline":"A &#8216;1\u00aa Grande Feira de Orqu\u00eddeas&#8217; no Shopping Orla","datePublished":"2023-06-13T09:00:22+00:00","mainEntityOfPage":{"@id":"https:\/\/blogdacondessa.com.br\/blog\/geral\/a-1a-grande-feira-de-orquideas-no-shopping-orla\/"},"wordCount":341,"image":{"@id":"https:\/\/blogdacondessa.com.br\/blog\/geral\/a-1a-grande-feira-de-orquideas-no-shopping-orla\/#primaryimage"},"thumbnailUrl":"https:\/\/blogdacondessa.com.br\/blog\/wp-content\/uploads\/2023\/06\/orquideas.jpg","articleSection":["Variedades"],"inLanguage":"pt-BR"},{"@type":"WebPage","@id":"https:\/\/blogdacondessa.com.br\/blog\/geral\/a-1a-grande-feira-de-orquideas-no-shopping-orla\/","url":"https:\/\/blogdacondessa.com.br\/blog\/geral\/a-1a-grande-feira-de-orquideas-no-shopping-orla\/","name":"A '1\u00aa Grande Feira de Orqu\u00eddeas' no Shopping Orla &#8902; Blog da Condessa","isPartOf":{"@id":"https:\/\/blogdacondessa.com.br\/blog\/#website"},"primaryImageOfPage":{"@id":"https:\/\/blogdacondessa.com.br\/blog\/geral\/a-1a-grande-feira-de-orquideas-no-shopping-orla\/#primaryimage"},"image":{"@id":"https:\/\/blogdacondessa.com.br\/blog\/geral\/a-1a-grande-feira-de-orquideas-no-shopping-orla\/#primaryimage"},"thumbnailUrl":"https:\/\/blogdacondessa.com.br\/blog\/wp-content\/uploads\/2023\/06\/orquideas.jpg","datePublished":"2023-06-13T09:00:22+00:00","author":{"@id":"https:\/\/blogdacondessa.com.br\/blog\/#\/schema\/person\/1d667ff8b785195b568677489d266035"},"breadcrumb":{"@id":"https:\/\/blogdacondessa.com.br\/blog\/geral\/a-1a-grande-feira-de-orquideas-no-shopping-orla\/#breadcrumb"},"inLanguage":"pt-BR","potentialAction":[{"@type":"ReadAction","target":["https:\/\/blogdacondessa.com.br\/blog\/geral\/a-1a-grande-feira-de-orquideas-no-shopping-orla\/"]}]},{"@type":"ImageObject","inLanguage":"pt-BR","@id":"https:\/\/blogdacondessa.com.br\/blog\/geral\/a-1a-grande-feira-de-orquideas-no-shopping-orla\/#primaryimage","url":"https:\/\/blogdacondessa.com.br\/blog\/wp-content\/uploads\/2023\/06\/orquideas.jpg","contentUrl":"https:\/\/blogdacondessa.com.br\/blog\/wp-content\/uploads\/2023\/06\/orquideas.jpg","width":590,"height":393,"caption":"Foto: Davi Valle"},{"@type":"BreadcrumbList","@id":"https:\/\/blogdacondessa.com.br\/blog\/geral\/a-1a-grande-feira-de-orquideas-no-shopping-orla\/#breadcrumb","itemListElement":[{"@type":"ListItem","position":1,"name":"In\u00edcio","item":"https:\/\/blogdacondessa.com.br\/blog\/"},{"@type":"ListItem","position":2,"name":"A &#8216;1\u00aa Grande Feira de Orqu\u00eddeas&#8217; no Shopping Orla"}]},{"@type":"WebSite","@id":"https:\/\/blogdacondessa.com.br\/blog\/#website","url":"https:\/\/blogdacondessa.com.br\/blog\/","name":"Blog da Condessa","description":"Com Shirley de Souza O\u2019Campos","potentialAction":[{"@type":"SearchAction","target":{"@type":"EntryPoint","urlTemplate":"https:\/\/blogdacondessa.com.br\/blog\/?s={search_term_string}"},"query-input":{"@type":"PropertyValueSpecification","valueRequired":true,"valueName":"search_term_string"}}],"inLanguage":"pt-BR"},{"@type":"Person","@id":"https:\/\/blogdacondessa.com.br\/blog\/#\/schema\/person\/1d667ff8b785195b568677489d266035","name":"Blog da Condessa","image":{"@type":"ImageObject","inLanguage":"pt-BR","@id":"https:\/\/secure.gravatar.com\/avatar\/377c0eb8b4ad2bfc25461b41564b5971e721ca34a57642868fc7b0c8ac7b52c5?s=96&d=mm&r=g","url":"https:\/\/secure.gravatar.com\/avatar\/377c0eb8b4ad2bfc25461b41564b5971e721ca34a57642868fc7b0c8ac7b52c5?s=96&d=mm&r=g","contentUrl":"https:\/\/secure.gravatar.com\/avatar\/377c0eb8b4ad2bfc25461b41564b5971e721ca34a57642868fc7b0c8ac7b52c5?s=96&d=mm&r=g","caption":"Blog da Condessa"},"url":"https:\/\/blogdacondessa.com.br\/blog\/author\/beatriz\/"}]}},"_links":{"self":[{"href":"https:\/\/blogdacondessa.com.br\/blog\/wp-json\/wp\/v2\/posts\/7349","targetHints":{"allow":["GET"]}}],"collection":[{"href":"https:\/\/blogdacondessa.com.br\/blog\/wp-json\/wp\/v2\/posts"}],"about":[{"href":"https:\/\/blogdacondessa.com.br\/blog\/wp-json\/wp\/v2\/types\/post"}],"author":[{"embeddable":true,"href":"https:\/\/blogdacondessa.com.br\/blog\/wp-json\/wp\/v2\/users\/2"}],"replies":[{"embeddable":true,"href":"https:\/\/blogdacondessa.com.br\/blog\/wp-json\/wp\/v2\/comments?post=7349"}],"version-history":[{"count":0,"href":"https:\/\/blogdacondessa.com.br\/blog\/wp-json\/wp\/v2\/posts\/7349\/revisions"}],"wp:featuredmedia":[{"embeddable":true,"href":"https:\/\/blogdacondessa.com.br\/blog\/wp-json\/wp\/v2\/media\/7350"}],"wp:attachment":[{"href":"https:\/\/blogdacondessa.com.br\/blog\/wp-json\/wp\/v2\/media?parent=7349"}],"wp:term":[{"taxonomy":"category","embeddable":true,"href":"https:\/\/blogdacondessa.com.br\/blog\/wp-json\/wp\/v2\/categories?post=7349"},{"taxonomy":"post_tag","embeddable":true,"href":"https:\/\/blogdacondessa.com.br\/blog\/wp-json\/wp\/v2\/tags?post=7349"}],"curies":[{"name":"wp","href":"https:\/\/api.w.org\/{rel}","templated":true}]}}