{"id":7283,"date":"2023-06-05T05:00:30","date_gmt":"2023-06-05T09:00:30","guid":{"rendered":"http:\/\/blogdacondessa.com.br\/?p=7283"},"modified":"2023-06-04T16:58:00","modified_gmt":"2023-06-04T20:58:00","slug":"os-5-principais-tracos-de-personalidade-que-influenciam-nossas-vidas","status":"publish","type":"post","link":"https:\/\/blogdacondessa.com.br\/blog\/cotidiano\/os-5-principais-tracos-de-personalidade-que-influenciam-nossas-vidas\/","title":{"rendered":"Os 5 principais tra\u00e7os de personalidade que influenciam nossas vidas"},"content":{"rendered":"<p>Em uma escala de 1 a 5 (em que 1 significa &#8220;discordo totalmente&#8221; e 5, &#8220;concordo totalmente&#8221;), como voc\u00ea avaliaria cada uma das afirma\u00e7\u00f5es a seguir?<\/p>\n<p>Gosto muito de grandes festas e reuni\u00f5es sociais;<\/p>\n<p>Muitas vezes me sinto triste;<\/p>\n<p>Adoro ajudar os outros;<\/p>\n<p>Prefiro variedade \u00e0 rotina;<\/p>\n<p>Ideias abstratas n\u00e3o me interessam.<\/p>\n<p>Estas afirma\u00e7\u00f5es costumam ser inclu\u00eddas no teste dos cinco grandes tra\u00e7os de personalidade \u2014 uma ferramenta comumente adotada para determinar que tipo de pessoa voc\u00ea \u00e9. Os fil\u00f3sofos passaram s\u00e9culos se perguntando sobre o que faz com que cada pessoa seja \u00fanica. Afinal, se os objetos possuem tr\u00eas dimens\u00f5es b\u00e1sicas \u2014 comprimento, largura e altura \u2014, quais seriam as dimens\u00f5es que medem a personalidade? Nas \u00faltimas d\u00e9cadas, os psic\u00f3logos chegaram a cinco tra\u00e7os de personalidade que podem ser utilizados para caracterizar todos os indiv\u00edduos:<\/p>\n<p>Abertura<\/p>\n<p>Escrupulosidade;<\/p>\n<p>Extrovers\u00e3o;<\/p>\n<p>Amabilidade;<\/p>\n<p>Neuroticismo.<\/p>\n<p>Alguns psic\u00f3logos usam nomes ligeiramente diferentes para definir esses tra\u00e7os de personalidade. E \u00e9 importante levar em conta que nenhuma personalidade pode ser descrita exclusivamente por nenhuma dessas caracter\u00edsticas. A maioria das pessoas tem uma combina\u00e7\u00e3o de cada tra\u00e7o, em diferentes n\u00edveis.<\/p>\n<p><strong>Como se chegou a esta conclus\u00e3o?<\/strong><\/p>\n<p>O modelo dos tra\u00e7os de personalidade merece respeito, mas \u00e9 preciso questionar como se definiu o que somos nessas cinco caracter\u00edsticas. E o caminho foi cansativo e curioso. Em 1884, o pol\u00edmata brit\u00e2nico Francis Galton concebeu um enfoque inovador de pesquisa e desenvolvimento de uma taxonomia integral dos tra\u00e7os de personalidade, analisando o idioma ingl\u00eas por meio da chamada hip\u00f3tese l\u00e9xica. Ele defendia que as caracter\u00edsticas fundamentais da personalidade humana foram codificadas na linguagem ao longo do tempo. Ou seja, elas foram identificadas e at\u00e9 discriminadas. S\u00f3 era preciso encontr\u00e1-las. Em 1936, os psic\u00f3logos americanos Gordon Allport e Henry Odbert dedicaram-se a esta tarefa. Eles coletaram mais de 4,5 mil adjetivos do Novo Dicion\u00e1rio Internacional de Ingl\u00eas Webster (edi\u00e7\u00e3o de 1925), acreditando que aquelas palavras descreviam tra\u00e7os relativamente est\u00e1veis que podiam ser observados.<\/p>\n<p>Uma d\u00e9cada depois, na Universidade Harvard, nos Estados Unidos, o psic\u00f3logo brit\u00e2nico-americano Raymond Cattell eliminou os sin\u00f4nimos, reduzindo a lista inicial a 171 termos. Mas a quantidade de palavras ainda era muito grande. Por isso, Cattell pediu a 100 &#8220;conhecidos bem informados&#8221; que avaliassem quantas daquelas caracter\u00edsticas eram seus tra\u00e7os pessoais de personalidade. Com isso, restaram 16 palavras. Diversos outros pesquisadores colaboraram, at\u00e9 que, em 1990, o psic\u00f3logo americano Lewis Goldberg reduziu os 16 termos de Cattell aos cinco fatores primordiais. Paul Costa e Robert McCrae, renomados pesquisadores da personalidade, confirmaram a validade do modelo, que foi chamado de &#8220;Os Cinco Grandes&#8221; (Big Five, em ingl\u00eas). Eles realizaram milhares de pesquisas com base no modelo, em diversos continentes e culturas, com uma ampla variedade de popula\u00e7\u00f5es.<\/p>\n<p><strong>Somente palavras?<\/strong><\/p>\n<p>\u00c9 claro que simplesmente selecionar adjetivos em ingl\u00eas n\u00e3o era suficiente. An\u00e1lises fatoriais de in\u00fameros conjuntos de dados compostos por termos descritivos de diversos outros idiomas confirmaram a validade do modelo em popula\u00e7\u00f5es urbanas alfabetizadas. Mas n\u00e3o s\u00e3o apenas as palavras. Diversas pesquisas mostram que a maioria das diferen\u00e7as individuais sobre a personalidade descritas na literatura pode ser representada em termos de pontua\u00e7\u00e3o para cada uma das dimens\u00f5es b\u00e1sicas. Al\u00e9m disso, estudos com irm\u00e3os g\u00eameos ou pessoas adotadas (Jang et al, 1996 e 1998) revelaram que o componente gen\u00e9tico dos &#8220;cinco grandes&#8221; tra\u00e7os de personalidade \u00e9 de 40-60%. E pesquisas de longo prazo (Soto &amp; John, 2012) demonstraram que os padr\u00f5es de pensamento, sentimento e comportamento detectados nos testes s\u00e3o relativamente duradouros ao longo da vida do indiv\u00edduo. H\u00e1 estudiosos contr\u00e1rios a este m\u00e9todo, e a quantidade de fatores que devem ser levados em conta \u00e9 objeto de discuss\u00e3o. Mas os &#8220;Cinco Grandes&#8221; s\u00e3o considerados o conceito de personalidade mais pesquisado, aceito e utilizado do mundo at\u00e9 hoje.<\/p>\n<p><strong>O que dizem os tra\u00e7os?<\/strong><\/p>\n<p>Avaliando uma s\u00e9rie de enunciados \u2014 como os que mencionamos no in\u00edcio desta reportagem \u2014, os pesquisadores podem verificar a pontua\u00e7\u00e3o de uma pessoa em cada um dos cinco tra\u00e7os de personalidade. Os especialistas afirmam que estudos da vida real mostram que as pontua\u00e7\u00f5es realmente preveem certos tipos de comportamento. Os cinco fatores n\u00e3o s\u00e3o, necessariamente, tra\u00e7os isolados \u2014 mas, sim, fatores que incluem v\u00e1rias caracter\u00edsticas relacionadas. O fator amabilidade, por exemplo, engloba desde a generosidade e a cordialidade at\u00e9 agressividade e temperamento forte. J\u00e1 a abertura se refere \u00e0 disposi\u00e7\u00e3o das pessoas de tentar coisas novas, sua vulnerabilidade e o alcance da sua imagina\u00e7\u00e3o. Por isso, se tiver uma pontua\u00e7\u00e3o alta neste fator, provavelmente voc\u00ea \u00e9 uma pessoa que gosta de aprender, aprecia a arte, se dedica a uma carreira ou passatempo criativo e adora conhecer gente nova. Mas, se a pontua\u00e7\u00e3o for baixa, voc\u00ea tem pouca abertura para novas experi\u00eancias. Por isso, prefere a rotina \u00e0 variedade, \u00e9 apegado ao que j\u00e1 \u00e9 conhecido e prefere a arte menos abstrata. A escrupulosidade \u00e9 um tra\u00e7o da personalidade que pode ser descrito como a tend\u00eancia a controlar os impulsos e agir de forma socialmente aceit\u00e1vel. Pessoas com alto n\u00edvel de escrupulosidade tendem a ser bons alunos e ter sucesso profissional. Elas se destacam em posi\u00e7\u00f5es de lideran\u00e7a e perseguem obstinadamente seus objetivos. A extrovers\u00e3o inclui dois extremos conhecidos no seu espectro: a extrovers\u00e3o, a &#8220;alma da festa&#8221;, e a introvers\u00e3o, a pessoa reflexiva, de poucas palavras. J\u00e1 o neuroticismo se refere \u00e0 confian\u00e7a e ao sentimento de conforto consigo mesmo. Engloba a estabilidade emocional e o temperamento em geral. Teoricamente, o conjunto destes fatores forma um espectro com milhares de pontua\u00e7\u00f5es combinadas, que definem personalidades \u00fanicas.<\/p>\n<p><strong>O que o m\u00e9todo diz sobre voc\u00ea?<\/strong><\/p>\n<p>O m\u00e9todo dos &#8220;Cinco Grandes&#8221; \u00e9 empregado em uma ampla s\u00e9rie de estudos sociopsicol\u00f3gicos. Mesmo que voc\u00ea ainda n\u00e3o tenha tido a oportunidade de participar desses testes, \u00e9 prov\u00e1vel que os encontre no ambiente de trabalho, j\u00e1 que s\u00e3o uma ferramenta bastante popular. Eles s\u00e3o usados para prever a efic\u00e1cia no trabalho, formar equipes e at\u00e9 para a sele\u00e7\u00e3o de candidatos a emprego. Seus defensores afirmam que uma das vantagens \u00e9 que o teste reduz a possibilidade de vi\u00e9s. E que ajuda tanto a organiza\u00e7\u00e3o quanto o candidato a determinar se um certo cargo \u00e9 apropriado para ele. Pessoas com baixa pontua\u00e7\u00e3o em neuroticismo, por exemplo, s\u00e3o ideais para ambientes em que os n\u00edveis de estresse s\u00e3o altos. J\u00e1 em uma empresa com cultura amistosa, funcion\u00e1rios com alta pontua\u00e7\u00e3o em amabilidade podem se adaptar bem. Mas estas mesmas pessoas podem ter dificuldade em ambientes mais competitivos.<\/p>\n<p>Os &#8220;Cinco Grandes&#8221; n\u00e3o parecem ser t\u00e3o dram\u00e1ticos quanto os quatro tipos de temperamento de Hip\u00f3crates \u2014 sangu\u00edneo, fleum\u00e1tico, col\u00e9rico e melanc\u00f3lico \u2014, nem t\u00e3o po\u00e9ticos quanto os de Plat\u00e3o \u2014 art\u00edstico, sens\u00edvel, intuitivo e racional. Mas eles s\u00e3o, no momento, os pontos cardeais que norteiam os profissionais que querem tra\u00e7ar seu mapa da personalidade. (Fonte: BBC News Mundo)<\/p>\n<p>&nbsp;<\/p>\n","protected":false},"excerpt":{"rendered":"<p>Em uma escala de 1 a 5 (em que 1 significa &#8220;discordo totalmente&#8221; e 5, &#8220;concordo totalmente&#8221;), como voc\u00ea avaliaria cada uma das afirma\u00e7\u00f5es a seguir? Gosto muito de grandes festas e reuni\u00f5es sociais; Muitas vezes me sinto triste; Adoro ajudar os outros; Prefiro variedade \u00e0 rotina; Ideias abstratas n\u00e3o me interessam. Estas afirma\u00e7\u00f5es costumam [&hellip;]<\/p>\n","protected":false},"author":2,"featured_media":7284,"comment_status":"closed","ping_status":"closed","sticky":false,"template":"","format":"standard","meta":{"iawp_total_views":3,"footnotes":""},"categories":[24],"tags":[],"class_list":["post-7283","post","type-post","status-publish","format-standard","has-post-thumbnail","hentry","category-cotidiano"],"yoast_head":"<!-- This site is optimized with the Yoast SEO plugin v27.3 - https:\/\/yoast.com\/product\/yoast-seo-wordpress\/ -->\n<title>Os 5 principais tra\u00e7os de personalidade que influenciam nossas vidas &#8902; Blog da Condessa<\/title>\n<meta name=\"robots\" content=\"index, follow, max-snippet:-1, max-image-preview:large, max-video-preview:-1\" \/>\n<link rel=\"canonical\" href=\"https:\/\/blogdacondessa.com.br\/blog\/cotidiano\/os-5-principais-tracos-de-personalidade-que-influenciam-nossas-vidas\/\" \/>\n<meta property=\"og:locale\" content=\"pt_BR\" \/>\n<meta property=\"og:type\" content=\"article\" \/>\n<meta property=\"og:title\" content=\"Os 5 principais tra\u00e7os de personalidade que influenciam nossas vidas &#8902; Blog da Condessa\" \/>\n<meta property=\"og:description\" content=\"Em uma escala de 1 a 5 (em que 1 significa &#8220;discordo totalmente&#8221; e 5, &#8220;concordo totalmente&#8221;), como voc\u00ea avaliaria cada uma das afirma\u00e7\u00f5es a seguir? Gosto muito de grandes festas e reuni\u00f5es sociais; Muitas vezes me sinto triste; Adoro ajudar os outros; Prefiro variedade \u00e0 rotina; Ideias abstratas n\u00e3o me interessam. Estas afirma\u00e7\u00f5es costumam [&hellip;]\" \/>\n<meta property=\"og:url\" content=\"https:\/\/blogdacondessa.com.br\/blog\/cotidiano\/os-5-principais-tracos-de-personalidade-que-influenciam-nossas-vidas\/\" \/>\n<meta property=\"og:site_name\" content=\"Blog da Condessa\" \/>\n<meta property=\"article:published_time\" content=\"2023-06-05T09:00:30+00:00\" \/>\n<meta property=\"og:image\" content=\"https:\/\/blogdacondessa.com.br\/blog\/wp-content\/uploads\/2023\/06\/PERSONALIDADE.jpg\" \/>\n\t<meta property=\"og:image:width\" content=\"800\" \/>\n\t<meta property=\"og:image:height\" content=\"450\" \/>\n\t<meta property=\"og:image:type\" content=\"image\/jpeg\" \/>\n<meta name=\"author\" content=\"Blog da Condessa\" \/>\n<meta name=\"twitter:card\" content=\"summary_large_image\" \/>\n<meta name=\"twitter:label1\" content=\"Escrito por\" \/>\n\t<meta name=\"twitter:data1\" content=\"Blog da Condessa\" \/>\n\t<meta name=\"twitter:label2\" content=\"Est. tempo de leitura\" \/>\n\t<meta name=\"twitter:data2\" content=\"7 minutos\" \/>\n<script type=\"application\/ld+json\" class=\"yoast-schema-graph\">{\"@context\":\"https:\\\/\\\/schema.org\",\"@graph\":[{\"@type\":\"Article\",\"@id\":\"https:\\\/\\\/blogdacondessa.com.br\\\/blog\\\/cotidiano\\\/os-5-principais-tracos-de-personalidade-que-influenciam-nossas-vidas\\\/#article\",\"isPartOf\":{\"@id\":\"https:\\\/\\\/blogdacondessa.com.br\\\/blog\\\/cotidiano\\\/os-5-principais-tracos-de-personalidade-que-influenciam-nossas-vidas\\\/\"},\"author\":{\"name\":\"Blog da Condessa\",\"@id\":\"https:\\\/\\\/blogdacondessa.com.br\\\/blog\\\/#\\\/schema\\\/person\\\/1d667ff8b785195b568677489d266035\"},\"headline\":\"Os 5 principais tra\u00e7os de personalidade que influenciam nossas vidas\",\"datePublished\":\"2023-06-05T09:00:30+00:00\",\"mainEntityOfPage\":{\"@id\":\"https:\\\/\\\/blogdacondessa.com.br\\\/blog\\\/cotidiano\\\/os-5-principais-tracos-de-personalidade-que-influenciam-nossas-vidas\\\/\"},\"wordCount\":1222,\"image\":{\"@id\":\"https:\\\/\\\/blogdacondessa.com.br\\\/blog\\\/cotidiano\\\/os-5-principais-tracos-de-personalidade-que-influenciam-nossas-vidas\\\/#primaryimage\"},\"thumbnailUrl\":\"https:\\\/\\\/blogdacondessa.com.br\\\/blog\\\/wp-content\\\/uploads\\\/2023\\\/06\\\/PERSONALIDADE.jpg\",\"articleSection\":[\"Cotidiano\"],\"inLanguage\":\"pt-BR\"},{\"@type\":\"WebPage\",\"@id\":\"https:\\\/\\\/blogdacondessa.com.br\\\/blog\\\/cotidiano\\\/os-5-principais-tracos-de-personalidade-que-influenciam-nossas-vidas\\\/\",\"url\":\"https:\\\/\\\/blogdacondessa.com.br\\\/blog\\\/cotidiano\\\/os-5-principais-tracos-de-personalidade-que-influenciam-nossas-vidas\\\/\",\"name\":\"Os 5 principais tra\u00e7os de personalidade que influenciam nossas vidas &#8902; Blog da Condessa\",\"isPartOf\":{\"@id\":\"https:\\\/\\\/blogdacondessa.com.br\\\/blog\\\/#website\"},\"primaryImageOfPage\":{\"@id\":\"https:\\\/\\\/blogdacondessa.com.br\\\/blog\\\/cotidiano\\\/os-5-principais-tracos-de-personalidade-que-influenciam-nossas-vidas\\\/#primaryimage\"},\"image\":{\"@id\":\"https:\\\/\\\/blogdacondessa.com.br\\\/blog\\\/cotidiano\\\/os-5-principais-tracos-de-personalidade-que-influenciam-nossas-vidas\\\/#primaryimage\"},\"thumbnailUrl\":\"https:\\\/\\\/blogdacondessa.com.br\\\/blog\\\/wp-content\\\/uploads\\\/2023\\\/06\\\/PERSONALIDADE.jpg\",\"datePublished\":\"2023-06-05T09:00:30+00:00\",\"author\":{\"@id\":\"https:\\\/\\\/blogdacondessa.com.br\\\/blog\\\/#\\\/schema\\\/person\\\/1d667ff8b785195b568677489d266035\"},\"breadcrumb\":{\"@id\":\"https:\\\/\\\/blogdacondessa.com.br\\\/blog\\\/cotidiano\\\/os-5-principais-tracos-de-personalidade-que-influenciam-nossas-vidas\\\/#breadcrumb\"},\"inLanguage\":\"pt-BR\",\"potentialAction\":[{\"@type\":\"ReadAction\",\"target\":[\"https:\\\/\\\/blogdacondessa.com.br\\\/blog\\\/cotidiano\\\/os-5-principais-tracos-de-personalidade-que-influenciam-nossas-vidas\\\/\"]}]},{\"@type\":\"ImageObject\",\"inLanguage\":\"pt-BR\",\"@id\":\"https:\\\/\\\/blogdacondessa.com.br\\\/blog\\\/cotidiano\\\/os-5-principais-tracos-de-personalidade-que-influenciam-nossas-vidas\\\/#primaryimage\",\"url\":\"https:\\\/\\\/blogdacondessa.com.br\\\/blog\\\/wp-content\\\/uploads\\\/2023\\\/06\\\/PERSONALIDADE.jpg\",\"contentUrl\":\"https:\\\/\\\/blogdacondessa.com.br\\\/blog\\\/wp-content\\\/uploads\\\/2023\\\/06\\\/PERSONALIDADE.jpg\",\"width\":800,\"height\":450,\"caption\":\"Foto: Getty Images\"},{\"@type\":\"BreadcrumbList\",\"@id\":\"https:\\\/\\\/blogdacondessa.com.br\\\/blog\\\/cotidiano\\\/os-5-principais-tracos-de-personalidade-que-influenciam-nossas-vidas\\\/#breadcrumb\",\"itemListElement\":[{\"@type\":\"ListItem\",\"position\":1,\"name\":\"In\u00edcio\",\"item\":\"https:\\\/\\\/blogdacondessa.com.br\\\/blog\\\/\"},{\"@type\":\"ListItem\",\"position\":2,\"name\":\"Os 5 principais tra\u00e7os de personalidade que influenciam nossas vidas\"}]},{\"@type\":\"WebSite\",\"@id\":\"https:\\\/\\\/blogdacondessa.com.br\\\/blog\\\/#website\",\"url\":\"https:\\\/\\\/blogdacondessa.com.br\\\/blog\\\/\",\"name\":\"Blog da Condessa\",\"description\":\"Com Shirley de Souza O\u2019Campos\",\"potentialAction\":[{\"@type\":\"SearchAction\",\"target\":{\"@type\":\"EntryPoint\",\"urlTemplate\":\"https:\\\/\\\/blogdacondessa.com.br\\\/blog\\\/?s={search_term_string}\"},\"query-input\":{\"@type\":\"PropertyValueSpecification\",\"valueRequired\":true,\"valueName\":\"search_term_string\"}}],\"inLanguage\":\"pt-BR\"},{\"@type\":\"Person\",\"@id\":\"https:\\\/\\\/blogdacondessa.com.br\\\/blog\\\/#\\\/schema\\\/person\\\/1d667ff8b785195b568677489d266035\",\"name\":\"Blog da Condessa\",\"image\":{\"@type\":\"ImageObject\",\"inLanguage\":\"pt-BR\",\"@id\":\"https:\\\/\\\/secure.gravatar.com\\\/avatar\\\/377c0eb8b4ad2bfc25461b41564b5971e721ca34a57642868fc7b0c8ac7b52c5?s=96&d=mm&r=g\",\"url\":\"https:\\\/\\\/secure.gravatar.com\\\/avatar\\\/377c0eb8b4ad2bfc25461b41564b5971e721ca34a57642868fc7b0c8ac7b52c5?s=96&d=mm&r=g\",\"contentUrl\":\"https:\\\/\\\/secure.gravatar.com\\\/avatar\\\/377c0eb8b4ad2bfc25461b41564b5971e721ca34a57642868fc7b0c8ac7b52c5?s=96&d=mm&r=g\",\"caption\":\"Blog da Condessa\"},\"url\":\"https:\\\/\\\/blogdacondessa.com.br\\\/blog\\\/author\\\/beatriz\\\/\"}]}<\/script>\n<!-- \/ Yoast SEO plugin. -->","yoast_head_json":{"title":"Os 5 principais tra\u00e7os de personalidade que influenciam nossas vidas &#8902; Blog da Condessa","robots":{"index":"index","follow":"follow","max-snippet":"max-snippet:-1","max-image-preview":"max-image-preview:large","max-video-preview":"max-video-preview:-1"},"canonical":"https:\/\/blogdacondessa.com.br\/blog\/cotidiano\/os-5-principais-tracos-de-personalidade-que-influenciam-nossas-vidas\/","og_locale":"pt_BR","og_type":"article","og_title":"Os 5 principais tra\u00e7os de personalidade que influenciam nossas vidas &#8902; Blog da Condessa","og_description":"Em uma escala de 1 a 5 (em que 1 significa &#8220;discordo totalmente&#8221; e 5, &#8220;concordo totalmente&#8221;), como voc\u00ea avaliaria cada uma das afirma\u00e7\u00f5es a seguir? Gosto muito de grandes festas e reuni\u00f5es sociais; Muitas vezes me sinto triste; Adoro ajudar os outros; Prefiro variedade \u00e0 rotina; Ideias abstratas n\u00e3o me interessam. Estas afirma\u00e7\u00f5es costumam [&hellip;]","og_url":"https:\/\/blogdacondessa.com.br\/blog\/cotidiano\/os-5-principais-tracos-de-personalidade-que-influenciam-nossas-vidas\/","og_site_name":"Blog da Condessa","article_published_time":"2023-06-05T09:00:30+00:00","og_image":[{"width":800,"height":450,"url":"https:\/\/blogdacondessa.com.br\/blog\/wp-content\/uploads\/2023\/06\/PERSONALIDADE.jpg","type":"image\/jpeg"}],"author":"Blog da Condessa","twitter_card":"summary_large_image","twitter_misc":{"Escrito por":"Blog da Condessa","Est. tempo de leitura":"7 minutos"},"schema":{"@context":"https:\/\/schema.org","@graph":[{"@type":"Article","@id":"https:\/\/blogdacondessa.com.br\/blog\/cotidiano\/os-5-principais-tracos-de-personalidade-que-influenciam-nossas-vidas\/#article","isPartOf":{"@id":"https:\/\/blogdacondessa.com.br\/blog\/cotidiano\/os-5-principais-tracos-de-personalidade-que-influenciam-nossas-vidas\/"},"author":{"name":"Blog da Condessa","@id":"https:\/\/blogdacondessa.com.br\/blog\/#\/schema\/person\/1d667ff8b785195b568677489d266035"},"headline":"Os 5 principais tra\u00e7os de personalidade que influenciam nossas vidas","datePublished":"2023-06-05T09:00:30+00:00","mainEntityOfPage":{"@id":"https:\/\/blogdacondessa.com.br\/blog\/cotidiano\/os-5-principais-tracos-de-personalidade-que-influenciam-nossas-vidas\/"},"wordCount":1222,"image":{"@id":"https:\/\/blogdacondessa.com.br\/blog\/cotidiano\/os-5-principais-tracos-de-personalidade-que-influenciam-nossas-vidas\/#primaryimage"},"thumbnailUrl":"https:\/\/blogdacondessa.com.br\/blog\/wp-content\/uploads\/2023\/06\/PERSONALIDADE.jpg","articleSection":["Cotidiano"],"inLanguage":"pt-BR"},{"@type":"WebPage","@id":"https:\/\/blogdacondessa.com.br\/blog\/cotidiano\/os-5-principais-tracos-de-personalidade-que-influenciam-nossas-vidas\/","url":"https:\/\/blogdacondessa.com.br\/blog\/cotidiano\/os-5-principais-tracos-de-personalidade-que-influenciam-nossas-vidas\/","name":"Os 5 principais tra\u00e7os de personalidade que influenciam nossas vidas &#8902; Blog da Condessa","isPartOf":{"@id":"https:\/\/blogdacondessa.com.br\/blog\/#website"},"primaryImageOfPage":{"@id":"https:\/\/blogdacondessa.com.br\/blog\/cotidiano\/os-5-principais-tracos-de-personalidade-que-influenciam-nossas-vidas\/#primaryimage"},"image":{"@id":"https:\/\/blogdacondessa.com.br\/blog\/cotidiano\/os-5-principais-tracos-de-personalidade-que-influenciam-nossas-vidas\/#primaryimage"},"thumbnailUrl":"https:\/\/blogdacondessa.com.br\/blog\/wp-content\/uploads\/2023\/06\/PERSONALIDADE.jpg","datePublished":"2023-06-05T09:00:30+00:00","author":{"@id":"https:\/\/blogdacondessa.com.br\/blog\/#\/schema\/person\/1d667ff8b785195b568677489d266035"},"breadcrumb":{"@id":"https:\/\/blogdacondessa.com.br\/blog\/cotidiano\/os-5-principais-tracos-de-personalidade-que-influenciam-nossas-vidas\/#breadcrumb"},"inLanguage":"pt-BR","potentialAction":[{"@type":"ReadAction","target":["https:\/\/blogdacondessa.com.br\/blog\/cotidiano\/os-5-principais-tracos-de-personalidade-que-influenciam-nossas-vidas\/"]}]},{"@type":"ImageObject","inLanguage":"pt-BR","@id":"https:\/\/blogdacondessa.com.br\/blog\/cotidiano\/os-5-principais-tracos-de-personalidade-que-influenciam-nossas-vidas\/#primaryimage","url":"https:\/\/blogdacondessa.com.br\/blog\/wp-content\/uploads\/2023\/06\/PERSONALIDADE.jpg","contentUrl":"https:\/\/blogdacondessa.com.br\/blog\/wp-content\/uploads\/2023\/06\/PERSONALIDADE.jpg","width":800,"height":450,"caption":"Foto: Getty Images"},{"@type":"BreadcrumbList","@id":"https:\/\/blogdacondessa.com.br\/blog\/cotidiano\/os-5-principais-tracos-de-personalidade-que-influenciam-nossas-vidas\/#breadcrumb","itemListElement":[{"@type":"ListItem","position":1,"name":"In\u00edcio","item":"https:\/\/blogdacondessa.com.br\/blog\/"},{"@type":"ListItem","position":2,"name":"Os 5 principais tra\u00e7os de personalidade que influenciam nossas vidas"}]},{"@type":"WebSite","@id":"https:\/\/blogdacondessa.com.br\/blog\/#website","url":"https:\/\/blogdacondessa.com.br\/blog\/","name":"Blog da Condessa","description":"Com Shirley de Souza O\u2019Campos","potentialAction":[{"@type":"SearchAction","target":{"@type":"EntryPoint","urlTemplate":"https:\/\/blogdacondessa.com.br\/blog\/?s={search_term_string}"},"query-input":{"@type":"PropertyValueSpecification","valueRequired":true,"valueName":"search_term_string"}}],"inLanguage":"pt-BR"},{"@type":"Person","@id":"https:\/\/blogdacondessa.com.br\/blog\/#\/schema\/person\/1d667ff8b785195b568677489d266035","name":"Blog da Condessa","image":{"@type":"ImageObject","inLanguage":"pt-BR","@id":"https:\/\/secure.gravatar.com\/avatar\/377c0eb8b4ad2bfc25461b41564b5971e721ca34a57642868fc7b0c8ac7b52c5?s=96&d=mm&r=g","url":"https:\/\/secure.gravatar.com\/avatar\/377c0eb8b4ad2bfc25461b41564b5971e721ca34a57642868fc7b0c8ac7b52c5?s=96&d=mm&r=g","contentUrl":"https:\/\/secure.gravatar.com\/avatar\/377c0eb8b4ad2bfc25461b41564b5971e721ca34a57642868fc7b0c8ac7b52c5?s=96&d=mm&r=g","caption":"Blog da Condessa"},"url":"https:\/\/blogdacondessa.com.br\/blog\/author\/beatriz\/"}]}},"_links":{"self":[{"href":"https:\/\/blogdacondessa.com.br\/blog\/wp-json\/wp\/v2\/posts\/7283","targetHints":{"allow":["GET"]}}],"collection":[{"href":"https:\/\/blogdacondessa.com.br\/blog\/wp-json\/wp\/v2\/posts"}],"about":[{"href":"https:\/\/blogdacondessa.com.br\/blog\/wp-json\/wp\/v2\/types\/post"}],"author":[{"embeddable":true,"href":"https:\/\/blogdacondessa.com.br\/blog\/wp-json\/wp\/v2\/users\/2"}],"replies":[{"embeddable":true,"href":"https:\/\/blogdacondessa.com.br\/blog\/wp-json\/wp\/v2\/comments?post=7283"}],"version-history":[{"count":0,"href":"https:\/\/blogdacondessa.com.br\/blog\/wp-json\/wp\/v2\/posts\/7283\/revisions"}],"wp:featuredmedia":[{"embeddable":true,"href":"https:\/\/blogdacondessa.com.br\/blog\/wp-json\/wp\/v2\/media\/7284"}],"wp:attachment":[{"href":"https:\/\/blogdacondessa.com.br\/blog\/wp-json\/wp\/v2\/media?parent=7283"}],"wp:term":[{"taxonomy":"category","embeddable":true,"href":"https:\/\/blogdacondessa.com.br\/blog\/wp-json\/wp\/v2\/categories?post=7283"},{"taxonomy":"post_tag","embeddable":true,"href":"https:\/\/blogdacondessa.com.br\/blog\/wp-json\/wp\/v2\/tags?post=7283"}],"curies":[{"name":"wp","href":"https:\/\/api.w.org\/{rel}","templated":true}]}}