{"id":7219,"date":"2023-05-30T05:00:24","date_gmt":"2023-05-30T09:00:24","guid":{"rendered":"http:\/\/blogdacondessa.com.br\/?p=7219"},"modified":"2023-05-29T15:47:37","modified_gmt":"2023-05-29T19:47:37","slug":"encontros-com-cinema-3","status":"publish","type":"post","link":"https:\/\/blogdacondessa.com.br\/blog\/cultura\/encontros-com-cinema-3\/","title":{"rendered":"\u2018Encontros com Cinema\u2019"},"content":{"rendered":"<p>Cine Teatro projeta curtas de MT para debater distribui\u00e7\u00e3o cinematogr\u00e1fica. Os filmes foram selecionados pelo projeto de extens\u00e3o da UFMT Trama e ter\u00e1 a presen\u00e7a dos realizadores das obras para um bate-papo.<\/p>\n<p>Tr\u00eas curtas mato-grossenses ser\u00e3o exibidos nesta ter\u00e7a-feira (30), a partir das 19h30, no Cine Teatro Cuiab\u00e1, escolhidos para participar do projeto de extens\u00e3o Trama, coordenado pela professora Sabrina Ten\u00f3rio Luna, do curso de Cinema e Audiovisual da Universidade Federal de Mato Grosso (UFMT). Os filmes ser\u00e3o mote para uma conversa sobre distribui\u00e7\u00e3o cinematogr\u00e1fica. A entrada desta edi\u00e7\u00e3o \u00e9 gratuita e classifica\u00e7\u00e3o indicativa \u00e9 de 14 anos.<\/p>\n<p>A programa\u00e7\u00e3o desta ter\u00e7a conta com os curtas \u201cFilhos da lua na terra do sol\u201d (Danielle Bertolini. MT. 2016. 16\u2019), \u201cAquele disco da Gal\u201d (Juliana Curvo &amp; Diego Baraldi. MT. 2017. 25\u2019) e \u201cA velhice ilumina o vento\u201d (Juliana Seg\u00f3via. MT. 2022. 20\u2019). Realizadores dos curtas exibidos estar\u00e3o presentes \u00e0 sess\u00e3o para bate-papo com participantes do projeto Trama e com o p\u00fablico.<\/p>\n<p>A atividade integra a Sess\u00e3o Realizadores de Mato Grosso do projeto Encontros com Cinema, realizado desde 2017 no Cine Teatro Cuiab\u00e1, sempre com sess\u00f5es noturnas \u00e0s ter\u00e7as-feiras. Em 2023, a programa\u00e7\u00e3o do Encontros com Cinema tem intercalado exibi\u00e7\u00f5es de longas distribu\u00eddos pela Vitrine Filmes e outras iniciativas independentes (com cobran\u00e7a de ingressos a pre\u00e7os populares), com a realiza\u00e7\u00e3o de pelo menos uma sess\u00e3o mensal com audiovisuais produzidos em Mato Grosso &#8211; as sess\u00f5es com filmes de MT sempre t\u00eam entrada gratuita.<\/p>\n<p>\u00c9 permitido estacionar em frente ao Cine Teatro Cuiab\u00e1 a partir das 19h30.<\/p>\n<p><strong>Sobre o Trama<br \/>\n<\/strong><br \/>\nTrama \u00e9 um projeto de extens\u00e3o coordenado pela professora doutora Sabrina Ten\u00f3rio Luna, do Curso de Cinema e Audiovisual da UFMT. Participam do projeto estudantes dos cursos de Cinema e Audiovisual, Publicidade e Jornalismo da UFMT. O objetivo do projeto \u00e9 pensar a distribui\u00e7\u00e3o cinematogr\u00e1fica. Para isso, participantes do projeto realizam pesquisas, programas curatoriais e tamb\u00e9m estabelecem contato com festivais e cineclubes, com o intuito de, futuramente, ampliar a divulga\u00e7\u00e3o e circula\u00e7\u00e3o de filmes produzidos em Mato Grosso.<\/p>\n<p><strong>Sinopses dos curtas exibidos<br \/>\n<\/strong><br \/>\n\u201cFilhos da Lua na Terra do Sol\u201d\u00a0trata, de forma po\u00e9tica, a rela\u00e7\u00e3o entre pessoas albinas e o sol de Cuiab\u00e1, considerada uma das cidades mais quentes do Brasil. O curta foi o vencedor da etapa Mato Grosso da Mostra Sesc de Cinema de 2017, o que garantiu ao filme circula\u00e7\u00e3o em todas as unidades do Sesc do Brasil que contam com espa\u00e7os de difus\u00e3o audiovisual. O curta tamb\u00e9m foi exibido em mais de 20 festivais e mostras no Brasil e exterior, al\u00e9m de ter sido licenciado para o canal CineBrasilTV e VOD.<\/p>\n<p>Em\u00a0\u201cAquele disco da Gal\u201d, Mariana (Tatiana Horevitch) decide deixar o apartamento onde viveu por mais de uma d\u00e9cada com o agora ex-marido Henrique (Luciano Bertoluzzi) e com a filha adolescente Nat\u00e1lia (Gabriela Iaia). Nat\u00e1lia contraria a m\u00e3e e decide permanecer em casa com o pai. Juntos, pai e filha aprendem a lidar melhor um com o outro. O curta foi o selecionado de Mato Grosso para a Mostra Sesc de Cinema 2018, onde recebeu duas premia\u00e7\u00f5es.<\/p>\n<p>\u201cA velhice ilumina o vento\u201d\u00a0acompanha o cotidiano de Valda, mulher preta, idosa, perif\u00e9rica e trabalhadora dom\u00e9stica da cidade de Cuiab\u00e1. Mulher forte, cuiabana do \u201cp\u00e9 rachado\u201d, Valda subverte em seu cotidiano o paradigma da velhice estigmatizada. Desde 2022, o curta j\u00e1 circulou por dezenas de mostras e festivais, incluindo difus\u00e3o on-line pelo streaming do Ita\u00fa Cultural Play.<\/p>\n<p><strong>Servi\u00e7o<br \/>\n<\/strong>Exibi\u00e7\u00e3o de curtas mato-grossenses\u00a0e conversa entre realizadores e participantes do projeto de extens\u00e3o Trama, da UFMT.<br \/>\nData:\u00a0Ter\u00e7a-feira (30), \u00e0s 19h30<br \/>\nLocal:\u00a0Cine Teatro Cuiab\u00e1<br \/>\nEntrada gratuita<br \/>\nMais informa\u00e7\u00f5es:\u00a0(65) 2129-3848<br \/>\nObserva\u00e7\u00e3o:\u00a0A partir das 19h30, \u00e9 permitido estacionar em frente ao Cine Teatro<\/p>\n","protected":false},"excerpt":{"rendered":"<p>Cine Teatro projeta curtas de MT para debater distribui\u00e7\u00e3o cinematogr\u00e1fica. Os filmes foram selecionados pelo projeto de extens\u00e3o da UFMT Trama e ter\u00e1 a presen\u00e7a dos realizadores das obras para um bate-papo. Tr\u00eas curtas mato-grossenses ser\u00e3o exibidos nesta ter\u00e7a-feira (30), a partir das 19h30, no Cine Teatro Cuiab\u00e1, escolhidos para participar do projeto de extens\u00e3o [&hellip;]<\/p>\n","protected":false},"author":2,"featured_media":7220,"comment_status":"closed","ping_status":"closed","sticky":false,"template":"","format":"standard","meta":{"iawp_total_views":4,"footnotes":""},"categories":[18],"tags":[],"class_list":["post-7219","post","type-post","status-publish","format-standard","has-post-thumbnail","hentry","category-cultura"],"yoast_head":"<!-- This site is optimized with the Yoast SEO plugin v27.3 - https:\/\/yoast.com\/product\/yoast-seo-wordpress\/ -->\n<title>\u2018Encontros com Cinema\u2019 &#8902; Blog da Condessa<\/title>\n<meta name=\"robots\" content=\"index, follow, max-snippet:-1, max-image-preview:large, max-video-preview:-1\" \/>\n<link rel=\"canonical\" href=\"https:\/\/blogdacondessa.com.br\/blog\/cultura\/encontros-com-cinema-3\/\" \/>\n<meta property=\"og:locale\" content=\"pt_BR\" \/>\n<meta property=\"og:type\" content=\"article\" \/>\n<meta property=\"og:title\" content=\"\u2018Encontros com Cinema\u2019 &#8902; Blog da Condessa\" \/>\n<meta property=\"og:description\" content=\"Cine Teatro projeta curtas de MT para debater distribui\u00e7\u00e3o cinematogr\u00e1fica. Os filmes foram selecionados pelo projeto de extens\u00e3o da UFMT Trama e ter\u00e1 a presen\u00e7a dos realizadores das obras para um bate-papo. Tr\u00eas curtas mato-grossenses ser\u00e3o exibidos nesta ter\u00e7a-feira (30), a partir das 19h30, no Cine Teatro Cuiab\u00e1, escolhidos para participar do projeto de extens\u00e3o [&hellip;]\" \/>\n<meta property=\"og:url\" content=\"https:\/\/blogdacondessa.com.br\/blog\/cultura\/encontros-com-cinema-3\/\" \/>\n<meta property=\"og:site_name\" content=\"Blog da Condessa\" \/>\n<meta property=\"article:published_time\" content=\"2023-05-30T09:00:24+00:00\" \/>\n<meta property=\"og:image\" content=\"https:\/\/blogdacondessa.com.br\/blog\/wp-content\/uploads\/2023\/05\/ENCONTROS-COM-CINEMA.jpg\" \/>\n\t<meta property=\"og:image:width\" content=\"920\" \/>\n\t<meta property=\"og:image:height\" content=\"518\" \/>\n\t<meta property=\"og:image:type\" content=\"image\/jpeg\" \/>\n<meta name=\"author\" content=\"Blog da Condessa\" \/>\n<meta name=\"twitter:card\" content=\"summary_large_image\" \/>\n<meta name=\"twitter:label1\" content=\"Escrito por\" \/>\n\t<meta name=\"twitter:data1\" content=\"Blog da Condessa\" \/>\n\t<meta name=\"twitter:label2\" content=\"Est. tempo de leitura\" \/>\n\t<meta name=\"twitter:data2\" content=\"4 minutos\" \/>\n<script type=\"application\/ld+json\" class=\"yoast-schema-graph\">{\"@context\":\"https:\\\/\\\/schema.org\",\"@graph\":[{\"@type\":\"Article\",\"@id\":\"https:\\\/\\\/blogdacondessa.com.br\\\/blog\\\/cultura\\\/encontros-com-cinema-3\\\/#article\",\"isPartOf\":{\"@id\":\"https:\\\/\\\/blogdacondessa.com.br\\\/blog\\\/cultura\\\/encontros-com-cinema-3\\\/\"},\"author\":{\"name\":\"Blog da Condessa\",\"@id\":\"https:\\\/\\\/blogdacondessa.com.br\\\/blog\\\/#\\\/schema\\\/person\\\/1d667ff8b785195b568677489d266035\"},\"headline\":\"\u2018Encontros com Cinema\u2019\",\"datePublished\":\"2023-05-30T09:00:24+00:00\",\"mainEntityOfPage\":{\"@id\":\"https:\\\/\\\/blogdacondessa.com.br\\\/blog\\\/cultura\\\/encontros-com-cinema-3\\\/\"},\"wordCount\":653,\"image\":{\"@id\":\"https:\\\/\\\/blogdacondessa.com.br\\\/blog\\\/cultura\\\/encontros-com-cinema-3\\\/#primaryimage\"},\"thumbnailUrl\":\"https:\\\/\\\/blogdacondessa.com.br\\\/blog\\\/wp-content\\\/uploads\\\/2023\\\/05\\\/ENCONTROS-COM-CINEMA.jpg\",\"articleSection\":[\"Cultura\"],\"inLanguage\":\"pt-BR\"},{\"@type\":\"WebPage\",\"@id\":\"https:\\\/\\\/blogdacondessa.com.br\\\/blog\\\/cultura\\\/encontros-com-cinema-3\\\/\",\"url\":\"https:\\\/\\\/blogdacondessa.com.br\\\/blog\\\/cultura\\\/encontros-com-cinema-3\\\/\",\"name\":\"\u2018Encontros com Cinema\u2019 &#8902; Blog da Condessa\",\"isPartOf\":{\"@id\":\"https:\\\/\\\/blogdacondessa.com.br\\\/blog\\\/#website\"},\"primaryImageOfPage\":{\"@id\":\"https:\\\/\\\/blogdacondessa.com.br\\\/blog\\\/cultura\\\/encontros-com-cinema-3\\\/#primaryimage\"},\"image\":{\"@id\":\"https:\\\/\\\/blogdacondessa.com.br\\\/blog\\\/cultura\\\/encontros-com-cinema-3\\\/#primaryimage\"},\"thumbnailUrl\":\"https:\\\/\\\/blogdacondessa.com.br\\\/blog\\\/wp-content\\\/uploads\\\/2023\\\/05\\\/ENCONTROS-COM-CINEMA.jpg\",\"datePublished\":\"2023-05-30T09:00:24+00:00\",\"author\":{\"@id\":\"https:\\\/\\\/blogdacondessa.com.br\\\/blog\\\/#\\\/schema\\\/person\\\/1d667ff8b785195b568677489d266035\"},\"breadcrumb\":{\"@id\":\"https:\\\/\\\/blogdacondessa.com.br\\\/blog\\\/cultura\\\/encontros-com-cinema-3\\\/#breadcrumb\"},\"inLanguage\":\"pt-BR\",\"potentialAction\":[{\"@type\":\"ReadAction\",\"target\":[\"https:\\\/\\\/blogdacondessa.com.br\\\/blog\\\/cultura\\\/encontros-com-cinema-3\\\/\"]}]},{\"@type\":\"ImageObject\",\"inLanguage\":\"pt-BR\",\"@id\":\"https:\\\/\\\/blogdacondessa.com.br\\\/blog\\\/cultura\\\/encontros-com-cinema-3\\\/#primaryimage\",\"url\":\"https:\\\/\\\/blogdacondessa.com.br\\\/blog\\\/wp-content\\\/uploads\\\/2023\\\/05\\\/ENCONTROS-COM-CINEMA.jpg\",\"contentUrl\":\"https:\\\/\\\/blogdacondessa.com.br\\\/blog\\\/wp-content\\\/uploads\\\/2023\\\/05\\\/ENCONTROS-COM-CINEMA.jpg\",\"width\":920,\"height\":518,\"caption\":\"Foto: Divulga\u00e7\u00e3o\"},{\"@type\":\"BreadcrumbList\",\"@id\":\"https:\\\/\\\/blogdacondessa.com.br\\\/blog\\\/cultura\\\/encontros-com-cinema-3\\\/#breadcrumb\",\"itemListElement\":[{\"@type\":\"ListItem\",\"position\":1,\"name\":\"In\u00edcio\",\"item\":\"https:\\\/\\\/blogdacondessa.com.br\\\/blog\\\/\"},{\"@type\":\"ListItem\",\"position\":2,\"name\":\"\u2018Encontros com Cinema\u2019\"}]},{\"@type\":\"WebSite\",\"@id\":\"https:\\\/\\\/blogdacondessa.com.br\\\/blog\\\/#website\",\"url\":\"https:\\\/\\\/blogdacondessa.com.br\\\/blog\\\/\",\"name\":\"Blog da Condessa\",\"description\":\"Com Shirley de Souza O\u2019Campos\",\"potentialAction\":[{\"@type\":\"SearchAction\",\"target\":{\"@type\":\"EntryPoint\",\"urlTemplate\":\"https:\\\/\\\/blogdacondessa.com.br\\\/blog\\\/?s={search_term_string}\"},\"query-input\":{\"@type\":\"PropertyValueSpecification\",\"valueRequired\":true,\"valueName\":\"search_term_string\"}}],\"inLanguage\":\"pt-BR\"},{\"@type\":\"Person\",\"@id\":\"https:\\\/\\\/blogdacondessa.com.br\\\/blog\\\/#\\\/schema\\\/person\\\/1d667ff8b785195b568677489d266035\",\"name\":\"Blog da Condessa\",\"image\":{\"@type\":\"ImageObject\",\"inLanguage\":\"pt-BR\",\"@id\":\"https:\\\/\\\/secure.gravatar.com\\\/avatar\\\/377c0eb8b4ad2bfc25461b41564b5971e721ca34a57642868fc7b0c8ac7b52c5?s=96&d=mm&r=g\",\"url\":\"https:\\\/\\\/secure.gravatar.com\\\/avatar\\\/377c0eb8b4ad2bfc25461b41564b5971e721ca34a57642868fc7b0c8ac7b52c5?s=96&d=mm&r=g\",\"contentUrl\":\"https:\\\/\\\/secure.gravatar.com\\\/avatar\\\/377c0eb8b4ad2bfc25461b41564b5971e721ca34a57642868fc7b0c8ac7b52c5?s=96&d=mm&r=g\",\"caption\":\"Blog da Condessa\"},\"url\":\"https:\\\/\\\/blogdacondessa.com.br\\\/blog\\\/author\\\/beatriz\\\/\"}]}<\/script>\n<!-- \/ Yoast SEO plugin. -->","yoast_head_json":{"title":"\u2018Encontros com Cinema\u2019 &#8902; Blog da Condessa","robots":{"index":"index","follow":"follow","max-snippet":"max-snippet:-1","max-image-preview":"max-image-preview:large","max-video-preview":"max-video-preview:-1"},"canonical":"https:\/\/blogdacondessa.com.br\/blog\/cultura\/encontros-com-cinema-3\/","og_locale":"pt_BR","og_type":"article","og_title":"\u2018Encontros com Cinema\u2019 &#8902; Blog da Condessa","og_description":"Cine Teatro projeta curtas de MT para debater distribui\u00e7\u00e3o cinematogr\u00e1fica. Os filmes foram selecionados pelo projeto de extens\u00e3o da UFMT Trama e ter\u00e1 a presen\u00e7a dos realizadores das obras para um bate-papo. Tr\u00eas curtas mato-grossenses ser\u00e3o exibidos nesta ter\u00e7a-feira (30), a partir das 19h30, no Cine Teatro Cuiab\u00e1, escolhidos para participar do projeto de extens\u00e3o [&hellip;]","og_url":"https:\/\/blogdacondessa.com.br\/blog\/cultura\/encontros-com-cinema-3\/","og_site_name":"Blog da Condessa","article_published_time":"2023-05-30T09:00:24+00:00","og_image":[{"width":920,"height":518,"url":"https:\/\/blogdacondessa.com.br\/blog\/wp-content\/uploads\/2023\/05\/ENCONTROS-COM-CINEMA.jpg","type":"image\/jpeg"}],"author":"Blog da Condessa","twitter_card":"summary_large_image","twitter_misc":{"Escrito por":"Blog da Condessa","Est. tempo de leitura":"4 minutos"},"schema":{"@context":"https:\/\/schema.org","@graph":[{"@type":"Article","@id":"https:\/\/blogdacondessa.com.br\/blog\/cultura\/encontros-com-cinema-3\/#article","isPartOf":{"@id":"https:\/\/blogdacondessa.com.br\/blog\/cultura\/encontros-com-cinema-3\/"},"author":{"name":"Blog da Condessa","@id":"https:\/\/blogdacondessa.com.br\/blog\/#\/schema\/person\/1d667ff8b785195b568677489d266035"},"headline":"\u2018Encontros com Cinema\u2019","datePublished":"2023-05-30T09:00:24+00:00","mainEntityOfPage":{"@id":"https:\/\/blogdacondessa.com.br\/blog\/cultura\/encontros-com-cinema-3\/"},"wordCount":653,"image":{"@id":"https:\/\/blogdacondessa.com.br\/blog\/cultura\/encontros-com-cinema-3\/#primaryimage"},"thumbnailUrl":"https:\/\/blogdacondessa.com.br\/blog\/wp-content\/uploads\/2023\/05\/ENCONTROS-COM-CINEMA.jpg","articleSection":["Cultura"],"inLanguage":"pt-BR"},{"@type":"WebPage","@id":"https:\/\/blogdacondessa.com.br\/blog\/cultura\/encontros-com-cinema-3\/","url":"https:\/\/blogdacondessa.com.br\/blog\/cultura\/encontros-com-cinema-3\/","name":"\u2018Encontros com Cinema\u2019 &#8902; Blog da Condessa","isPartOf":{"@id":"https:\/\/blogdacondessa.com.br\/blog\/#website"},"primaryImageOfPage":{"@id":"https:\/\/blogdacondessa.com.br\/blog\/cultura\/encontros-com-cinema-3\/#primaryimage"},"image":{"@id":"https:\/\/blogdacondessa.com.br\/blog\/cultura\/encontros-com-cinema-3\/#primaryimage"},"thumbnailUrl":"https:\/\/blogdacondessa.com.br\/blog\/wp-content\/uploads\/2023\/05\/ENCONTROS-COM-CINEMA.jpg","datePublished":"2023-05-30T09:00:24+00:00","author":{"@id":"https:\/\/blogdacondessa.com.br\/blog\/#\/schema\/person\/1d667ff8b785195b568677489d266035"},"breadcrumb":{"@id":"https:\/\/blogdacondessa.com.br\/blog\/cultura\/encontros-com-cinema-3\/#breadcrumb"},"inLanguage":"pt-BR","potentialAction":[{"@type":"ReadAction","target":["https:\/\/blogdacondessa.com.br\/blog\/cultura\/encontros-com-cinema-3\/"]}]},{"@type":"ImageObject","inLanguage":"pt-BR","@id":"https:\/\/blogdacondessa.com.br\/blog\/cultura\/encontros-com-cinema-3\/#primaryimage","url":"https:\/\/blogdacondessa.com.br\/blog\/wp-content\/uploads\/2023\/05\/ENCONTROS-COM-CINEMA.jpg","contentUrl":"https:\/\/blogdacondessa.com.br\/blog\/wp-content\/uploads\/2023\/05\/ENCONTROS-COM-CINEMA.jpg","width":920,"height":518,"caption":"Foto: Divulga\u00e7\u00e3o"},{"@type":"BreadcrumbList","@id":"https:\/\/blogdacondessa.com.br\/blog\/cultura\/encontros-com-cinema-3\/#breadcrumb","itemListElement":[{"@type":"ListItem","position":1,"name":"In\u00edcio","item":"https:\/\/blogdacondessa.com.br\/blog\/"},{"@type":"ListItem","position":2,"name":"\u2018Encontros com Cinema\u2019"}]},{"@type":"WebSite","@id":"https:\/\/blogdacondessa.com.br\/blog\/#website","url":"https:\/\/blogdacondessa.com.br\/blog\/","name":"Blog da Condessa","description":"Com Shirley de Souza O\u2019Campos","potentialAction":[{"@type":"SearchAction","target":{"@type":"EntryPoint","urlTemplate":"https:\/\/blogdacondessa.com.br\/blog\/?s={search_term_string}"},"query-input":{"@type":"PropertyValueSpecification","valueRequired":true,"valueName":"search_term_string"}}],"inLanguage":"pt-BR"},{"@type":"Person","@id":"https:\/\/blogdacondessa.com.br\/blog\/#\/schema\/person\/1d667ff8b785195b568677489d266035","name":"Blog da Condessa","image":{"@type":"ImageObject","inLanguage":"pt-BR","@id":"https:\/\/secure.gravatar.com\/avatar\/377c0eb8b4ad2bfc25461b41564b5971e721ca34a57642868fc7b0c8ac7b52c5?s=96&d=mm&r=g","url":"https:\/\/secure.gravatar.com\/avatar\/377c0eb8b4ad2bfc25461b41564b5971e721ca34a57642868fc7b0c8ac7b52c5?s=96&d=mm&r=g","contentUrl":"https:\/\/secure.gravatar.com\/avatar\/377c0eb8b4ad2bfc25461b41564b5971e721ca34a57642868fc7b0c8ac7b52c5?s=96&d=mm&r=g","caption":"Blog da Condessa"},"url":"https:\/\/blogdacondessa.com.br\/blog\/author\/beatriz\/"}]}},"_links":{"self":[{"href":"https:\/\/blogdacondessa.com.br\/blog\/wp-json\/wp\/v2\/posts\/7219","targetHints":{"allow":["GET"]}}],"collection":[{"href":"https:\/\/blogdacondessa.com.br\/blog\/wp-json\/wp\/v2\/posts"}],"about":[{"href":"https:\/\/blogdacondessa.com.br\/blog\/wp-json\/wp\/v2\/types\/post"}],"author":[{"embeddable":true,"href":"https:\/\/blogdacondessa.com.br\/blog\/wp-json\/wp\/v2\/users\/2"}],"replies":[{"embeddable":true,"href":"https:\/\/blogdacondessa.com.br\/blog\/wp-json\/wp\/v2\/comments?post=7219"}],"version-history":[{"count":0,"href":"https:\/\/blogdacondessa.com.br\/blog\/wp-json\/wp\/v2\/posts\/7219\/revisions"}],"wp:featuredmedia":[{"embeddable":true,"href":"https:\/\/blogdacondessa.com.br\/blog\/wp-json\/wp\/v2\/media\/7220"}],"wp:attachment":[{"href":"https:\/\/blogdacondessa.com.br\/blog\/wp-json\/wp\/v2\/media?parent=7219"}],"wp:term":[{"taxonomy":"category","embeddable":true,"href":"https:\/\/blogdacondessa.com.br\/blog\/wp-json\/wp\/v2\/categories?post=7219"},{"taxonomy":"post_tag","embeddable":true,"href":"https:\/\/blogdacondessa.com.br\/blog\/wp-json\/wp\/v2\/tags?post=7219"}],"curies":[{"name":"wp","href":"https:\/\/api.w.org\/{rel}","templated":true}]}}