{"id":7216,"date":"2023-05-29T05:00:35","date_gmt":"2023-05-29T09:00:35","guid":{"rendered":"http:\/\/blogdacondessa.com.br\/?p=7216"},"modified":"2023-05-28T16:53:52","modified_gmt":"2023-05-28T20:53:52","slug":"os-orfaos-do-feminicidio","status":"publish","type":"post","link":"https:\/\/blogdacondessa.com.br\/blog\/cotidiano\/os-orfaos-do-feminicidio\/","title":{"rendered":"Os \u00f3rf\u00e3os do feminic\u00eddio"},"content":{"rendered":"<p>No Brasil, uma em cada quatro\u00a0mulheres foi v\u00edtima de algum tipo de viol\u00eancia de g\u00eanero em 2021, segundo a pesquisa Vis\u00edvel e Invis\u00edvel, do F\u00f3rum Nacional de Seguran\u00e7a P\u00fablica. Mas, em 2022, para 1.400 mulheres o destino foi al\u00e9m da agress\u00e3o, chegando \u00e0 morte: o feminic\u00eddio. Um crime que n\u00e3o faz apenas a v\u00edtima, mas impacta a fam\u00edlia e, principalmente, os filhos da mulher assassinada.<\/p>\n<p>A filha de Nicelia Vitor de Oliveira Pimenta, J\u00e9ssica, faz parte das estat\u00edsticas. Morta pelo marido em novembro de 2022, ela deixou dois\u00a0filhos, um de 13 e outra de 7 anos. Dias antes do assassinato, o marido da v\u00edtima havia tomado o celular dela. Nicelia descobriu que a filha tentou pedir ajuda dias antes. \u201cNo mesmo dia (em que o marido pegou o celular), ela foi \u00e0\u00a0delegacia pedir medida protetiva, mas n\u00e3o sei por que ela n\u00e3o fez\u201d, conta. A m\u00e3e questiona\u00a0se a filha foi ouvida e tratada de\u00a0forma que n\u00e3o se sentiu segura para prosseguir com a den\u00fancia.<\/p>\n<p>\u201cQuando a gente vai a qualquer institui\u00e7\u00e3o buscar socorro, a primeira coisa que se quer \u00e9 um bom acolhimento, um olhar especializado e que entenda de forma t\u00e9cnica o que voc\u00ea est\u00e1 passando\u201d, diz Gislaine Campos Reis, coordenadora do N\u00facleo Judici\u00e1rio da Mulher, do Tribunal de Justi\u00e7a do Distrito Federal e Territ\u00f3rios (TJDFT).<\/p>\n<p>Dif\u00edcil saber o que houve no dia e se um atendimento diferenciado teria evitado a morte de J\u00e9ssica. A realidade \u00e9 que hoje a av\u00f3, al\u00e9m de lidar com o pr\u00f3prio luto, tamb\u00e9m precisa acolher a neta. \u201cNa consulta dela com a psic\u00f3loga, eu falei que preciso dar um retorno, ela sempre me pergunta o que aconteceu com a m\u00e3e. Como \u00e9 que eu falo? Porque ela sabe que o pai matou a m\u00e3e e onde colocou o corpo, ela sabe\u201d, conta a av\u00f3.<\/p>\n<p>Al\u00e9m dos traumas do crime nas crian\u00e7as, muitas vezes o feminic\u00eddio tamb\u00e9m abre portas para outros tipos de viol\u00eancia. Foi o caso de uma jovem de 19 anos, que hoje vive em um abrigo de Bras\u00edlia e n\u00e3o quis se identificar. Aos 5 anos, ela viu a m\u00e3e ser morta\u00a0pelo pai, que n\u00e3o foi preso. A crian\u00e7a e os irm\u00e3os foram viver com a av\u00f3 paterna, que os maltratava. Aos 13 anos, ela se mudou para a casa do pai e foi v\u00edtima de abuso sexual. \u201cQuando eu contei do abuso para a minha fam\u00edlia, simplesmente falaram que era mentira minha, que eu estava querendo botar meu pai na cadeia\u201d, afirma.<\/p>\n<p>O psiquiatra Andr\u00e9 Salles, especialista em inf\u00e2ncia e adolesc\u00eancia, tamb\u00e9m explica que as agress\u00f5es, muitas vezes, j\u00e1 ocorrem antes da morte, e os filhos podem come\u00e7ar a ver esse tipo de situa\u00e7\u00e3o como normal. \u201cS\u00e3o crian\u00e7as que vivem em uma situa\u00e7\u00e3o de viol\u00eancia pr\u00e9via e acabam entendendo no seu desenvolvimento que a resposta \u00e0s inj\u00farias, \u00e0s dificuldades do ambiente, deve ser feita\u00a0de maneira violenta\u201d, explica.<\/p>\n<p>S\u00f3 no Distrito Federal, no primeiro trimestre do ano, houve um aumento de 350% dos casos de feminic\u00eddio. Uma das v\u00edtimas deste ano foi esfaqueada no meio da rua pelo ex-companheiro, em frente ao filho de 13 anos. Segundo a fam\u00edlia, a v\u00edtima havia pedido medida protetiva contra ele, que j\u00e1 tinha v\u00e1rias passagens pela pol\u00edcia.<\/p>\n<p>O assassino havia sido preso semanas antes por tentar invadir a casa dela. Assim que foi solto, cometeu o feminic\u00eddio. Hoje, est\u00e1 preso preventivamente.\u00a0O filho e testemunha do assassinato da m\u00e3e est\u00e1 morando com uma tia, sabe que vai carregar o trauma pelo resto da vida. E s\u00f3 tem um desejo: \u201cque ele fique preso e me deixe em paz, eu e minha fam\u00edlia\u201d. (Fonte: Ag\u00eancia Brasil)<\/p>\n","protected":false},"excerpt":{"rendered":"<p>No Brasil, uma em cada quatro\u00a0mulheres foi v\u00edtima de algum tipo de viol\u00eancia de g\u00eanero em 2021, segundo a pesquisa Vis\u00edvel e Invis\u00edvel, do F\u00f3rum Nacional de Seguran\u00e7a P\u00fablica. Mas, em 2022, para 1.400 mulheres o destino foi al\u00e9m da agress\u00e3o, chegando \u00e0 morte: o feminic\u00eddio. Um crime que n\u00e3o faz apenas a v\u00edtima, mas [&hellip;]<\/p>\n","protected":false},"author":2,"featured_media":7217,"comment_status":"closed","ping_status":"closed","sticky":false,"template":"","format":"standard","meta":{"iawp_total_views":0,"footnotes":""},"categories":[24],"tags":[],"class_list":["post-7216","post","type-post","status-publish","format-standard","has-post-thumbnail","hentry","category-cotidiano"],"yoast_head":"<!-- This site is optimized with the Yoast SEO plugin v27.3 - https:\/\/yoast.com\/product\/yoast-seo-wordpress\/ -->\n<title>Os \u00f3rf\u00e3os do feminic\u00eddio &#8902; Blog da Condessa<\/title>\n<meta name=\"robots\" content=\"index, follow, max-snippet:-1, max-image-preview:large, max-video-preview:-1\" \/>\n<link rel=\"canonical\" href=\"https:\/\/blogdacondessa.com.br\/blog\/cotidiano\/os-orfaos-do-feminicidio\/\" \/>\n<meta property=\"og:locale\" content=\"pt_BR\" \/>\n<meta property=\"og:type\" content=\"article\" \/>\n<meta property=\"og:title\" content=\"Os \u00f3rf\u00e3os do feminic\u00eddio &#8902; Blog da Condessa\" \/>\n<meta property=\"og:description\" content=\"No Brasil, uma em cada quatro\u00a0mulheres foi v\u00edtima de algum tipo de viol\u00eancia de g\u00eanero em 2021, segundo a pesquisa Vis\u00edvel e Invis\u00edvel, do F\u00f3rum Nacional de Seguran\u00e7a P\u00fablica. Mas, em 2022, para 1.400 mulheres o destino foi al\u00e9m da agress\u00e3o, chegando \u00e0 morte: o feminic\u00eddio. Um crime que n\u00e3o faz apenas a v\u00edtima, mas [&hellip;]\" \/>\n<meta property=\"og:url\" content=\"https:\/\/blogdacondessa.com.br\/blog\/cotidiano\/os-orfaos-do-feminicidio\/\" \/>\n<meta property=\"og:site_name\" content=\"Blog da Condessa\" \/>\n<meta property=\"article:published_time\" content=\"2023-05-29T09:00:35+00:00\" \/>\n<meta property=\"og:image\" content=\"https:\/\/blogdacondessa.com.br\/blog\/wp-content\/uploads\/2023\/05\/orfaos-do-feminicidio.jpg\" \/>\n\t<meta property=\"og:image:width\" content=\"1170\" \/>\n\t<meta property=\"og:image:height\" content=\"700\" \/>\n\t<meta property=\"og:image:type\" content=\"image\/jpeg\" \/>\n<meta name=\"author\" content=\"Blog da Condessa\" \/>\n<meta name=\"twitter:card\" content=\"summary_large_image\" \/>\n<meta name=\"twitter:label1\" content=\"Escrito por\" \/>\n\t<meta name=\"twitter:data1\" content=\"Blog da Condessa\" \/>\n\t<meta name=\"twitter:label2\" content=\"Est. tempo de leitura\" \/>\n\t<meta name=\"twitter:data2\" content=\"4 minutos\" \/>\n<script type=\"application\/ld+json\" class=\"yoast-schema-graph\">{\"@context\":\"https:\\\/\\\/schema.org\",\"@graph\":[{\"@type\":\"Article\",\"@id\":\"https:\\\/\\\/blogdacondessa.com.br\\\/blog\\\/cotidiano\\\/os-orfaos-do-feminicidio\\\/#article\",\"isPartOf\":{\"@id\":\"https:\\\/\\\/blogdacondessa.com.br\\\/blog\\\/cotidiano\\\/os-orfaos-do-feminicidio\\\/\"},\"author\":{\"name\":\"Blog da Condessa\",\"@id\":\"https:\\\/\\\/blogdacondessa.com.br\\\/blog\\\/#\\\/schema\\\/person\\\/1d667ff8b785195b568677489d266035\"},\"headline\":\"Os \u00f3rf\u00e3os do feminic\u00eddio\",\"datePublished\":\"2023-05-29T09:00:35+00:00\",\"mainEntityOfPage\":{\"@id\":\"https:\\\/\\\/blogdacondessa.com.br\\\/blog\\\/cotidiano\\\/os-orfaos-do-feminicidio\\\/\"},\"wordCount\":669,\"image\":{\"@id\":\"https:\\\/\\\/blogdacondessa.com.br\\\/blog\\\/cotidiano\\\/os-orfaos-do-feminicidio\\\/#primaryimage\"},\"thumbnailUrl\":\"https:\\\/\\\/blogdacondessa.com.br\\\/blog\\\/wp-content\\\/uploads\\\/2023\\\/05\\\/orfaos-do-feminicidio.jpg\",\"articleSection\":[\"Cotidiano\"],\"inLanguage\":\"pt-BR\"},{\"@type\":\"WebPage\",\"@id\":\"https:\\\/\\\/blogdacondessa.com.br\\\/blog\\\/cotidiano\\\/os-orfaos-do-feminicidio\\\/\",\"url\":\"https:\\\/\\\/blogdacondessa.com.br\\\/blog\\\/cotidiano\\\/os-orfaos-do-feminicidio\\\/\",\"name\":\"Os \u00f3rf\u00e3os do feminic\u00eddio &#8902; Blog da Condessa\",\"isPartOf\":{\"@id\":\"https:\\\/\\\/blogdacondessa.com.br\\\/blog\\\/#website\"},\"primaryImageOfPage\":{\"@id\":\"https:\\\/\\\/blogdacondessa.com.br\\\/blog\\\/cotidiano\\\/os-orfaos-do-feminicidio\\\/#primaryimage\"},\"image\":{\"@id\":\"https:\\\/\\\/blogdacondessa.com.br\\\/blog\\\/cotidiano\\\/os-orfaos-do-feminicidio\\\/#primaryimage\"},\"thumbnailUrl\":\"https:\\\/\\\/blogdacondessa.com.br\\\/blog\\\/wp-content\\\/uploads\\\/2023\\\/05\\\/orfaos-do-feminicidio.jpg\",\"datePublished\":\"2023-05-29T09:00:35+00:00\",\"author\":{\"@id\":\"https:\\\/\\\/blogdacondessa.com.br\\\/blog\\\/#\\\/schema\\\/person\\\/1d667ff8b785195b568677489d266035\"},\"breadcrumb\":{\"@id\":\"https:\\\/\\\/blogdacondessa.com.br\\\/blog\\\/cotidiano\\\/os-orfaos-do-feminicidio\\\/#breadcrumb\"},\"inLanguage\":\"pt-BR\",\"potentialAction\":[{\"@type\":\"ReadAction\",\"target\":[\"https:\\\/\\\/blogdacondessa.com.br\\\/blog\\\/cotidiano\\\/os-orfaos-do-feminicidio\\\/\"]}]},{\"@type\":\"ImageObject\",\"inLanguage\":\"pt-BR\",\"@id\":\"https:\\\/\\\/blogdacondessa.com.br\\\/blog\\\/cotidiano\\\/os-orfaos-do-feminicidio\\\/#primaryimage\",\"url\":\"https:\\\/\\\/blogdacondessa.com.br\\\/blog\\\/wp-content\\\/uploads\\\/2023\\\/05\\\/orfaos-do-feminicidio.jpg\",\"contentUrl\":\"https:\\\/\\\/blogdacondessa.com.br\\\/blog\\\/wp-content\\\/uploads\\\/2023\\\/05\\\/orfaos-do-feminicidio.jpg\",\"width\":1170,\"height\":700,\"caption\":\"Foto: TV Brasil\"},{\"@type\":\"BreadcrumbList\",\"@id\":\"https:\\\/\\\/blogdacondessa.com.br\\\/blog\\\/cotidiano\\\/os-orfaos-do-feminicidio\\\/#breadcrumb\",\"itemListElement\":[{\"@type\":\"ListItem\",\"position\":1,\"name\":\"In\u00edcio\",\"item\":\"https:\\\/\\\/blogdacondessa.com.br\\\/blog\\\/\"},{\"@type\":\"ListItem\",\"position\":2,\"name\":\"Os \u00f3rf\u00e3os do feminic\u00eddio\"}]},{\"@type\":\"WebSite\",\"@id\":\"https:\\\/\\\/blogdacondessa.com.br\\\/blog\\\/#website\",\"url\":\"https:\\\/\\\/blogdacondessa.com.br\\\/blog\\\/\",\"name\":\"Blog da Condessa\",\"description\":\"Com Shirley de Souza O\u2019Campos\",\"potentialAction\":[{\"@type\":\"SearchAction\",\"target\":{\"@type\":\"EntryPoint\",\"urlTemplate\":\"https:\\\/\\\/blogdacondessa.com.br\\\/blog\\\/?s={search_term_string}\"},\"query-input\":{\"@type\":\"PropertyValueSpecification\",\"valueRequired\":true,\"valueName\":\"search_term_string\"}}],\"inLanguage\":\"pt-BR\"},{\"@type\":\"Person\",\"@id\":\"https:\\\/\\\/blogdacondessa.com.br\\\/blog\\\/#\\\/schema\\\/person\\\/1d667ff8b785195b568677489d266035\",\"name\":\"Blog da Condessa\",\"image\":{\"@type\":\"ImageObject\",\"inLanguage\":\"pt-BR\",\"@id\":\"https:\\\/\\\/secure.gravatar.com\\\/avatar\\\/377c0eb8b4ad2bfc25461b41564b5971e721ca34a57642868fc7b0c8ac7b52c5?s=96&d=mm&r=g\",\"url\":\"https:\\\/\\\/secure.gravatar.com\\\/avatar\\\/377c0eb8b4ad2bfc25461b41564b5971e721ca34a57642868fc7b0c8ac7b52c5?s=96&d=mm&r=g\",\"contentUrl\":\"https:\\\/\\\/secure.gravatar.com\\\/avatar\\\/377c0eb8b4ad2bfc25461b41564b5971e721ca34a57642868fc7b0c8ac7b52c5?s=96&d=mm&r=g\",\"caption\":\"Blog da Condessa\"},\"url\":\"https:\\\/\\\/blogdacondessa.com.br\\\/blog\\\/author\\\/beatriz\\\/\"}]}<\/script>\n<!-- \/ Yoast SEO plugin. -->","yoast_head_json":{"title":"Os \u00f3rf\u00e3os do feminic\u00eddio &#8902; Blog da Condessa","robots":{"index":"index","follow":"follow","max-snippet":"max-snippet:-1","max-image-preview":"max-image-preview:large","max-video-preview":"max-video-preview:-1"},"canonical":"https:\/\/blogdacondessa.com.br\/blog\/cotidiano\/os-orfaos-do-feminicidio\/","og_locale":"pt_BR","og_type":"article","og_title":"Os \u00f3rf\u00e3os do feminic\u00eddio &#8902; Blog da Condessa","og_description":"No Brasil, uma em cada quatro\u00a0mulheres foi v\u00edtima de algum tipo de viol\u00eancia de g\u00eanero em 2021, segundo a pesquisa Vis\u00edvel e Invis\u00edvel, do F\u00f3rum Nacional de Seguran\u00e7a P\u00fablica. Mas, em 2022, para 1.400 mulheres o destino foi al\u00e9m da agress\u00e3o, chegando \u00e0 morte: o feminic\u00eddio. Um crime que n\u00e3o faz apenas a v\u00edtima, mas [&hellip;]","og_url":"https:\/\/blogdacondessa.com.br\/blog\/cotidiano\/os-orfaos-do-feminicidio\/","og_site_name":"Blog da Condessa","article_published_time":"2023-05-29T09:00:35+00:00","og_image":[{"width":1170,"height":700,"url":"https:\/\/blogdacondessa.com.br\/blog\/wp-content\/uploads\/2023\/05\/orfaos-do-feminicidio.jpg","type":"image\/jpeg"}],"author":"Blog da Condessa","twitter_card":"summary_large_image","twitter_misc":{"Escrito por":"Blog da Condessa","Est. tempo de leitura":"4 minutos"},"schema":{"@context":"https:\/\/schema.org","@graph":[{"@type":"Article","@id":"https:\/\/blogdacondessa.com.br\/blog\/cotidiano\/os-orfaos-do-feminicidio\/#article","isPartOf":{"@id":"https:\/\/blogdacondessa.com.br\/blog\/cotidiano\/os-orfaos-do-feminicidio\/"},"author":{"name":"Blog da Condessa","@id":"https:\/\/blogdacondessa.com.br\/blog\/#\/schema\/person\/1d667ff8b785195b568677489d266035"},"headline":"Os \u00f3rf\u00e3os do feminic\u00eddio","datePublished":"2023-05-29T09:00:35+00:00","mainEntityOfPage":{"@id":"https:\/\/blogdacondessa.com.br\/blog\/cotidiano\/os-orfaos-do-feminicidio\/"},"wordCount":669,"image":{"@id":"https:\/\/blogdacondessa.com.br\/blog\/cotidiano\/os-orfaos-do-feminicidio\/#primaryimage"},"thumbnailUrl":"https:\/\/blogdacondessa.com.br\/blog\/wp-content\/uploads\/2023\/05\/orfaos-do-feminicidio.jpg","articleSection":["Cotidiano"],"inLanguage":"pt-BR"},{"@type":"WebPage","@id":"https:\/\/blogdacondessa.com.br\/blog\/cotidiano\/os-orfaos-do-feminicidio\/","url":"https:\/\/blogdacondessa.com.br\/blog\/cotidiano\/os-orfaos-do-feminicidio\/","name":"Os \u00f3rf\u00e3os do feminic\u00eddio &#8902; Blog da Condessa","isPartOf":{"@id":"https:\/\/blogdacondessa.com.br\/blog\/#website"},"primaryImageOfPage":{"@id":"https:\/\/blogdacondessa.com.br\/blog\/cotidiano\/os-orfaos-do-feminicidio\/#primaryimage"},"image":{"@id":"https:\/\/blogdacondessa.com.br\/blog\/cotidiano\/os-orfaos-do-feminicidio\/#primaryimage"},"thumbnailUrl":"https:\/\/blogdacondessa.com.br\/blog\/wp-content\/uploads\/2023\/05\/orfaos-do-feminicidio.jpg","datePublished":"2023-05-29T09:00:35+00:00","author":{"@id":"https:\/\/blogdacondessa.com.br\/blog\/#\/schema\/person\/1d667ff8b785195b568677489d266035"},"breadcrumb":{"@id":"https:\/\/blogdacondessa.com.br\/blog\/cotidiano\/os-orfaos-do-feminicidio\/#breadcrumb"},"inLanguage":"pt-BR","potentialAction":[{"@type":"ReadAction","target":["https:\/\/blogdacondessa.com.br\/blog\/cotidiano\/os-orfaos-do-feminicidio\/"]}]},{"@type":"ImageObject","inLanguage":"pt-BR","@id":"https:\/\/blogdacondessa.com.br\/blog\/cotidiano\/os-orfaos-do-feminicidio\/#primaryimage","url":"https:\/\/blogdacondessa.com.br\/blog\/wp-content\/uploads\/2023\/05\/orfaos-do-feminicidio.jpg","contentUrl":"https:\/\/blogdacondessa.com.br\/blog\/wp-content\/uploads\/2023\/05\/orfaos-do-feminicidio.jpg","width":1170,"height":700,"caption":"Foto: TV Brasil"},{"@type":"BreadcrumbList","@id":"https:\/\/blogdacondessa.com.br\/blog\/cotidiano\/os-orfaos-do-feminicidio\/#breadcrumb","itemListElement":[{"@type":"ListItem","position":1,"name":"In\u00edcio","item":"https:\/\/blogdacondessa.com.br\/blog\/"},{"@type":"ListItem","position":2,"name":"Os \u00f3rf\u00e3os do feminic\u00eddio"}]},{"@type":"WebSite","@id":"https:\/\/blogdacondessa.com.br\/blog\/#website","url":"https:\/\/blogdacondessa.com.br\/blog\/","name":"Blog da Condessa","description":"Com Shirley de Souza O\u2019Campos","potentialAction":[{"@type":"SearchAction","target":{"@type":"EntryPoint","urlTemplate":"https:\/\/blogdacondessa.com.br\/blog\/?s={search_term_string}"},"query-input":{"@type":"PropertyValueSpecification","valueRequired":true,"valueName":"search_term_string"}}],"inLanguage":"pt-BR"},{"@type":"Person","@id":"https:\/\/blogdacondessa.com.br\/blog\/#\/schema\/person\/1d667ff8b785195b568677489d266035","name":"Blog da Condessa","image":{"@type":"ImageObject","inLanguage":"pt-BR","@id":"https:\/\/secure.gravatar.com\/avatar\/377c0eb8b4ad2bfc25461b41564b5971e721ca34a57642868fc7b0c8ac7b52c5?s=96&d=mm&r=g","url":"https:\/\/secure.gravatar.com\/avatar\/377c0eb8b4ad2bfc25461b41564b5971e721ca34a57642868fc7b0c8ac7b52c5?s=96&d=mm&r=g","contentUrl":"https:\/\/secure.gravatar.com\/avatar\/377c0eb8b4ad2bfc25461b41564b5971e721ca34a57642868fc7b0c8ac7b52c5?s=96&d=mm&r=g","caption":"Blog da Condessa"},"url":"https:\/\/blogdacondessa.com.br\/blog\/author\/beatriz\/"}]}},"_links":{"self":[{"href":"https:\/\/blogdacondessa.com.br\/blog\/wp-json\/wp\/v2\/posts\/7216","targetHints":{"allow":["GET"]}}],"collection":[{"href":"https:\/\/blogdacondessa.com.br\/blog\/wp-json\/wp\/v2\/posts"}],"about":[{"href":"https:\/\/blogdacondessa.com.br\/blog\/wp-json\/wp\/v2\/types\/post"}],"author":[{"embeddable":true,"href":"https:\/\/blogdacondessa.com.br\/blog\/wp-json\/wp\/v2\/users\/2"}],"replies":[{"embeddable":true,"href":"https:\/\/blogdacondessa.com.br\/blog\/wp-json\/wp\/v2\/comments?post=7216"}],"version-history":[{"count":0,"href":"https:\/\/blogdacondessa.com.br\/blog\/wp-json\/wp\/v2\/posts\/7216\/revisions"}],"wp:featuredmedia":[{"embeddable":true,"href":"https:\/\/blogdacondessa.com.br\/blog\/wp-json\/wp\/v2\/media\/7217"}],"wp:attachment":[{"href":"https:\/\/blogdacondessa.com.br\/blog\/wp-json\/wp\/v2\/media?parent=7216"}],"wp:term":[{"taxonomy":"category","embeddable":true,"href":"https:\/\/blogdacondessa.com.br\/blog\/wp-json\/wp\/v2\/categories?post=7216"},{"taxonomy":"post_tag","embeddable":true,"href":"https:\/\/blogdacondessa.com.br\/blog\/wp-json\/wp\/v2\/tags?post=7216"}],"curies":[{"name":"wp","href":"https:\/\/api.w.org\/{rel}","templated":true}]}}