{"id":7213,"date":"2023-05-29T05:00:54","date_gmt":"2023-05-29T09:00:54","guid":{"rendered":"http:\/\/blogdacondessa.com.br\/?p=7213"},"modified":"2023-05-28T16:44:52","modified_gmt":"2023-05-28T20:44:52","slug":"exposicao-bio-2a-edicao-trata-de-um-tema-sensivel-e-importante-atraves-do-olhar-feminino","status":"publish","type":"post","link":"https:\/\/blogdacondessa.com.br\/blog\/cultura\/exposicao-bio-2a-edicao-trata-de-um-tema-sensivel-e-importante-atraves-do-olhar-feminino\/","title":{"rendered":"Exposi\u00e7\u00e3o \u201cBio &#8211; 2\u00aa Edi\u00e7\u00e3o\u201d trata de um tema sens\u00edvel e importante atrav\u00e9s do olhar feminino"},"content":{"rendered":"<p>Vem a\u00ed, a exposi\u00e7\u00e3o &#8220;BIO &#8211; 2\u00aa edi\u00e7\u00e3o&#8221; que acontecer\u00e1 de 30 de maio a 20 de agosto de 2023 no Museu de Arte e de Cultura Popular, com abertura programada para o dia 30 de maio, \u00e0s 18h30. A curadoria \u00e9 compartilhada entre Ruth Albernaz, L\u00edvia Bertges e Tha\u00eds Magalh\u00e3es.<\/p>\n<p>A fim de refletir sobre o tema biodiversidade a partir dos olhares femininos, Ruth Albernaz\u00a0 convida ao di\u00e1logo as artistas Domingas Apatso, Naine Terena e Tha\u00eds Magalh\u00e3es, al\u00e9m de trazer ao p\u00fablico obras selecionadas de mulheres do acervo permanente do MACP: Almira Reuter, Andr\u00e9a Antonon, Anna Am\u00e9lia Marimon, Concei\u00e7\u00e3o Freitas, Dalva de Barros, Dirce Nestor, Dona Joana e Domingas, Edonita Sucena, Elieth Gripp Mellado, Ignez Corr\u00eaa da Costa, Joana da Silva, Lara Matana, Magna Domingos, Marlene Kasarin, Marta Catunda, Mary Slessor, Osvaldina dos Santos, Regina Penna, Regina Silveira, Rosylene Pinto e\u00a0 Vit\u00f3ria Basaia.<\/p>\n<p>Bio vem para coroar esse momento, numa proposta que trata de um tema sens\u00edvel e importante, sob a luz do olhar feminino, gerando reflex\u00f5es \u00fanicas e reverberantes.<\/p>\n<p><strong>SERVI\u00c7O<\/strong><\/p>\n<p>Exposi\u00e7\u00e3o \u201cBio &#8211; 2\u00aa Edi\u00e7\u00e3o\u201d<\/p>\n<p>Classifica\u00e7\u00e3o Indicativa: 12 anos<\/p>\n<p>Curadoria: Ruth Albernaz, L\u00edvia Bertges e Tha\u00eds Magalh\u00e3es.<\/p>\n<p>Local: Museu de Arte e de Cultural Popular da UFMT, localizado no Centro Cultural da Universidade (entrada na lateral da Rua 1 do Bairro Boa Esperan\u00e7a)<\/p>\n<p>Per\u00edodo: 30 de maio a 20 de agosto<\/p>\n<p>Abertura: 30 de maio \u00e0s 18h30<\/p>\n<p>Entrada: Gratuita<\/p>\n<p>&nbsp;<\/p>\n","protected":false},"excerpt":{"rendered":"<p>Vem a\u00ed, a exposi\u00e7\u00e3o &#8220;BIO &#8211; 2\u00aa edi\u00e7\u00e3o&#8221; que acontecer\u00e1 de 30 de maio a 20 de agosto de 2023 no Museu de Arte e de Cultura Popular, com abertura programada para o dia 30 de maio, \u00e0s 18h30. A curadoria \u00e9 compartilhada entre Ruth Albernaz, L\u00edvia Bertges e Tha\u00eds Magalh\u00e3es. A fim de refletir [&hellip;]<\/p>\n","protected":false},"author":2,"featured_media":7214,"comment_status":"closed","ping_status":"closed","sticky":false,"template":"","format":"standard","meta":{"iawp_total_views":0,"footnotes":""},"categories":[18],"tags":[],"class_list":["post-7213","post","type-post","status-publish","format-standard","has-post-thumbnail","hentry","category-cultura"],"yoast_head":"<!-- This site is optimized with the Yoast SEO plugin v27.3 - https:\/\/yoast.com\/product\/yoast-seo-wordpress\/ -->\n<title>Exposi\u00e7\u00e3o \u201cBio - 2\u00aa Edi\u00e7\u00e3o\u201d trata de um tema sens\u00edvel e importante atrav\u00e9s do olhar feminino &#8902; Blog da Condessa<\/title>\n<meta name=\"robots\" content=\"index, follow, max-snippet:-1, max-image-preview:large, max-video-preview:-1\" \/>\n<link rel=\"canonical\" href=\"https:\/\/blogdacondessa.com.br\/blog\/cultura\/exposicao-bio-2a-edicao-trata-de-um-tema-sensivel-e-importante-atraves-do-olhar-feminino\/\" \/>\n<meta property=\"og:locale\" content=\"pt_BR\" \/>\n<meta property=\"og:type\" content=\"article\" \/>\n<meta property=\"og:title\" content=\"Exposi\u00e7\u00e3o \u201cBio - 2\u00aa Edi\u00e7\u00e3o\u201d trata de um tema sens\u00edvel e importante atrav\u00e9s do olhar feminino &#8902; Blog da Condessa\" \/>\n<meta property=\"og:description\" content=\"Vem a\u00ed, a exposi\u00e7\u00e3o &#8220;BIO &#8211; 2\u00aa edi\u00e7\u00e3o&#8221; que acontecer\u00e1 de 30 de maio a 20 de agosto de 2023 no Museu de Arte e de Cultura Popular, com abertura programada para o dia 30 de maio, \u00e0s 18h30. A curadoria \u00e9 compartilhada entre Ruth Albernaz, L\u00edvia Bertges e Tha\u00eds Magalh\u00e3es. A fim de refletir [&hellip;]\" \/>\n<meta property=\"og:url\" content=\"https:\/\/blogdacondessa.com.br\/blog\/cultura\/exposicao-bio-2a-edicao-trata-de-um-tema-sensivel-e-importante-atraves-do-olhar-feminino\/\" \/>\n<meta property=\"og:site_name\" content=\"Blog da Condessa\" \/>\n<meta property=\"article:published_time\" content=\"2023-05-29T09:00:54+00:00\" \/>\n<meta property=\"og:image\" content=\"https:\/\/blogdacondessa.com.br\/blog\/wp-content\/uploads\/2023\/05\/BIO.jpg\" \/>\n\t<meta property=\"og:image:width\" content=\"1080\" \/>\n\t<meta property=\"og:image:height\" content=\"1080\" \/>\n\t<meta property=\"og:image:type\" content=\"image\/jpeg\" \/>\n<meta name=\"author\" content=\"Blog da Condessa\" \/>\n<meta name=\"twitter:card\" content=\"summary_large_image\" \/>\n<meta name=\"twitter:label1\" content=\"Escrito por\" \/>\n\t<meta name=\"twitter:data1\" content=\"Blog da Condessa\" \/>\n\t<meta name=\"twitter:label2\" content=\"Est. tempo de leitura\" \/>\n\t<meta name=\"twitter:data2\" content=\"2 minutos\" \/>\n<script type=\"application\/ld+json\" class=\"yoast-schema-graph\">{\"@context\":\"https:\\\/\\\/schema.org\",\"@graph\":[{\"@type\":\"Article\",\"@id\":\"https:\\\/\\\/blogdacondessa.com.br\\\/blog\\\/cultura\\\/exposicao-bio-2a-edicao-trata-de-um-tema-sensivel-e-importante-atraves-do-olhar-feminino\\\/#article\",\"isPartOf\":{\"@id\":\"https:\\\/\\\/blogdacondessa.com.br\\\/blog\\\/cultura\\\/exposicao-bio-2a-edicao-trata-de-um-tema-sensivel-e-importante-atraves-do-olhar-feminino\\\/\"},\"author\":{\"name\":\"Blog da Condessa\",\"@id\":\"https:\\\/\\\/blogdacondessa.com.br\\\/blog\\\/#\\\/schema\\\/person\\\/1d667ff8b785195b568677489d266035\"},\"headline\":\"Exposi\u00e7\u00e3o \u201cBio &#8211; 2\u00aa Edi\u00e7\u00e3o\u201d trata de um tema sens\u00edvel e importante atrav\u00e9s do olhar feminino\",\"datePublished\":\"2023-05-29T09:00:54+00:00\",\"mainEntityOfPage\":{\"@id\":\"https:\\\/\\\/blogdacondessa.com.br\\\/blog\\\/cultura\\\/exposicao-bio-2a-edicao-trata-de-um-tema-sensivel-e-importante-atraves-do-olhar-feminino\\\/\"},\"wordCount\":265,\"image\":{\"@id\":\"https:\\\/\\\/blogdacondessa.com.br\\\/blog\\\/cultura\\\/exposicao-bio-2a-edicao-trata-de-um-tema-sensivel-e-importante-atraves-do-olhar-feminino\\\/#primaryimage\"},\"thumbnailUrl\":\"https:\\\/\\\/blogdacondessa.com.br\\\/blog\\\/wp-content\\\/uploads\\\/2023\\\/05\\\/BIO.jpg\",\"articleSection\":[\"Cultura\"],\"inLanguage\":\"pt-BR\"},{\"@type\":\"WebPage\",\"@id\":\"https:\\\/\\\/blogdacondessa.com.br\\\/blog\\\/cultura\\\/exposicao-bio-2a-edicao-trata-de-um-tema-sensivel-e-importante-atraves-do-olhar-feminino\\\/\",\"url\":\"https:\\\/\\\/blogdacondessa.com.br\\\/blog\\\/cultura\\\/exposicao-bio-2a-edicao-trata-de-um-tema-sensivel-e-importante-atraves-do-olhar-feminino\\\/\",\"name\":\"Exposi\u00e7\u00e3o \u201cBio - 2\u00aa Edi\u00e7\u00e3o\u201d trata de um tema sens\u00edvel e importante atrav\u00e9s do olhar feminino &#8902; Blog da Condessa\",\"isPartOf\":{\"@id\":\"https:\\\/\\\/blogdacondessa.com.br\\\/blog\\\/#website\"},\"primaryImageOfPage\":{\"@id\":\"https:\\\/\\\/blogdacondessa.com.br\\\/blog\\\/cultura\\\/exposicao-bio-2a-edicao-trata-de-um-tema-sensivel-e-importante-atraves-do-olhar-feminino\\\/#primaryimage\"},\"image\":{\"@id\":\"https:\\\/\\\/blogdacondessa.com.br\\\/blog\\\/cultura\\\/exposicao-bio-2a-edicao-trata-de-um-tema-sensivel-e-importante-atraves-do-olhar-feminino\\\/#primaryimage\"},\"thumbnailUrl\":\"https:\\\/\\\/blogdacondessa.com.br\\\/blog\\\/wp-content\\\/uploads\\\/2023\\\/05\\\/BIO.jpg\",\"datePublished\":\"2023-05-29T09:00:54+00:00\",\"author\":{\"@id\":\"https:\\\/\\\/blogdacondessa.com.br\\\/blog\\\/#\\\/schema\\\/person\\\/1d667ff8b785195b568677489d266035\"},\"breadcrumb\":{\"@id\":\"https:\\\/\\\/blogdacondessa.com.br\\\/blog\\\/cultura\\\/exposicao-bio-2a-edicao-trata-de-um-tema-sensivel-e-importante-atraves-do-olhar-feminino\\\/#breadcrumb\"},\"inLanguage\":\"pt-BR\",\"potentialAction\":[{\"@type\":\"ReadAction\",\"target\":[\"https:\\\/\\\/blogdacondessa.com.br\\\/blog\\\/cultura\\\/exposicao-bio-2a-edicao-trata-de-um-tema-sensivel-e-importante-atraves-do-olhar-feminino\\\/\"]}]},{\"@type\":\"ImageObject\",\"inLanguage\":\"pt-BR\",\"@id\":\"https:\\\/\\\/blogdacondessa.com.br\\\/blog\\\/cultura\\\/exposicao-bio-2a-edicao-trata-de-um-tema-sensivel-e-importante-atraves-do-olhar-feminino\\\/#primaryimage\",\"url\":\"https:\\\/\\\/blogdacondessa.com.br\\\/blog\\\/wp-content\\\/uploads\\\/2023\\\/05\\\/BIO.jpg\",\"contentUrl\":\"https:\\\/\\\/blogdacondessa.com.br\\\/blog\\\/wp-content\\\/uploads\\\/2023\\\/05\\\/BIO.jpg\",\"width\":1080,\"height\":1080},{\"@type\":\"BreadcrumbList\",\"@id\":\"https:\\\/\\\/blogdacondessa.com.br\\\/blog\\\/cultura\\\/exposicao-bio-2a-edicao-trata-de-um-tema-sensivel-e-importante-atraves-do-olhar-feminino\\\/#breadcrumb\",\"itemListElement\":[{\"@type\":\"ListItem\",\"position\":1,\"name\":\"In\u00edcio\",\"item\":\"https:\\\/\\\/blogdacondessa.com.br\\\/blog\\\/\"},{\"@type\":\"ListItem\",\"position\":2,\"name\":\"Exposi\u00e7\u00e3o \u201cBio &#8211; 2\u00aa Edi\u00e7\u00e3o\u201d trata de um tema sens\u00edvel e importante atrav\u00e9s do olhar feminino\"}]},{\"@type\":\"WebSite\",\"@id\":\"https:\\\/\\\/blogdacondessa.com.br\\\/blog\\\/#website\",\"url\":\"https:\\\/\\\/blogdacondessa.com.br\\\/blog\\\/\",\"name\":\"Blog da Condessa\",\"description\":\"Com Shirley de Souza O\u2019Campos\",\"potentialAction\":[{\"@type\":\"SearchAction\",\"target\":{\"@type\":\"EntryPoint\",\"urlTemplate\":\"https:\\\/\\\/blogdacondessa.com.br\\\/blog\\\/?s={search_term_string}\"},\"query-input\":{\"@type\":\"PropertyValueSpecification\",\"valueRequired\":true,\"valueName\":\"search_term_string\"}}],\"inLanguage\":\"pt-BR\"},{\"@type\":\"Person\",\"@id\":\"https:\\\/\\\/blogdacondessa.com.br\\\/blog\\\/#\\\/schema\\\/person\\\/1d667ff8b785195b568677489d266035\",\"name\":\"Blog da Condessa\",\"image\":{\"@type\":\"ImageObject\",\"inLanguage\":\"pt-BR\",\"@id\":\"https:\\\/\\\/secure.gravatar.com\\\/avatar\\\/377c0eb8b4ad2bfc25461b41564b5971e721ca34a57642868fc7b0c8ac7b52c5?s=96&d=mm&r=g\",\"url\":\"https:\\\/\\\/secure.gravatar.com\\\/avatar\\\/377c0eb8b4ad2bfc25461b41564b5971e721ca34a57642868fc7b0c8ac7b52c5?s=96&d=mm&r=g\",\"contentUrl\":\"https:\\\/\\\/secure.gravatar.com\\\/avatar\\\/377c0eb8b4ad2bfc25461b41564b5971e721ca34a57642868fc7b0c8ac7b52c5?s=96&d=mm&r=g\",\"caption\":\"Blog da Condessa\"},\"url\":\"https:\\\/\\\/blogdacondessa.com.br\\\/blog\\\/author\\\/beatriz\\\/\"}]}<\/script>\n<!-- \/ Yoast SEO plugin. -->","yoast_head_json":{"title":"Exposi\u00e7\u00e3o \u201cBio - 2\u00aa Edi\u00e7\u00e3o\u201d trata de um tema sens\u00edvel e importante atrav\u00e9s do olhar feminino &#8902; Blog da Condessa","robots":{"index":"index","follow":"follow","max-snippet":"max-snippet:-1","max-image-preview":"max-image-preview:large","max-video-preview":"max-video-preview:-1"},"canonical":"https:\/\/blogdacondessa.com.br\/blog\/cultura\/exposicao-bio-2a-edicao-trata-de-um-tema-sensivel-e-importante-atraves-do-olhar-feminino\/","og_locale":"pt_BR","og_type":"article","og_title":"Exposi\u00e7\u00e3o \u201cBio - 2\u00aa Edi\u00e7\u00e3o\u201d trata de um tema sens\u00edvel e importante atrav\u00e9s do olhar feminino &#8902; Blog da Condessa","og_description":"Vem a\u00ed, a exposi\u00e7\u00e3o &#8220;BIO &#8211; 2\u00aa edi\u00e7\u00e3o&#8221; que acontecer\u00e1 de 30 de maio a 20 de agosto de 2023 no Museu de Arte e de Cultura Popular, com abertura programada para o dia 30 de maio, \u00e0s 18h30. A curadoria \u00e9 compartilhada entre Ruth Albernaz, L\u00edvia Bertges e Tha\u00eds Magalh\u00e3es. A fim de refletir [&hellip;]","og_url":"https:\/\/blogdacondessa.com.br\/blog\/cultura\/exposicao-bio-2a-edicao-trata-de-um-tema-sensivel-e-importante-atraves-do-olhar-feminino\/","og_site_name":"Blog da Condessa","article_published_time":"2023-05-29T09:00:54+00:00","og_image":[{"width":1080,"height":1080,"url":"https:\/\/blogdacondessa.com.br\/blog\/wp-content\/uploads\/2023\/05\/BIO.jpg","type":"image\/jpeg"}],"author":"Blog da Condessa","twitter_card":"summary_large_image","twitter_misc":{"Escrito por":"Blog da Condessa","Est. tempo de leitura":"2 minutos"},"schema":{"@context":"https:\/\/schema.org","@graph":[{"@type":"Article","@id":"https:\/\/blogdacondessa.com.br\/blog\/cultura\/exposicao-bio-2a-edicao-trata-de-um-tema-sensivel-e-importante-atraves-do-olhar-feminino\/#article","isPartOf":{"@id":"https:\/\/blogdacondessa.com.br\/blog\/cultura\/exposicao-bio-2a-edicao-trata-de-um-tema-sensivel-e-importante-atraves-do-olhar-feminino\/"},"author":{"name":"Blog da Condessa","@id":"https:\/\/blogdacondessa.com.br\/blog\/#\/schema\/person\/1d667ff8b785195b568677489d266035"},"headline":"Exposi\u00e7\u00e3o \u201cBio &#8211; 2\u00aa Edi\u00e7\u00e3o\u201d trata de um tema sens\u00edvel e importante atrav\u00e9s do olhar feminino","datePublished":"2023-05-29T09:00:54+00:00","mainEntityOfPage":{"@id":"https:\/\/blogdacondessa.com.br\/blog\/cultura\/exposicao-bio-2a-edicao-trata-de-um-tema-sensivel-e-importante-atraves-do-olhar-feminino\/"},"wordCount":265,"image":{"@id":"https:\/\/blogdacondessa.com.br\/blog\/cultura\/exposicao-bio-2a-edicao-trata-de-um-tema-sensivel-e-importante-atraves-do-olhar-feminino\/#primaryimage"},"thumbnailUrl":"https:\/\/blogdacondessa.com.br\/blog\/wp-content\/uploads\/2023\/05\/BIO.jpg","articleSection":["Cultura"],"inLanguage":"pt-BR"},{"@type":"WebPage","@id":"https:\/\/blogdacondessa.com.br\/blog\/cultura\/exposicao-bio-2a-edicao-trata-de-um-tema-sensivel-e-importante-atraves-do-olhar-feminino\/","url":"https:\/\/blogdacondessa.com.br\/blog\/cultura\/exposicao-bio-2a-edicao-trata-de-um-tema-sensivel-e-importante-atraves-do-olhar-feminino\/","name":"Exposi\u00e7\u00e3o \u201cBio - 2\u00aa Edi\u00e7\u00e3o\u201d trata de um tema sens\u00edvel e importante atrav\u00e9s do olhar feminino &#8902; Blog da Condessa","isPartOf":{"@id":"https:\/\/blogdacondessa.com.br\/blog\/#website"},"primaryImageOfPage":{"@id":"https:\/\/blogdacondessa.com.br\/blog\/cultura\/exposicao-bio-2a-edicao-trata-de-um-tema-sensivel-e-importante-atraves-do-olhar-feminino\/#primaryimage"},"image":{"@id":"https:\/\/blogdacondessa.com.br\/blog\/cultura\/exposicao-bio-2a-edicao-trata-de-um-tema-sensivel-e-importante-atraves-do-olhar-feminino\/#primaryimage"},"thumbnailUrl":"https:\/\/blogdacondessa.com.br\/blog\/wp-content\/uploads\/2023\/05\/BIO.jpg","datePublished":"2023-05-29T09:00:54+00:00","author":{"@id":"https:\/\/blogdacondessa.com.br\/blog\/#\/schema\/person\/1d667ff8b785195b568677489d266035"},"breadcrumb":{"@id":"https:\/\/blogdacondessa.com.br\/blog\/cultura\/exposicao-bio-2a-edicao-trata-de-um-tema-sensivel-e-importante-atraves-do-olhar-feminino\/#breadcrumb"},"inLanguage":"pt-BR","potentialAction":[{"@type":"ReadAction","target":["https:\/\/blogdacondessa.com.br\/blog\/cultura\/exposicao-bio-2a-edicao-trata-de-um-tema-sensivel-e-importante-atraves-do-olhar-feminino\/"]}]},{"@type":"ImageObject","inLanguage":"pt-BR","@id":"https:\/\/blogdacondessa.com.br\/blog\/cultura\/exposicao-bio-2a-edicao-trata-de-um-tema-sensivel-e-importante-atraves-do-olhar-feminino\/#primaryimage","url":"https:\/\/blogdacondessa.com.br\/blog\/wp-content\/uploads\/2023\/05\/BIO.jpg","contentUrl":"https:\/\/blogdacondessa.com.br\/blog\/wp-content\/uploads\/2023\/05\/BIO.jpg","width":1080,"height":1080},{"@type":"BreadcrumbList","@id":"https:\/\/blogdacondessa.com.br\/blog\/cultura\/exposicao-bio-2a-edicao-trata-de-um-tema-sensivel-e-importante-atraves-do-olhar-feminino\/#breadcrumb","itemListElement":[{"@type":"ListItem","position":1,"name":"In\u00edcio","item":"https:\/\/blogdacondessa.com.br\/blog\/"},{"@type":"ListItem","position":2,"name":"Exposi\u00e7\u00e3o \u201cBio &#8211; 2\u00aa Edi\u00e7\u00e3o\u201d trata de um tema sens\u00edvel e importante atrav\u00e9s do olhar feminino"}]},{"@type":"WebSite","@id":"https:\/\/blogdacondessa.com.br\/blog\/#website","url":"https:\/\/blogdacondessa.com.br\/blog\/","name":"Blog da Condessa","description":"Com Shirley de Souza O\u2019Campos","potentialAction":[{"@type":"SearchAction","target":{"@type":"EntryPoint","urlTemplate":"https:\/\/blogdacondessa.com.br\/blog\/?s={search_term_string}"},"query-input":{"@type":"PropertyValueSpecification","valueRequired":true,"valueName":"search_term_string"}}],"inLanguage":"pt-BR"},{"@type":"Person","@id":"https:\/\/blogdacondessa.com.br\/blog\/#\/schema\/person\/1d667ff8b785195b568677489d266035","name":"Blog da Condessa","image":{"@type":"ImageObject","inLanguage":"pt-BR","@id":"https:\/\/secure.gravatar.com\/avatar\/377c0eb8b4ad2bfc25461b41564b5971e721ca34a57642868fc7b0c8ac7b52c5?s=96&d=mm&r=g","url":"https:\/\/secure.gravatar.com\/avatar\/377c0eb8b4ad2bfc25461b41564b5971e721ca34a57642868fc7b0c8ac7b52c5?s=96&d=mm&r=g","contentUrl":"https:\/\/secure.gravatar.com\/avatar\/377c0eb8b4ad2bfc25461b41564b5971e721ca34a57642868fc7b0c8ac7b52c5?s=96&d=mm&r=g","caption":"Blog da Condessa"},"url":"https:\/\/blogdacondessa.com.br\/blog\/author\/beatriz\/"}]}},"_links":{"self":[{"href":"https:\/\/blogdacondessa.com.br\/blog\/wp-json\/wp\/v2\/posts\/7213","targetHints":{"allow":["GET"]}}],"collection":[{"href":"https:\/\/blogdacondessa.com.br\/blog\/wp-json\/wp\/v2\/posts"}],"about":[{"href":"https:\/\/blogdacondessa.com.br\/blog\/wp-json\/wp\/v2\/types\/post"}],"author":[{"embeddable":true,"href":"https:\/\/blogdacondessa.com.br\/blog\/wp-json\/wp\/v2\/users\/2"}],"replies":[{"embeddable":true,"href":"https:\/\/blogdacondessa.com.br\/blog\/wp-json\/wp\/v2\/comments?post=7213"}],"version-history":[{"count":0,"href":"https:\/\/blogdacondessa.com.br\/blog\/wp-json\/wp\/v2\/posts\/7213\/revisions"}],"wp:featuredmedia":[{"embeddable":true,"href":"https:\/\/blogdacondessa.com.br\/blog\/wp-json\/wp\/v2\/media\/7214"}],"wp:attachment":[{"href":"https:\/\/blogdacondessa.com.br\/blog\/wp-json\/wp\/v2\/media?parent=7213"}],"wp:term":[{"taxonomy":"category","embeddable":true,"href":"https:\/\/blogdacondessa.com.br\/blog\/wp-json\/wp\/v2\/categories?post=7213"},{"taxonomy":"post_tag","embeddable":true,"href":"https:\/\/blogdacondessa.com.br\/blog\/wp-json\/wp\/v2\/tags?post=7213"}],"curies":[{"name":"wp","href":"https:\/\/api.w.org\/{rel}","templated":true}]}}