{"id":7198,"date":"2023-05-26T09:18:58","date_gmt":"2023-05-26T13:18:58","guid":{"rendered":"http:\/\/blogdacondessa.com.br\/?p=7198"},"modified":"2023-05-26T09:18:58","modified_gmt":"2023-05-26T13:18:58","slug":"jardim-maringa-i-esta-com-100-das-ruas-e-avenidas-pavimentadas","status":"publish","type":"post","link":"https:\/\/blogdacondessa.com.br\/blog\/cidades\/jardim-maringa-i-esta-com-100-das-ruas-e-avenidas-pavimentadas\/","title":{"rendered":"Jardim Maring\u00e1 I est\u00e1 com 100% das ruas e avenidas pavimentadas"},"content":{"rendered":"<p>O Jardim Maring\u00e1 I, localizado na regi\u00e3o do Grande Parque do Lago, em V\u00e1rzea Grande, passa a viver uma nova realidade a partir de agora. A gest\u00e3o do prefeito Kalil Baracat concluiu a pavimenta\u00e7\u00e3o asf\u00e1ltica do local, com a entrega\u00a0dos \u00faltimos dois quil\u00f4metros que necessitavam de asfalto. O bairro tem agora, 100% das ruas pavimentadas.<\/p>\n<p>A entrega das obras integrou a programa\u00e7\u00e3o de anivers\u00e1rio da cidade, iniciada no \u00faltimo dia 7, e que segue at\u00e9 o dia 3 de junho e somam investimentos da ordem de R$ 115 milh\u00f5es. O projeto que contemplou o Maring\u00e1 I demandou investimentos de R$ 2,5 milh\u00f5es e que fazem parte de um pacote total de obras de pavimenta\u00e7\u00e3o, drenagem, pintura, sinaliza\u00e7\u00e3o e ilumina\u00e7\u00e3o or\u00e7ado em R$ 12,8 milh\u00f5es &#8211; parte recursos pr\u00f3prios, emendas e conv\u00eanios \u2013 que est\u00e1 sendo entregue \u00e0 popula\u00e7\u00e3o neste m\u00eas de maio.<\/p>\n<p>Kalil Baracat lembrou que n\u00e3o apenas o Maring\u00e1, mas toda a regi\u00e3o vem crescendo assim como V\u00e1rzea Grande, e vai ganhar em breve uma nova interliga\u00e7\u00e3o com a capital Cuiab\u00e1, mais precisamente na regi\u00e3o do Parque Atalaia\/Parque Cuiab\u00e1. \u201cSer\u00e3o novas \u00e1reas que j\u00e1 t\u00eam certa densidade populacional e que v\u00e3o ganhar mais desenvolvimento e investimentos\u201d, disse o prefeito lembrando que a obra \u00e9 do governo do Estado de Mato Grosso.<\/p>\n<p>Moradores mais antigos como Ant\u00f4nio Amorim, Tereza Silva, Amador Gon\u00e7alves e Iza\u00edas Gon\u00e7alves, se tornaram lideran\u00e7as no bairro ao assumirem o protagonismo de buscar melhorias. \u201cHoje a gente comemora e muito. Minhas pernas cansaram de ir \u00e0 prefeitura pedir ajuda, pedir servi\u00e7os e melhorias. Estou aqui h\u00e1 23 anos e esperei todo esse tempo para ver meu bairro com infraestrutura que a sua gente merece\u201d, pontuou Tereza.<\/p>\n<p>Outra lideran\u00e7a antiga, morador h\u00e1 40 anos do Maring\u00e1 I, afirmou que a pavimenta\u00e7\u00e3o concretiza e estrutura\u00a0a parte do bairro que foi ampliada com o passar dos anos. \u201cChamamos aqui de \u2018parte baixa\u2019 e era justamente uma por\u00e7\u00e3o do bairro bem complicada, mas que gra\u00e7as ao comprometimento do prefeito Kalil, pudemos driblar as dificuldades e hoje estamos aqui comemorando essa conquista, conquista essa que fa\u00e7o quest\u00e3o de salientar que \u00e9 de cada morador. Nosso bairro est\u00e1 agora 100% asfaltado. At\u00e9 a conclus\u00e3o dessas ruas, viv\u00edamos aqui no ch\u00e3o batido, na poeira\u201d.<\/p>\n<p>A poeira na seca e a lama na chuva, eram, segundo Iza\u00edas Gon\u00e7alves, os grandes problemas do bairro. \u201cAcredito que o fim dessa era \u00e9 o nosso maior ganho. Cheguei aqui em 1982, quando tudo era Parque do Lago. O \u00f4nibus era de duas em duas horas e o poeir\u00e3o n\u00e3o deixava nada limpo. Com mobiliza\u00e7\u00e3o e sensibilidade do poder p\u00fablico fomos recebendo obras. Faltava finalizar o nosso asfalto\u201d. Ele acredita que somente nos Maring\u00e1s I, II e III, existam cerca de 8,5 mil moradores.<\/p>\n<p>J\u00e1 Amador Gon\u00e7alves, morador h\u00e1 38 anos, lembrou dos mutir\u00f5es realizados para levar melhorias ao bairro. \u201cEm \u00e9poca de chuva, tinha morador que enfrentava \u00e1gua quase na cintura para sair de casa\u201d. Ele fez quest\u00e3o de agradecer ao apoio que a comunidade recebe da Administra\u00e7\u00e3o Regional do Cristo Rei, gerida pelo vice-prefeito, Jos\u00e9 Hazama. \u201cEle \u00e9 o nosso contato direto e sempre nos atende, \u00e9 nosso interlocutor junto ao prefeito Kalil e ao secretariado. Temos uma parceria estabelecida e s\u00f3 existe parceria quando os dois lados se sentem satisfeitos. Nossas demandas n\u00e3o param por aqui, mas esse asfalto era prioridade\u201d.<\/p>\n<p>Os moradores, que formaram uma esp\u00e9cie de comiss\u00e3o respons\u00e1vel por cuidar do bairro, s\u00e3o un\u00e2nimes em dizer que a pavimenta\u00e7\u00e3o\u00a0valoriza os im\u00f3veis e recupera a autoestima dos moradores. \u201cDaqui a pouco vamos ter cal\u00e7adas, muros e grades pintados, casas muradas, \u00e1rvores plantadas. Porque o bairro vai naturalmente sendo valorizado por quem mora aqui e cada um vai fazendo as melhorias que pode\u201d, completou Amorim.<\/p>\n<p>O prefeito destacou que mais que valoriza\u00e7\u00e3o imobili\u00e1ria, infraestrutura, levar asfalto \u00e9 melhorar a qualidade de vida da popula\u00e7\u00e3o beneficiada e um dever do poder p\u00fablico. \u201cPara manter o compromisso com a popula\u00e7\u00e3o \u00e9 preciso que o prefeito se relacione bem com todos os poderes constitu\u00eddos e eu tenho orgulho em dizer que a gest\u00e3o do prefeito Kalil tem articula\u00e7\u00e3o pol\u00edtica porque gere bem, gere com zelo todos os recursos que entram no Tesouro Municipal, sejam eles originados pelos contribuintes, por emendas, conv\u00eanios e ou repasses. S\u00f3 com articula\u00e7\u00e3o pol\u00edtica e comprometimento \u00e9 que seguimos nosso cronograma de obras, a\u00e7\u00f5es e servi\u00e7os em dia, fazendo os investimentos que a cidade precisa. Essa \u00e9 uma obra que pude acompanhar do come\u00e7o ao fim\u201d.<\/p>\n<p>Ainda aos moradores, Kalil lembrou da sua rela\u00e7\u00e3o estreita com a comunidade. \u201cDesde a gest\u00e3o da prefeita Sarita, minha av\u00f3, quando ela trouxe uma escola para c\u00e1, estamos atendendo e\u00a0melhorando a infraestrutura do bairro. Temos ruas para serem pavimentadas nas adjac\u00eancias, como no bairro Princesa do Sol, e estamos buscando recursos. Mas temos outros projetos em andamento e que v\u00e3o beneficiar todo o grande Parque do Lago, como a reconstru\u00e7\u00e3o da Escola Municipal de Educa\u00e7\u00e3o B\u00e1sica (EMEB) \u2018Alino Ferreira de Magalh\u00e3es\u2019, com uma nova estrutura que est\u00e1 fazendo inveja \u00e0s escolas particulares e que vamos entregar \u00e0 comunidade no dia 30, \u00e0s 16h. Al\u00e9m disso, estamos construindo a Unidade B\u00e1sica de Sa\u00fade (UBS) Santa Clara que tamb\u00e9m vai refor\u00e7ar o atendimento prim\u00e1rio na regi\u00e3o. Nossa vontade de melhorar a cidade n\u00e3o cessa e para isso estamos sempre buscando apoio, parcerias, para entregar o melhor a nossa cidade e a nossa gente\u201d.<\/p>\n<p>Presente \u00e0 entrega, o deputado estadual Juca do Guaran\u00e1, lembrou que a articula\u00e7\u00e3o pol\u00edtica \u00e9 o grande trunfo que um gestor pode ter. \u201cFui vereador em Cuiab\u00e1 por tr\u00eas mandatos e o vereador \u00e9 o agente pol\u00edtico mais pr\u00f3ximo \u00e0 popula\u00e7\u00e3o. E se hoje a comunidade recebe o asfalto novo \u00e9 porque houve muita sinergia entre o Executivo e o Legislativo, porque asfalto \u00e9 qualidade de vida, \u00e9 sa\u00fade, \u00e9 humanizar a popula\u00e7\u00e3o\u201d.<\/p>\n<p><strong>PROJETOS<\/strong>\u00a0\u2013 O secret\u00e1rio municipal de Obras e Via\u00e7\u00e3o de V\u00e1rzea Grande, Luiz Celso de Moraes, explica que o Munic\u00edpio est\u00e1 em busca de novas emendas parlamentares para manter o ritmo de obras dentro do Grande Parque do Lago. \u201cOs servi\u00e7os de revitaliza\u00e7\u00e3o e recape s\u00e3o constantes, fazem parte da nossa rotina, mas aqui, como eu digo, as demandas s\u00e3o por etapas. Conclu\u00edmos uma etapa hoje, mas sabemos que existem mais dois quil\u00f4metros da segunda etapa e outros 2,5 quil\u00f4metros da terceira etapa para fecharmos a regi\u00e3o com asfalto. Estamos correndo atr\u00e1s e vamos entregar essas obras at\u00e9 o final do mandato do prefeito Kalil.<\/p>\n<p>Luiz refor\u00e7a que todas as obras contratadas e entregues n\u00e3o levam apenas asfalto novo, mas tamb\u00e9m galerias pluviais, redes de \u00e1gua, drenagem, meio-fio, sinaliza\u00e7\u00e3o horizontal e vertical e ilumina\u00e7\u00e3o.<\/p>\n<p>Representando a C\u00e2mara Municipal de Vereadores, o vereador Joaquim Antunes \u2013 o Joaquim da Alameda \u2013 destacou a import\u00e2ncia das obras que est\u00e3o sendo entregues em comemora\u00e7\u00e3o\u00a0aos 156 anos da cidade. \u201cA maior parte \u00e9 de projetos de infraestrutura, o que traz impacto positivo \u00e0 cidade como um todo. S\u00e3o mais de 30 eventos programados, \u00e9 como se entreg\u00e1ssemos uma nova obra por dia em V\u00e1rzea Grande\u201d.<\/p>\n<p><strong>PROGRAMA\u00c7\u00c3O\u00a0<\/strong>&#8211; Durante todo esse m\u00eas, o Executivo Municipal preparou uma extensa programa\u00e7\u00e3o com entrega de obras de infraestrutura em v\u00e1rias frentes. O pacote com cerca de 30 eventos oficiais est\u00e1 estimado em R$ 85 milh\u00f5es, entre recursos do Tesouro municipal, emendas e em parceria com o governo de Mato Grosso.<\/p>\n<p>Entre\u00a0as maiores obras desse \u2018pacote de anivers\u00e1rio\u2019 est\u00e3o as de pavimenta\u00e7\u00e3o asf\u00e1ltica, num total de cerca de R$ 12,8 milh\u00f5es. No pacote educa\u00e7\u00e3o, somente com reformas, amplia\u00e7\u00f5es e reconstru\u00e7\u00f5es, a Pasta aplicou R$ 33,77 milh\u00f5es.<\/p>\n<p><strong>27 de maio de 2023 (S\u00e1bado)<\/strong><\/p>\n<p>*16h \u2013 Entrega da Reforma do Miniest\u00e1dio C\u00e2ndido Jord\u00e3o de Magalh\u00e3es.<\/p>\n<p>Local \u2013 Rua Joaquim Magalh\u00e3es s\/n\u00ba &#8211; Distrito de Bonsucesso.<\/p>\n<p><strong>30 de maio de 2023 (Ter\u00e7a-feira)<\/strong><\/p>\n<p>*16h \u2013 Entrega da Reforma e Amplia\u00e7\u00e3o da EMEB Alino Ferreira de Magalh\u00e3es.<\/p>\n<p>Local \u2013 Av. Verd\u00e3o \u2013 Bairro Alto da Boa Vista \u2013 Parque do Lago.<\/p>\n<p><strong>31 de maio de 2023 (Quarta-feira)<\/strong><\/p>\n<p>*09h &#8211; Inaugura\u00e7\u00e3o do CMEI Professora Leuby Correa da Costa Barros.<\/p>\n<p>Local \u2013 Avenida A n\u00ba 0 &#8211; Residencial Gilson de Barros.<\/p>\n<p><strong>02 de junho de 2023 (Sexta-feira)<\/strong><\/p>\n<p>*18h \u2013 Abertura Oficial \u2013 \u201cFestival Digoreste VG- \u00c9 Tudo de Bom\u201d. Festival Gastron\u00f4mico e Cultural. Realiza\u00e7\u00e3o: GAAT \u2013 Gabinete de Apoio \u00e0s A\u00e7\u00f5es Transformadoras.<\/p>\n<p>Local \u2013 Pa\u00e7o Municipal Couto Magalh\u00e3es \u2013 Av. Castelo Branco n\u00ba 2.500.<\/p>\n<p><strong>03 de junho de 2023 (S\u00e1bado)<\/strong><\/p>\n<p>*18h \u2013 \u201cFestival Digoreste VG- \u00c9 Tudo de Bom\u201d. Festival Gastron\u00f4mico e Cultural.<\/p>\n<p>Realiza\u00e7\u00e3o: GAAT \u2013 Gabinete de Apoio \u00e0s A\u00e7\u00f5es Transformadoras.<\/p>\n<p>Local \u2013 Pa\u00e7o Municipal Couto Magalh\u00e3es \u2013 Av. Castelo Branco n\u00ba 2.500.<\/p>\n<p>&nbsp;<\/p>\n","protected":false},"excerpt":{"rendered":"<p>O Jardim Maring\u00e1 I, localizado na regi\u00e3o do Grande Parque do Lago, em V\u00e1rzea Grande, passa a viver uma nova realidade a partir de agora. A gest\u00e3o do prefeito Kalil Baracat concluiu a pavimenta\u00e7\u00e3o asf\u00e1ltica do local, com a entrega\u00a0dos \u00faltimos dois quil\u00f4metros que necessitavam de asfalto. O bairro tem agora, 100% das ruas pavimentadas. [&hellip;]<\/p>\n","protected":false},"author":2,"featured_media":7199,"comment_status":"closed","ping_status":"closed","sticky":false,"template":"","format":"standard","meta":{"iawp_total_views":3,"footnotes":""},"categories":[12],"tags":[],"class_list":["post-7198","post","type-post","status-publish","format-standard","has-post-thumbnail","hentry","category-cidades"],"yoast_head":"<!-- This site is optimized with the Yoast SEO plugin v27.3 - https:\/\/yoast.com\/product\/yoast-seo-wordpress\/ -->\n<title>Jardim Maring\u00e1 I est\u00e1 com 100% das ruas e avenidas pavimentadas &#8902; Blog da Condessa<\/title>\n<meta name=\"robots\" content=\"index, follow, max-snippet:-1, max-image-preview:large, max-video-preview:-1\" \/>\n<link rel=\"canonical\" href=\"https:\/\/blogdacondessa.com.br\/blog\/cidades\/jardim-maringa-i-esta-com-100-das-ruas-e-avenidas-pavimentadas\/\" \/>\n<meta property=\"og:locale\" content=\"pt_BR\" \/>\n<meta property=\"og:type\" content=\"article\" \/>\n<meta property=\"og:title\" content=\"Jardim Maring\u00e1 I est\u00e1 com 100% das ruas e avenidas pavimentadas &#8902; Blog da Condessa\" \/>\n<meta property=\"og:description\" content=\"O Jardim Maring\u00e1 I, localizado na regi\u00e3o do Grande Parque do Lago, em V\u00e1rzea Grande, passa a viver uma nova realidade a partir de agora. A gest\u00e3o do prefeito Kalil Baracat concluiu a pavimenta\u00e7\u00e3o asf\u00e1ltica do local, com a entrega\u00a0dos \u00faltimos dois quil\u00f4metros que necessitavam de asfalto. O bairro tem agora, 100% das ruas pavimentadas. [&hellip;]\" \/>\n<meta property=\"og:url\" content=\"https:\/\/blogdacondessa.com.br\/blog\/cidades\/jardim-maringa-i-esta-com-100-das-ruas-e-avenidas-pavimentadas\/\" \/>\n<meta property=\"og:site_name\" content=\"Blog da Condessa\" \/>\n<meta property=\"article:published_time\" content=\"2023-05-26T13:18:58+00:00\" \/>\n<meta property=\"og:image\" content=\"https:\/\/blogdacondessa.com.br\/blog\/wp-content\/uploads\/2023\/05\/maringa.jpg\" \/>\n\t<meta property=\"og:image:width\" content=\"1600\" \/>\n\t<meta property=\"og:image:height\" content=\"900\" \/>\n\t<meta property=\"og:image:type\" content=\"image\/jpeg\" \/>\n<meta name=\"author\" content=\"Blog da Condessa\" \/>\n<meta name=\"twitter:card\" content=\"summary_large_image\" \/>\n<meta name=\"twitter:label1\" content=\"Escrito por\" \/>\n\t<meta name=\"twitter:data1\" content=\"Blog da Condessa\" \/>\n\t<meta name=\"twitter:label2\" content=\"Est. tempo de leitura\" \/>\n\t<meta name=\"twitter:data2\" content=\"8 minutos\" \/>\n<script type=\"application\/ld+json\" class=\"yoast-schema-graph\">{\"@context\":\"https:\\\/\\\/schema.org\",\"@graph\":[{\"@type\":\"Article\",\"@id\":\"https:\\\/\\\/blogdacondessa.com.br\\\/blog\\\/cidades\\\/jardim-maringa-i-esta-com-100-das-ruas-e-avenidas-pavimentadas\\\/#article\",\"isPartOf\":{\"@id\":\"https:\\\/\\\/blogdacondessa.com.br\\\/blog\\\/cidades\\\/jardim-maringa-i-esta-com-100-das-ruas-e-avenidas-pavimentadas\\\/\"},\"author\":{\"name\":\"Blog da Condessa\",\"@id\":\"https:\\\/\\\/blogdacondessa.com.br\\\/blog\\\/#\\\/schema\\\/person\\\/1d667ff8b785195b568677489d266035\"},\"headline\":\"Jardim Maring\u00e1 I est\u00e1 com 100% das ruas e avenidas pavimentadas\",\"datePublished\":\"2023-05-26T13:18:58+00:00\",\"mainEntityOfPage\":{\"@id\":\"https:\\\/\\\/blogdacondessa.com.br\\\/blog\\\/cidades\\\/jardim-maringa-i-esta-com-100-das-ruas-e-avenidas-pavimentadas\\\/\"},\"wordCount\":1526,\"image\":{\"@id\":\"https:\\\/\\\/blogdacondessa.com.br\\\/blog\\\/cidades\\\/jardim-maringa-i-esta-com-100-das-ruas-e-avenidas-pavimentadas\\\/#primaryimage\"},\"thumbnailUrl\":\"https:\\\/\\\/blogdacondessa.com.br\\\/blog\\\/wp-content\\\/uploads\\\/2023\\\/05\\\/maringa.jpg\",\"articleSection\":[\"Cidades\"],\"inLanguage\":\"pt-BR\"},{\"@type\":\"WebPage\",\"@id\":\"https:\\\/\\\/blogdacondessa.com.br\\\/blog\\\/cidades\\\/jardim-maringa-i-esta-com-100-das-ruas-e-avenidas-pavimentadas\\\/\",\"url\":\"https:\\\/\\\/blogdacondessa.com.br\\\/blog\\\/cidades\\\/jardim-maringa-i-esta-com-100-das-ruas-e-avenidas-pavimentadas\\\/\",\"name\":\"Jardim Maring\u00e1 I est\u00e1 com 100% das ruas e avenidas pavimentadas &#8902; Blog da Condessa\",\"isPartOf\":{\"@id\":\"https:\\\/\\\/blogdacondessa.com.br\\\/blog\\\/#website\"},\"primaryImageOfPage\":{\"@id\":\"https:\\\/\\\/blogdacondessa.com.br\\\/blog\\\/cidades\\\/jardim-maringa-i-esta-com-100-das-ruas-e-avenidas-pavimentadas\\\/#primaryimage\"},\"image\":{\"@id\":\"https:\\\/\\\/blogdacondessa.com.br\\\/blog\\\/cidades\\\/jardim-maringa-i-esta-com-100-das-ruas-e-avenidas-pavimentadas\\\/#primaryimage\"},\"thumbnailUrl\":\"https:\\\/\\\/blogdacondessa.com.br\\\/blog\\\/wp-content\\\/uploads\\\/2023\\\/05\\\/maringa.jpg\",\"datePublished\":\"2023-05-26T13:18:58+00:00\",\"author\":{\"@id\":\"https:\\\/\\\/blogdacondessa.com.br\\\/blog\\\/#\\\/schema\\\/person\\\/1d667ff8b785195b568677489d266035\"},\"breadcrumb\":{\"@id\":\"https:\\\/\\\/blogdacondessa.com.br\\\/blog\\\/cidades\\\/jardim-maringa-i-esta-com-100-das-ruas-e-avenidas-pavimentadas\\\/#breadcrumb\"},\"inLanguage\":\"pt-BR\",\"potentialAction\":[{\"@type\":\"ReadAction\",\"target\":[\"https:\\\/\\\/blogdacondessa.com.br\\\/blog\\\/cidades\\\/jardim-maringa-i-esta-com-100-das-ruas-e-avenidas-pavimentadas\\\/\"]}]},{\"@type\":\"ImageObject\",\"inLanguage\":\"pt-BR\",\"@id\":\"https:\\\/\\\/blogdacondessa.com.br\\\/blog\\\/cidades\\\/jardim-maringa-i-esta-com-100-das-ruas-e-avenidas-pavimentadas\\\/#primaryimage\",\"url\":\"https:\\\/\\\/blogdacondessa.com.br\\\/blog\\\/wp-content\\\/uploads\\\/2023\\\/05\\\/maringa.jpg\",\"contentUrl\":\"https:\\\/\\\/blogdacondessa.com.br\\\/blog\\\/wp-content\\\/uploads\\\/2023\\\/05\\\/maringa.jpg\",\"width\":1600,\"height\":900},{\"@type\":\"BreadcrumbList\",\"@id\":\"https:\\\/\\\/blogdacondessa.com.br\\\/blog\\\/cidades\\\/jardim-maringa-i-esta-com-100-das-ruas-e-avenidas-pavimentadas\\\/#breadcrumb\",\"itemListElement\":[{\"@type\":\"ListItem\",\"position\":1,\"name\":\"In\u00edcio\",\"item\":\"https:\\\/\\\/blogdacondessa.com.br\\\/blog\\\/\"},{\"@type\":\"ListItem\",\"position\":2,\"name\":\"Jardim Maring\u00e1 I est\u00e1 com 100% das ruas e avenidas pavimentadas\"}]},{\"@type\":\"WebSite\",\"@id\":\"https:\\\/\\\/blogdacondessa.com.br\\\/blog\\\/#website\",\"url\":\"https:\\\/\\\/blogdacondessa.com.br\\\/blog\\\/\",\"name\":\"Blog da Condessa\",\"description\":\"Com Shirley de Souza O\u2019Campos\",\"potentialAction\":[{\"@type\":\"SearchAction\",\"target\":{\"@type\":\"EntryPoint\",\"urlTemplate\":\"https:\\\/\\\/blogdacondessa.com.br\\\/blog\\\/?s={search_term_string}\"},\"query-input\":{\"@type\":\"PropertyValueSpecification\",\"valueRequired\":true,\"valueName\":\"search_term_string\"}}],\"inLanguage\":\"pt-BR\"},{\"@type\":\"Person\",\"@id\":\"https:\\\/\\\/blogdacondessa.com.br\\\/blog\\\/#\\\/schema\\\/person\\\/1d667ff8b785195b568677489d266035\",\"name\":\"Blog da Condessa\",\"image\":{\"@type\":\"ImageObject\",\"inLanguage\":\"pt-BR\",\"@id\":\"https:\\\/\\\/secure.gravatar.com\\\/avatar\\\/377c0eb8b4ad2bfc25461b41564b5971e721ca34a57642868fc7b0c8ac7b52c5?s=96&d=mm&r=g\",\"url\":\"https:\\\/\\\/secure.gravatar.com\\\/avatar\\\/377c0eb8b4ad2bfc25461b41564b5971e721ca34a57642868fc7b0c8ac7b52c5?s=96&d=mm&r=g\",\"contentUrl\":\"https:\\\/\\\/secure.gravatar.com\\\/avatar\\\/377c0eb8b4ad2bfc25461b41564b5971e721ca34a57642868fc7b0c8ac7b52c5?s=96&d=mm&r=g\",\"caption\":\"Blog da Condessa\"},\"url\":\"https:\\\/\\\/blogdacondessa.com.br\\\/blog\\\/author\\\/beatriz\\\/\"}]}<\/script>\n<!-- \/ Yoast SEO plugin. -->","yoast_head_json":{"title":"Jardim Maring\u00e1 I est\u00e1 com 100% das ruas e avenidas pavimentadas &#8902; Blog da Condessa","robots":{"index":"index","follow":"follow","max-snippet":"max-snippet:-1","max-image-preview":"max-image-preview:large","max-video-preview":"max-video-preview:-1"},"canonical":"https:\/\/blogdacondessa.com.br\/blog\/cidades\/jardim-maringa-i-esta-com-100-das-ruas-e-avenidas-pavimentadas\/","og_locale":"pt_BR","og_type":"article","og_title":"Jardim Maring\u00e1 I est\u00e1 com 100% das ruas e avenidas pavimentadas &#8902; Blog da Condessa","og_description":"O Jardim Maring\u00e1 I, localizado na regi\u00e3o do Grande Parque do Lago, em V\u00e1rzea Grande, passa a viver uma nova realidade a partir de agora. A gest\u00e3o do prefeito Kalil Baracat concluiu a pavimenta\u00e7\u00e3o asf\u00e1ltica do local, com a entrega\u00a0dos \u00faltimos dois quil\u00f4metros que necessitavam de asfalto. O bairro tem agora, 100% das ruas pavimentadas. [&hellip;]","og_url":"https:\/\/blogdacondessa.com.br\/blog\/cidades\/jardim-maringa-i-esta-com-100-das-ruas-e-avenidas-pavimentadas\/","og_site_name":"Blog da Condessa","article_published_time":"2023-05-26T13:18:58+00:00","og_image":[{"width":1600,"height":900,"url":"https:\/\/blogdacondessa.com.br\/blog\/wp-content\/uploads\/2023\/05\/maringa.jpg","type":"image\/jpeg"}],"author":"Blog da Condessa","twitter_card":"summary_large_image","twitter_misc":{"Escrito por":"Blog da Condessa","Est. tempo de leitura":"8 minutos"},"schema":{"@context":"https:\/\/schema.org","@graph":[{"@type":"Article","@id":"https:\/\/blogdacondessa.com.br\/blog\/cidades\/jardim-maringa-i-esta-com-100-das-ruas-e-avenidas-pavimentadas\/#article","isPartOf":{"@id":"https:\/\/blogdacondessa.com.br\/blog\/cidades\/jardim-maringa-i-esta-com-100-das-ruas-e-avenidas-pavimentadas\/"},"author":{"name":"Blog da Condessa","@id":"https:\/\/blogdacondessa.com.br\/blog\/#\/schema\/person\/1d667ff8b785195b568677489d266035"},"headline":"Jardim Maring\u00e1 I est\u00e1 com 100% das ruas e avenidas pavimentadas","datePublished":"2023-05-26T13:18:58+00:00","mainEntityOfPage":{"@id":"https:\/\/blogdacondessa.com.br\/blog\/cidades\/jardim-maringa-i-esta-com-100-das-ruas-e-avenidas-pavimentadas\/"},"wordCount":1526,"image":{"@id":"https:\/\/blogdacondessa.com.br\/blog\/cidades\/jardim-maringa-i-esta-com-100-das-ruas-e-avenidas-pavimentadas\/#primaryimage"},"thumbnailUrl":"https:\/\/blogdacondessa.com.br\/blog\/wp-content\/uploads\/2023\/05\/maringa.jpg","articleSection":["Cidades"],"inLanguage":"pt-BR"},{"@type":"WebPage","@id":"https:\/\/blogdacondessa.com.br\/blog\/cidades\/jardim-maringa-i-esta-com-100-das-ruas-e-avenidas-pavimentadas\/","url":"https:\/\/blogdacondessa.com.br\/blog\/cidades\/jardim-maringa-i-esta-com-100-das-ruas-e-avenidas-pavimentadas\/","name":"Jardim Maring\u00e1 I est\u00e1 com 100% das ruas e avenidas pavimentadas &#8902; Blog da Condessa","isPartOf":{"@id":"https:\/\/blogdacondessa.com.br\/blog\/#website"},"primaryImageOfPage":{"@id":"https:\/\/blogdacondessa.com.br\/blog\/cidades\/jardim-maringa-i-esta-com-100-das-ruas-e-avenidas-pavimentadas\/#primaryimage"},"image":{"@id":"https:\/\/blogdacondessa.com.br\/blog\/cidades\/jardim-maringa-i-esta-com-100-das-ruas-e-avenidas-pavimentadas\/#primaryimage"},"thumbnailUrl":"https:\/\/blogdacondessa.com.br\/blog\/wp-content\/uploads\/2023\/05\/maringa.jpg","datePublished":"2023-05-26T13:18:58+00:00","author":{"@id":"https:\/\/blogdacondessa.com.br\/blog\/#\/schema\/person\/1d667ff8b785195b568677489d266035"},"breadcrumb":{"@id":"https:\/\/blogdacondessa.com.br\/blog\/cidades\/jardim-maringa-i-esta-com-100-das-ruas-e-avenidas-pavimentadas\/#breadcrumb"},"inLanguage":"pt-BR","potentialAction":[{"@type":"ReadAction","target":["https:\/\/blogdacondessa.com.br\/blog\/cidades\/jardim-maringa-i-esta-com-100-das-ruas-e-avenidas-pavimentadas\/"]}]},{"@type":"ImageObject","inLanguage":"pt-BR","@id":"https:\/\/blogdacondessa.com.br\/blog\/cidades\/jardim-maringa-i-esta-com-100-das-ruas-e-avenidas-pavimentadas\/#primaryimage","url":"https:\/\/blogdacondessa.com.br\/blog\/wp-content\/uploads\/2023\/05\/maringa.jpg","contentUrl":"https:\/\/blogdacondessa.com.br\/blog\/wp-content\/uploads\/2023\/05\/maringa.jpg","width":1600,"height":900},{"@type":"BreadcrumbList","@id":"https:\/\/blogdacondessa.com.br\/blog\/cidades\/jardim-maringa-i-esta-com-100-das-ruas-e-avenidas-pavimentadas\/#breadcrumb","itemListElement":[{"@type":"ListItem","position":1,"name":"In\u00edcio","item":"https:\/\/blogdacondessa.com.br\/blog\/"},{"@type":"ListItem","position":2,"name":"Jardim Maring\u00e1 I est\u00e1 com 100% das ruas e avenidas pavimentadas"}]},{"@type":"WebSite","@id":"https:\/\/blogdacondessa.com.br\/blog\/#website","url":"https:\/\/blogdacondessa.com.br\/blog\/","name":"Blog da Condessa","description":"Com Shirley de Souza O\u2019Campos","potentialAction":[{"@type":"SearchAction","target":{"@type":"EntryPoint","urlTemplate":"https:\/\/blogdacondessa.com.br\/blog\/?s={search_term_string}"},"query-input":{"@type":"PropertyValueSpecification","valueRequired":true,"valueName":"search_term_string"}}],"inLanguage":"pt-BR"},{"@type":"Person","@id":"https:\/\/blogdacondessa.com.br\/blog\/#\/schema\/person\/1d667ff8b785195b568677489d266035","name":"Blog da Condessa","image":{"@type":"ImageObject","inLanguage":"pt-BR","@id":"https:\/\/secure.gravatar.com\/avatar\/377c0eb8b4ad2bfc25461b41564b5971e721ca34a57642868fc7b0c8ac7b52c5?s=96&d=mm&r=g","url":"https:\/\/secure.gravatar.com\/avatar\/377c0eb8b4ad2bfc25461b41564b5971e721ca34a57642868fc7b0c8ac7b52c5?s=96&d=mm&r=g","contentUrl":"https:\/\/secure.gravatar.com\/avatar\/377c0eb8b4ad2bfc25461b41564b5971e721ca34a57642868fc7b0c8ac7b52c5?s=96&d=mm&r=g","caption":"Blog da Condessa"},"url":"https:\/\/blogdacondessa.com.br\/blog\/author\/beatriz\/"}]}},"_links":{"self":[{"href":"https:\/\/blogdacondessa.com.br\/blog\/wp-json\/wp\/v2\/posts\/7198","targetHints":{"allow":["GET"]}}],"collection":[{"href":"https:\/\/blogdacondessa.com.br\/blog\/wp-json\/wp\/v2\/posts"}],"about":[{"href":"https:\/\/blogdacondessa.com.br\/blog\/wp-json\/wp\/v2\/types\/post"}],"author":[{"embeddable":true,"href":"https:\/\/blogdacondessa.com.br\/blog\/wp-json\/wp\/v2\/users\/2"}],"replies":[{"embeddable":true,"href":"https:\/\/blogdacondessa.com.br\/blog\/wp-json\/wp\/v2\/comments?post=7198"}],"version-history":[{"count":0,"href":"https:\/\/blogdacondessa.com.br\/blog\/wp-json\/wp\/v2\/posts\/7198\/revisions"}],"wp:featuredmedia":[{"embeddable":true,"href":"https:\/\/blogdacondessa.com.br\/blog\/wp-json\/wp\/v2\/media\/7199"}],"wp:attachment":[{"href":"https:\/\/blogdacondessa.com.br\/blog\/wp-json\/wp\/v2\/media?parent=7198"}],"wp:term":[{"taxonomy":"category","embeddable":true,"href":"https:\/\/blogdacondessa.com.br\/blog\/wp-json\/wp\/v2\/categories?post=7198"},{"taxonomy":"post_tag","embeddable":true,"href":"https:\/\/blogdacondessa.com.br\/blog\/wp-json\/wp\/v2\/tags?post=7198"}],"curies":[{"name":"wp","href":"https:\/\/api.w.org\/{rel}","templated":true}]}}