{"id":7189,"date":"2023-05-26T05:00:21","date_gmt":"2023-05-26T09:00:21","guid":{"rendered":"http:\/\/blogdacondessa.com.br\/?p=7189"},"modified":"2023-05-25T17:43:04","modified_gmt":"2023-05-25T21:43:04","slug":"tce-reune-prefeitos-com-objetivo-de-orientar-e-reduzir-irregularidades-nas-prestacoes-de-contas","status":"publish","type":"post","link":"https:\/\/blogdacondessa.com.br\/blog\/institucional\/tce-reune-prefeitos-com-objetivo-de-orientar-e-reduzir-irregularidades-nas-prestacoes-de-contas\/","title":{"rendered":"TCE re\u00fane prefeitos com objetivo de orientar e reduzir irregularidades nas presta\u00e7\u00f5es de contas"},"content":{"rendered":"<p>A presid\u00eancia e os seis conselheiros relatores do Tribunal de Contas v\u00e3o reunir os prefeitos de Mato Grosso na primeira edi\u00e7\u00e3o de 2023 do Projeto Interage TCE\/Prefeituras. O encontro ser\u00e1 na pr\u00f3xima ter\u00e7a-feira (30), no Hotel Fazenda MT, em Cuiab\u00e1.<\/p>\n<p>O Projeto Interage proporciona um di\u00e1logo franco e aberto entre quem fiscaliza e quem \u00e9 fiscalizado, com objetivo de orientar e reduzir a ocorr\u00eancia de irregularidades nas presta\u00e7\u00f5es de contas. Os conselheiros-relatores e a \u00e1rea t\u00e9cnica do TCE debatem com os prefeitos e equipe de gest\u00e3o.<\/p>\n<p>A programa\u00e7\u00e3o prev\u00ea ainda apresenta\u00e7\u00e3o de produtos e projetos focados na administra\u00e7\u00e3o municipal, a comemora\u00e7\u00e3o dos 40 anos da Associa\u00e7\u00e3o Mato-grossense dos Munic\u00edpios (AMM) e uma palestra do governador Mauro Mendes, fazendo um panorama do estado de Mato Grosso.<\/p>\n<p>Neste ano, o TCE realizou uma edi\u00e7\u00e3o do Interage,\u00a0<a href=\"https:\/\/www.tce.mt.gov.br\/noticias\/em-evento-historico-presidentes-de-camaras-lotam-auditorio-do-tce-mt-para-primeira-edicao-do-interage-2023\/55952\">voltada para os presidentes das C\u00e2maras de Vereadores.\u00a0<\/a><\/p>\n<p>O Projeto Interage foi lan\u00e7ado em 2022, na gest\u00e3o do presidente Jos\u00e9 Carlos Novelli, no contexto da nova vis\u00e3o estrat\u00e9gica da organiza\u00e7\u00e3o, de contribuir para melhorar a qualidade da gest\u00e3o p\u00fablica de Mato Grosso.<\/p>\n<p>&nbsp;<\/p>\n","protected":false},"excerpt":{"rendered":"<p>A presid\u00eancia e os seis conselheiros relatores do Tribunal de Contas v\u00e3o reunir os prefeitos de Mato Grosso na primeira edi\u00e7\u00e3o de 2023 do Projeto Interage TCE\/Prefeituras. O encontro ser\u00e1 na pr\u00f3xima ter\u00e7a-feira (30), no Hotel Fazenda MT, em Cuiab\u00e1. O Projeto Interage proporciona um di\u00e1logo franco e aberto entre quem fiscaliza e quem \u00e9 [&hellip;]<\/p>\n","protected":false},"author":2,"featured_media":7190,"comment_status":"closed","ping_status":"closed","sticky":false,"template":"","format":"standard","meta":{"iawp_total_views":0,"footnotes":""},"categories":[13],"tags":[],"class_list":["post-7189","post","type-post","status-publish","format-standard","has-post-thumbnail","hentry","category-institucional"],"yoast_head":"<!-- This site is optimized with the Yoast SEO plugin v27.3 - https:\/\/yoast.com\/product\/yoast-seo-wordpress\/ -->\n<title>TCE re\u00fane prefeitos com objetivo de orientar e reduzir irregularidades nas presta\u00e7\u00f5es de contas &#8902; Blog da Condessa<\/title>\n<meta name=\"robots\" content=\"index, follow, max-snippet:-1, max-image-preview:large, max-video-preview:-1\" \/>\n<link rel=\"canonical\" href=\"https:\/\/blogdacondessa.com.br\/blog\/institucional\/tce-reune-prefeitos-com-objetivo-de-orientar-e-reduzir-irregularidades-nas-prestacoes-de-contas\/\" \/>\n<meta property=\"og:locale\" content=\"pt_BR\" \/>\n<meta property=\"og:type\" content=\"article\" \/>\n<meta property=\"og:title\" content=\"TCE re\u00fane prefeitos com objetivo de orientar e reduzir irregularidades nas presta\u00e7\u00f5es de contas &#8902; Blog da Condessa\" \/>\n<meta property=\"og:description\" content=\"A presid\u00eancia e os seis conselheiros relatores do Tribunal de Contas v\u00e3o reunir os prefeitos de Mato Grosso na primeira edi\u00e7\u00e3o de 2023 do Projeto Interage TCE\/Prefeituras. O encontro ser\u00e1 na pr\u00f3xima ter\u00e7a-feira (30), no Hotel Fazenda MT, em Cuiab\u00e1. O Projeto Interage proporciona um di\u00e1logo franco e aberto entre quem fiscaliza e quem \u00e9 [&hellip;]\" \/>\n<meta property=\"og:url\" content=\"https:\/\/blogdacondessa.com.br\/blog\/institucional\/tce-reune-prefeitos-com-objetivo-de-orientar-e-reduzir-irregularidades-nas-prestacoes-de-contas\/\" \/>\n<meta property=\"og:site_name\" content=\"Blog da Condessa\" \/>\n<meta property=\"article:published_time\" content=\"2023-05-26T09:00:21+00:00\" \/>\n<meta property=\"og:image\" content=\"https:\/\/blogdacondessa.com.br\/blog\/wp-content\/uploads\/2023\/05\/TCEMT.jpg\" \/>\n\t<meta property=\"og:image:width\" content=\"1600\" \/>\n\t<meta property=\"og:image:height\" content=\"1067\" \/>\n\t<meta property=\"og:image:type\" content=\"image\/jpeg\" \/>\n<meta name=\"author\" content=\"Blog da Condessa\" \/>\n<meta name=\"twitter:card\" content=\"summary_large_image\" \/>\n<meta name=\"twitter:label1\" content=\"Escrito por\" \/>\n\t<meta name=\"twitter:data1\" content=\"Blog da Condessa\" \/>\n\t<meta name=\"twitter:label2\" content=\"Est. tempo de leitura\" \/>\n\t<meta name=\"twitter:data2\" content=\"1 minuto\" \/>\n<script type=\"application\/ld+json\" class=\"yoast-schema-graph\">{\"@context\":\"https:\\\/\\\/schema.org\",\"@graph\":[{\"@type\":\"Article\",\"@id\":\"https:\\\/\\\/blogdacondessa.com.br\\\/blog\\\/institucional\\\/tce-reune-prefeitos-com-objetivo-de-orientar-e-reduzir-irregularidades-nas-prestacoes-de-contas\\\/#article\",\"isPartOf\":{\"@id\":\"https:\\\/\\\/blogdacondessa.com.br\\\/blog\\\/institucional\\\/tce-reune-prefeitos-com-objetivo-de-orientar-e-reduzir-irregularidades-nas-prestacoes-de-contas\\\/\"},\"author\":{\"name\":\"Blog da Condessa\",\"@id\":\"https:\\\/\\\/blogdacondessa.com.br\\\/blog\\\/#\\\/schema\\\/person\\\/1d667ff8b785195b568677489d266035\"},\"headline\":\"TCE re\u00fane prefeitos com objetivo de orientar e reduzir irregularidades nas presta\u00e7\u00f5es de contas\",\"datePublished\":\"2023-05-26T09:00:21+00:00\",\"mainEntityOfPage\":{\"@id\":\"https:\\\/\\\/blogdacondessa.com.br\\\/blog\\\/institucional\\\/tce-reune-prefeitos-com-objetivo-de-orientar-e-reduzir-irregularidades-nas-prestacoes-de-contas\\\/\"},\"wordCount\":214,\"image\":{\"@id\":\"https:\\\/\\\/blogdacondessa.com.br\\\/blog\\\/institucional\\\/tce-reune-prefeitos-com-objetivo-de-orientar-e-reduzir-irregularidades-nas-prestacoes-de-contas\\\/#primaryimage\"},\"thumbnailUrl\":\"https:\\\/\\\/blogdacondessa.com.br\\\/blog\\\/wp-content\\\/uploads\\\/2023\\\/05\\\/TCEMT.jpg\",\"articleSection\":[\"Institucional\"],\"inLanguage\":\"pt-BR\"},{\"@type\":\"WebPage\",\"@id\":\"https:\\\/\\\/blogdacondessa.com.br\\\/blog\\\/institucional\\\/tce-reune-prefeitos-com-objetivo-de-orientar-e-reduzir-irregularidades-nas-prestacoes-de-contas\\\/\",\"url\":\"https:\\\/\\\/blogdacondessa.com.br\\\/blog\\\/institucional\\\/tce-reune-prefeitos-com-objetivo-de-orientar-e-reduzir-irregularidades-nas-prestacoes-de-contas\\\/\",\"name\":\"TCE re\u00fane prefeitos com objetivo de orientar e reduzir irregularidades nas presta\u00e7\u00f5es de contas &#8902; Blog da Condessa\",\"isPartOf\":{\"@id\":\"https:\\\/\\\/blogdacondessa.com.br\\\/blog\\\/#website\"},\"primaryImageOfPage\":{\"@id\":\"https:\\\/\\\/blogdacondessa.com.br\\\/blog\\\/institucional\\\/tce-reune-prefeitos-com-objetivo-de-orientar-e-reduzir-irregularidades-nas-prestacoes-de-contas\\\/#primaryimage\"},\"image\":{\"@id\":\"https:\\\/\\\/blogdacondessa.com.br\\\/blog\\\/institucional\\\/tce-reune-prefeitos-com-objetivo-de-orientar-e-reduzir-irregularidades-nas-prestacoes-de-contas\\\/#primaryimage\"},\"thumbnailUrl\":\"https:\\\/\\\/blogdacondessa.com.br\\\/blog\\\/wp-content\\\/uploads\\\/2023\\\/05\\\/TCEMT.jpg\",\"datePublished\":\"2023-05-26T09:00:21+00:00\",\"author\":{\"@id\":\"https:\\\/\\\/blogdacondessa.com.br\\\/blog\\\/#\\\/schema\\\/person\\\/1d667ff8b785195b568677489d266035\"},\"breadcrumb\":{\"@id\":\"https:\\\/\\\/blogdacondessa.com.br\\\/blog\\\/institucional\\\/tce-reune-prefeitos-com-objetivo-de-orientar-e-reduzir-irregularidades-nas-prestacoes-de-contas\\\/#breadcrumb\"},\"inLanguage\":\"pt-BR\",\"potentialAction\":[{\"@type\":\"ReadAction\",\"target\":[\"https:\\\/\\\/blogdacondessa.com.br\\\/blog\\\/institucional\\\/tce-reune-prefeitos-com-objetivo-de-orientar-e-reduzir-irregularidades-nas-prestacoes-de-contas\\\/\"]}]},{\"@type\":\"ImageObject\",\"inLanguage\":\"pt-BR\",\"@id\":\"https:\\\/\\\/blogdacondessa.com.br\\\/blog\\\/institucional\\\/tce-reune-prefeitos-com-objetivo-de-orientar-e-reduzir-irregularidades-nas-prestacoes-de-contas\\\/#primaryimage\",\"url\":\"https:\\\/\\\/blogdacondessa.com.br\\\/blog\\\/wp-content\\\/uploads\\\/2023\\\/05\\\/TCEMT.jpg\",\"contentUrl\":\"https:\\\/\\\/blogdacondessa.com.br\\\/blog\\\/wp-content\\\/uploads\\\/2023\\\/05\\\/TCEMT.jpg\",\"width\":1600,\"height\":1067},{\"@type\":\"BreadcrumbList\",\"@id\":\"https:\\\/\\\/blogdacondessa.com.br\\\/blog\\\/institucional\\\/tce-reune-prefeitos-com-objetivo-de-orientar-e-reduzir-irregularidades-nas-prestacoes-de-contas\\\/#breadcrumb\",\"itemListElement\":[{\"@type\":\"ListItem\",\"position\":1,\"name\":\"In\u00edcio\",\"item\":\"https:\\\/\\\/blogdacondessa.com.br\\\/blog\\\/\"},{\"@type\":\"ListItem\",\"position\":2,\"name\":\"TCE re\u00fane prefeitos com objetivo de orientar e reduzir irregularidades nas presta\u00e7\u00f5es de contas\"}]},{\"@type\":\"WebSite\",\"@id\":\"https:\\\/\\\/blogdacondessa.com.br\\\/blog\\\/#website\",\"url\":\"https:\\\/\\\/blogdacondessa.com.br\\\/blog\\\/\",\"name\":\"Blog da Condessa\",\"description\":\"Com Shirley de Souza O\u2019Campos\",\"potentialAction\":[{\"@type\":\"SearchAction\",\"target\":{\"@type\":\"EntryPoint\",\"urlTemplate\":\"https:\\\/\\\/blogdacondessa.com.br\\\/blog\\\/?s={search_term_string}\"},\"query-input\":{\"@type\":\"PropertyValueSpecification\",\"valueRequired\":true,\"valueName\":\"search_term_string\"}}],\"inLanguage\":\"pt-BR\"},{\"@type\":\"Person\",\"@id\":\"https:\\\/\\\/blogdacondessa.com.br\\\/blog\\\/#\\\/schema\\\/person\\\/1d667ff8b785195b568677489d266035\",\"name\":\"Blog da Condessa\",\"image\":{\"@type\":\"ImageObject\",\"inLanguage\":\"pt-BR\",\"@id\":\"https:\\\/\\\/secure.gravatar.com\\\/avatar\\\/377c0eb8b4ad2bfc25461b41564b5971e721ca34a57642868fc7b0c8ac7b52c5?s=96&d=mm&r=g\",\"url\":\"https:\\\/\\\/secure.gravatar.com\\\/avatar\\\/377c0eb8b4ad2bfc25461b41564b5971e721ca34a57642868fc7b0c8ac7b52c5?s=96&d=mm&r=g\",\"contentUrl\":\"https:\\\/\\\/secure.gravatar.com\\\/avatar\\\/377c0eb8b4ad2bfc25461b41564b5971e721ca34a57642868fc7b0c8ac7b52c5?s=96&d=mm&r=g\",\"caption\":\"Blog da Condessa\"},\"url\":\"https:\\\/\\\/blogdacondessa.com.br\\\/blog\\\/author\\\/beatriz\\\/\"}]}<\/script>\n<!-- \/ Yoast SEO plugin. -->","yoast_head_json":{"title":"TCE re\u00fane prefeitos com objetivo de orientar e reduzir irregularidades nas presta\u00e7\u00f5es de contas &#8902; Blog da Condessa","robots":{"index":"index","follow":"follow","max-snippet":"max-snippet:-1","max-image-preview":"max-image-preview:large","max-video-preview":"max-video-preview:-1"},"canonical":"https:\/\/blogdacondessa.com.br\/blog\/institucional\/tce-reune-prefeitos-com-objetivo-de-orientar-e-reduzir-irregularidades-nas-prestacoes-de-contas\/","og_locale":"pt_BR","og_type":"article","og_title":"TCE re\u00fane prefeitos com objetivo de orientar e reduzir irregularidades nas presta\u00e7\u00f5es de contas &#8902; Blog da Condessa","og_description":"A presid\u00eancia e os seis conselheiros relatores do Tribunal de Contas v\u00e3o reunir os prefeitos de Mato Grosso na primeira edi\u00e7\u00e3o de 2023 do Projeto Interage TCE\/Prefeituras. O encontro ser\u00e1 na pr\u00f3xima ter\u00e7a-feira (30), no Hotel Fazenda MT, em Cuiab\u00e1. O Projeto Interage proporciona um di\u00e1logo franco e aberto entre quem fiscaliza e quem \u00e9 [&hellip;]","og_url":"https:\/\/blogdacondessa.com.br\/blog\/institucional\/tce-reune-prefeitos-com-objetivo-de-orientar-e-reduzir-irregularidades-nas-prestacoes-de-contas\/","og_site_name":"Blog da Condessa","article_published_time":"2023-05-26T09:00:21+00:00","og_image":[{"width":1600,"height":1067,"url":"https:\/\/blogdacondessa.com.br\/blog\/wp-content\/uploads\/2023\/05\/TCEMT.jpg","type":"image\/jpeg"}],"author":"Blog da Condessa","twitter_card":"summary_large_image","twitter_misc":{"Escrito por":"Blog da Condessa","Est. tempo de leitura":"1 minuto"},"schema":{"@context":"https:\/\/schema.org","@graph":[{"@type":"Article","@id":"https:\/\/blogdacondessa.com.br\/blog\/institucional\/tce-reune-prefeitos-com-objetivo-de-orientar-e-reduzir-irregularidades-nas-prestacoes-de-contas\/#article","isPartOf":{"@id":"https:\/\/blogdacondessa.com.br\/blog\/institucional\/tce-reune-prefeitos-com-objetivo-de-orientar-e-reduzir-irregularidades-nas-prestacoes-de-contas\/"},"author":{"name":"Blog da Condessa","@id":"https:\/\/blogdacondessa.com.br\/blog\/#\/schema\/person\/1d667ff8b785195b568677489d266035"},"headline":"TCE re\u00fane prefeitos com objetivo de orientar e reduzir irregularidades nas presta\u00e7\u00f5es de contas","datePublished":"2023-05-26T09:00:21+00:00","mainEntityOfPage":{"@id":"https:\/\/blogdacondessa.com.br\/blog\/institucional\/tce-reune-prefeitos-com-objetivo-de-orientar-e-reduzir-irregularidades-nas-prestacoes-de-contas\/"},"wordCount":214,"image":{"@id":"https:\/\/blogdacondessa.com.br\/blog\/institucional\/tce-reune-prefeitos-com-objetivo-de-orientar-e-reduzir-irregularidades-nas-prestacoes-de-contas\/#primaryimage"},"thumbnailUrl":"https:\/\/blogdacondessa.com.br\/blog\/wp-content\/uploads\/2023\/05\/TCEMT.jpg","articleSection":["Institucional"],"inLanguage":"pt-BR"},{"@type":"WebPage","@id":"https:\/\/blogdacondessa.com.br\/blog\/institucional\/tce-reune-prefeitos-com-objetivo-de-orientar-e-reduzir-irregularidades-nas-prestacoes-de-contas\/","url":"https:\/\/blogdacondessa.com.br\/blog\/institucional\/tce-reune-prefeitos-com-objetivo-de-orientar-e-reduzir-irregularidades-nas-prestacoes-de-contas\/","name":"TCE re\u00fane prefeitos com objetivo de orientar e reduzir irregularidades nas presta\u00e7\u00f5es de contas &#8902; Blog da Condessa","isPartOf":{"@id":"https:\/\/blogdacondessa.com.br\/blog\/#website"},"primaryImageOfPage":{"@id":"https:\/\/blogdacondessa.com.br\/blog\/institucional\/tce-reune-prefeitos-com-objetivo-de-orientar-e-reduzir-irregularidades-nas-prestacoes-de-contas\/#primaryimage"},"image":{"@id":"https:\/\/blogdacondessa.com.br\/blog\/institucional\/tce-reune-prefeitos-com-objetivo-de-orientar-e-reduzir-irregularidades-nas-prestacoes-de-contas\/#primaryimage"},"thumbnailUrl":"https:\/\/blogdacondessa.com.br\/blog\/wp-content\/uploads\/2023\/05\/TCEMT.jpg","datePublished":"2023-05-26T09:00:21+00:00","author":{"@id":"https:\/\/blogdacondessa.com.br\/blog\/#\/schema\/person\/1d667ff8b785195b568677489d266035"},"breadcrumb":{"@id":"https:\/\/blogdacondessa.com.br\/blog\/institucional\/tce-reune-prefeitos-com-objetivo-de-orientar-e-reduzir-irregularidades-nas-prestacoes-de-contas\/#breadcrumb"},"inLanguage":"pt-BR","potentialAction":[{"@type":"ReadAction","target":["https:\/\/blogdacondessa.com.br\/blog\/institucional\/tce-reune-prefeitos-com-objetivo-de-orientar-e-reduzir-irregularidades-nas-prestacoes-de-contas\/"]}]},{"@type":"ImageObject","inLanguage":"pt-BR","@id":"https:\/\/blogdacondessa.com.br\/blog\/institucional\/tce-reune-prefeitos-com-objetivo-de-orientar-e-reduzir-irregularidades-nas-prestacoes-de-contas\/#primaryimage","url":"https:\/\/blogdacondessa.com.br\/blog\/wp-content\/uploads\/2023\/05\/TCEMT.jpg","contentUrl":"https:\/\/blogdacondessa.com.br\/blog\/wp-content\/uploads\/2023\/05\/TCEMT.jpg","width":1600,"height":1067},{"@type":"BreadcrumbList","@id":"https:\/\/blogdacondessa.com.br\/blog\/institucional\/tce-reune-prefeitos-com-objetivo-de-orientar-e-reduzir-irregularidades-nas-prestacoes-de-contas\/#breadcrumb","itemListElement":[{"@type":"ListItem","position":1,"name":"In\u00edcio","item":"https:\/\/blogdacondessa.com.br\/blog\/"},{"@type":"ListItem","position":2,"name":"TCE re\u00fane prefeitos com objetivo de orientar e reduzir irregularidades nas presta\u00e7\u00f5es de contas"}]},{"@type":"WebSite","@id":"https:\/\/blogdacondessa.com.br\/blog\/#website","url":"https:\/\/blogdacondessa.com.br\/blog\/","name":"Blog da Condessa","description":"Com Shirley de Souza O\u2019Campos","potentialAction":[{"@type":"SearchAction","target":{"@type":"EntryPoint","urlTemplate":"https:\/\/blogdacondessa.com.br\/blog\/?s={search_term_string}"},"query-input":{"@type":"PropertyValueSpecification","valueRequired":true,"valueName":"search_term_string"}}],"inLanguage":"pt-BR"},{"@type":"Person","@id":"https:\/\/blogdacondessa.com.br\/blog\/#\/schema\/person\/1d667ff8b785195b568677489d266035","name":"Blog da Condessa","image":{"@type":"ImageObject","inLanguage":"pt-BR","@id":"https:\/\/secure.gravatar.com\/avatar\/377c0eb8b4ad2bfc25461b41564b5971e721ca34a57642868fc7b0c8ac7b52c5?s=96&d=mm&r=g","url":"https:\/\/secure.gravatar.com\/avatar\/377c0eb8b4ad2bfc25461b41564b5971e721ca34a57642868fc7b0c8ac7b52c5?s=96&d=mm&r=g","contentUrl":"https:\/\/secure.gravatar.com\/avatar\/377c0eb8b4ad2bfc25461b41564b5971e721ca34a57642868fc7b0c8ac7b52c5?s=96&d=mm&r=g","caption":"Blog da Condessa"},"url":"https:\/\/blogdacondessa.com.br\/blog\/author\/beatriz\/"}]}},"_links":{"self":[{"href":"https:\/\/blogdacondessa.com.br\/blog\/wp-json\/wp\/v2\/posts\/7189","targetHints":{"allow":["GET"]}}],"collection":[{"href":"https:\/\/blogdacondessa.com.br\/blog\/wp-json\/wp\/v2\/posts"}],"about":[{"href":"https:\/\/blogdacondessa.com.br\/blog\/wp-json\/wp\/v2\/types\/post"}],"author":[{"embeddable":true,"href":"https:\/\/blogdacondessa.com.br\/blog\/wp-json\/wp\/v2\/users\/2"}],"replies":[{"embeddable":true,"href":"https:\/\/blogdacondessa.com.br\/blog\/wp-json\/wp\/v2\/comments?post=7189"}],"version-history":[{"count":0,"href":"https:\/\/blogdacondessa.com.br\/blog\/wp-json\/wp\/v2\/posts\/7189\/revisions"}],"wp:featuredmedia":[{"embeddable":true,"href":"https:\/\/blogdacondessa.com.br\/blog\/wp-json\/wp\/v2\/media\/7190"}],"wp:attachment":[{"href":"https:\/\/blogdacondessa.com.br\/blog\/wp-json\/wp\/v2\/media?parent=7189"}],"wp:term":[{"taxonomy":"category","embeddable":true,"href":"https:\/\/blogdacondessa.com.br\/blog\/wp-json\/wp\/v2\/categories?post=7189"},{"taxonomy":"post_tag","embeddable":true,"href":"https:\/\/blogdacondessa.com.br\/blog\/wp-json\/wp\/v2\/tags?post=7189"}],"curies":[{"name":"wp","href":"https:\/\/api.w.org\/{rel}","templated":true}]}}