{"id":7131,"date":"2023-05-18T17:41:46","date_gmt":"2023-05-18T21:41:46","guid":{"rendered":"http:\/\/blogdacondessa.com.br\/?p=7131"},"modified":"2023-05-18T17:41:46","modified_gmt":"2023-05-18T21:41:46","slug":"faca-bonito","status":"publish","type":"post","link":"https:\/\/blogdacondessa.com.br\/blog\/cidades\/faca-bonito\/","title":{"rendered":"&#8216;Fa\u00e7a Bonito&#8217;"},"content":{"rendered":"<p>Caminhada em V\u00e1rzea Grande marca edi\u00e7\u00e3o da campanha. A a\u00e7\u00e3o \u00e9 um alerta e preven\u00e7\u00e3o contra o abuso sexual de crian\u00e7as e adolescentes.<\/p>\n<p>Dados oficiais demonstram que em todo Brasil, 51% dos casos de viol\u00eancia sexual s\u00e3o praticados com crian\u00e7as de at\u00e9 5 anos. Em 2020, 60% das v\u00edtimas tinham menos de 13 anos.\u00a0Entre 2016 e 2020, 35 mil crian\u00e7as e adolescentes de 0 a 19 anos foram mortos de forma violenta no Brasil, uma m\u00e9dia de 7 mil por ano.<\/p>\n<p>\u201cEsses s\u00e3o n\u00fameros inadmiss\u00edveis e que devem ser cotidianamente combatidos, repelidos e obrigatoriamente devem fazer parte de toda e qualquer administra\u00e7\u00e3o p\u00fablica\u201d, disse a primeira-dama e promotora de Justi\u00e7a, Kika Doril\u00eao Baracat durante a campanha \u2018Fa\u00e7a Bonito\u2019, aberta com uma caminhada para chamar a aten\u00e7\u00e3o das pessoas quanta a import\u00e2ncia do dia 18 de maio, que marca a 23\u00aa Edi\u00e7\u00e3o da Campanha de Combate ao Abuso e \u00e0 Explora\u00e7\u00e3o Sexual de Crian\u00e7as e Adolescentes, em todo o pa\u00eds.<\/p>\n<p>Institu\u00edda pela Lei Federal 9.070\/2000, o combate a viol\u00eancia demarca a luta de direitos humanos de crian\u00e7as e adolescentes no territ\u00f3rio brasileiro. Este ano comemora-se meio s\u00e9culo ou 50 anos do assassinato da menina Araceli Crespo, que vivenciou as marcas da viol\u00eancia sexual, cujo crime at\u00e9 hoje n\u00e3o foi solucionado.<\/p>\n<p>\u201cEm torno desta causa, se efetivada, resultar\u00e1 em menos crian\u00e7as e adolescentes v\u00edtimas de viol\u00eancia. Por isso resolvemos marcar esse dia com essa caminhada. Esta data \u00e9 comemorada no Brasil h\u00e1 23 anos, mas infelizmente, as pesquisas nos mostram que n\u00f3s precisamos continuar falando sobre o tema e continuar desmistificando, levando informa\u00e7\u00f5es e, principalmente, conclamando todos os cidad\u00e3os para que somem conosco. Essa n\u00e3o \u00e9 uma luta s\u00f3 do Estado ou Munic\u00edpios ou das institui\u00e7\u00f5es aqui representadas, \u00e9 uma luta de todos n\u00f3s, de toda a sociedade\u201d, destacou Kika Doril\u00eao Baracat.<\/p>\n<p>Ela reafirmou o orgulho por V\u00e1rzea Grande ser exemplo de trabalho em Rede. \u201cAqui a Rede de Prote\u00e7\u00e3o funciona de verdade, especialmente porque entre os parceiros, a vaidade \u00e9 deixada de lado e a causa vem em primeiro lugar, e como deve ser o funcionamento, em rede. \u00c9 muito bom estar aqui e poder representar a Administra\u00e7\u00e3o Municipal, na pessoa do meu esposo, Kalil Baracat e dizer que estamos a disposi\u00e7\u00e3o da Rede de Prote\u00e7\u00e3o para fortalecer a mesma e colocar todas as secretarias, todos os servi\u00e7os p\u00fablicos municipais \u00e0 disposi\u00e7\u00e3o tamb\u00e9m dessa Rede de Enfrentamento\u201d.<\/p>\n<p>Kika Doril\u00eao agradeceu a participa\u00e7\u00e3o de todos, em especial dos secret\u00e1rios, neste movimento, em causa dessa luta contra a viol\u00eancia e a explora\u00e7\u00e3o sexual de crian\u00e7as e adolescentes. \u201c\u00c9 muito bom ver muitos secret\u00e1rios aqui reunidos porque para mim essa \u00e9 uma demonstra\u00e7\u00e3o muito forte e firme para a popula\u00e7\u00e3o do quanto a gest\u00e3o Kalil Baracat \u00e9 comprometida com essa luta, e o quanto o prefeito se preocupa com as nossas crian\u00e7as e adolescentes. Ele est\u00e1 empenhado para cada vez mais fortalecer a Rede de Enfrentamento, e todos os tipos de abusos e viol\u00eancia contra a crian\u00e7a e adolescentes, e tamb\u00e9m contra as nossas mulheres\u201d, asseverou, a promotora de Justi\u00e7a recha\u00e7ando qualquer tipo de viol\u00eancia, contra pessoas ou animais.<\/p>\n<p>A viol\u00eancia sexual praticada contra crian\u00e7as e adolescentes envolve v\u00e1rios fatores de risco e vulnerabilidade quando se considera as rela\u00e7\u00f5es de g\u00eanero, de ra\u00e7a, de orienta\u00e7\u00e3o sexual, de classe social, de local de moradia (urbana ou rural), de gera\u00e7\u00e3o e de condi\u00e7\u00f5es econ\u00f4micas.<\/p>\n<p>Em qualquer viola\u00e7\u00e3o ou viol\u00eancia, s\u00e3o estabelecidas rela\u00e7\u00f5es diversas de poder, nas quais tanto pessoas e\/ou redes utilizam crian\u00e7as e adolescentes para satisfazerem seus desejos e fantasias sexuais e\/ou obterem vantagens financeiras e lucros, fatos abominados pela atual gest\u00e3o.<\/p>\n<p>A Conselheira Tutelar, Silvia Solon, disse que cabe a todos n\u00f3s enquanto sociedade proteger as nossas crian\u00e7as. \u201cN\u00e3o \u00e9 s\u00f3 n\u00f3s do conselho tutelar, da pol\u00edcia, dos \u00f3rg\u00e3os de prote\u00e7\u00e3o, que tem essa miss\u00e3o de proteger as crian\u00e7as e adolescentes contra a viol\u00eancia sexual, mas toda a sociedade tem esse papel. Qualquer pessoa pode fazer a den\u00fancia an\u00f4nima ou n\u00e3o, podendo tamb\u00e9m se dirigir pessoalmente \u00e0 delegacia e ou qualquer unidade do Conselho Tutelar de V\u00e1rzea Grande. \u00c9 importante que todos saibam dessa responsabilidade e que atuem a fim de diminuir os \u00edndices de viol\u00eancia sexual praticadas contra crian\u00e7as e adolescentes, n\u00e3o s\u00f3 em V\u00e1rzea Grande, mas em todo o pa\u00eds\u201d.<\/p>\n<p>A secret\u00e1ria de Assist\u00eancia Social, Ana Cristina Vieira, disse que \u00e9 preciso sim parar a cidade, como foi feito nesta caminhada, para que cada um sinta a ang\u00fastia e a urg\u00eancia que muitos sentem diante da viol\u00eancia e da explora\u00e7\u00e3o sexual de crian\u00e7as e adolescentes.<\/p>\n<p>\u201c\u00c9 inadmiss\u00edvel, inconceb\u00edvel e revoltante termos ainda fatos dessa natureza.\u00a0 Essa conclama\u00e7\u00e3o veio a partir da provoca\u00e7\u00e3o di\u00e1ria, que n\u00f3s servidores, que atuamos com crian\u00e7as e adolescentes, em qualquer esfera de Poder P\u00fablico, al\u00e9m de pais e m\u00e3es sentimos. Est\u00e1 previsto em lei, a responsabilidade de cada um individual ou conjuntamente, a prote\u00e7\u00e3o \u00e0 inf\u00e2ncia e \u00e0 adolesc\u00eancia. N\u00f3s somos respons\u00e1veis sim, quando uma crian\u00e7a sofre viol\u00eancia em qualquer lugar que ela esteja. A responsabilidade tamb\u00e9m \u00e9 nossa e n\u00f3s precisamos colocar isso em nossos cora\u00e7\u00f5es e agir\u201d, provocou.<\/p>\n<p>A gestora agradeceu ao apoio irrestrito da primeira-dama Kika Doril\u00eao Baracat, bem como de toda a estrutura da Prefeitura de V\u00e1rzea Grande, que tem sido parceiros importantes em diversas a\u00e7\u00f5es promovidas pela Secretaria de Assist\u00eancia Social, lembrando que muitas delas s\u00e3o idealizadas pela primeira-dama, adquirida no dia a dia de suas fun\u00e7\u00f5es de operadora do Direito.<\/p>\n<p>Ana Cristina lembra que desde o primeiro\u00a0ano da gest\u00e3o Kalil Baracat, foi implantado o Gabinete de Apoio \u00e0s A\u00e7\u00f5es Transformadoras \u2013 GAAT. \u201cA primeira-dama que atua como Promotora de Justi\u00e7a, tem um trabalho de duas d\u00e9cadas de luta pelo direito das pessoas, e muito me honra em t\u00ea-la \u00e0 frente das quest\u00f5es sociais do munic\u00edpio de V\u00e1rzea Grande, e do seu respaldo \u00e0 luta da secretaria de Assist\u00eancia Social\u201d, destacou secret\u00e1ria agradecendo a equipe da pasta que atua pela dignidade humana.<\/p>\n<p>A Defensora P\u00fablica, T\u00e2nia Matos, parabenizou o munic\u00edpio pela ades\u00e3o a essa campanha e de todos os envolvidos nesta luta de preven\u00e7\u00e3o e combate a viol\u00eancia sexual contra a crian\u00e7a e adolescente. \u201cEsse \u00e9 um momento em que a gente precisa lembrar e saber da import\u00e2ncia que \u00e9 para n\u00f3s, enquanto cidad\u00e3os, participar de um evento, e dizer que educar crian\u00e7as e adolescentes \u00e9 um trabalho de todos e uma responsabilidade social, que n\u00e3o pode ficar s\u00f3 nas costas das m\u00e3es e da mulher, isso tem que ser um trabalho de todos, para que tenhamos um futuro melhor. Neste sentido V\u00e1rzea Grande est\u00e1 de parab\u00e9ns. O prefeito Kalil Baracat tem escutado as organiza\u00e7\u00f5es sociais, tem escutado os movimentos de mulheres, e isso tem feito toda a diferen\u00e7a. Nossa V\u00e1rzea Grande, em 10 anos no m\u00e1ximo, ser\u00e1 um novo munic\u00edpio\u201d, projetou.<\/p>\n<p>A defensora p\u00fablica disse ainda que o trabalho da Guarda Municipal, no programa \u2018Arte de Proteger\u2019, presente nas escolas, fazendo palestras sobre diversos temas, entre eles a viol\u00eancia sexual, tem feito a diferen\u00e7a. \u201cV\u00e1rzea Grande est\u00e1 sendo uma cidade educadora e o munic\u00edpio tem pot\u00eancia para isso\u201d, elogiou.<\/p>\n<p>J\u00e1 a chefe da Delegacia da Mulher, Crian\u00e7a e Idosos de V\u00e1rzea Grande, Mariel Antonine, destacou a importante atua\u00e7\u00e3o da Promotora de Justi\u00e7a, Kika Doril\u00eao Baracat e da sua import\u00e2ncia enquanto primeira-dama de V\u00e1rzea Grande. \u201cAo lado do prefeito Kalil Baracat tem feito toda a diferen\u00e7a na atua\u00e7\u00e3o na Rede de Prote\u00e7\u00e3o contra a Viol\u00eancia. \u00c9 muito bom ter essa parceria com V\u00e1rzea Grande porque tem dado muitos resultados positivos. Essa campanha de combate \u00e0 viol\u00eancia sexual contra crian\u00e7a e adolescente \u00e9 uma das campanhas mais gratificante para quem atua na \u00e1rea de seguran\u00e7a p\u00fablica, porque atingimos um p\u00fablico infantil que \u00e9 carente de informa\u00e7\u00e3o \u201ce informa\u00e7\u00e3o salva vidas\u201d. Quando vamos \u00e0 escola conversar com os alunos n\u00f3s verificamos que eles precisam receber informa\u00e7\u00f5es. N\u00f3s como pais e profissionais temos a obriga\u00e7\u00e3o de acabar com esse tabu. Falar sobre viol\u00eancia sexual em casa \u00e9 dif\u00edcil, ainda mais complicado de se explicar que existem adultos que sentem desejo sexual por crian\u00e7as ou por adolescentes. \u00c9 um tema que n\u00f3s n\u00e3o gostamos de falar, porque pensamos que vamos amadurecer a crian\u00e7a antes do tempo, mas precisamos ensinar e dizer que se isso acontecer com ela, que comunique o fato, porque estamos aqui para ajudar\u201d.<\/p>\n<p>A delegada informou que no ano passado foram registrados mais de 1.400 casos de crime de estupro de vulner\u00e1vel no Estado de Mato Grosso. \u201cSe n\u00f3s fizermos uma divis\u00e3o por dia, s\u00e3o quase quatro estupros de crian\u00e7as e adolescentes por dia. E esse \u00e9 um crime, por isso que n\u00f3s precisamos fazer essas campanhas de conscientiza\u00e7\u00e3o. N\u00f3s precisamos trabalhar, mas acima de tudo n\u00f3s precisamos mudar a forma de educar as nossas crian\u00e7as e ensin\u00e1-las o que pode e o que n\u00e3o pode ser feito no corpinho delas. Cada um pode colocar na sua casa a m\u00fasica do Fa\u00e7a Bonito, que al\u00e9m de educativa, faz um alerta.\u00a0 A m\u00fasica explica tudo aquilo que temos vergonha de falar\u201d, pontuou.<\/p>\n<p><strong>S\u00cdMBOLO<\/strong>:\u00a0A campanha tem como s\u00edmbolo uma flor como uma lembran\u00e7a dos desenhos da primeira inf\u00e2ncia, al\u00e9m de associar a fragilidade de uma flor com a de uma crian\u00e7a. O desenho tamb\u00e9m tem por objetivo proporcionar maior proximidade e identifica\u00e7\u00e3o junto \u00e0 sociedade, proximidade e identifica\u00e7\u00e3o da causa.<\/p>\n<p>Esse s\u00edmbolo surge durante a mobiliza\u00e7\u00e3o do Dia Nacional de Combate ao Abuso e Explora\u00e7\u00e3o Sexual de Crian\u00e7as e Adolescentes de 2009. Por\u00e9m, o que era para ser apenas uma campanha se tornou o s\u00edmbolo de causa, a partir de 2010.<\/p>\n<p>&nbsp;<\/p>\n","protected":false},"excerpt":{"rendered":"<p>Caminhada em V\u00e1rzea Grande marca edi\u00e7\u00e3o da campanha. A a\u00e7\u00e3o \u00e9 um alerta e preven\u00e7\u00e3o contra o abuso sexual de crian\u00e7as e adolescentes. Dados oficiais demonstram que em todo Brasil, 51% dos casos de viol\u00eancia sexual s\u00e3o praticados com crian\u00e7as de at\u00e9 5 anos. Em 2020, 60% das v\u00edtimas tinham menos de 13 anos.\u00a0Entre 2016 [&hellip;]<\/p>\n","protected":false},"author":2,"featured_media":7132,"comment_status":"closed","ping_status":"closed","sticky":false,"template":"","format":"standard","meta":{"iawp_total_views":0,"footnotes":""},"categories":[12],"tags":[],"class_list":["post-7131","post","type-post","status-publish","format-standard","has-post-thumbnail","hentry","category-cidades"],"yoast_head":"<!-- This site is optimized with the Yoast SEO plugin v27.3 - https:\/\/yoast.com\/product\/yoast-seo-wordpress\/ -->\n<title>&#039;Fa\u00e7a Bonito&#039; &#8902; Blog da Condessa<\/title>\n<meta name=\"robots\" content=\"index, follow, max-snippet:-1, max-image-preview:large, max-video-preview:-1\" \/>\n<link rel=\"canonical\" href=\"https:\/\/blogdacondessa.com.br\/blog\/cidades\/faca-bonito\/\" \/>\n<meta property=\"og:locale\" content=\"pt_BR\" \/>\n<meta property=\"og:type\" content=\"article\" \/>\n<meta property=\"og:title\" content=\"&#039;Fa\u00e7a Bonito&#039; &#8902; Blog da Condessa\" \/>\n<meta property=\"og:description\" content=\"Caminhada em V\u00e1rzea Grande marca edi\u00e7\u00e3o da campanha. A a\u00e7\u00e3o \u00e9 um alerta e preven\u00e7\u00e3o contra o abuso sexual de crian\u00e7as e adolescentes. Dados oficiais demonstram que em todo Brasil, 51% dos casos de viol\u00eancia sexual s\u00e3o praticados com crian\u00e7as de at\u00e9 5 anos. Em 2020, 60% das v\u00edtimas tinham menos de 13 anos.\u00a0Entre 2016 [&hellip;]\" \/>\n<meta property=\"og:url\" content=\"https:\/\/blogdacondessa.com.br\/blog\/cidades\/faca-bonito\/\" \/>\n<meta property=\"og:site_name\" content=\"Blog da Condessa\" \/>\n<meta property=\"article:published_time\" content=\"2023-05-18T21:41:46+00:00\" \/>\n<meta property=\"og:image\" content=\"https:\/\/blogdacondessa.com.br\/blog\/wp-content\/uploads\/2023\/05\/FACA-BONITO.jpeg\" \/>\n\t<meta property=\"og:image:width\" content=\"1600\" \/>\n\t<meta property=\"og:image:height\" content=\"1066\" \/>\n\t<meta property=\"og:image:type\" content=\"image\/jpeg\" \/>\n<meta name=\"author\" content=\"Blog da Condessa\" \/>\n<meta name=\"twitter:card\" content=\"summary_large_image\" \/>\n<meta name=\"twitter:label1\" content=\"Escrito por\" \/>\n\t<meta name=\"twitter:data1\" content=\"Blog da Condessa\" \/>\n\t<meta name=\"twitter:label2\" content=\"Est. tempo de leitura\" \/>\n\t<meta name=\"twitter:data2\" content=\"9 minutos\" \/>\n<script type=\"application\/ld+json\" class=\"yoast-schema-graph\">{\"@context\":\"https:\\\/\\\/schema.org\",\"@graph\":[{\"@type\":\"Article\",\"@id\":\"https:\\\/\\\/blogdacondessa.com.br\\\/blog\\\/cidades\\\/faca-bonito\\\/#article\",\"isPartOf\":{\"@id\":\"https:\\\/\\\/blogdacondessa.com.br\\\/blog\\\/cidades\\\/faca-bonito\\\/\"},\"author\":{\"name\":\"Blog da Condessa\",\"@id\":\"https:\\\/\\\/blogdacondessa.com.br\\\/blog\\\/#\\\/schema\\\/person\\\/1d667ff8b785195b568677489d266035\"},\"headline\":\"&#8216;Fa\u00e7a Bonito&#8217;\",\"datePublished\":\"2023-05-18T21:41:46+00:00\",\"mainEntityOfPage\":{\"@id\":\"https:\\\/\\\/blogdacondessa.com.br\\\/blog\\\/cidades\\\/faca-bonito\\\/\"},\"wordCount\":1764,\"image\":{\"@id\":\"https:\\\/\\\/blogdacondessa.com.br\\\/blog\\\/cidades\\\/faca-bonito\\\/#primaryimage\"},\"thumbnailUrl\":\"https:\\\/\\\/blogdacondessa.com.br\\\/blog\\\/wp-content\\\/uploads\\\/2023\\\/05\\\/FACA-BONITO.jpeg\",\"articleSection\":[\"Cidades\"],\"inLanguage\":\"pt-BR\"},{\"@type\":\"WebPage\",\"@id\":\"https:\\\/\\\/blogdacondessa.com.br\\\/blog\\\/cidades\\\/faca-bonito\\\/\",\"url\":\"https:\\\/\\\/blogdacondessa.com.br\\\/blog\\\/cidades\\\/faca-bonito\\\/\",\"name\":\"'Fa\u00e7a Bonito' &#8902; Blog da Condessa\",\"isPartOf\":{\"@id\":\"https:\\\/\\\/blogdacondessa.com.br\\\/blog\\\/#website\"},\"primaryImageOfPage\":{\"@id\":\"https:\\\/\\\/blogdacondessa.com.br\\\/blog\\\/cidades\\\/faca-bonito\\\/#primaryimage\"},\"image\":{\"@id\":\"https:\\\/\\\/blogdacondessa.com.br\\\/blog\\\/cidades\\\/faca-bonito\\\/#primaryimage\"},\"thumbnailUrl\":\"https:\\\/\\\/blogdacondessa.com.br\\\/blog\\\/wp-content\\\/uploads\\\/2023\\\/05\\\/FACA-BONITO.jpeg\",\"datePublished\":\"2023-05-18T21:41:46+00:00\",\"author\":{\"@id\":\"https:\\\/\\\/blogdacondessa.com.br\\\/blog\\\/#\\\/schema\\\/person\\\/1d667ff8b785195b568677489d266035\"},\"breadcrumb\":{\"@id\":\"https:\\\/\\\/blogdacondessa.com.br\\\/blog\\\/cidades\\\/faca-bonito\\\/#breadcrumb\"},\"inLanguage\":\"pt-BR\",\"potentialAction\":[{\"@type\":\"ReadAction\",\"target\":[\"https:\\\/\\\/blogdacondessa.com.br\\\/blog\\\/cidades\\\/faca-bonito\\\/\"]}]},{\"@type\":\"ImageObject\",\"inLanguage\":\"pt-BR\",\"@id\":\"https:\\\/\\\/blogdacondessa.com.br\\\/blog\\\/cidades\\\/faca-bonito\\\/#primaryimage\",\"url\":\"https:\\\/\\\/blogdacondessa.com.br\\\/blog\\\/wp-content\\\/uploads\\\/2023\\\/05\\\/FACA-BONITO.jpeg\",\"contentUrl\":\"https:\\\/\\\/blogdacondessa.com.br\\\/blog\\\/wp-content\\\/uploads\\\/2023\\\/05\\\/FACA-BONITO.jpeg\",\"width\":1600,\"height\":1066},{\"@type\":\"BreadcrumbList\",\"@id\":\"https:\\\/\\\/blogdacondessa.com.br\\\/blog\\\/cidades\\\/faca-bonito\\\/#breadcrumb\",\"itemListElement\":[{\"@type\":\"ListItem\",\"position\":1,\"name\":\"In\u00edcio\",\"item\":\"https:\\\/\\\/blogdacondessa.com.br\\\/blog\\\/\"},{\"@type\":\"ListItem\",\"position\":2,\"name\":\"&#8216;Fa\u00e7a Bonito&#8217;\"}]},{\"@type\":\"WebSite\",\"@id\":\"https:\\\/\\\/blogdacondessa.com.br\\\/blog\\\/#website\",\"url\":\"https:\\\/\\\/blogdacondessa.com.br\\\/blog\\\/\",\"name\":\"Blog da Condessa\",\"description\":\"Com Shirley de Souza O\u2019Campos\",\"potentialAction\":[{\"@type\":\"SearchAction\",\"target\":{\"@type\":\"EntryPoint\",\"urlTemplate\":\"https:\\\/\\\/blogdacondessa.com.br\\\/blog\\\/?s={search_term_string}\"},\"query-input\":{\"@type\":\"PropertyValueSpecification\",\"valueRequired\":true,\"valueName\":\"search_term_string\"}}],\"inLanguage\":\"pt-BR\"},{\"@type\":\"Person\",\"@id\":\"https:\\\/\\\/blogdacondessa.com.br\\\/blog\\\/#\\\/schema\\\/person\\\/1d667ff8b785195b568677489d266035\",\"name\":\"Blog da Condessa\",\"image\":{\"@type\":\"ImageObject\",\"inLanguage\":\"pt-BR\",\"@id\":\"https:\\\/\\\/secure.gravatar.com\\\/avatar\\\/377c0eb8b4ad2bfc25461b41564b5971e721ca34a57642868fc7b0c8ac7b52c5?s=96&d=mm&r=g\",\"url\":\"https:\\\/\\\/secure.gravatar.com\\\/avatar\\\/377c0eb8b4ad2bfc25461b41564b5971e721ca34a57642868fc7b0c8ac7b52c5?s=96&d=mm&r=g\",\"contentUrl\":\"https:\\\/\\\/secure.gravatar.com\\\/avatar\\\/377c0eb8b4ad2bfc25461b41564b5971e721ca34a57642868fc7b0c8ac7b52c5?s=96&d=mm&r=g\",\"caption\":\"Blog da Condessa\"},\"url\":\"https:\\\/\\\/blogdacondessa.com.br\\\/blog\\\/author\\\/beatriz\\\/\"}]}<\/script>\n<!-- \/ Yoast SEO plugin. -->","yoast_head_json":{"title":"'Fa\u00e7a Bonito' &#8902; Blog da Condessa","robots":{"index":"index","follow":"follow","max-snippet":"max-snippet:-1","max-image-preview":"max-image-preview:large","max-video-preview":"max-video-preview:-1"},"canonical":"https:\/\/blogdacondessa.com.br\/blog\/cidades\/faca-bonito\/","og_locale":"pt_BR","og_type":"article","og_title":"'Fa\u00e7a Bonito' &#8902; Blog da Condessa","og_description":"Caminhada em V\u00e1rzea Grande marca edi\u00e7\u00e3o da campanha. A a\u00e7\u00e3o \u00e9 um alerta e preven\u00e7\u00e3o contra o abuso sexual de crian\u00e7as e adolescentes. Dados oficiais demonstram que em todo Brasil, 51% dos casos de viol\u00eancia sexual s\u00e3o praticados com crian\u00e7as de at\u00e9 5 anos. Em 2020, 60% das v\u00edtimas tinham menos de 13 anos.\u00a0Entre 2016 [&hellip;]","og_url":"https:\/\/blogdacondessa.com.br\/blog\/cidades\/faca-bonito\/","og_site_name":"Blog da Condessa","article_published_time":"2023-05-18T21:41:46+00:00","og_image":[{"width":1600,"height":1066,"url":"https:\/\/blogdacondessa.com.br\/blog\/wp-content\/uploads\/2023\/05\/FACA-BONITO.jpeg","type":"image\/jpeg"}],"author":"Blog da Condessa","twitter_card":"summary_large_image","twitter_misc":{"Escrito por":"Blog da Condessa","Est. tempo de leitura":"9 minutos"},"schema":{"@context":"https:\/\/schema.org","@graph":[{"@type":"Article","@id":"https:\/\/blogdacondessa.com.br\/blog\/cidades\/faca-bonito\/#article","isPartOf":{"@id":"https:\/\/blogdacondessa.com.br\/blog\/cidades\/faca-bonito\/"},"author":{"name":"Blog da Condessa","@id":"https:\/\/blogdacondessa.com.br\/blog\/#\/schema\/person\/1d667ff8b785195b568677489d266035"},"headline":"&#8216;Fa\u00e7a Bonito&#8217;","datePublished":"2023-05-18T21:41:46+00:00","mainEntityOfPage":{"@id":"https:\/\/blogdacondessa.com.br\/blog\/cidades\/faca-bonito\/"},"wordCount":1764,"image":{"@id":"https:\/\/blogdacondessa.com.br\/blog\/cidades\/faca-bonito\/#primaryimage"},"thumbnailUrl":"https:\/\/blogdacondessa.com.br\/blog\/wp-content\/uploads\/2023\/05\/FACA-BONITO.jpeg","articleSection":["Cidades"],"inLanguage":"pt-BR"},{"@type":"WebPage","@id":"https:\/\/blogdacondessa.com.br\/blog\/cidades\/faca-bonito\/","url":"https:\/\/blogdacondessa.com.br\/blog\/cidades\/faca-bonito\/","name":"'Fa\u00e7a Bonito' &#8902; Blog da Condessa","isPartOf":{"@id":"https:\/\/blogdacondessa.com.br\/blog\/#website"},"primaryImageOfPage":{"@id":"https:\/\/blogdacondessa.com.br\/blog\/cidades\/faca-bonito\/#primaryimage"},"image":{"@id":"https:\/\/blogdacondessa.com.br\/blog\/cidades\/faca-bonito\/#primaryimage"},"thumbnailUrl":"https:\/\/blogdacondessa.com.br\/blog\/wp-content\/uploads\/2023\/05\/FACA-BONITO.jpeg","datePublished":"2023-05-18T21:41:46+00:00","author":{"@id":"https:\/\/blogdacondessa.com.br\/blog\/#\/schema\/person\/1d667ff8b785195b568677489d266035"},"breadcrumb":{"@id":"https:\/\/blogdacondessa.com.br\/blog\/cidades\/faca-bonito\/#breadcrumb"},"inLanguage":"pt-BR","potentialAction":[{"@type":"ReadAction","target":["https:\/\/blogdacondessa.com.br\/blog\/cidades\/faca-bonito\/"]}]},{"@type":"ImageObject","inLanguage":"pt-BR","@id":"https:\/\/blogdacondessa.com.br\/blog\/cidades\/faca-bonito\/#primaryimage","url":"https:\/\/blogdacondessa.com.br\/blog\/wp-content\/uploads\/2023\/05\/FACA-BONITO.jpeg","contentUrl":"https:\/\/blogdacondessa.com.br\/blog\/wp-content\/uploads\/2023\/05\/FACA-BONITO.jpeg","width":1600,"height":1066},{"@type":"BreadcrumbList","@id":"https:\/\/blogdacondessa.com.br\/blog\/cidades\/faca-bonito\/#breadcrumb","itemListElement":[{"@type":"ListItem","position":1,"name":"In\u00edcio","item":"https:\/\/blogdacondessa.com.br\/blog\/"},{"@type":"ListItem","position":2,"name":"&#8216;Fa\u00e7a Bonito&#8217;"}]},{"@type":"WebSite","@id":"https:\/\/blogdacondessa.com.br\/blog\/#website","url":"https:\/\/blogdacondessa.com.br\/blog\/","name":"Blog da Condessa","description":"Com Shirley de Souza O\u2019Campos","potentialAction":[{"@type":"SearchAction","target":{"@type":"EntryPoint","urlTemplate":"https:\/\/blogdacondessa.com.br\/blog\/?s={search_term_string}"},"query-input":{"@type":"PropertyValueSpecification","valueRequired":true,"valueName":"search_term_string"}}],"inLanguage":"pt-BR"},{"@type":"Person","@id":"https:\/\/blogdacondessa.com.br\/blog\/#\/schema\/person\/1d667ff8b785195b568677489d266035","name":"Blog da Condessa","image":{"@type":"ImageObject","inLanguage":"pt-BR","@id":"https:\/\/secure.gravatar.com\/avatar\/377c0eb8b4ad2bfc25461b41564b5971e721ca34a57642868fc7b0c8ac7b52c5?s=96&d=mm&r=g","url":"https:\/\/secure.gravatar.com\/avatar\/377c0eb8b4ad2bfc25461b41564b5971e721ca34a57642868fc7b0c8ac7b52c5?s=96&d=mm&r=g","contentUrl":"https:\/\/secure.gravatar.com\/avatar\/377c0eb8b4ad2bfc25461b41564b5971e721ca34a57642868fc7b0c8ac7b52c5?s=96&d=mm&r=g","caption":"Blog da Condessa"},"url":"https:\/\/blogdacondessa.com.br\/blog\/author\/beatriz\/"}]}},"_links":{"self":[{"href":"https:\/\/blogdacondessa.com.br\/blog\/wp-json\/wp\/v2\/posts\/7131","targetHints":{"allow":["GET"]}}],"collection":[{"href":"https:\/\/blogdacondessa.com.br\/blog\/wp-json\/wp\/v2\/posts"}],"about":[{"href":"https:\/\/blogdacondessa.com.br\/blog\/wp-json\/wp\/v2\/types\/post"}],"author":[{"embeddable":true,"href":"https:\/\/blogdacondessa.com.br\/blog\/wp-json\/wp\/v2\/users\/2"}],"replies":[{"embeddable":true,"href":"https:\/\/blogdacondessa.com.br\/blog\/wp-json\/wp\/v2\/comments?post=7131"}],"version-history":[{"count":0,"href":"https:\/\/blogdacondessa.com.br\/blog\/wp-json\/wp\/v2\/posts\/7131\/revisions"}],"wp:featuredmedia":[{"embeddable":true,"href":"https:\/\/blogdacondessa.com.br\/blog\/wp-json\/wp\/v2\/media\/7132"}],"wp:attachment":[{"href":"https:\/\/blogdacondessa.com.br\/blog\/wp-json\/wp\/v2\/media?parent=7131"}],"wp:term":[{"taxonomy":"category","embeddable":true,"href":"https:\/\/blogdacondessa.com.br\/blog\/wp-json\/wp\/v2\/categories?post=7131"},{"taxonomy":"post_tag","embeddable":true,"href":"https:\/\/blogdacondessa.com.br\/blog\/wp-json\/wp\/v2\/tags?post=7131"}],"curies":[{"name":"wp","href":"https:\/\/api.w.org\/{rel}","templated":true}]}}