{"id":7121,"date":"2023-05-18T05:00:04","date_gmt":"2023-05-18T09:00:04","guid":{"rendered":"http:\/\/blogdacondessa.com.br\/?p=7121"},"modified":"2023-05-17T16:51:42","modified_gmt":"2023-05-17T20:51:42","slug":"expoagro-tera-7-dias-de-portoes-abertos","status":"publish","type":"post","link":"https:\/\/blogdacondessa.com.br\/blog\/geral\/expoagro-tera-7-dias-de-portoes-abertos\/","title":{"rendered":"Expoagro ter\u00e1 7 dias de port\u00f5es abertos"},"content":{"rendered":"<p>O principal nome feminino da m\u00fasica sertaneja contempor\u00e2nea, Ana Castela, \u00e9 uma das principais atra\u00e7\u00f5es musicais da 55\u00aa edi\u00e7\u00e3o da Exposi\u00e7\u00e3o Industrial, Comercial e Agropecu\u00e1ria do Estado de Mato Grosso (Expoagro). A programa\u00e7\u00e3o do evento foi o ponto alto do lan\u00e7amento realizado no \u00faltimo dia 16 em Cuiab\u00e1. A outra novidade \u00e9 que sete dos nove dias de exposi\u00e7\u00e3o ter\u00e3o entrada gratuita.<\/p>\n<p>A Expoagro \u00e9 a maior feira agropecu\u00e1ria de Mato Grosso. Neste ano, ser\u00e1 promovida de 8 a 16 de julho, no Parque de Exposi\u00e7\u00f5es Jonas Pinheiro. Al\u00e9m de shows musicais, a programa\u00e7\u00e3o inclui rodeios, eventos t\u00e9cnicos, feira com exposi\u00e7\u00e3o de produtos e servi\u00e7os para o produtor rural, parque de divers\u00f5es, cavalgada, provas h\u00edpicas e exposi\u00e7\u00e3o de animais.<\/p>\n<p>As atra\u00e7\u00f5es musicais deste ano incluem L\u00e9o Chaves, Bar\u00f5es da Pisadinha, Ana Castela e Gustavo Mioto.<\/p>\n<p>\u201cPrecisamos inovar a cada edi\u00e7\u00e3o. Nosso diferencial neste ano ser\u00e1 a entrada gratuita em sete dos nove dias de evento. Teremos cobran\u00e7a de ingresso somente na sexta-feira e no s\u00e1bado de shows. Queremos integrar cidade e campo, com muita inova\u00e7\u00e3o\u201d, afirmou o presidente do Sindicato Rural de Cuiab\u00e1, Celso Nogueira.<\/p>\n<p>O tema da 55\u00aa edi\u00e7\u00e3o \u00e9 \u201cIntegra\u00e7\u00e3o Campo Cidade e Inova\u00e7\u00e3o\u201d. A exposi\u00e7\u00e3o de produtos e servi\u00e7os ocupar\u00e1 155 mil metros quadrados do parque, com perspectiva de reunir cerca de 300 expositores e um p\u00fablico superior a 300 mil pessoas.<\/p>\n<p>Secret\u00e1rio de Estado de Ci\u00eancia, Tecnologia e Inova\u00e7\u00e3o (Seciteci), Allan Kardec, esteve no lan\u00e7amento da Expoagro em nome do governador, Mauro Mendes, e refor\u00e7ou a parceria com o evento. \u201cVamos estar junto todos os dias na Expoagro acompanhando os neg\u00f3cios entre o campo e a cidade\u201d, revelou.<\/p>\n<p><strong>Programa\u00e7\u00e3o<\/strong><\/p>\n<p>A programa\u00e7\u00e3o da Expoagro come\u00e7a j\u00e1 no dia 8, com a tradicional Cavalgada de Abertura. As provas de hipismo ser\u00e3o nos dias 9, 13 e 14 e o F\u00f3rum das Cadeias Produtivas, ser\u00e1 realizado de 10 a 14 de julho, com palestras e oficinas t\u00e9cnicas.<\/p>\n<p>A abertura do rodeio ser\u00e1 no dia 13 de julho, com o show nacional de L\u00e9o Chaves. No dia 14, o palco ser\u00e1 dos Bar\u00f5es da Pisadinha e, no encerramento da feira, ap\u00f3s a final das provas de hipismo, a atra\u00e7\u00e3o nacional ser\u00e1 a aguardada Ana Castela e Gustavo Mioto.<\/p>\n<p>&nbsp;<\/p>\n","protected":false},"excerpt":{"rendered":"<p>O principal nome feminino da m\u00fasica sertaneja contempor\u00e2nea, Ana Castela, \u00e9 uma das principais atra\u00e7\u00f5es musicais da 55\u00aa edi\u00e7\u00e3o da Exposi\u00e7\u00e3o Industrial, Comercial e Agropecu\u00e1ria do Estado de Mato Grosso (Expoagro). A programa\u00e7\u00e3o do evento foi o ponto alto do lan\u00e7amento realizado no \u00faltimo dia 16 em Cuiab\u00e1. A outra novidade \u00e9 que sete dos [&hellip;]<\/p>\n","protected":false},"author":2,"featured_media":7122,"comment_status":"closed","ping_status":"closed","sticky":false,"template":"","format":"standard","meta":{"iawp_total_views":0,"footnotes":""},"categories":[16],"tags":[],"class_list":["post-7121","post","type-post","status-publish","format-standard","has-post-thumbnail","hentry","category-geral"],"yoast_head":"<!-- This site is optimized with the Yoast SEO plugin v27.3 - https:\/\/yoast.com\/product\/yoast-seo-wordpress\/ -->\n<title>Expoagro ter\u00e1 7 dias de port\u00f5es abertos &#8902; Blog da Condessa<\/title>\n<meta name=\"robots\" content=\"index, follow, max-snippet:-1, max-image-preview:large, max-video-preview:-1\" \/>\n<link rel=\"canonical\" href=\"https:\/\/blogdacondessa.com.br\/blog\/geral\/expoagro-tera-7-dias-de-portoes-abertos\/\" \/>\n<meta property=\"og:locale\" content=\"pt_BR\" \/>\n<meta property=\"og:type\" content=\"article\" \/>\n<meta property=\"og:title\" content=\"Expoagro ter\u00e1 7 dias de port\u00f5es abertos &#8902; Blog da Condessa\" \/>\n<meta property=\"og:description\" content=\"O principal nome feminino da m\u00fasica sertaneja contempor\u00e2nea, Ana Castela, \u00e9 uma das principais atra\u00e7\u00f5es musicais da 55\u00aa edi\u00e7\u00e3o da Exposi\u00e7\u00e3o Industrial, Comercial e Agropecu\u00e1ria do Estado de Mato Grosso (Expoagro). A programa\u00e7\u00e3o do evento foi o ponto alto do lan\u00e7amento realizado no \u00faltimo dia 16 em Cuiab\u00e1. A outra novidade \u00e9 que sete dos [&hellip;]\" \/>\n<meta property=\"og:url\" content=\"https:\/\/blogdacondessa.com.br\/blog\/geral\/expoagro-tera-7-dias-de-portoes-abertos\/\" \/>\n<meta property=\"og:site_name\" content=\"Blog da Condessa\" \/>\n<meta property=\"article:published_time\" content=\"2023-05-18T09:00:04+00:00\" \/>\n<meta property=\"og:image\" content=\"https:\/\/blogdacondessa.com.br\/blog\/wp-content\/uploads\/2023\/05\/expoagro.jpg\" \/>\n\t<meta property=\"og:image:width\" content=\"1024\" \/>\n\t<meta property=\"og:image:height\" content=\"683\" \/>\n\t<meta property=\"og:image:type\" content=\"image\/jpeg\" \/>\n<meta name=\"author\" content=\"Blog da Condessa\" \/>\n<meta name=\"twitter:card\" content=\"summary_large_image\" \/>\n<meta name=\"twitter:label1\" content=\"Escrito por\" \/>\n\t<meta name=\"twitter:data1\" content=\"Blog da Condessa\" \/>\n\t<meta name=\"twitter:label2\" content=\"Est. tempo de leitura\" \/>\n\t<meta name=\"twitter:data2\" content=\"3 minutos\" \/>\n<script type=\"application\/ld+json\" class=\"yoast-schema-graph\">{\"@context\":\"https:\\\/\\\/schema.org\",\"@graph\":[{\"@type\":\"Article\",\"@id\":\"https:\\\/\\\/blogdacondessa.com.br\\\/blog\\\/geral\\\/expoagro-tera-7-dias-de-portoes-abertos\\\/#article\",\"isPartOf\":{\"@id\":\"https:\\\/\\\/blogdacondessa.com.br\\\/blog\\\/geral\\\/expoagro-tera-7-dias-de-portoes-abertos\\\/\"},\"author\":{\"name\":\"Blog da Condessa\",\"@id\":\"https:\\\/\\\/blogdacondessa.com.br\\\/blog\\\/#\\\/schema\\\/person\\\/1d667ff8b785195b568677489d266035\"},\"headline\":\"Expoagro ter\u00e1 7 dias de port\u00f5es abertos\",\"datePublished\":\"2023-05-18T09:00:04+00:00\",\"mainEntityOfPage\":{\"@id\":\"https:\\\/\\\/blogdacondessa.com.br\\\/blog\\\/geral\\\/expoagro-tera-7-dias-de-portoes-abertos\\\/\"},\"wordCount\":405,\"image\":{\"@id\":\"https:\\\/\\\/blogdacondessa.com.br\\\/blog\\\/geral\\\/expoagro-tera-7-dias-de-portoes-abertos\\\/#primaryimage\"},\"thumbnailUrl\":\"https:\\\/\\\/blogdacondessa.com.br\\\/blog\\\/wp-content\\\/uploads\\\/2023\\\/05\\\/expoagro.jpg\",\"articleSection\":[\"Variedades\"],\"inLanguage\":\"pt-BR\"},{\"@type\":\"WebPage\",\"@id\":\"https:\\\/\\\/blogdacondessa.com.br\\\/blog\\\/geral\\\/expoagro-tera-7-dias-de-portoes-abertos\\\/\",\"url\":\"https:\\\/\\\/blogdacondessa.com.br\\\/blog\\\/geral\\\/expoagro-tera-7-dias-de-portoes-abertos\\\/\",\"name\":\"Expoagro ter\u00e1 7 dias de port\u00f5es abertos &#8902; Blog da Condessa\",\"isPartOf\":{\"@id\":\"https:\\\/\\\/blogdacondessa.com.br\\\/blog\\\/#website\"},\"primaryImageOfPage\":{\"@id\":\"https:\\\/\\\/blogdacondessa.com.br\\\/blog\\\/geral\\\/expoagro-tera-7-dias-de-portoes-abertos\\\/#primaryimage\"},\"image\":{\"@id\":\"https:\\\/\\\/blogdacondessa.com.br\\\/blog\\\/geral\\\/expoagro-tera-7-dias-de-portoes-abertos\\\/#primaryimage\"},\"thumbnailUrl\":\"https:\\\/\\\/blogdacondessa.com.br\\\/blog\\\/wp-content\\\/uploads\\\/2023\\\/05\\\/expoagro.jpg\",\"datePublished\":\"2023-05-18T09:00:04+00:00\",\"author\":{\"@id\":\"https:\\\/\\\/blogdacondessa.com.br\\\/blog\\\/#\\\/schema\\\/person\\\/1d667ff8b785195b568677489d266035\"},\"breadcrumb\":{\"@id\":\"https:\\\/\\\/blogdacondessa.com.br\\\/blog\\\/geral\\\/expoagro-tera-7-dias-de-portoes-abertos\\\/#breadcrumb\"},\"inLanguage\":\"pt-BR\",\"potentialAction\":[{\"@type\":\"ReadAction\",\"target\":[\"https:\\\/\\\/blogdacondessa.com.br\\\/blog\\\/geral\\\/expoagro-tera-7-dias-de-portoes-abertos\\\/\"]}]},{\"@type\":\"ImageObject\",\"inLanguage\":\"pt-BR\",\"@id\":\"https:\\\/\\\/blogdacondessa.com.br\\\/blog\\\/geral\\\/expoagro-tera-7-dias-de-portoes-abertos\\\/#primaryimage\",\"url\":\"https:\\\/\\\/blogdacondessa.com.br\\\/blog\\\/wp-content\\\/uploads\\\/2023\\\/05\\\/expoagro.jpg\",\"contentUrl\":\"https:\\\/\\\/blogdacondessa.com.br\\\/blog\\\/wp-content\\\/uploads\\\/2023\\\/05\\\/expoagro.jpg\",\"width\":1024,\"height\":683},{\"@type\":\"BreadcrumbList\",\"@id\":\"https:\\\/\\\/blogdacondessa.com.br\\\/blog\\\/geral\\\/expoagro-tera-7-dias-de-portoes-abertos\\\/#breadcrumb\",\"itemListElement\":[{\"@type\":\"ListItem\",\"position\":1,\"name\":\"In\u00edcio\",\"item\":\"https:\\\/\\\/blogdacondessa.com.br\\\/blog\\\/\"},{\"@type\":\"ListItem\",\"position\":2,\"name\":\"Expoagro ter\u00e1 7 dias de port\u00f5es abertos\"}]},{\"@type\":\"WebSite\",\"@id\":\"https:\\\/\\\/blogdacondessa.com.br\\\/blog\\\/#website\",\"url\":\"https:\\\/\\\/blogdacondessa.com.br\\\/blog\\\/\",\"name\":\"Blog da Condessa\",\"description\":\"Com Shirley de Souza O\u2019Campos\",\"potentialAction\":[{\"@type\":\"SearchAction\",\"target\":{\"@type\":\"EntryPoint\",\"urlTemplate\":\"https:\\\/\\\/blogdacondessa.com.br\\\/blog\\\/?s={search_term_string}\"},\"query-input\":{\"@type\":\"PropertyValueSpecification\",\"valueRequired\":true,\"valueName\":\"search_term_string\"}}],\"inLanguage\":\"pt-BR\"},{\"@type\":\"Person\",\"@id\":\"https:\\\/\\\/blogdacondessa.com.br\\\/blog\\\/#\\\/schema\\\/person\\\/1d667ff8b785195b568677489d266035\",\"name\":\"Blog da Condessa\",\"image\":{\"@type\":\"ImageObject\",\"inLanguage\":\"pt-BR\",\"@id\":\"https:\\\/\\\/secure.gravatar.com\\\/avatar\\\/377c0eb8b4ad2bfc25461b41564b5971e721ca34a57642868fc7b0c8ac7b52c5?s=96&d=mm&r=g\",\"url\":\"https:\\\/\\\/secure.gravatar.com\\\/avatar\\\/377c0eb8b4ad2bfc25461b41564b5971e721ca34a57642868fc7b0c8ac7b52c5?s=96&d=mm&r=g\",\"contentUrl\":\"https:\\\/\\\/secure.gravatar.com\\\/avatar\\\/377c0eb8b4ad2bfc25461b41564b5971e721ca34a57642868fc7b0c8ac7b52c5?s=96&d=mm&r=g\",\"caption\":\"Blog da Condessa\"},\"url\":\"https:\\\/\\\/blogdacondessa.com.br\\\/blog\\\/author\\\/beatriz\\\/\"}]}<\/script>\n<!-- \/ Yoast SEO plugin. -->","yoast_head_json":{"title":"Expoagro ter\u00e1 7 dias de port\u00f5es abertos &#8902; Blog da Condessa","robots":{"index":"index","follow":"follow","max-snippet":"max-snippet:-1","max-image-preview":"max-image-preview:large","max-video-preview":"max-video-preview:-1"},"canonical":"https:\/\/blogdacondessa.com.br\/blog\/geral\/expoagro-tera-7-dias-de-portoes-abertos\/","og_locale":"pt_BR","og_type":"article","og_title":"Expoagro ter\u00e1 7 dias de port\u00f5es abertos &#8902; Blog da Condessa","og_description":"O principal nome feminino da m\u00fasica sertaneja contempor\u00e2nea, Ana Castela, \u00e9 uma das principais atra\u00e7\u00f5es musicais da 55\u00aa edi\u00e7\u00e3o da Exposi\u00e7\u00e3o Industrial, Comercial e Agropecu\u00e1ria do Estado de Mato Grosso (Expoagro). A programa\u00e7\u00e3o do evento foi o ponto alto do lan\u00e7amento realizado no \u00faltimo dia 16 em Cuiab\u00e1. A outra novidade \u00e9 que sete dos [&hellip;]","og_url":"https:\/\/blogdacondessa.com.br\/blog\/geral\/expoagro-tera-7-dias-de-portoes-abertos\/","og_site_name":"Blog da Condessa","article_published_time":"2023-05-18T09:00:04+00:00","og_image":[{"width":1024,"height":683,"url":"https:\/\/blogdacondessa.com.br\/blog\/wp-content\/uploads\/2023\/05\/expoagro.jpg","type":"image\/jpeg"}],"author":"Blog da Condessa","twitter_card":"summary_large_image","twitter_misc":{"Escrito por":"Blog da Condessa","Est. tempo de leitura":"3 minutos"},"schema":{"@context":"https:\/\/schema.org","@graph":[{"@type":"Article","@id":"https:\/\/blogdacondessa.com.br\/blog\/geral\/expoagro-tera-7-dias-de-portoes-abertos\/#article","isPartOf":{"@id":"https:\/\/blogdacondessa.com.br\/blog\/geral\/expoagro-tera-7-dias-de-portoes-abertos\/"},"author":{"name":"Blog da Condessa","@id":"https:\/\/blogdacondessa.com.br\/blog\/#\/schema\/person\/1d667ff8b785195b568677489d266035"},"headline":"Expoagro ter\u00e1 7 dias de port\u00f5es abertos","datePublished":"2023-05-18T09:00:04+00:00","mainEntityOfPage":{"@id":"https:\/\/blogdacondessa.com.br\/blog\/geral\/expoagro-tera-7-dias-de-portoes-abertos\/"},"wordCount":405,"image":{"@id":"https:\/\/blogdacondessa.com.br\/blog\/geral\/expoagro-tera-7-dias-de-portoes-abertos\/#primaryimage"},"thumbnailUrl":"https:\/\/blogdacondessa.com.br\/blog\/wp-content\/uploads\/2023\/05\/expoagro.jpg","articleSection":["Variedades"],"inLanguage":"pt-BR"},{"@type":"WebPage","@id":"https:\/\/blogdacondessa.com.br\/blog\/geral\/expoagro-tera-7-dias-de-portoes-abertos\/","url":"https:\/\/blogdacondessa.com.br\/blog\/geral\/expoagro-tera-7-dias-de-portoes-abertos\/","name":"Expoagro ter\u00e1 7 dias de port\u00f5es abertos &#8902; Blog da Condessa","isPartOf":{"@id":"https:\/\/blogdacondessa.com.br\/blog\/#website"},"primaryImageOfPage":{"@id":"https:\/\/blogdacondessa.com.br\/blog\/geral\/expoagro-tera-7-dias-de-portoes-abertos\/#primaryimage"},"image":{"@id":"https:\/\/blogdacondessa.com.br\/blog\/geral\/expoagro-tera-7-dias-de-portoes-abertos\/#primaryimage"},"thumbnailUrl":"https:\/\/blogdacondessa.com.br\/blog\/wp-content\/uploads\/2023\/05\/expoagro.jpg","datePublished":"2023-05-18T09:00:04+00:00","author":{"@id":"https:\/\/blogdacondessa.com.br\/blog\/#\/schema\/person\/1d667ff8b785195b568677489d266035"},"breadcrumb":{"@id":"https:\/\/blogdacondessa.com.br\/blog\/geral\/expoagro-tera-7-dias-de-portoes-abertos\/#breadcrumb"},"inLanguage":"pt-BR","potentialAction":[{"@type":"ReadAction","target":["https:\/\/blogdacondessa.com.br\/blog\/geral\/expoagro-tera-7-dias-de-portoes-abertos\/"]}]},{"@type":"ImageObject","inLanguage":"pt-BR","@id":"https:\/\/blogdacondessa.com.br\/blog\/geral\/expoagro-tera-7-dias-de-portoes-abertos\/#primaryimage","url":"https:\/\/blogdacondessa.com.br\/blog\/wp-content\/uploads\/2023\/05\/expoagro.jpg","contentUrl":"https:\/\/blogdacondessa.com.br\/blog\/wp-content\/uploads\/2023\/05\/expoagro.jpg","width":1024,"height":683},{"@type":"BreadcrumbList","@id":"https:\/\/blogdacondessa.com.br\/blog\/geral\/expoagro-tera-7-dias-de-portoes-abertos\/#breadcrumb","itemListElement":[{"@type":"ListItem","position":1,"name":"In\u00edcio","item":"https:\/\/blogdacondessa.com.br\/blog\/"},{"@type":"ListItem","position":2,"name":"Expoagro ter\u00e1 7 dias de port\u00f5es abertos"}]},{"@type":"WebSite","@id":"https:\/\/blogdacondessa.com.br\/blog\/#website","url":"https:\/\/blogdacondessa.com.br\/blog\/","name":"Blog da Condessa","description":"Com Shirley de Souza O\u2019Campos","potentialAction":[{"@type":"SearchAction","target":{"@type":"EntryPoint","urlTemplate":"https:\/\/blogdacondessa.com.br\/blog\/?s={search_term_string}"},"query-input":{"@type":"PropertyValueSpecification","valueRequired":true,"valueName":"search_term_string"}}],"inLanguage":"pt-BR"},{"@type":"Person","@id":"https:\/\/blogdacondessa.com.br\/blog\/#\/schema\/person\/1d667ff8b785195b568677489d266035","name":"Blog da Condessa","image":{"@type":"ImageObject","inLanguage":"pt-BR","@id":"https:\/\/secure.gravatar.com\/avatar\/377c0eb8b4ad2bfc25461b41564b5971e721ca34a57642868fc7b0c8ac7b52c5?s=96&d=mm&r=g","url":"https:\/\/secure.gravatar.com\/avatar\/377c0eb8b4ad2bfc25461b41564b5971e721ca34a57642868fc7b0c8ac7b52c5?s=96&d=mm&r=g","contentUrl":"https:\/\/secure.gravatar.com\/avatar\/377c0eb8b4ad2bfc25461b41564b5971e721ca34a57642868fc7b0c8ac7b52c5?s=96&d=mm&r=g","caption":"Blog da Condessa"},"url":"https:\/\/blogdacondessa.com.br\/blog\/author\/beatriz\/"}]}},"_links":{"self":[{"href":"https:\/\/blogdacondessa.com.br\/blog\/wp-json\/wp\/v2\/posts\/7121","targetHints":{"allow":["GET"]}}],"collection":[{"href":"https:\/\/blogdacondessa.com.br\/blog\/wp-json\/wp\/v2\/posts"}],"about":[{"href":"https:\/\/blogdacondessa.com.br\/blog\/wp-json\/wp\/v2\/types\/post"}],"author":[{"embeddable":true,"href":"https:\/\/blogdacondessa.com.br\/blog\/wp-json\/wp\/v2\/users\/2"}],"replies":[{"embeddable":true,"href":"https:\/\/blogdacondessa.com.br\/blog\/wp-json\/wp\/v2\/comments?post=7121"}],"version-history":[{"count":0,"href":"https:\/\/blogdacondessa.com.br\/blog\/wp-json\/wp\/v2\/posts\/7121\/revisions"}],"wp:featuredmedia":[{"embeddable":true,"href":"https:\/\/blogdacondessa.com.br\/blog\/wp-json\/wp\/v2\/media\/7122"}],"wp:attachment":[{"href":"https:\/\/blogdacondessa.com.br\/blog\/wp-json\/wp\/v2\/media?parent=7121"}],"wp:term":[{"taxonomy":"category","embeddable":true,"href":"https:\/\/blogdacondessa.com.br\/blog\/wp-json\/wp\/v2\/categories?post=7121"},{"taxonomy":"post_tag","embeddable":true,"href":"https:\/\/blogdacondessa.com.br\/blog\/wp-json\/wp\/v2\/tags?post=7121"}],"curies":[{"name":"wp","href":"https:\/\/api.w.org\/{rel}","templated":true}]}}