{"id":7091,"date":"2023-05-14T20:58:34","date_gmt":"2023-05-15T00:58:34","guid":{"rendered":"http:\/\/blogdacondessa.com.br\/?p=7091"},"modified":"2023-05-14T20:58:34","modified_gmt":"2023-05-15T00:58:34","slug":"kalil-anuncia-tombamento-historico-das-festividades-e-restauracao-de-igreja-de-nossa-senhora-da-guia","status":"publish","type":"post","link":"https:\/\/blogdacondessa.com.br\/blog\/cidades\/kalil-anuncia-tombamento-historico-das-festividades-e-restauracao-de-igreja-de-nossa-senhora-da-guia\/","title":{"rendered":"Kalil anuncia tombamento hist\u00f3rico das festividades e restaura\u00e7\u00e3o de Igreja de Nossa Senhora da Guia"},"content":{"rendered":"<p>Agora \u00e9 lei em V\u00e1rzea Grande: As festividades alusivas \u00e0 padroeira da cidade, Nossa Senhora da Guia, se tornaram Patrim\u00f4nio Cultural, Hist\u00f3rico e Imaterial. J\u00e1 o Dia 8 de Dezembro se tornou Feriado Santo Municipal em homenagem a Nossa Senhora da Concei\u00e7\u00e3o.<\/p>\n<p>O prefeito Kalil Baracat sancionou a Lei n\u00ba 5051\/2023, que formaliza o tombamento dessa manifesta\u00e7\u00e3o centen\u00e1ria, visando a preserva\u00e7\u00e3o e conserva\u00e7\u00e3o de tradi\u00e7\u00e3o e cultura dos cat\u00f3licos v\u00e1rzea-grandenses. O ato atendeu a um pleito da comunidade e foi anunciado durante a tradicional Missa em A\u00e7\u00e3o de Gra\u00e7a ao anivers\u00e1rio da cidade, na matriz, igreja Nossa Senhora do Carmo, no Centro da cidade. Nesta segunda-feira (15), V\u00e1rzea Grande comemora 156 anos de funda\u00e7\u00e3o.<\/p>\n<p>Al\u00e9m do tombamento imaterial, o prefeito anunciou tamb\u00e9m apoio para obras de restaura\u00e7\u00e3o e amplia\u00e7\u00e3o da centen\u00e1ria Igreja de Nossa Senhora da Guia, monumento hist\u00f3rico e tur\u00edstico j\u00e1 tombado como patrim\u00f4nio hist\u00f3rico de V\u00e1rzea Grande e do Estado de Mato Grosso.<\/p>\n<p>Ainda em gratid\u00e3o \u00e0s ben\u00e7\u00e3os da Padroeira, uma for\u00e7a-tarefa foi montada para arrecadar fundos para constru\u00e7\u00e3o e instala\u00e7\u00e3o de uma r\u00e9plica da imagem de Nossa Senhora da Guia,\u00a0 com cinco metros de altura, na rotat\u00f3ria do Aeroporto Marechal Rondon e que vira acompanhada de motivos regionais como pescadores. Como explicou o p\u00e1roco, o padre Tarc\u00edsio Camilo, a prefeitura vai ajudar na instala\u00e7\u00e3o da imagem, mas \u00e9 a comunidade cat\u00f3lica quem vai arcar com os custos de produ\u00e7\u00e3o da imagem. \u201cAt\u00e9 antes de iniciar a missa, t\u00ednhamos arrecadado pouco mais de R$ 20 mil de um total de R$ 85 mil, mas acabamos de receber a ben\u00e7\u00e3o e nossa r\u00e9plica acaba de ser quitada\u201d.<\/p>\n<p>Em nome da fam\u00edlia Campos, o deputado estadual e ex-governador J\u00falio Campos, tomou a iniciativa de convocar a sua fam\u00edlia, e juntamente com o irm\u00e3o, o senador e ex-governador do Estado, Jayme Campos, doou \u2018in loco\u2019 o restante para aquisi\u00e7\u00e3o da imagem. \u201cEu recebi in\u00fameras ben\u00e7\u00e3os, assim como a nossa fam\u00edlia, por isso, tudo que fizermos por Nossa Senhora da Guia ser\u00e1 pouco\u201d. Tamb\u00e9m em nome da fam\u00edlia, que \u00e9 tradicional de V\u00e1rzea Grande, o senador agradeceu a oportunidade e exaltou as ben\u00e7\u00e3os da santa padroeira. \u201cOrgulho em participar dessa a\u00e7\u00e3o que vai, de alguma forma, prestar uma homenagem do tamanho que Nossa Senhora da Guia merece e quitando a compra da imagem vamos instal\u00e1-la o mais r\u00e1pido poss\u00edvel\u201d.<\/p>\n<p>Ainda conforme o padre Tarc\u00edsio, o local para contempla\u00e7\u00e3o de Nossa Senhora da Guia foi escolhido porque ela \u00e9 tamb\u00e9m a protetora dos viajantes. \u201cA cidade ter\u00e1 mais um cart\u00e3o postal\u201d.<\/p>\n<p>Como forma de retribui\u00e7\u00e3o e gratid\u00e3o \u00e0 padroeira, o prefeito Kalil entregou ao p\u00e1roco a c\u00f3pia de uma outra lei que ele acabou de sancionar &#8211; tamb\u00e9m atendendo a um pleito da comunidade cat\u00f3lica v\u00e1rzea-grandense \u2013 a lei 5055\/2023 que tornou o dia 8 de dezembro, alusivo \u00e0 Nossa Senhora da Concei\u00e7\u00e3o \u2013 Imaculada Concei\u00e7\u00e3o \u2013 um dia santo, e, portanto, feriado municipal. \u201cEm todos esses atos contamos com o apoio da C\u00e2mara Municipal que aprovou as propostas do Executivo, aprovando cada uma\u201d.<\/p>\n<p>\u201cCumprimos mais um compromisso assumido na nossa gest\u00e3o\u201d, refor\u00e7ou. \u201cVotos renovados e for\u00e7as restabelecidas para seguirmos entregando resultados e mantendo nosso compromisso de continuar trabalhando\u201d, completou Kalil.<\/p>\n<p><strong>RENOVA\u00c7\u00c3O, F\u00c9 E GRATID\u00c3O<\/strong> \u2013 Acompanhado da primeira-dama e promotora de Justi\u00e7a, Kika Doril\u00eao Baracat, por sua m\u00e3e, sua sogra, secret\u00e1rios, servidores, pelo senador Jayme Campos e a ex-prefeita Lucimar Sacre de Campos, pelo presidente da C\u00e2mara Municipal, Pedro Paulo Tolares e pelos deputados estaduais J\u00falio Campos e F\u00e1bio Tardin, al\u00e9m de familiares e convidados especiais, o prefeito fez quest\u00e3o de dizer que a Missa em A\u00e7\u00e3o de Gra\u00e7a \u00e9 um momento especial e \u00edmpar para expressar a f\u00e9, renovar a esperan\u00e7a e de agradecer. Nos fortalece para vencermos os obst\u00e1culos e as adversidades\u201d.<\/p>\n<p>Kalil pontuou que mais uma vez em seu mandato, a Missa Solene foi realizada no mesmo dia em que se comemora o Dia das M\u00e3es. \u201cComo filho dessa terra, fico mais emocionado, n\u00e3o faltam motivos para agradecer e agradecer a nossa padroeira\u201d. Novamente, o prefeito foi convidado a coroar a imagem de Nossa Senhora da Guia e a primeira-dama coroou o menino Jesus, simbolizando o amor e afeto de todas as m\u00e3es v\u00e1rzea-grandenses.<\/p>\n<p>Hoje como gestor da cidade, disse o prefeito, ao final da celebra\u00e7\u00e3o, que Nossa Senhora da Guia cubra a cidade e guie seus passos de todos, com f\u00e9 em Deus. \u201cQuero contribuir ainda mais com o desenvolvimento da nossa cidade. Estou focado em trabalhar muito e em entregar resultados. Reafirmo hoje esse compromisso com a minha cidade e com a popula\u00e7\u00e3o v\u00e1rzea-grandense\u201d.<\/p>\n<p>O p\u00e1roco Tarc\u00edsio Camilo Santana, durante a homilia, pregou justamente a import\u00e2ncia do amor, do amor ao pr\u00f3ximo, sobre o amor de m\u00e3e e especialmente, do amor a Deus e seus ensinamentos.<\/p>\n<p><strong>PROGRAMA\u00c7\u00c3O DE ANIVERS\u00c1RIO<\/strong><\/p>\n<p>15 de maio de 2023 (Segunda-feira)<\/p>\n<p>*09:00 \u2013 Inaugura\u00e7\u00e3o da Escola Estadual Ernandy Mauricio Baracat de Arruda \u2013 Nico Baracat.<\/p>\n<p>Local \u2013 Rua Barrabas, Quadra 56, Bairro Nova Fronteira.<\/p>\n<p>*16:00 \u2013 Desfile C\u00edvico e Militar em comemora\u00e7\u00e3o aos 156 Anos de Funda\u00e7\u00e3o da Cidade de V\u00e1rzea Grande.<\/p>\n<p>Local \u2013 Av. Couto Magalh\u00e3es \u2013 Centro.<\/p>\n<p>&nbsp;<\/p>\n","protected":false},"excerpt":{"rendered":"<p>Agora \u00e9 lei em V\u00e1rzea Grande: As festividades alusivas \u00e0 padroeira da cidade, Nossa Senhora da Guia, se tornaram Patrim\u00f4nio Cultural, Hist\u00f3rico e Imaterial. J\u00e1 o Dia 8 de Dezembro se tornou Feriado Santo Municipal em homenagem a Nossa Senhora da Concei\u00e7\u00e3o. O prefeito Kalil Baracat sancionou a Lei n\u00ba 5051\/2023, que formaliza o tombamento [&hellip;]<\/p>\n","protected":false},"author":2,"featured_media":7092,"comment_status":"closed","ping_status":"closed","sticky":false,"template":"","format":"standard","meta":{"iawp_total_views":0,"footnotes":""},"categories":[12],"tags":[],"class_list":["post-7091","post","type-post","status-publish","format-standard","has-post-thumbnail","hentry","category-cidades"],"yoast_head":"<!-- This site is optimized with the Yoast SEO plugin v27.3 - https:\/\/yoast.com\/product\/yoast-seo-wordpress\/ -->\n<title>Kalil anuncia tombamento hist\u00f3rico das festividades e restaura\u00e7\u00e3o de Igreja de Nossa Senhora da Guia &#8902; Blog da Condessa<\/title>\n<meta name=\"robots\" content=\"index, follow, max-snippet:-1, max-image-preview:large, max-video-preview:-1\" \/>\n<link rel=\"canonical\" href=\"https:\/\/blogdacondessa.com.br\/blog\/cidades\/kalil-anuncia-tombamento-historico-das-festividades-e-restauracao-de-igreja-de-nossa-senhora-da-guia\/\" \/>\n<meta property=\"og:locale\" content=\"pt_BR\" \/>\n<meta property=\"og:type\" content=\"article\" \/>\n<meta property=\"og:title\" content=\"Kalil anuncia tombamento hist\u00f3rico das festividades e restaura\u00e7\u00e3o de Igreja de Nossa Senhora da Guia &#8902; Blog da Condessa\" \/>\n<meta property=\"og:description\" content=\"Agora \u00e9 lei em V\u00e1rzea Grande: As festividades alusivas \u00e0 padroeira da cidade, Nossa Senhora da Guia, se tornaram Patrim\u00f4nio Cultural, Hist\u00f3rico e Imaterial. J\u00e1 o Dia 8 de Dezembro se tornou Feriado Santo Municipal em homenagem a Nossa Senhora da Concei\u00e7\u00e3o. O prefeito Kalil Baracat sancionou a Lei n\u00ba 5051\/2023, que formaliza o tombamento [&hellip;]\" \/>\n<meta property=\"og:url\" content=\"https:\/\/blogdacondessa.com.br\/blog\/cidades\/kalil-anuncia-tombamento-historico-das-festividades-e-restauracao-de-igreja-de-nossa-senhora-da-guia\/\" \/>\n<meta property=\"og:site_name\" content=\"Blog da Condessa\" \/>\n<meta property=\"article:published_time\" content=\"2023-05-15T00:58:34+00:00\" \/>\n<meta property=\"og:image\" content=\"https:\/\/blogdacondessa.com.br\/blog\/wp-content\/uploads\/2023\/05\/nossa-senhora-da-guia.jpg\" \/>\n\t<meta property=\"og:image:width\" content=\"1600\" \/>\n\t<meta property=\"og:image:height\" content=\"1066\" \/>\n\t<meta property=\"og:image:type\" content=\"image\/jpeg\" \/>\n<meta name=\"author\" content=\"Blog da Condessa\" \/>\n<meta name=\"twitter:card\" content=\"summary_large_image\" \/>\n<meta name=\"twitter:label1\" content=\"Escrito por\" \/>\n\t<meta name=\"twitter:data1\" content=\"Blog da Condessa\" \/>\n\t<meta name=\"twitter:label2\" content=\"Est. tempo de leitura\" \/>\n\t<meta name=\"twitter:data2\" content=\"5 minutos\" \/>\n<script type=\"application\/ld+json\" class=\"yoast-schema-graph\">{\"@context\":\"https:\\\/\\\/schema.org\",\"@graph\":[{\"@type\":\"Article\",\"@id\":\"https:\\\/\\\/blogdacondessa.com.br\\\/blog\\\/cidades\\\/kalil-anuncia-tombamento-historico-das-festividades-e-restauracao-de-igreja-de-nossa-senhora-da-guia\\\/#article\",\"isPartOf\":{\"@id\":\"https:\\\/\\\/blogdacondessa.com.br\\\/blog\\\/cidades\\\/kalil-anuncia-tombamento-historico-das-festividades-e-restauracao-de-igreja-de-nossa-senhora-da-guia\\\/\"},\"author\":{\"name\":\"Blog da Condessa\",\"@id\":\"https:\\\/\\\/blogdacondessa.com.br\\\/blog\\\/#\\\/schema\\\/person\\\/1d667ff8b785195b568677489d266035\"},\"headline\":\"Kalil anuncia tombamento hist\u00f3rico das festividades e restaura\u00e7\u00e3o de Igreja de Nossa Senhora da Guia\",\"datePublished\":\"2023-05-15T00:58:34+00:00\",\"mainEntityOfPage\":{\"@id\":\"https:\\\/\\\/blogdacondessa.com.br\\\/blog\\\/cidades\\\/kalil-anuncia-tombamento-historico-das-festividades-e-restauracao-de-igreja-de-nossa-senhora-da-guia\\\/\"},\"wordCount\":941,\"image\":{\"@id\":\"https:\\\/\\\/blogdacondessa.com.br\\\/blog\\\/cidades\\\/kalil-anuncia-tombamento-historico-das-festividades-e-restauracao-de-igreja-de-nossa-senhora-da-guia\\\/#primaryimage\"},\"thumbnailUrl\":\"https:\\\/\\\/blogdacondessa.com.br\\\/blog\\\/wp-content\\\/uploads\\\/2023\\\/05\\\/nossa-senhora-da-guia.jpg\",\"articleSection\":[\"Cidades\"],\"inLanguage\":\"pt-BR\"},{\"@type\":\"WebPage\",\"@id\":\"https:\\\/\\\/blogdacondessa.com.br\\\/blog\\\/cidades\\\/kalil-anuncia-tombamento-historico-das-festividades-e-restauracao-de-igreja-de-nossa-senhora-da-guia\\\/\",\"url\":\"https:\\\/\\\/blogdacondessa.com.br\\\/blog\\\/cidades\\\/kalil-anuncia-tombamento-historico-das-festividades-e-restauracao-de-igreja-de-nossa-senhora-da-guia\\\/\",\"name\":\"Kalil anuncia tombamento hist\u00f3rico das festividades e restaura\u00e7\u00e3o de Igreja de Nossa Senhora da Guia &#8902; Blog da Condessa\",\"isPartOf\":{\"@id\":\"https:\\\/\\\/blogdacondessa.com.br\\\/blog\\\/#website\"},\"primaryImageOfPage\":{\"@id\":\"https:\\\/\\\/blogdacondessa.com.br\\\/blog\\\/cidades\\\/kalil-anuncia-tombamento-historico-das-festividades-e-restauracao-de-igreja-de-nossa-senhora-da-guia\\\/#primaryimage\"},\"image\":{\"@id\":\"https:\\\/\\\/blogdacondessa.com.br\\\/blog\\\/cidades\\\/kalil-anuncia-tombamento-historico-das-festividades-e-restauracao-de-igreja-de-nossa-senhora-da-guia\\\/#primaryimage\"},\"thumbnailUrl\":\"https:\\\/\\\/blogdacondessa.com.br\\\/blog\\\/wp-content\\\/uploads\\\/2023\\\/05\\\/nossa-senhora-da-guia.jpg\",\"datePublished\":\"2023-05-15T00:58:34+00:00\",\"author\":{\"@id\":\"https:\\\/\\\/blogdacondessa.com.br\\\/blog\\\/#\\\/schema\\\/person\\\/1d667ff8b785195b568677489d266035\"},\"breadcrumb\":{\"@id\":\"https:\\\/\\\/blogdacondessa.com.br\\\/blog\\\/cidades\\\/kalil-anuncia-tombamento-historico-das-festividades-e-restauracao-de-igreja-de-nossa-senhora-da-guia\\\/#breadcrumb\"},\"inLanguage\":\"pt-BR\",\"potentialAction\":[{\"@type\":\"ReadAction\",\"target\":[\"https:\\\/\\\/blogdacondessa.com.br\\\/blog\\\/cidades\\\/kalil-anuncia-tombamento-historico-das-festividades-e-restauracao-de-igreja-de-nossa-senhora-da-guia\\\/\"]}]},{\"@type\":\"ImageObject\",\"inLanguage\":\"pt-BR\",\"@id\":\"https:\\\/\\\/blogdacondessa.com.br\\\/blog\\\/cidades\\\/kalil-anuncia-tombamento-historico-das-festividades-e-restauracao-de-igreja-de-nossa-senhora-da-guia\\\/#primaryimage\",\"url\":\"https:\\\/\\\/blogdacondessa.com.br\\\/blog\\\/wp-content\\\/uploads\\\/2023\\\/05\\\/nossa-senhora-da-guia.jpg\",\"contentUrl\":\"https:\\\/\\\/blogdacondessa.com.br\\\/blog\\\/wp-content\\\/uploads\\\/2023\\\/05\\\/nossa-senhora-da-guia.jpg\",\"width\":1600,\"height\":1066},{\"@type\":\"BreadcrumbList\",\"@id\":\"https:\\\/\\\/blogdacondessa.com.br\\\/blog\\\/cidades\\\/kalil-anuncia-tombamento-historico-das-festividades-e-restauracao-de-igreja-de-nossa-senhora-da-guia\\\/#breadcrumb\",\"itemListElement\":[{\"@type\":\"ListItem\",\"position\":1,\"name\":\"In\u00edcio\",\"item\":\"https:\\\/\\\/blogdacondessa.com.br\\\/blog\\\/\"},{\"@type\":\"ListItem\",\"position\":2,\"name\":\"Kalil anuncia tombamento hist\u00f3rico das festividades e restaura\u00e7\u00e3o de Igreja de Nossa Senhora da Guia\"}]},{\"@type\":\"WebSite\",\"@id\":\"https:\\\/\\\/blogdacondessa.com.br\\\/blog\\\/#website\",\"url\":\"https:\\\/\\\/blogdacondessa.com.br\\\/blog\\\/\",\"name\":\"Blog da Condessa\",\"description\":\"Com Shirley de Souza O\u2019Campos\",\"potentialAction\":[{\"@type\":\"SearchAction\",\"target\":{\"@type\":\"EntryPoint\",\"urlTemplate\":\"https:\\\/\\\/blogdacondessa.com.br\\\/blog\\\/?s={search_term_string}\"},\"query-input\":{\"@type\":\"PropertyValueSpecification\",\"valueRequired\":true,\"valueName\":\"search_term_string\"}}],\"inLanguage\":\"pt-BR\"},{\"@type\":\"Person\",\"@id\":\"https:\\\/\\\/blogdacondessa.com.br\\\/blog\\\/#\\\/schema\\\/person\\\/1d667ff8b785195b568677489d266035\",\"name\":\"Blog da Condessa\",\"image\":{\"@type\":\"ImageObject\",\"inLanguage\":\"pt-BR\",\"@id\":\"https:\\\/\\\/secure.gravatar.com\\\/avatar\\\/377c0eb8b4ad2bfc25461b41564b5971e721ca34a57642868fc7b0c8ac7b52c5?s=96&d=mm&r=g\",\"url\":\"https:\\\/\\\/secure.gravatar.com\\\/avatar\\\/377c0eb8b4ad2bfc25461b41564b5971e721ca34a57642868fc7b0c8ac7b52c5?s=96&d=mm&r=g\",\"contentUrl\":\"https:\\\/\\\/secure.gravatar.com\\\/avatar\\\/377c0eb8b4ad2bfc25461b41564b5971e721ca34a57642868fc7b0c8ac7b52c5?s=96&d=mm&r=g\",\"caption\":\"Blog da Condessa\"},\"url\":\"https:\\\/\\\/blogdacondessa.com.br\\\/blog\\\/author\\\/beatriz\\\/\"}]}<\/script>\n<!-- \/ Yoast SEO plugin. -->","yoast_head_json":{"title":"Kalil anuncia tombamento hist\u00f3rico das festividades e restaura\u00e7\u00e3o de Igreja de Nossa Senhora da Guia &#8902; Blog da Condessa","robots":{"index":"index","follow":"follow","max-snippet":"max-snippet:-1","max-image-preview":"max-image-preview:large","max-video-preview":"max-video-preview:-1"},"canonical":"https:\/\/blogdacondessa.com.br\/blog\/cidades\/kalil-anuncia-tombamento-historico-das-festividades-e-restauracao-de-igreja-de-nossa-senhora-da-guia\/","og_locale":"pt_BR","og_type":"article","og_title":"Kalil anuncia tombamento hist\u00f3rico das festividades e restaura\u00e7\u00e3o de Igreja de Nossa Senhora da Guia &#8902; Blog da Condessa","og_description":"Agora \u00e9 lei em V\u00e1rzea Grande: As festividades alusivas \u00e0 padroeira da cidade, Nossa Senhora da Guia, se tornaram Patrim\u00f4nio Cultural, Hist\u00f3rico e Imaterial. J\u00e1 o Dia 8 de Dezembro se tornou Feriado Santo Municipal em homenagem a Nossa Senhora da Concei\u00e7\u00e3o. O prefeito Kalil Baracat sancionou a Lei n\u00ba 5051\/2023, que formaliza o tombamento [&hellip;]","og_url":"https:\/\/blogdacondessa.com.br\/blog\/cidades\/kalil-anuncia-tombamento-historico-das-festividades-e-restauracao-de-igreja-de-nossa-senhora-da-guia\/","og_site_name":"Blog da Condessa","article_published_time":"2023-05-15T00:58:34+00:00","og_image":[{"width":1600,"height":1066,"url":"https:\/\/blogdacondessa.com.br\/blog\/wp-content\/uploads\/2023\/05\/nossa-senhora-da-guia.jpg","type":"image\/jpeg"}],"author":"Blog da Condessa","twitter_card":"summary_large_image","twitter_misc":{"Escrito por":"Blog da Condessa","Est. tempo de leitura":"5 minutos"},"schema":{"@context":"https:\/\/schema.org","@graph":[{"@type":"Article","@id":"https:\/\/blogdacondessa.com.br\/blog\/cidades\/kalil-anuncia-tombamento-historico-das-festividades-e-restauracao-de-igreja-de-nossa-senhora-da-guia\/#article","isPartOf":{"@id":"https:\/\/blogdacondessa.com.br\/blog\/cidades\/kalil-anuncia-tombamento-historico-das-festividades-e-restauracao-de-igreja-de-nossa-senhora-da-guia\/"},"author":{"name":"Blog da Condessa","@id":"https:\/\/blogdacondessa.com.br\/blog\/#\/schema\/person\/1d667ff8b785195b568677489d266035"},"headline":"Kalil anuncia tombamento hist\u00f3rico das festividades e restaura\u00e7\u00e3o de Igreja de Nossa Senhora da Guia","datePublished":"2023-05-15T00:58:34+00:00","mainEntityOfPage":{"@id":"https:\/\/blogdacondessa.com.br\/blog\/cidades\/kalil-anuncia-tombamento-historico-das-festividades-e-restauracao-de-igreja-de-nossa-senhora-da-guia\/"},"wordCount":941,"image":{"@id":"https:\/\/blogdacondessa.com.br\/blog\/cidades\/kalil-anuncia-tombamento-historico-das-festividades-e-restauracao-de-igreja-de-nossa-senhora-da-guia\/#primaryimage"},"thumbnailUrl":"https:\/\/blogdacondessa.com.br\/blog\/wp-content\/uploads\/2023\/05\/nossa-senhora-da-guia.jpg","articleSection":["Cidades"],"inLanguage":"pt-BR"},{"@type":"WebPage","@id":"https:\/\/blogdacondessa.com.br\/blog\/cidades\/kalil-anuncia-tombamento-historico-das-festividades-e-restauracao-de-igreja-de-nossa-senhora-da-guia\/","url":"https:\/\/blogdacondessa.com.br\/blog\/cidades\/kalil-anuncia-tombamento-historico-das-festividades-e-restauracao-de-igreja-de-nossa-senhora-da-guia\/","name":"Kalil anuncia tombamento hist\u00f3rico das festividades e restaura\u00e7\u00e3o de Igreja de Nossa Senhora da Guia &#8902; Blog da Condessa","isPartOf":{"@id":"https:\/\/blogdacondessa.com.br\/blog\/#website"},"primaryImageOfPage":{"@id":"https:\/\/blogdacondessa.com.br\/blog\/cidades\/kalil-anuncia-tombamento-historico-das-festividades-e-restauracao-de-igreja-de-nossa-senhora-da-guia\/#primaryimage"},"image":{"@id":"https:\/\/blogdacondessa.com.br\/blog\/cidades\/kalil-anuncia-tombamento-historico-das-festividades-e-restauracao-de-igreja-de-nossa-senhora-da-guia\/#primaryimage"},"thumbnailUrl":"https:\/\/blogdacondessa.com.br\/blog\/wp-content\/uploads\/2023\/05\/nossa-senhora-da-guia.jpg","datePublished":"2023-05-15T00:58:34+00:00","author":{"@id":"https:\/\/blogdacondessa.com.br\/blog\/#\/schema\/person\/1d667ff8b785195b568677489d266035"},"breadcrumb":{"@id":"https:\/\/blogdacondessa.com.br\/blog\/cidades\/kalil-anuncia-tombamento-historico-das-festividades-e-restauracao-de-igreja-de-nossa-senhora-da-guia\/#breadcrumb"},"inLanguage":"pt-BR","potentialAction":[{"@type":"ReadAction","target":["https:\/\/blogdacondessa.com.br\/blog\/cidades\/kalil-anuncia-tombamento-historico-das-festividades-e-restauracao-de-igreja-de-nossa-senhora-da-guia\/"]}]},{"@type":"ImageObject","inLanguage":"pt-BR","@id":"https:\/\/blogdacondessa.com.br\/blog\/cidades\/kalil-anuncia-tombamento-historico-das-festividades-e-restauracao-de-igreja-de-nossa-senhora-da-guia\/#primaryimage","url":"https:\/\/blogdacondessa.com.br\/blog\/wp-content\/uploads\/2023\/05\/nossa-senhora-da-guia.jpg","contentUrl":"https:\/\/blogdacondessa.com.br\/blog\/wp-content\/uploads\/2023\/05\/nossa-senhora-da-guia.jpg","width":1600,"height":1066},{"@type":"BreadcrumbList","@id":"https:\/\/blogdacondessa.com.br\/blog\/cidades\/kalil-anuncia-tombamento-historico-das-festividades-e-restauracao-de-igreja-de-nossa-senhora-da-guia\/#breadcrumb","itemListElement":[{"@type":"ListItem","position":1,"name":"In\u00edcio","item":"https:\/\/blogdacondessa.com.br\/blog\/"},{"@type":"ListItem","position":2,"name":"Kalil anuncia tombamento hist\u00f3rico das festividades e restaura\u00e7\u00e3o de Igreja de Nossa Senhora da Guia"}]},{"@type":"WebSite","@id":"https:\/\/blogdacondessa.com.br\/blog\/#website","url":"https:\/\/blogdacondessa.com.br\/blog\/","name":"Blog da Condessa","description":"Com Shirley de Souza O\u2019Campos","potentialAction":[{"@type":"SearchAction","target":{"@type":"EntryPoint","urlTemplate":"https:\/\/blogdacondessa.com.br\/blog\/?s={search_term_string}"},"query-input":{"@type":"PropertyValueSpecification","valueRequired":true,"valueName":"search_term_string"}}],"inLanguage":"pt-BR"},{"@type":"Person","@id":"https:\/\/blogdacondessa.com.br\/blog\/#\/schema\/person\/1d667ff8b785195b568677489d266035","name":"Blog da Condessa","image":{"@type":"ImageObject","inLanguage":"pt-BR","@id":"https:\/\/secure.gravatar.com\/avatar\/377c0eb8b4ad2bfc25461b41564b5971e721ca34a57642868fc7b0c8ac7b52c5?s=96&d=mm&r=g","url":"https:\/\/secure.gravatar.com\/avatar\/377c0eb8b4ad2bfc25461b41564b5971e721ca34a57642868fc7b0c8ac7b52c5?s=96&d=mm&r=g","contentUrl":"https:\/\/secure.gravatar.com\/avatar\/377c0eb8b4ad2bfc25461b41564b5971e721ca34a57642868fc7b0c8ac7b52c5?s=96&d=mm&r=g","caption":"Blog da Condessa"},"url":"https:\/\/blogdacondessa.com.br\/blog\/author\/beatriz\/"}]}},"_links":{"self":[{"href":"https:\/\/blogdacondessa.com.br\/blog\/wp-json\/wp\/v2\/posts\/7091","targetHints":{"allow":["GET"]}}],"collection":[{"href":"https:\/\/blogdacondessa.com.br\/blog\/wp-json\/wp\/v2\/posts"}],"about":[{"href":"https:\/\/blogdacondessa.com.br\/blog\/wp-json\/wp\/v2\/types\/post"}],"author":[{"embeddable":true,"href":"https:\/\/blogdacondessa.com.br\/blog\/wp-json\/wp\/v2\/users\/2"}],"replies":[{"embeddable":true,"href":"https:\/\/blogdacondessa.com.br\/blog\/wp-json\/wp\/v2\/comments?post=7091"}],"version-history":[{"count":0,"href":"https:\/\/blogdacondessa.com.br\/blog\/wp-json\/wp\/v2\/posts\/7091\/revisions"}],"wp:featuredmedia":[{"embeddable":true,"href":"https:\/\/blogdacondessa.com.br\/blog\/wp-json\/wp\/v2\/media\/7092"}],"wp:attachment":[{"href":"https:\/\/blogdacondessa.com.br\/blog\/wp-json\/wp\/v2\/media?parent=7091"}],"wp:term":[{"taxonomy":"category","embeddable":true,"href":"https:\/\/blogdacondessa.com.br\/blog\/wp-json\/wp\/v2\/categories?post=7091"},{"taxonomy":"post_tag","embeddable":true,"href":"https:\/\/blogdacondessa.com.br\/blog\/wp-json\/wp\/v2\/tags?post=7091"}],"curies":[{"name":"wp","href":"https:\/\/api.w.org\/{rel}","templated":true}]}}