{"id":6914,"date":"2023-04-24T19:36:56","date_gmt":"2023-04-24T23:36:56","guid":{"rendered":"http:\/\/blogdacondessa.com.br\/?p=6914"},"modified":"2023-04-25T11:29:53","modified_gmt":"2023-04-25T15:29:53","slug":"a-luta-da-umbanda-pelo-seu-direito-constitucional-de-liberdade","status":"publish","type":"post","link":"https:\/\/blogdacondessa.com.br\/blog\/cotidiano\/a-luta-da-umbanda-pelo-seu-direito-constitucional-de-liberdade\/","title":{"rendered":"\u201cA luta da Umbanda pelo seu direito constitucional de liberdade\u201d"},"content":{"rendered":"<p>O vereador Sargento Vidal (MDB), apresentou um requerimento de sess\u00e3o solene para apresentar a Carta Magna de Umbanda no m\u00eas que comemora o Dia Nacional da religi\u00e3o de matriz africana. O pedido foi lido durante a sess\u00e3o ordin\u00e1ria do \u00faltimo dia 13, na C\u00e2mara de Cuiab\u00e1.<\/p>\n<p>Atendendo ao pedido do coordenador de Mato Grosso da Carta Magna de Umbanda, Pai A\u00e9cio, o vereador ir\u00e1 realizar a sess\u00e3o solene no dia 06 de outubro \u00e0s 16 horas, no Plen\u00e1rio da C\u00e2mara de Cuiab\u00e1. \u201cOcorre que a comunidade umbandista desde 2012 vem defendendo o seu papel com a finalidade de atingir todos os crist\u00e3os quanto \u00e0 responsabilidade de mostrar os fundamentos b\u00e1sicos da organiza\u00e7\u00e3o religiosa nesta obra redigida e revisada periodicamente por v\u00e1rias lideran\u00e7as. Considerando que, faz-se importante recordar que \u2018Dia Nacional da Umbanda\u2019 que \u00e9 comemorado dia 15 de novembro, data esta que frisa a import\u00e2ncia dos valores e princ\u00edpios desta religi\u00e3o bem como sua hist\u00f3ria da luta pelo seu direito constitucional de liberdade\u201d, diz trecho do documento.<\/p>\n<p>A Carta Magna foi criada em 2013 e visa dar identidade a religi\u00e3o de Umbanda que nasceu no Brasil no dia 15 de novembro de 1908, pelo m\u00e9dium Z\u00e9lio Fernandino de Moraes . O documento j\u00e1 foi apresentado internacionalmente e tem representa\u00e7\u00e3o, praticamente, no mundo inteiro. \u201cUm ano ap\u00f3s a sua cria\u00e7\u00e3o, a gente participou de um evento em Portugal aonde apresentamos a Carta Magna para a Europa e, ao longo desses 10 anos, ela vem sendo ampliada e revisada. \u00c9 um documento que mostra o que a religi\u00e3o \u00e9 em rela\u00e7\u00e3o ao cotidiano, ao social e as leis do pa\u00eds\u201d, disse Pai A\u00e9cio.<\/p>\n<p>De acordo com Pai A\u00e9cio, o documento est\u00e1 sendo apresentado apenas em Casas de Leis, ou seja, Assembl\u00e9ias Legislativas e C\u00e2maras Municipais pelo pa\u00eds afora, pois a Carta \u00e9 um documento que est\u00e1 trabalhado h\u00e1 10 anos e, ap\u00f3s ficar ser aprovado por todos, ser\u00e1 submetido \u00e0 aprecia\u00e7\u00e3o do Minist\u00e9rio P\u00fablico Federal e Estadual, assim como nos demais \u00f3rg\u00e3os de Bras\u00edlia, fazendo com que a religi\u00e3o tenha uma carteira de identidade como simbologia.<\/p>\n<p>Sendo declaradamente um praticante da religi\u00e3o, Vidal j\u00e1 apresentou projetos na Casa de Leis como o Vale dos Orix\u00e1s que visa atender os povos de terreiro. Sua luta, assim como dos demais representantes da Umbanda, \u00e9 para que aumente a divulga\u00e7\u00e3o e o respeito com a religi\u00e3o.<\/p>\n<p>\u201cEssa sess\u00e3o solene vem para apresentar a Carta Magna da Umbanda na 3\u00aa edi\u00e7\u00e3o revisada, ampliada e ser\u00e1 apresentada aqui em Cuiab\u00e1. Ela \u00e9 apresentada uma vez por ano em um estado, em Cuiab\u00e1 ser\u00e1 apresentada no dia 06 de outubro pelos representantes da Umbanda em Mato Grosso. Ent\u00e3o estar\u00e3o presentes os Pais de Santo e demais autoridades que representam verdadeiramente a religi\u00e3o na Capital, qui\u00e7\u00e1 em n\u00edvel de Brasil tamb\u00e9m. O Pai A\u00e9cio fez a solicita\u00e7\u00e3o juntamente com outros representantes aqui no meu gabinete. Eles sabem que sou da religi\u00e3o, que venho desempenhando projetos como o Vale dos Orix\u00e1s e, por este motivo, me procuraram para a realiza\u00e7\u00e3o desta sess\u00e3o solene\u201d, declarou ele.<\/p>\n<p>&nbsp;<\/p>\n","protected":false},"excerpt":{"rendered":"<p>O vereador Sargento Vidal (MDB), apresentou um requerimento de sess\u00e3o solene para apresentar a Carta Magna de Umbanda no m\u00eas que comemora o Dia Nacional da religi\u00e3o de matriz africana. O pedido foi lido durante a sess\u00e3o ordin\u00e1ria do \u00faltimo dia 13, na C\u00e2mara de Cuiab\u00e1. Atendendo ao pedido do coordenador de Mato Grosso da [&hellip;]<\/p>\n","protected":false},"author":2,"featured_media":6915,"comment_status":"closed","ping_status":"closed","sticky":false,"template":"","format":"standard","meta":{"iawp_total_views":10,"footnotes":""},"categories":[24],"tags":[],"class_list":["post-6914","post","type-post","status-publish","format-standard","has-post-thumbnail","hentry","category-cotidiano"],"yoast_head":"<!-- This site is optimized with the Yoast SEO plugin v27.3 - https:\/\/yoast.com\/product\/yoast-seo-wordpress\/ -->\n<title>\u201cA luta da Umbanda pelo seu direito constitucional de liberdade\u201d &#8902; Blog da Condessa<\/title>\n<meta name=\"robots\" content=\"index, follow, max-snippet:-1, max-image-preview:large, max-video-preview:-1\" \/>\n<link rel=\"canonical\" href=\"https:\/\/blogdacondessa.com.br\/blog\/cotidiano\/a-luta-da-umbanda-pelo-seu-direito-constitucional-de-liberdade\/\" \/>\n<meta property=\"og:locale\" content=\"pt_BR\" \/>\n<meta property=\"og:type\" content=\"article\" \/>\n<meta property=\"og:title\" content=\"\u201cA luta da Umbanda pelo seu direito constitucional de liberdade\u201d &#8902; Blog da Condessa\" \/>\n<meta property=\"og:description\" content=\"O vereador Sargento Vidal (MDB), apresentou um requerimento de sess\u00e3o solene para apresentar a Carta Magna de Umbanda no m\u00eas que comemora o Dia Nacional da religi\u00e3o de matriz africana. O pedido foi lido durante a sess\u00e3o ordin\u00e1ria do \u00faltimo dia 13, na C\u00e2mara de Cuiab\u00e1. Atendendo ao pedido do coordenador de Mato Grosso da [&hellip;]\" \/>\n<meta property=\"og:url\" content=\"https:\/\/blogdacondessa.com.br\/blog\/cotidiano\/a-luta-da-umbanda-pelo-seu-direito-constitucional-de-liberdade\/\" \/>\n<meta property=\"og:site_name\" content=\"Blog da Condessa\" \/>\n<meta property=\"article:published_time\" content=\"2023-04-24T23:36:56+00:00\" \/>\n<meta property=\"article:modified_time\" content=\"2023-04-25T15:29:53+00:00\" \/>\n<meta property=\"og:image\" content=\"https:\/\/blogdacondessa.com.br\/blog\/wp-content\/uploads\/2023\/04\/umbanda.jpg\" \/>\n\t<meta property=\"og:image:width\" content=\"600\" \/>\n\t<meta property=\"og:image:height\" content=\"450\" \/>\n\t<meta property=\"og:image:type\" content=\"image\/jpeg\" \/>\n<meta name=\"author\" content=\"Blog da Condessa\" \/>\n<meta name=\"twitter:card\" content=\"summary_large_image\" \/>\n<meta name=\"twitter:label1\" content=\"Escrito por\" \/>\n\t<meta name=\"twitter:data1\" content=\"Blog da Condessa\" \/>\n\t<meta name=\"twitter:label2\" content=\"Est. tempo de leitura\" \/>\n\t<meta name=\"twitter:data2\" content=\"3 minutos\" \/>\n<script type=\"application\/ld+json\" class=\"yoast-schema-graph\">{\"@context\":\"https:\\\/\\\/schema.org\",\"@graph\":[{\"@type\":\"Article\",\"@id\":\"https:\\\/\\\/blogdacondessa.com.br\\\/blog\\\/cotidiano\\\/a-luta-da-umbanda-pelo-seu-direito-constitucional-de-liberdade\\\/#article\",\"isPartOf\":{\"@id\":\"https:\\\/\\\/blogdacondessa.com.br\\\/blog\\\/cotidiano\\\/a-luta-da-umbanda-pelo-seu-direito-constitucional-de-liberdade\\\/\"},\"author\":{\"name\":\"Blog da Condessa\",\"@id\":\"https:\\\/\\\/blogdacondessa.com.br\\\/blog\\\/#\\\/schema\\\/person\\\/1d667ff8b785195b568677489d266035\"},\"headline\":\"\u201cA luta da Umbanda pelo seu direito constitucional de liberdade\u201d\",\"datePublished\":\"2023-04-24T23:36:56+00:00\",\"dateModified\":\"2023-04-25T15:29:53+00:00\",\"mainEntityOfPage\":{\"@id\":\"https:\\\/\\\/blogdacondessa.com.br\\\/blog\\\/cotidiano\\\/a-luta-da-umbanda-pelo-seu-direito-constitucional-de-liberdade\\\/\"},\"wordCount\":552,\"image\":{\"@id\":\"https:\\\/\\\/blogdacondessa.com.br\\\/blog\\\/cotidiano\\\/a-luta-da-umbanda-pelo-seu-direito-constitucional-de-liberdade\\\/#primaryimage\"},\"thumbnailUrl\":\"https:\\\/\\\/blogdacondessa.com.br\\\/blog\\\/wp-content\\\/uploads\\\/2023\\\/04\\\/umbanda.jpg\",\"articleSection\":[\"Cotidiano\"],\"inLanguage\":\"pt-BR\"},{\"@type\":\"WebPage\",\"@id\":\"https:\\\/\\\/blogdacondessa.com.br\\\/blog\\\/cotidiano\\\/a-luta-da-umbanda-pelo-seu-direito-constitucional-de-liberdade\\\/\",\"url\":\"https:\\\/\\\/blogdacondessa.com.br\\\/blog\\\/cotidiano\\\/a-luta-da-umbanda-pelo-seu-direito-constitucional-de-liberdade\\\/\",\"name\":\"\u201cA luta da Umbanda pelo seu direito constitucional de liberdade\u201d &#8902; Blog da Condessa\",\"isPartOf\":{\"@id\":\"https:\\\/\\\/blogdacondessa.com.br\\\/blog\\\/#website\"},\"primaryImageOfPage\":{\"@id\":\"https:\\\/\\\/blogdacondessa.com.br\\\/blog\\\/cotidiano\\\/a-luta-da-umbanda-pelo-seu-direito-constitucional-de-liberdade\\\/#primaryimage\"},\"image\":{\"@id\":\"https:\\\/\\\/blogdacondessa.com.br\\\/blog\\\/cotidiano\\\/a-luta-da-umbanda-pelo-seu-direito-constitucional-de-liberdade\\\/#primaryimage\"},\"thumbnailUrl\":\"https:\\\/\\\/blogdacondessa.com.br\\\/blog\\\/wp-content\\\/uploads\\\/2023\\\/04\\\/umbanda.jpg\",\"datePublished\":\"2023-04-24T23:36:56+00:00\",\"dateModified\":\"2023-04-25T15:29:53+00:00\",\"author\":{\"@id\":\"https:\\\/\\\/blogdacondessa.com.br\\\/blog\\\/#\\\/schema\\\/person\\\/1d667ff8b785195b568677489d266035\"},\"breadcrumb\":{\"@id\":\"https:\\\/\\\/blogdacondessa.com.br\\\/blog\\\/cotidiano\\\/a-luta-da-umbanda-pelo-seu-direito-constitucional-de-liberdade\\\/#breadcrumb\"},\"inLanguage\":\"pt-BR\",\"potentialAction\":[{\"@type\":\"ReadAction\",\"target\":[\"https:\\\/\\\/blogdacondessa.com.br\\\/blog\\\/cotidiano\\\/a-luta-da-umbanda-pelo-seu-direito-constitucional-de-liberdade\\\/\"]}]},{\"@type\":\"ImageObject\",\"inLanguage\":\"pt-BR\",\"@id\":\"https:\\\/\\\/blogdacondessa.com.br\\\/blog\\\/cotidiano\\\/a-luta-da-umbanda-pelo-seu-direito-constitucional-de-liberdade\\\/#primaryimage\",\"url\":\"https:\\\/\\\/blogdacondessa.com.br\\\/blog\\\/wp-content\\\/uploads\\\/2023\\\/04\\\/umbanda.jpg\",\"contentUrl\":\"https:\\\/\\\/blogdacondessa.com.br\\\/blog\\\/wp-content\\\/uploads\\\/2023\\\/04\\\/umbanda.jpg\",\"width\":600,\"height\":450},{\"@type\":\"BreadcrumbList\",\"@id\":\"https:\\\/\\\/blogdacondessa.com.br\\\/blog\\\/cotidiano\\\/a-luta-da-umbanda-pelo-seu-direito-constitucional-de-liberdade\\\/#breadcrumb\",\"itemListElement\":[{\"@type\":\"ListItem\",\"position\":1,\"name\":\"In\u00edcio\",\"item\":\"https:\\\/\\\/blogdacondessa.com.br\\\/blog\\\/\"},{\"@type\":\"ListItem\",\"position\":2,\"name\":\"\u201cA luta da Umbanda pelo seu direito constitucional de liberdade\u201d\"}]},{\"@type\":\"WebSite\",\"@id\":\"https:\\\/\\\/blogdacondessa.com.br\\\/blog\\\/#website\",\"url\":\"https:\\\/\\\/blogdacondessa.com.br\\\/blog\\\/\",\"name\":\"Blog da Condessa\",\"description\":\"Com Shirley de Souza O\u2019Campos\",\"potentialAction\":[{\"@type\":\"SearchAction\",\"target\":{\"@type\":\"EntryPoint\",\"urlTemplate\":\"https:\\\/\\\/blogdacondessa.com.br\\\/blog\\\/?s={search_term_string}\"},\"query-input\":{\"@type\":\"PropertyValueSpecification\",\"valueRequired\":true,\"valueName\":\"search_term_string\"}}],\"inLanguage\":\"pt-BR\"},{\"@type\":\"Person\",\"@id\":\"https:\\\/\\\/blogdacondessa.com.br\\\/blog\\\/#\\\/schema\\\/person\\\/1d667ff8b785195b568677489d266035\",\"name\":\"Blog da Condessa\",\"image\":{\"@type\":\"ImageObject\",\"inLanguage\":\"pt-BR\",\"@id\":\"https:\\\/\\\/secure.gravatar.com\\\/avatar\\\/377c0eb8b4ad2bfc25461b41564b5971e721ca34a57642868fc7b0c8ac7b52c5?s=96&d=mm&r=g\",\"url\":\"https:\\\/\\\/secure.gravatar.com\\\/avatar\\\/377c0eb8b4ad2bfc25461b41564b5971e721ca34a57642868fc7b0c8ac7b52c5?s=96&d=mm&r=g\",\"contentUrl\":\"https:\\\/\\\/secure.gravatar.com\\\/avatar\\\/377c0eb8b4ad2bfc25461b41564b5971e721ca34a57642868fc7b0c8ac7b52c5?s=96&d=mm&r=g\",\"caption\":\"Blog da Condessa\"},\"url\":\"https:\\\/\\\/blogdacondessa.com.br\\\/blog\\\/author\\\/beatriz\\\/\"}]}<\/script>\n<!-- \/ Yoast SEO plugin. -->","yoast_head_json":{"title":"\u201cA luta da Umbanda pelo seu direito constitucional de liberdade\u201d &#8902; Blog da Condessa","robots":{"index":"index","follow":"follow","max-snippet":"max-snippet:-1","max-image-preview":"max-image-preview:large","max-video-preview":"max-video-preview:-1"},"canonical":"https:\/\/blogdacondessa.com.br\/blog\/cotidiano\/a-luta-da-umbanda-pelo-seu-direito-constitucional-de-liberdade\/","og_locale":"pt_BR","og_type":"article","og_title":"\u201cA luta da Umbanda pelo seu direito constitucional de liberdade\u201d &#8902; Blog da Condessa","og_description":"O vereador Sargento Vidal (MDB), apresentou um requerimento de sess\u00e3o solene para apresentar a Carta Magna de Umbanda no m\u00eas que comemora o Dia Nacional da religi\u00e3o de matriz africana. O pedido foi lido durante a sess\u00e3o ordin\u00e1ria do \u00faltimo dia 13, na C\u00e2mara de Cuiab\u00e1. Atendendo ao pedido do coordenador de Mato Grosso da [&hellip;]","og_url":"https:\/\/blogdacondessa.com.br\/blog\/cotidiano\/a-luta-da-umbanda-pelo-seu-direito-constitucional-de-liberdade\/","og_site_name":"Blog da Condessa","article_published_time":"2023-04-24T23:36:56+00:00","article_modified_time":"2023-04-25T15:29:53+00:00","og_image":[{"width":600,"height":450,"url":"https:\/\/blogdacondessa.com.br\/blog\/wp-content\/uploads\/2023\/04\/umbanda.jpg","type":"image\/jpeg"}],"author":"Blog da Condessa","twitter_card":"summary_large_image","twitter_misc":{"Escrito por":"Blog da Condessa","Est. tempo de leitura":"3 minutos"},"schema":{"@context":"https:\/\/schema.org","@graph":[{"@type":"Article","@id":"https:\/\/blogdacondessa.com.br\/blog\/cotidiano\/a-luta-da-umbanda-pelo-seu-direito-constitucional-de-liberdade\/#article","isPartOf":{"@id":"https:\/\/blogdacondessa.com.br\/blog\/cotidiano\/a-luta-da-umbanda-pelo-seu-direito-constitucional-de-liberdade\/"},"author":{"name":"Blog da Condessa","@id":"https:\/\/blogdacondessa.com.br\/blog\/#\/schema\/person\/1d667ff8b785195b568677489d266035"},"headline":"\u201cA luta da Umbanda pelo seu direito constitucional de liberdade\u201d","datePublished":"2023-04-24T23:36:56+00:00","dateModified":"2023-04-25T15:29:53+00:00","mainEntityOfPage":{"@id":"https:\/\/blogdacondessa.com.br\/blog\/cotidiano\/a-luta-da-umbanda-pelo-seu-direito-constitucional-de-liberdade\/"},"wordCount":552,"image":{"@id":"https:\/\/blogdacondessa.com.br\/blog\/cotidiano\/a-luta-da-umbanda-pelo-seu-direito-constitucional-de-liberdade\/#primaryimage"},"thumbnailUrl":"https:\/\/blogdacondessa.com.br\/blog\/wp-content\/uploads\/2023\/04\/umbanda.jpg","articleSection":["Cotidiano"],"inLanguage":"pt-BR"},{"@type":"WebPage","@id":"https:\/\/blogdacondessa.com.br\/blog\/cotidiano\/a-luta-da-umbanda-pelo-seu-direito-constitucional-de-liberdade\/","url":"https:\/\/blogdacondessa.com.br\/blog\/cotidiano\/a-luta-da-umbanda-pelo-seu-direito-constitucional-de-liberdade\/","name":"\u201cA luta da Umbanda pelo seu direito constitucional de liberdade\u201d &#8902; Blog da Condessa","isPartOf":{"@id":"https:\/\/blogdacondessa.com.br\/blog\/#website"},"primaryImageOfPage":{"@id":"https:\/\/blogdacondessa.com.br\/blog\/cotidiano\/a-luta-da-umbanda-pelo-seu-direito-constitucional-de-liberdade\/#primaryimage"},"image":{"@id":"https:\/\/blogdacondessa.com.br\/blog\/cotidiano\/a-luta-da-umbanda-pelo-seu-direito-constitucional-de-liberdade\/#primaryimage"},"thumbnailUrl":"https:\/\/blogdacondessa.com.br\/blog\/wp-content\/uploads\/2023\/04\/umbanda.jpg","datePublished":"2023-04-24T23:36:56+00:00","dateModified":"2023-04-25T15:29:53+00:00","author":{"@id":"https:\/\/blogdacondessa.com.br\/blog\/#\/schema\/person\/1d667ff8b785195b568677489d266035"},"breadcrumb":{"@id":"https:\/\/blogdacondessa.com.br\/blog\/cotidiano\/a-luta-da-umbanda-pelo-seu-direito-constitucional-de-liberdade\/#breadcrumb"},"inLanguage":"pt-BR","potentialAction":[{"@type":"ReadAction","target":["https:\/\/blogdacondessa.com.br\/blog\/cotidiano\/a-luta-da-umbanda-pelo-seu-direito-constitucional-de-liberdade\/"]}]},{"@type":"ImageObject","inLanguage":"pt-BR","@id":"https:\/\/blogdacondessa.com.br\/blog\/cotidiano\/a-luta-da-umbanda-pelo-seu-direito-constitucional-de-liberdade\/#primaryimage","url":"https:\/\/blogdacondessa.com.br\/blog\/wp-content\/uploads\/2023\/04\/umbanda.jpg","contentUrl":"https:\/\/blogdacondessa.com.br\/blog\/wp-content\/uploads\/2023\/04\/umbanda.jpg","width":600,"height":450},{"@type":"BreadcrumbList","@id":"https:\/\/blogdacondessa.com.br\/blog\/cotidiano\/a-luta-da-umbanda-pelo-seu-direito-constitucional-de-liberdade\/#breadcrumb","itemListElement":[{"@type":"ListItem","position":1,"name":"In\u00edcio","item":"https:\/\/blogdacondessa.com.br\/blog\/"},{"@type":"ListItem","position":2,"name":"\u201cA luta da Umbanda pelo seu direito constitucional de liberdade\u201d"}]},{"@type":"WebSite","@id":"https:\/\/blogdacondessa.com.br\/blog\/#website","url":"https:\/\/blogdacondessa.com.br\/blog\/","name":"Blog da Condessa","description":"Com Shirley de Souza O\u2019Campos","potentialAction":[{"@type":"SearchAction","target":{"@type":"EntryPoint","urlTemplate":"https:\/\/blogdacondessa.com.br\/blog\/?s={search_term_string}"},"query-input":{"@type":"PropertyValueSpecification","valueRequired":true,"valueName":"search_term_string"}}],"inLanguage":"pt-BR"},{"@type":"Person","@id":"https:\/\/blogdacondessa.com.br\/blog\/#\/schema\/person\/1d667ff8b785195b568677489d266035","name":"Blog da Condessa","image":{"@type":"ImageObject","inLanguage":"pt-BR","@id":"https:\/\/secure.gravatar.com\/avatar\/377c0eb8b4ad2bfc25461b41564b5971e721ca34a57642868fc7b0c8ac7b52c5?s=96&d=mm&r=g","url":"https:\/\/secure.gravatar.com\/avatar\/377c0eb8b4ad2bfc25461b41564b5971e721ca34a57642868fc7b0c8ac7b52c5?s=96&d=mm&r=g","contentUrl":"https:\/\/secure.gravatar.com\/avatar\/377c0eb8b4ad2bfc25461b41564b5971e721ca34a57642868fc7b0c8ac7b52c5?s=96&d=mm&r=g","caption":"Blog da Condessa"},"url":"https:\/\/blogdacondessa.com.br\/blog\/author\/beatriz\/"}]}},"_links":{"self":[{"href":"https:\/\/blogdacondessa.com.br\/blog\/wp-json\/wp\/v2\/posts\/6914","targetHints":{"allow":["GET"]}}],"collection":[{"href":"https:\/\/blogdacondessa.com.br\/blog\/wp-json\/wp\/v2\/posts"}],"about":[{"href":"https:\/\/blogdacondessa.com.br\/blog\/wp-json\/wp\/v2\/types\/post"}],"author":[{"embeddable":true,"href":"https:\/\/blogdacondessa.com.br\/blog\/wp-json\/wp\/v2\/users\/2"}],"replies":[{"embeddable":true,"href":"https:\/\/blogdacondessa.com.br\/blog\/wp-json\/wp\/v2\/comments?post=6914"}],"version-history":[{"count":0,"href":"https:\/\/blogdacondessa.com.br\/blog\/wp-json\/wp\/v2\/posts\/6914\/revisions"}],"wp:featuredmedia":[{"embeddable":true,"href":"https:\/\/blogdacondessa.com.br\/blog\/wp-json\/wp\/v2\/media\/6915"}],"wp:attachment":[{"href":"https:\/\/blogdacondessa.com.br\/blog\/wp-json\/wp\/v2\/media?parent=6914"}],"wp:term":[{"taxonomy":"category","embeddable":true,"href":"https:\/\/blogdacondessa.com.br\/blog\/wp-json\/wp\/v2\/categories?post=6914"},{"taxonomy":"post_tag","embeddable":true,"href":"https:\/\/blogdacondessa.com.br\/blog\/wp-json\/wp\/v2\/tags?post=6914"}],"curies":[{"name":"wp","href":"https:\/\/api.w.org\/{rel}","templated":true}]}}