{"id":6911,"date":"2023-04-24T17:40:40","date_gmt":"2023-04-24T21:40:40","guid":{"rendered":"http:\/\/blogdacondessa.com.br\/?p=6911"},"modified":"2023-04-24T17:40:40","modified_gmt":"2023-04-24T21:40:40","slug":"motoristas-podem-acumular-descontos-do-nota-mt-e-do-calendario-ipva-2023","status":"publish","type":"post","link":"https:\/\/blogdacondessa.com.br\/blog\/economia\/motoristas-podem-acumular-descontos-do-nota-mt-e-do-calendario-ipva-2023\/","title":{"rendered":"Motoristas podem acumular descontos do Nota MT e do calend\u00e1rio IPVA 2023"},"content":{"rendered":"<p>O contribuinte cadastrado no Programa Nota MT, e que pede o CPF na nota em Mato Grosso, pode ter at\u00e9 R$ 700 de abatimento no Imposto sobre a Propriedade de Ve\u00edculos Automotores (IPVA), sendo cumulativo com o desconto j\u00e1 concedido por meio do calend\u00e1rio de vencimento do tributo para 2023. Dependendo da forma de pagamento escolhida e da quantidade de pontos no Nota MT, a redu\u00e7\u00e3o pode chegar a 25% do valor do IPVA.<\/p>\n<p>Em um exemplo pr\u00e1tico: no caso de um ve\u00edculo da marca Renault, modelo Kwid Zen, cujo IPVA \u00e9 de R$ 875,84 em 2023, o desconto concedido pelo Nota MT ser\u00e1 de R$ 100, porque \u00e9 mais vantajoso \u2013 se fosse 10% seria apenas R$ 87,58 \u2013 e o valor passar\u00e1 a ser de R$ 775,84. Sobre esse saldo, ainda pode ser aplicado mais 15% de desconto, caso o contribuinte opte pelo pagamento de parcela \u00fanica. Assim, o valor final ser\u00e1 de R$ 659,46.<\/p>\n<p>Para ter os benef\u00edcios, primeiro \u00e9 necess\u00e1rio solicitar o resgate dos pontos pelo site ou aplicativo do Nota MT e, depois, escolher a forma de pagamento no sistema IPVA da Secretaria de Fazenda.<\/p>\n<p>Ao solicitar o resgate dos pontos pelo aplicativo ou site do Nota MT \u00e9 necess\u00e1rio aguardar o prazo para o desconto ser concedido, que demora no m\u00e1ximo 10 minutos. Esse procedimento pode ser feito at\u00e9 dois dias antes do pagamento do IPVA. Ap\u00f3s isso, o propriet\u00e1rio do ve\u00edculo automotivo pode emitir a guia de pagamento com as demais redu\u00e7\u00f5es oferecidas no calend\u00e1rio de vencimento do IPVA 2023.<\/p>\n<p>Para ter direito ao benef\u00edcio do desconto pelo Nota MT, o contribuinte deve ser cadastrado no programa, ser propriet\u00e1rio de ve\u00edculo automotivo licenciado no estado e solicitar a inclus\u00e3o do CPF nas passagens rodovi\u00e1rias ou em compras realizadas em lojas f\u00edsicas ou por delivery.<\/p>\n<p>As compras geram uma pontua\u00e7\u00e3o, com validade de cinco anos, que ser\u00e1 acumulada de acordo com os documentos fiscais emitidos e seus respectivos valores. A cada R$ 10 em compras o consumidor recebe 1 ponto e cada documento fiscal pode gerar, no m\u00e1ximo, 50 pontos.<\/p>\n<p>Al\u00e9m de ter o desconto no IPVA, a pessoa que solicita o CPF na nota das compras contribui com a redu\u00e7\u00e3o da sonega\u00e7\u00e3o de impostos e ainda concorre a pr\u00eamios em dinheiro nos sorteios mensais do programa Nota MT. \u00c9 importante ressaltar que, independente da inclus\u00e3o do CPF, exigir o documento fiscal \u00e9 um direito do consumidor e um exerc\u00edcio de cidadania fiscal.<\/p>\n<p><strong>Descontos<br \/>\n<\/strong>Neste ano de 2023, o vencimento do IPVA foi transferido para o dia 31 de maio para todos os ve\u00edculos, independente do final de placa. Al\u00e9m do desconto de 15% no pagamento \u00e0 vista, ser\u00e3o concedidas redu\u00e7\u00f5es de 10% e 5% no parcelamento, conforme quantidade de parcela escolhidas.<\/p>\n<p>J\u00e1 por meio do Nota MT \u00e9 concedido um desconto de R$ 100 ou de 10% no IPVA, n\u00e3o ultrapassando o teto m\u00e1ximo de R$ 700 de redu\u00e7\u00e3o. O benef\u00edcio \u00e9 calculado automaticamente pelo sistema e ser\u00e1 fornecido o mais vantajoso ao contribuinte.<\/p>\n<p>&nbsp;<\/p>\n","protected":false},"excerpt":{"rendered":"<p>O contribuinte cadastrado no Programa Nota MT, e que pede o CPF na nota em Mato Grosso, pode ter at\u00e9 R$ 700 de abatimento no Imposto sobre a Propriedade de Ve\u00edculos Automotores (IPVA), sendo cumulativo com o desconto j\u00e1 concedido por meio do calend\u00e1rio de vencimento do tributo para 2023. Dependendo da forma de pagamento [&hellip;]<\/p>\n","protected":false},"author":2,"featured_media":6912,"comment_status":"closed","ping_status":"closed","sticky":false,"template":"","format":"standard","meta":{"iawp_total_views":0,"footnotes":""},"categories":[9],"tags":[],"class_list":["post-6911","post","type-post","status-publish","format-standard","has-post-thumbnail","hentry","category-economia"],"yoast_head":"<!-- This site is optimized with the Yoast SEO plugin v27.3 - https:\/\/yoast.com\/product\/yoast-seo-wordpress\/ -->\n<title>Motoristas podem acumular descontos do Nota MT e do calend\u00e1rio IPVA 2023 &#8902; Blog da Condessa<\/title>\n<meta name=\"robots\" content=\"index, follow, max-snippet:-1, max-image-preview:large, max-video-preview:-1\" \/>\n<link rel=\"canonical\" href=\"https:\/\/blogdacondessa.com.br\/blog\/economia\/motoristas-podem-acumular-descontos-do-nota-mt-e-do-calendario-ipva-2023\/\" \/>\n<meta property=\"og:locale\" content=\"pt_BR\" \/>\n<meta property=\"og:type\" content=\"article\" \/>\n<meta property=\"og:title\" content=\"Motoristas podem acumular descontos do Nota MT e do calend\u00e1rio IPVA 2023 &#8902; Blog da Condessa\" \/>\n<meta property=\"og:description\" content=\"O contribuinte cadastrado no Programa Nota MT, e que pede o CPF na nota em Mato Grosso, pode ter at\u00e9 R$ 700 de abatimento no Imposto sobre a Propriedade de Ve\u00edculos Automotores (IPVA), sendo cumulativo com o desconto j\u00e1 concedido por meio do calend\u00e1rio de vencimento do tributo para 2023. Dependendo da forma de pagamento [&hellip;]\" \/>\n<meta property=\"og:url\" content=\"https:\/\/blogdacondessa.com.br\/blog\/economia\/motoristas-podem-acumular-descontos-do-nota-mt-e-do-calendario-ipva-2023\/\" \/>\n<meta property=\"og:site_name\" content=\"Blog da Condessa\" \/>\n<meta property=\"article:published_time\" content=\"2023-04-24T21:40:40+00:00\" \/>\n<meta property=\"og:image\" content=\"https:\/\/blogdacondessa.com.br\/blog\/wp-content\/uploads\/2023\/04\/IPVA-2023-scaled.jpg\" \/>\n\t<meta property=\"og:image:width\" content=\"2560\" \/>\n\t<meta property=\"og:image:height\" content=\"1707\" \/>\n\t<meta property=\"og:image:type\" content=\"image\/jpeg\" \/>\n<meta name=\"author\" content=\"Blog da Condessa\" \/>\n<meta name=\"twitter:card\" content=\"summary_large_image\" \/>\n<meta name=\"twitter:label1\" content=\"Escrito por\" \/>\n\t<meta name=\"twitter:data1\" content=\"Blog da Condessa\" \/>\n\t<meta name=\"twitter:label2\" content=\"Est. tempo de leitura\" \/>\n\t<meta name=\"twitter:data2\" content=\"3 minutos\" \/>\n<script type=\"application\/ld+json\" class=\"yoast-schema-graph\">{\"@context\":\"https:\\\/\\\/schema.org\",\"@graph\":[{\"@type\":\"Article\",\"@id\":\"https:\\\/\\\/blogdacondessa.com.br\\\/blog\\\/economia\\\/motoristas-podem-acumular-descontos-do-nota-mt-e-do-calendario-ipva-2023\\\/#article\",\"isPartOf\":{\"@id\":\"https:\\\/\\\/blogdacondessa.com.br\\\/blog\\\/economia\\\/motoristas-podem-acumular-descontos-do-nota-mt-e-do-calendario-ipva-2023\\\/\"},\"author\":{\"name\":\"Blog da Condessa\",\"@id\":\"https:\\\/\\\/blogdacondessa.com.br\\\/blog\\\/#\\\/schema\\\/person\\\/1d667ff8b785195b568677489d266035\"},\"headline\":\"Motoristas podem acumular descontos do Nota MT e do calend\u00e1rio IPVA 2023\",\"datePublished\":\"2023-04-24T21:40:40+00:00\",\"mainEntityOfPage\":{\"@id\":\"https:\\\/\\\/blogdacondessa.com.br\\\/blog\\\/economia\\\/motoristas-podem-acumular-descontos-do-nota-mt-e-do-calendario-ipva-2023\\\/\"},\"wordCount\":515,\"image\":{\"@id\":\"https:\\\/\\\/blogdacondessa.com.br\\\/blog\\\/economia\\\/motoristas-podem-acumular-descontos-do-nota-mt-e-do-calendario-ipva-2023\\\/#primaryimage\"},\"thumbnailUrl\":\"https:\\\/\\\/blogdacondessa.com.br\\\/blog\\\/wp-content\\\/uploads\\\/2023\\\/04\\\/IPVA-2023-scaled.jpg\",\"articleSection\":[\"Economia\"],\"inLanguage\":\"pt-BR\"},{\"@type\":\"WebPage\",\"@id\":\"https:\\\/\\\/blogdacondessa.com.br\\\/blog\\\/economia\\\/motoristas-podem-acumular-descontos-do-nota-mt-e-do-calendario-ipva-2023\\\/\",\"url\":\"https:\\\/\\\/blogdacondessa.com.br\\\/blog\\\/economia\\\/motoristas-podem-acumular-descontos-do-nota-mt-e-do-calendario-ipva-2023\\\/\",\"name\":\"Motoristas podem acumular descontos do Nota MT e do calend\u00e1rio IPVA 2023 &#8902; Blog da Condessa\",\"isPartOf\":{\"@id\":\"https:\\\/\\\/blogdacondessa.com.br\\\/blog\\\/#website\"},\"primaryImageOfPage\":{\"@id\":\"https:\\\/\\\/blogdacondessa.com.br\\\/blog\\\/economia\\\/motoristas-podem-acumular-descontos-do-nota-mt-e-do-calendario-ipva-2023\\\/#primaryimage\"},\"image\":{\"@id\":\"https:\\\/\\\/blogdacondessa.com.br\\\/blog\\\/economia\\\/motoristas-podem-acumular-descontos-do-nota-mt-e-do-calendario-ipva-2023\\\/#primaryimage\"},\"thumbnailUrl\":\"https:\\\/\\\/blogdacondessa.com.br\\\/blog\\\/wp-content\\\/uploads\\\/2023\\\/04\\\/IPVA-2023-scaled.jpg\",\"datePublished\":\"2023-04-24T21:40:40+00:00\",\"author\":{\"@id\":\"https:\\\/\\\/blogdacondessa.com.br\\\/blog\\\/#\\\/schema\\\/person\\\/1d667ff8b785195b568677489d266035\"},\"breadcrumb\":{\"@id\":\"https:\\\/\\\/blogdacondessa.com.br\\\/blog\\\/economia\\\/motoristas-podem-acumular-descontos-do-nota-mt-e-do-calendario-ipva-2023\\\/#breadcrumb\"},\"inLanguage\":\"pt-BR\",\"potentialAction\":[{\"@type\":\"ReadAction\",\"target\":[\"https:\\\/\\\/blogdacondessa.com.br\\\/blog\\\/economia\\\/motoristas-podem-acumular-descontos-do-nota-mt-e-do-calendario-ipva-2023\\\/\"]}]},{\"@type\":\"ImageObject\",\"inLanguage\":\"pt-BR\",\"@id\":\"https:\\\/\\\/blogdacondessa.com.br\\\/blog\\\/economia\\\/motoristas-podem-acumular-descontos-do-nota-mt-e-do-calendario-ipva-2023\\\/#primaryimage\",\"url\":\"https:\\\/\\\/blogdacondessa.com.br\\\/blog\\\/wp-content\\\/uploads\\\/2023\\\/04\\\/IPVA-2023-scaled.jpg\",\"contentUrl\":\"https:\\\/\\\/blogdacondessa.com.br\\\/blog\\\/wp-content\\\/uploads\\\/2023\\\/04\\\/IPVA-2023-scaled.jpg\",\"width\":2560,\"height\":1707,\"caption\":\"Foto: Secom\u2013MT\"},{\"@type\":\"BreadcrumbList\",\"@id\":\"https:\\\/\\\/blogdacondessa.com.br\\\/blog\\\/economia\\\/motoristas-podem-acumular-descontos-do-nota-mt-e-do-calendario-ipva-2023\\\/#breadcrumb\",\"itemListElement\":[{\"@type\":\"ListItem\",\"position\":1,\"name\":\"In\u00edcio\",\"item\":\"https:\\\/\\\/blogdacondessa.com.br\\\/blog\\\/\"},{\"@type\":\"ListItem\",\"position\":2,\"name\":\"Motoristas podem acumular descontos do Nota MT e do calend\u00e1rio IPVA 2023\"}]},{\"@type\":\"WebSite\",\"@id\":\"https:\\\/\\\/blogdacondessa.com.br\\\/blog\\\/#website\",\"url\":\"https:\\\/\\\/blogdacondessa.com.br\\\/blog\\\/\",\"name\":\"Blog da Condessa\",\"description\":\"Com Shirley de Souza O\u2019Campos\",\"potentialAction\":[{\"@type\":\"SearchAction\",\"target\":{\"@type\":\"EntryPoint\",\"urlTemplate\":\"https:\\\/\\\/blogdacondessa.com.br\\\/blog\\\/?s={search_term_string}\"},\"query-input\":{\"@type\":\"PropertyValueSpecification\",\"valueRequired\":true,\"valueName\":\"search_term_string\"}}],\"inLanguage\":\"pt-BR\"},{\"@type\":\"Person\",\"@id\":\"https:\\\/\\\/blogdacondessa.com.br\\\/blog\\\/#\\\/schema\\\/person\\\/1d667ff8b785195b568677489d266035\",\"name\":\"Blog da Condessa\",\"image\":{\"@type\":\"ImageObject\",\"inLanguage\":\"pt-BR\",\"@id\":\"https:\\\/\\\/secure.gravatar.com\\\/avatar\\\/377c0eb8b4ad2bfc25461b41564b5971e721ca34a57642868fc7b0c8ac7b52c5?s=96&d=mm&r=g\",\"url\":\"https:\\\/\\\/secure.gravatar.com\\\/avatar\\\/377c0eb8b4ad2bfc25461b41564b5971e721ca34a57642868fc7b0c8ac7b52c5?s=96&d=mm&r=g\",\"contentUrl\":\"https:\\\/\\\/secure.gravatar.com\\\/avatar\\\/377c0eb8b4ad2bfc25461b41564b5971e721ca34a57642868fc7b0c8ac7b52c5?s=96&d=mm&r=g\",\"caption\":\"Blog da Condessa\"},\"url\":\"https:\\\/\\\/blogdacondessa.com.br\\\/blog\\\/author\\\/beatriz\\\/\"}]}<\/script>\n<!-- \/ Yoast SEO plugin. -->","yoast_head_json":{"title":"Motoristas podem acumular descontos do Nota MT e do calend\u00e1rio IPVA 2023 &#8902; Blog da Condessa","robots":{"index":"index","follow":"follow","max-snippet":"max-snippet:-1","max-image-preview":"max-image-preview:large","max-video-preview":"max-video-preview:-1"},"canonical":"https:\/\/blogdacondessa.com.br\/blog\/economia\/motoristas-podem-acumular-descontos-do-nota-mt-e-do-calendario-ipva-2023\/","og_locale":"pt_BR","og_type":"article","og_title":"Motoristas podem acumular descontos do Nota MT e do calend\u00e1rio IPVA 2023 &#8902; Blog da Condessa","og_description":"O contribuinte cadastrado no Programa Nota MT, e que pede o CPF na nota em Mato Grosso, pode ter at\u00e9 R$ 700 de abatimento no Imposto sobre a Propriedade de Ve\u00edculos Automotores (IPVA), sendo cumulativo com o desconto j\u00e1 concedido por meio do calend\u00e1rio de vencimento do tributo para 2023. Dependendo da forma de pagamento [&hellip;]","og_url":"https:\/\/blogdacondessa.com.br\/blog\/economia\/motoristas-podem-acumular-descontos-do-nota-mt-e-do-calendario-ipva-2023\/","og_site_name":"Blog da Condessa","article_published_time":"2023-04-24T21:40:40+00:00","og_image":[{"width":2560,"height":1707,"url":"https:\/\/blogdacondessa.com.br\/blog\/wp-content\/uploads\/2023\/04\/IPVA-2023-scaled.jpg","type":"image\/jpeg"}],"author":"Blog da Condessa","twitter_card":"summary_large_image","twitter_misc":{"Escrito por":"Blog da Condessa","Est. tempo de leitura":"3 minutos"},"schema":{"@context":"https:\/\/schema.org","@graph":[{"@type":"Article","@id":"https:\/\/blogdacondessa.com.br\/blog\/economia\/motoristas-podem-acumular-descontos-do-nota-mt-e-do-calendario-ipva-2023\/#article","isPartOf":{"@id":"https:\/\/blogdacondessa.com.br\/blog\/economia\/motoristas-podem-acumular-descontos-do-nota-mt-e-do-calendario-ipva-2023\/"},"author":{"name":"Blog da Condessa","@id":"https:\/\/blogdacondessa.com.br\/blog\/#\/schema\/person\/1d667ff8b785195b568677489d266035"},"headline":"Motoristas podem acumular descontos do Nota MT e do calend\u00e1rio IPVA 2023","datePublished":"2023-04-24T21:40:40+00:00","mainEntityOfPage":{"@id":"https:\/\/blogdacondessa.com.br\/blog\/economia\/motoristas-podem-acumular-descontos-do-nota-mt-e-do-calendario-ipva-2023\/"},"wordCount":515,"image":{"@id":"https:\/\/blogdacondessa.com.br\/blog\/economia\/motoristas-podem-acumular-descontos-do-nota-mt-e-do-calendario-ipva-2023\/#primaryimage"},"thumbnailUrl":"https:\/\/blogdacondessa.com.br\/blog\/wp-content\/uploads\/2023\/04\/IPVA-2023-scaled.jpg","articleSection":["Economia"],"inLanguage":"pt-BR"},{"@type":"WebPage","@id":"https:\/\/blogdacondessa.com.br\/blog\/economia\/motoristas-podem-acumular-descontos-do-nota-mt-e-do-calendario-ipva-2023\/","url":"https:\/\/blogdacondessa.com.br\/blog\/economia\/motoristas-podem-acumular-descontos-do-nota-mt-e-do-calendario-ipva-2023\/","name":"Motoristas podem acumular descontos do Nota MT e do calend\u00e1rio IPVA 2023 &#8902; Blog da Condessa","isPartOf":{"@id":"https:\/\/blogdacondessa.com.br\/blog\/#website"},"primaryImageOfPage":{"@id":"https:\/\/blogdacondessa.com.br\/blog\/economia\/motoristas-podem-acumular-descontos-do-nota-mt-e-do-calendario-ipva-2023\/#primaryimage"},"image":{"@id":"https:\/\/blogdacondessa.com.br\/blog\/economia\/motoristas-podem-acumular-descontos-do-nota-mt-e-do-calendario-ipva-2023\/#primaryimage"},"thumbnailUrl":"https:\/\/blogdacondessa.com.br\/blog\/wp-content\/uploads\/2023\/04\/IPVA-2023-scaled.jpg","datePublished":"2023-04-24T21:40:40+00:00","author":{"@id":"https:\/\/blogdacondessa.com.br\/blog\/#\/schema\/person\/1d667ff8b785195b568677489d266035"},"breadcrumb":{"@id":"https:\/\/blogdacondessa.com.br\/blog\/economia\/motoristas-podem-acumular-descontos-do-nota-mt-e-do-calendario-ipva-2023\/#breadcrumb"},"inLanguage":"pt-BR","potentialAction":[{"@type":"ReadAction","target":["https:\/\/blogdacondessa.com.br\/blog\/economia\/motoristas-podem-acumular-descontos-do-nota-mt-e-do-calendario-ipva-2023\/"]}]},{"@type":"ImageObject","inLanguage":"pt-BR","@id":"https:\/\/blogdacondessa.com.br\/blog\/economia\/motoristas-podem-acumular-descontos-do-nota-mt-e-do-calendario-ipva-2023\/#primaryimage","url":"https:\/\/blogdacondessa.com.br\/blog\/wp-content\/uploads\/2023\/04\/IPVA-2023-scaled.jpg","contentUrl":"https:\/\/blogdacondessa.com.br\/blog\/wp-content\/uploads\/2023\/04\/IPVA-2023-scaled.jpg","width":2560,"height":1707,"caption":"Foto: Secom\u2013MT"},{"@type":"BreadcrumbList","@id":"https:\/\/blogdacondessa.com.br\/blog\/economia\/motoristas-podem-acumular-descontos-do-nota-mt-e-do-calendario-ipva-2023\/#breadcrumb","itemListElement":[{"@type":"ListItem","position":1,"name":"In\u00edcio","item":"https:\/\/blogdacondessa.com.br\/blog\/"},{"@type":"ListItem","position":2,"name":"Motoristas podem acumular descontos do Nota MT e do calend\u00e1rio IPVA 2023"}]},{"@type":"WebSite","@id":"https:\/\/blogdacondessa.com.br\/blog\/#website","url":"https:\/\/blogdacondessa.com.br\/blog\/","name":"Blog da Condessa","description":"Com Shirley de Souza O\u2019Campos","potentialAction":[{"@type":"SearchAction","target":{"@type":"EntryPoint","urlTemplate":"https:\/\/blogdacondessa.com.br\/blog\/?s={search_term_string}"},"query-input":{"@type":"PropertyValueSpecification","valueRequired":true,"valueName":"search_term_string"}}],"inLanguage":"pt-BR"},{"@type":"Person","@id":"https:\/\/blogdacondessa.com.br\/blog\/#\/schema\/person\/1d667ff8b785195b568677489d266035","name":"Blog da Condessa","image":{"@type":"ImageObject","inLanguage":"pt-BR","@id":"https:\/\/secure.gravatar.com\/avatar\/377c0eb8b4ad2bfc25461b41564b5971e721ca34a57642868fc7b0c8ac7b52c5?s=96&d=mm&r=g","url":"https:\/\/secure.gravatar.com\/avatar\/377c0eb8b4ad2bfc25461b41564b5971e721ca34a57642868fc7b0c8ac7b52c5?s=96&d=mm&r=g","contentUrl":"https:\/\/secure.gravatar.com\/avatar\/377c0eb8b4ad2bfc25461b41564b5971e721ca34a57642868fc7b0c8ac7b52c5?s=96&d=mm&r=g","caption":"Blog da Condessa"},"url":"https:\/\/blogdacondessa.com.br\/blog\/author\/beatriz\/"}]}},"_links":{"self":[{"href":"https:\/\/blogdacondessa.com.br\/blog\/wp-json\/wp\/v2\/posts\/6911","targetHints":{"allow":["GET"]}}],"collection":[{"href":"https:\/\/blogdacondessa.com.br\/blog\/wp-json\/wp\/v2\/posts"}],"about":[{"href":"https:\/\/blogdacondessa.com.br\/blog\/wp-json\/wp\/v2\/types\/post"}],"author":[{"embeddable":true,"href":"https:\/\/blogdacondessa.com.br\/blog\/wp-json\/wp\/v2\/users\/2"}],"replies":[{"embeddable":true,"href":"https:\/\/blogdacondessa.com.br\/blog\/wp-json\/wp\/v2\/comments?post=6911"}],"version-history":[{"count":0,"href":"https:\/\/blogdacondessa.com.br\/blog\/wp-json\/wp\/v2\/posts\/6911\/revisions"}],"wp:featuredmedia":[{"embeddable":true,"href":"https:\/\/blogdacondessa.com.br\/blog\/wp-json\/wp\/v2\/media\/6912"}],"wp:attachment":[{"href":"https:\/\/blogdacondessa.com.br\/blog\/wp-json\/wp\/v2\/media?parent=6911"}],"wp:term":[{"taxonomy":"category","embeddable":true,"href":"https:\/\/blogdacondessa.com.br\/blog\/wp-json\/wp\/v2\/categories?post=6911"},{"taxonomy":"post_tag","embeddable":true,"href":"https:\/\/blogdacondessa.com.br\/blog\/wp-json\/wp\/v2\/tags?post=6911"}],"curies":[{"name":"wp","href":"https:\/\/api.w.org\/{rel}","templated":true}]}}