{"id":6880,"date":"2023-04-21T05:00:07","date_gmt":"2023-04-21T09:00:07","guid":{"rendered":"http:\/\/blogdacondessa.com.br\/?p=6880"},"modified":"2023-04-20T19:15:27","modified_gmt":"2023-04-20T23:15:27","slug":"apos-12-anos-feb-recebe-sinalizacao-para-inicio-de-obras-de-recuperacao","status":"publish","type":"post","link":"https:\/\/blogdacondessa.com.br\/blog\/cidades\/apos-12-anos-feb-recebe-sinalizacao-para-inicio-de-obras-de-recuperacao\/","title":{"rendered":"Ap\u00f3s 12 anos FEB recebe sinaliza\u00e7\u00e3o para in\u00edcio de obras de recupera\u00e7\u00e3o"},"content":{"rendered":"<p>Trecho que demanda aten\u00e7\u00e3o de motoristas fica entre a Ponte Velha e a rotat\u00f3ria do Fort Atacadista, com acesso ao Cristo Rei. Avenida funcionar\u00e1 em meia pista para recupera\u00e7\u00e3o do canteiro central da principal avenida que liga V\u00e1rzea Grande \u00e0 Cuiab\u00e1.<\/p>\n<p>Depois de 12 anos do in\u00edcio e paralisa\u00e7\u00e3o das obras do corredor de transporte coletivo que atenderia a Copa do Mundo de 2014, o Governo do Estado atrav\u00e9s da Secretaria de Infraestrutura iniciou as obras de recupera\u00e7\u00e3o do canteiro central da Avenida da FEB, principal interliga\u00e7\u00e3o entre V\u00e1rzea Grande e a Capital do Estado, que ser\u00e1 realizada em parceria com a Prefeitura Municipal.<\/p>\n<p>A Secretaria de Servi\u00e7os P\u00fablicos e Mobilidade Urbana de V\u00e1rzea Grande j\u00e1 come\u00e7ou a sinaliza\u00e7\u00e3o de tr\u00e2nsito do trecho inicial de obras na Avenida da FEB. As interven\u00e7\u00f5es s\u00e3o de responsabilidade do Governo do Estado de Mato Grosso, referentes \u00e0 implanta\u00e7\u00e3o do sistema de \u00f4nibus de tr\u00e2nsito r\u00e1pido, o BRT (Bus Rapid Transit).<\/p>\n<p>O prefeito Kalil Baracat lembrou que desde 2014 as obras est\u00e3o paralisadas e mesmo assim continuam causando problemas para V\u00e1rzea Grande e para sua gente.<\/p>\n<p>\u201cToda obra promove transforma\u00e7\u00f5es e esperamos que as de agora sejam as mais importantes de V\u00e1rzea Grande que j\u00e1 arcou com muitos preju\u00edzos tanto pela cidade como por sua gente. Rasgaram a principal avenida de V\u00e1rzea Grande e deixaram um buraco que tirou vidas, fechou com\u00e9rcios e provocou problemas econ\u00f4micos entre outros\u201d, disse Kalil Baracat.<\/p>\n<p>Para causar menos transtornos no tr\u00e2nsito de uma das vias mais movimentadas de V\u00e1rzea Grande e que d\u00e1 acesso \u00e0 capital, Cuiab\u00e1, as obras que ser\u00e3o realizadas em toda a extens\u00e3o da Avenida da FEB, ter\u00e3o interdi\u00e7\u00f5es pontuais. Nesta primeira etapa, cerca de 30 dias, os dois sentidos da Avenida da FEB no trecho da Ponte Velha at\u00e9 a rotat\u00f3ria do Fort Atacadista funcionar\u00e3o com meia pista.<\/p>\n<p>\u201cSabemos que a avenida \u00e9 uma das mais movimentadas da cidade e o principal acesso \u00e0 Cuiab\u00e1, por isso estamos sinalizando as obras e pedindo a aten\u00e7\u00e3o dos condutores para esse trecho. Conforme as obras forem avan\u00e7ando as pistas v\u00e3o sendo liberadas e outros trechos sinalizados para novas obras\u201d, explica o coordenador de Mobilidade Urbana de V\u00e1rzea Grande, Cidomar de Arruda Velo.<\/p>\n<p>Segundo o secret\u00e1rio adjunto de obras especiais da Secretaria de Infraestrutura e Log\u00edstica de (Sinfra-MT), Isaac Nascimento Filho, inicialmente ser\u00e1 feita a limpeza do canteiro central para preparar o terreno para o nivelamento da pista, depois ser\u00e3o realizados os servi\u00e7os de terraplanagem, drenagem e pavimenta\u00e7\u00e3o.<\/p>\n<p>\u201cN\u00f3s da \u00e1rea t\u00e9cnica, setor de infraestrutura, por exemplo, estamos muito empenhados principalmente neste momento com o desenvolvimento do BRT. A Prefeitura est\u00e1 h\u00e1 muito tempo com a gente no desenvolvimento desse projeto, tem colaborado, deu sugest\u00f5es que foram acatadas e que ir\u00e3o melhorar muito a vida do cidad\u00e3o v\u00e1rzea-grandense no tocante ao transporte urbano e as interven\u00e7\u00f5es que ser\u00e3o feitas melhorar\u00e3o muito o tr\u00e2nsito local\u201d, acrescentou Isaac.<\/p>\n<p>O coordenador de Mobilidade Urbana de V\u00e1rzea Grande, Cidomar de Arruda Velo, tamb\u00e9m orienta aos condutores a utilizarem rotas alternativas. \u201cQuem vem de Cuiab\u00e1 para V\u00e1rzea Grande pode usar a Ponte Nova, no sentido do Cristo Rei e do Viaduto Isabel Campos, saindo na Avenida da FEB em trecho que n\u00e3o est\u00e1 em obras. Tamb\u00e9m h\u00e1 a op\u00e7\u00e3o de utilizar a ponte S\u00e9rgio Motta no sentido do SENAI Cristo Rei, j\u00e1 saindo na Avenida 31 de Mar\u00e7o. Al\u00e9m tamb\u00e9m da Estrada Guarita que d\u00e1 acesso ao centro de V\u00e1rzea Grande\u201d.<\/p>\n<p>A Guarda Municipal tamb\u00e9m est\u00e1 orientando o tr\u00e2nsito durante o per\u00edodo de obras na Avenida da FEB, visando ajudar e contribuir para o menor transtorno poss\u00edvel.<\/p>\n<p>&nbsp;<\/p>\n","protected":false},"excerpt":{"rendered":"<p>Trecho que demanda aten\u00e7\u00e3o de motoristas fica entre a Ponte Velha e a rotat\u00f3ria do Fort Atacadista, com acesso ao Cristo Rei. Avenida funcionar\u00e1 em meia pista para recupera\u00e7\u00e3o do canteiro central da principal avenida que liga V\u00e1rzea Grande \u00e0 Cuiab\u00e1. Depois de 12 anos do in\u00edcio e paralisa\u00e7\u00e3o das obras do corredor de transporte [&hellip;]<\/p>\n","protected":false},"author":2,"featured_media":6881,"comment_status":"closed","ping_status":"closed","sticky":false,"template":"","format":"standard","meta":{"iawp_total_views":1,"footnotes":""},"categories":[12],"tags":[],"class_list":["post-6880","post","type-post","status-publish","format-standard","has-post-thumbnail","hentry","category-cidades"],"yoast_head":"<!-- This site is optimized with the Yoast SEO plugin v27.3 - https:\/\/yoast.com\/product\/yoast-seo-wordpress\/ -->\n<title>Ap\u00f3s 12 anos FEB recebe sinaliza\u00e7\u00e3o para in\u00edcio de obras de recupera\u00e7\u00e3o &#8902; Blog da Condessa<\/title>\n<meta name=\"robots\" content=\"index, follow, max-snippet:-1, max-image-preview:large, max-video-preview:-1\" \/>\n<link rel=\"canonical\" href=\"https:\/\/blogdacondessa.com.br\/blog\/cidades\/apos-12-anos-feb-recebe-sinalizacao-para-inicio-de-obras-de-recuperacao\/\" \/>\n<meta property=\"og:locale\" content=\"pt_BR\" \/>\n<meta property=\"og:type\" content=\"article\" \/>\n<meta property=\"og:title\" content=\"Ap\u00f3s 12 anos FEB recebe sinaliza\u00e7\u00e3o para in\u00edcio de obras de recupera\u00e7\u00e3o &#8902; Blog da Condessa\" \/>\n<meta property=\"og:description\" content=\"Trecho que demanda aten\u00e7\u00e3o de motoristas fica entre a Ponte Velha e a rotat\u00f3ria do Fort Atacadista, com acesso ao Cristo Rei. Avenida funcionar\u00e1 em meia pista para recupera\u00e7\u00e3o do canteiro central da principal avenida que liga V\u00e1rzea Grande \u00e0 Cuiab\u00e1. Depois de 12 anos do in\u00edcio e paralisa\u00e7\u00e3o das obras do corredor de transporte [&hellip;]\" \/>\n<meta property=\"og:url\" content=\"https:\/\/blogdacondessa.com.br\/blog\/cidades\/apos-12-anos-feb-recebe-sinalizacao-para-inicio-de-obras-de-recuperacao\/\" \/>\n<meta property=\"og:site_name\" content=\"Blog da Condessa\" \/>\n<meta property=\"article:published_time\" content=\"2023-04-21T09:00:07+00:00\" \/>\n<meta property=\"og:image\" content=\"https:\/\/blogdacondessa.com.br\/blog\/wp-content\/uploads\/2023\/04\/FEB-certa.jpg\" \/>\n\t<meta property=\"og:image:width\" content=\"1800\" \/>\n\t<meta property=\"og:image:height\" content=\"1200\" \/>\n\t<meta property=\"og:image:type\" content=\"image\/jpeg\" \/>\n<meta name=\"author\" content=\"Blog da Condessa\" \/>\n<meta name=\"twitter:card\" content=\"summary_large_image\" \/>\n<meta name=\"twitter:label1\" content=\"Escrito por\" \/>\n\t<meta name=\"twitter:data1\" content=\"Blog da Condessa\" \/>\n\t<meta name=\"twitter:label2\" content=\"Est. tempo de leitura\" \/>\n\t<meta name=\"twitter:data2\" content=\"4 minutos\" \/>\n<script type=\"application\/ld+json\" class=\"yoast-schema-graph\">{\"@context\":\"https:\\\/\\\/schema.org\",\"@graph\":[{\"@type\":\"Article\",\"@id\":\"https:\\\/\\\/blogdacondessa.com.br\\\/blog\\\/cidades\\\/apos-12-anos-feb-recebe-sinalizacao-para-inicio-de-obras-de-recuperacao\\\/#article\",\"isPartOf\":{\"@id\":\"https:\\\/\\\/blogdacondessa.com.br\\\/blog\\\/cidades\\\/apos-12-anos-feb-recebe-sinalizacao-para-inicio-de-obras-de-recuperacao\\\/\"},\"author\":{\"name\":\"Blog da Condessa\",\"@id\":\"https:\\\/\\\/blogdacondessa.com.br\\\/blog\\\/#\\\/schema\\\/person\\\/1d667ff8b785195b568677489d266035\"},\"headline\":\"Ap\u00f3s 12 anos FEB recebe sinaliza\u00e7\u00e3o para in\u00edcio de obras de recupera\u00e7\u00e3o\",\"datePublished\":\"2023-04-21T09:00:07+00:00\",\"mainEntityOfPage\":{\"@id\":\"https:\\\/\\\/blogdacondessa.com.br\\\/blog\\\/cidades\\\/apos-12-anos-feb-recebe-sinalizacao-para-inicio-de-obras-de-recuperacao\\\/\"},\"wordCount\":672,\"image\":{\"@id\":\"https:\\\/\\\/blogdacondessa.com.br\\\/blog\\\/cidades\\\/apos-12-anos-feb-recebe-sinalizacao-para-inicio-de-obras-de-recuperacao\\\/#primaryimage\"},\"thumbnailUrl\":\"https:\\\/\\\/blogdacondessa.com.br\\\/blog\\\/wp-content\\\/uploads\\\/2023\\\/04\\\/FEB-certa.jpg\",\"articleSection\":[\"Cidades\"],\"inLanguage\":\"pt-BR\"},{\"@type\":\"WebPage\",\"@id\":\"https:\\\/\\\/blogdacondessa.com.br\\\/blog\\\/cidades\\\/apos-12-anos-feb-recebe-sinalizacao-para-inicio-de-obras-de-recuperacao\\\/\",\"url\":\"https:\\\/\\\/blogdacondessa.com.br\\\/blog\\\/cidades\\\/apos-12-anos-feb-recebe-sinalizacao-para-inicio-de-obras-de-recuperacao\\\/\",\"name\":\"Ap\u00f3s 12 anos FEB recebe sinaliza\u00e7\u00e3o para in\u00edcio de obras de recupera\u00e7\u00e3o &#8902; Blog da Condessa\",\"isPartOf\":{\"@id\":\"https:\\\/\\\/blogdacondessa.com.br\\\/blog\\\/#website\"},\"primaryImageOfPage\":{\"@id\":\"https:\\\/\\\/blogdacondessa.com.br\\\/blog\\\/cidades\\\/apos-12-anos-feb-recebe-sinalizacao-para-inicio-de-obras-de-recuperacao\\\/#primaryimage\"},\"image\":{\"@id\":\"https:\\\/\\\/blogdacondessa.com.br\\\/blog\\\/cidades\\\/apos-12-anos-feb-recebe-sinalizacao-para-inicio-de-obras-de-recuperacao\\\/#primaryimage\"},\"thumbnailUrl\":\"https:\\\/\\\/blogdacondessa.com.br\\\/blog\\\/wp-content\\\/uploads\\\/2023\\\/04\\\/FEB-certa.jpg\",\"datePublished\":\"2023-04-21T09:00:07+00:00\",\"author\":{\"@id\":\"https:\\\/\\\/blogdacondessa.com.br\\\/blog\\\/#\\\/schema\\\/person\\\/1d667ff8b785195b568677489d266035\"},\"breadcrumb\":{\"@id\":\"https:\\\/\\\/blogdacondessa.com.br\\\/blog\\\/cidades\\\/apos-12-anos-feb-recebe-sinalizacao-para-inicio-de-obras-de-recuperacao\\\/#breadcrumb\"},\"inLanguage\":\"pt-BR\",\"potentialAction\":[{\"@type\":\"ReadAction\",\"target\":[\"https:\\\/\\\/blogdacondessa.com.br\\\/blog\\\/cidades\\\/apos-12-anos-feb-recebe-sinalizacao-para-inicio-de-obras-de-recuperacao\\\/\"]}]},{\"@type\":\"ImageObject\",\"inLanguage\":\"pt-BR\",\"@id\":\"https:\\\/\\\/blogdacondessa.com.br\\\/blog\\\/cidades\\\/apos-12-anos-feb-recebe-sinalizacao-para-inicio-de-obras-de-recuperacao\\\/#primaryimage\",\"url\":\"https:\\\/\\\/blogdacondessa.com.br\\\/blog\\\/wp-content\\\/uploads\\\/2023\\\/04\\\/FEB-certa.jpg\",\"contentUrl\":\"https:\\\/\\\/blogdacondessa.com.br\\\/blog\\\/wp-content\\\/uploads\\\/2023\\\/04\\\/FEB-certa.jpg\",\"width\":1800,\"height\":1200},{\"@type\":\"BreadcrumbList\",\"@id\":\"https:\\\/\\\/blogdacondessa.com.br\\\/blog\\\/cidades\\\/apos-12-anos-feb-recebe-sinalizacao-para-inicio-de-obras-de-recuperacao\\\/#breadcrumb\",\"itemListElement\":[{\"@type\":\"ListItem\",\"position\":1,\"name\":\"In\u00edcio\",\"item\":\"https:\\\/\\\/blogdacondessa.com.br\\\/blog\\\/\"},{\"@type\":\"ListItem\",\"position\":2,\"name\":\"Ap\u00f3s 12 anos FEB recebe sinaliza\u00e7\u00e3o para in\u00edcio de obras de recupera\u00e7\u00e3o\"}]},{\"@type\":\"WebSite\",\"@id\":\"https:\\\/\\\/blogdacondessa.com.br\\\/blog\\\/#website\",\"url\":\"https:\\\/\\\/blogdacondessa.com.br\\\/blog\\\/\",\"name\":\"Blog da Condessa\",\"description\":\"Com Shirley de Souza O\u2019Campos\",\"potentialAction\":[{\"@type\":\"SearchAction\",\"target\":{\"@type\":\"EntryPoint\",\"urlTemplate\":\"https:\\\/\\\/blogdacondessa.com.br\\\/blog\\\/?s={search_term_string}\"},\"query-input\":{\"@type\":\"PropertyValueSpecification\",\"valueRequired\":true,\"valueName\":\"search_term_string\"}}],\"inLanguage\":\"pt-BR\"},{\"@type\":\"Person\",\"@id\":\"https:\\\/\\\/blogdacondessa.com.br\\\/blog\\\/#\\\/schema\\\/person\\\/1d667ff8b785195b568677489d266035\",\"name\":\"Blog da Condessa\",\"image\":{\"@type\":\"ImageObject\",\"inLanguage\":\"pt-BR\",\"@id\":\"https:\\\/\\\/secure.gravatar.com\\\/avatar\\\/377c0eb8b4ad2bfc25461b41564b5971e721ca34a57642868fc7b0c8ac7b52c5?s=96&d=mm&r=g\",\"url\":\"https:\\\/\\\/secure.gravatar.com\\\/avatar\\\/377c0eb8b4ad2bfc25461b41564b5971e721ca34a57642868fc7b0c8ac7b52c5?s=96&d=mm&r=g\",\"contentUrl\":\"https:\\\/\\\/secure.gravatar.com\\\/avatar\\\/377c0eb8b4ad2bfc25461b41564b5971e721ca34a57642868fc7b0c8ac7b52c5?s=96&d=mm&r=g\",\"caption\":\"Blog da Condessa\"},\"url\":\"https:\\\/\\\/blogdacondessa.com.br\\\/blog\\\/author\\\/beatriz\\\/\"}]}<\/script>\n<!-- \/ Yoast SEO plugin. -->","yoast_head_json":{"title":"Ap\u00f3s 12 anos FEB recebe sinaliza\u00e7\u00e3o para in\u00edcio de obras de recupera\u00e7\u00e3o &#8902; Blog da Condessa","robots":{"index":"index","follow":"follow","max-snippet":"max-snippet:-1","max-image-preview":"max-image-preview:large","max-video-preview":"max-video-preview:-1"},"canonical":"https:\/\/blogdacondessa.com.br\/blog\/cidades\/apos-12-anos-feb-recebe-sinalizacao-para-inicio-de-obras-de-recuperacao\/","og_locale":"pt_BR","og_type":"article","og_title":"Ap\u00f3s 12 anos FEB recebe sinaliza\u00e7\u00e3o para in\u00edcio de obras de recupera\u00e7\u00e3o &#8902; Blog da Condessa","og_description":"Trecho que demanda aten\u00e7\u00e3o de motoristas fica entre a Ponte Velha e a rotat\u00f3ria do Fort Atacadista, com acesso ao Cristo Rei. Avenida funcionar\u00e1 em meia pista para recupera\u00e7\u00e3o do canteiro central da principal avenida que liga V\u00e1rzea Grande \u00e0 Cuiab\u00e1. Depois de 12 anos do in\u00edcio e paralisa\u00e7\u00e3o das obras do corredor de transporte [&hellip;]","og_url":"https:\/\/blogdacondessa.com.br\/blog\/cidades\/apos-12-anos-feb-recebe-sinalizacao-para-inicio-de-obras-de-recuperacao\/","og_site_name":"Blog da Condessa","article_published_time":"2023-04-21T09:00:07+00:00","og_image":[{"width":1800,"height":1200,"url":"https:\/\/blogdacondessa.com.br\/blog\/wp-content\/uploads\/2023\/04\/FEB-certa.jpg","type":"image\/jpeg"}],"author":"Blog da Condessa","twitter_card":"summary_large_image","twitter_misc":{"Escrito por":"Blog da Condessa","Est. tempo de leitura":"4 minutos"},"schema":{"@context":"https:\/\/schema.org","@graph":[{"@type":"Article","@id":"https:\/\/blogdacondessa.com.br\/blog\/cidades\/apos-12-anos-feb-recebe-sinalizacao-para-inicio-de-obras-de-recuperacao\/#article","isPartOf":{"@id":"https:\/\/blogdacondessa.com.br\/blog\/cidades\/apos-12-anos-feb-recebe-sinalizacao-para-inicio-de-obras-de-recuperacao\/"},"author":{"name":"Blog da Condessa","@id":"https:\/\/blogdacondessa.com.br\/blog\/#\/schema\/person\/1d667ff8b785195b568677489d266035"},"headline":"Ap\u00f3s 12 anos FEB recebe sinaliza\u00e7\u00e3o para in\u00edcio de obras de recupera\u00e7\u00e3o","datePublished":"2023-04-21T09:00:07+00:00","mainEntityOfPage":{"@id":"https:\/\/blogdacondessa.com.br\/blog\/cidades\/apos-12-anos-feb-recebe-sinalizacao-para-inicio-de-obras-de-recuperacao\/"},"wordCount":672,"image":{"@id":"https:\/\/blogdacondessa.com.br\/blog\/cidades\/apos-12-anos-feb-recebe-sinalizacao-para-inicio-de-obras-de-recuperacao\/#primaryimage"},"thumbnailUrl":"https:\/\/blogdacondessa.com.br\/blog\/wp-content\/uploads\/2023\/04\/FEB-certa.jpg","articleSection":["Cidades"],"inLanguage":"pt-BR"},{"@type":"WebPage","@id":"https:\/\/blogdacondessa.com.br\/blog\/cidades\/apos-12-anos-feb-recebe-sinalizacao-para-inicio-de-obras-de-recuperacao\/","url":"https:\/\/blogdacondessa.com.br\/blog\/cidades\/apos-12-anos-feb-recebe-sinalizacao-para-inicio-de-obras-de-recuperacao\/","name":"Ap\u00f3s 12 anos FEB recebe sinaliza\u00e7\u00e3o para in\u00edcio de obras de recupera\u00e7\u00e3o &#8902; Blog da Condessa","isPartOf":{"@id":"https:\/\/blogdacondessa.com.br\/blog\/#website"},"primaryImageOfPage":{"@id":"https:\/\/blogdacondessa.com.br\/blog\/cidades\/apos-12-anos-feb-recebe-sinalizacao-para-inicio-de-obras-de-recuperacao\/#primaryimage"},"image":{"@id":"https:\/\/blogdacondessa.com.br\/blog\/cidades\/apos-12-anos-feb-recebe-sinalizacao-para-inicio-de-obras-de-recuperacao\/#primaryimage"},"thumbnailUrl":"https:\/\/blogdacondessa.com.br\/blog\/wp-content\/uploads\/2023\/04\/FEB-certa.jpg","datePublished":"2023-04-21T09:00:07+00:00","author":{"@id":"https:\/\/blogdacondessa.com.br\/blog\/#\/schema\/person\/1d667ff8b785195b568677489d266035"},"breadcrumb":{"@id":"https:\/\/blogdacondessa.com.br\/blog\/cidades\/apos-12-anos-feb-recebe-sinalizacao-para-inicio-de-obras-de-recuperacao\/#breadcrumb"},"inLanguage":"pt-BR","potentialAction":[{"@type":"ReadAction","target":["https:\/\/blogdacondessa.com.br\/blog\/cidades\/apos-12-anos-feb-recebe-sinalizacao-para-inicio-de-obras-de-recuperacao\/"]}]},{"@type":"ImageObject","inLanguage":"pt-BR","@id":"https:\/\/blogdacondessa.com.br\/blog\/cidades\/apos-12-anos-feb-recebe-sinalizacao-para-inicio-de-obras-de-recuperacao\/#primaryimage","url":"https:\/\/blogdacondessa.com.br\/blog\/wp-content\/uploads\/2023\/04\/FEB-certa.jpg","contentUrl":"https:\/\/blogdacondessa.com.br\/blog\/wp-content\/uploads\/2023\/04\/FEB-certa.jpg","width":1800,"height":1200},{"@type":"BreadcrumbList","@id":"https:\/\/blogdacondessa.com.br\/blog\/cidades\/apos-12-anos-feb-recebe-sinalizacao-para-inicio-de-obras-de-recuperacao\/#breadcrumb","itemListElement":[{"@type":"ListItem","position":1,"name":"In\u00edcio","item":"https:\/\/blogdacondessa.com.br\/blog\/"},{"@type":"ListItem","position":2,"name":"Ap\u00f3s 12 anos FEB recebe sinaliza\u00e7\u00e3o para in\u00edcio de obras de recupera\u00e7\u00e3o"}]},{"@type":"WebSite","@id":"https:\/\/blogdacondessa.com.br\/blog\/#website","url":"https:\/\/blogdacondessa.com.br\/blog\/","name":"Blog da Condessa","description":"Com Shirley de Souza O\u2019Campos","potentialAction":[{"@type":"SearchAction","target":{"@type":"EntryPoint","urlTemplate":"https:\/\/blogdacondessa.com.br\/blog\/?s={search_term_string}"},"query-input":{"@type":"PropertyValueSpecification","valueRequired":true,"valueName":"search_term_string"}}],"inLanguage":"pt-BR"},{"@type":"Person","@id":"https:\/\/blogdacondessa.com.br\/blog\/#\/schema\/person\/1d667ff8b785195b568677489d266035","name":"Blog da Condessa","image":{"@type":"ImageObject","inLanguage":"pt-BR","@id":"https:\/\/secure.gravatar.com\/avatar\/377c0eb8b4ad2bfc25461b41564b5971e721ca34a57642868fc7b0c8ac7b52c5?s=96&d=mm&r=g","url":"https:\/\/secure.gravatar.com\/avatar\/377c0eb8b4ad2bfc25461b41564b5971e721ca34a57642868fc7b0c8ac7b52c5?s=96&d=mm&r=g","contentUrl":"https:\/\/secure.gravatar.com\/avatar\/377c0eb8b4ad2bfc25461b41564b5971e721ca34a57642868fc7b0c8ac7b52c5?s=96&d=mm&r=g","caption":"Blog da Condessa"},"url":"https:\/\/blogdacondessa.com.br\/blog\/author\/beatriz\/"}]}},"_links":{"self":[{"href":"https:\/\/blogdacondessa.com.br\/blog\/wp-json\/wp\/v2\/posts\/6880","targetHints":{"allow":["GET"]}}],"collection":[{"href":"https:\/\/blogdacondessa.com.br\/blog\/wp-json\/wp\/v2\/posts"}],"about":[{"href":"https:\/\/blogdacondessa.com.br\/blog\/wp-json\/wp\/v2\/types\/post"}],"author":[{"embeddable":true,"href":"https:\/\/blogdacondessa.com.br\/blog\/wp-json\/wp\/v2\/users\/2"}],"replies":[{"embeddable":true,"href":"https:\/\/blogdacondessa.com.br\/blog\/wp-json\/wp\/v2\/comments?post=6880"}],"version-history":[{"count":0,"href":"https:\/\/blogdacondessa.com.br\/blog\/wp-json\/wp\/v2\/posts\/6880\/revisions"}],"wp:featuredmedia":[{"embeddable":true,"href":"https:\/\/blogdacondessa.com.br\/blog\/wp-json\/wp\/v2\/media\/6881"}],"wp:attachment":[{"href":"https:\/\/blogdacondessa.com.br\/blog\/wp-json\/wp\/v2\/media?parent=6880"}],"wp:term":[{"taxonomy":"category","embeddable":true,"href":"https:\/\/blogdacondessa.com.br\/blog\/wp-json\/wp\/v2\/categories?post=6880"},{"taxonomy":"post_tag","embeddable":true,"href":"https:\/\/blogdacondessa.com.br\/blog\/wp-json\/wp\/v2\/tags?post=6880"}],"curies":[{"name":"wp","href":"https:\/\/api.w.org\/{rel}","templated":true}]}}