{"id":6822,"date":"2023-04-15T05:00:33","date_gmt":"2023-04-15T09:00:33","guid":{"rendered":"http:\/\/blogdacondessa.com.br\/?p=6822"},"modified":"2023-04-14T17:51:42","modified_gmt":"2023-04-14T21:51:42","slug":"shopping-popular-celebra-28-anos","status":"publish","type":"post","link":"https:\/\/blogdacondessa.com.br\/blog\/cotidiano\/shopping-popular-celebra-28-anos\/","title":{"rendered":"Shopping Popular celebra 28 anos"},"content":{"rendered":"<p>No dia 21 de abril, o Shopping Popular realizar\u00e1 uma palestra com o escritor Geraldo Rufino, no Hotel Fazenda MT em comemora\u00e7\u00e3o aos seus 28 anos de funda\u00e7\u00e3o. A ideia \u00e9 reunir mais de 2 mil pessoas para comemorar a data que \u00e9 t\u00e3o especial para esses comerciantes.<\/p>\n<p>\u201cFazer 28 anos de hist\u00f3ria em Cuiab\u00e1 \u00e9 uma honra para n\u00f3s, principalmente por tudo que j\u00e1 passamos l\u00e1 atr\u00e1s. Hoje podemos ver o quanto valeu a pena toda nossa luta. Nada melhor do que comemorar com uma palestra revigorante como a do Geraldo Rufino\u201d, contou Misael Galv\u00e3o, presidente do Shopping.<\/p>\n<p>Fundado em 1995, atrav\u00e9s de uma colabora\u00e7\u00e3o com a prefeitura da capital, o Shopping Popular, j\u00e1 conta com mais de 600 lojas dos mais variados produtos, al\u00e9m de diversos quiosques no piso superior que dividem espa\u00e7o com uma pra\u00e7a de alimenta\u00e7\u00e3o repleta de delicias para todos os gostos.<\/p>\n<p>Como uma boa grande fam\u00edlia, os lojistas do shopping diariamente se unem aos seus colegas para enfrentar a rotina ca\u00f3tica do mercado de vendas. Tendo em vista isso, a dire\u00e7\u00e3o entende que de vez em quando \u00e9 necess\u00e1rio momentos de descontra\u00e7\u00e3o. Al\u00e9m da palestra, o anual campeonato interno de futebol society, que re\u00fane equipes formadas por associados e funcion\u00e1rios do shopping, tamb\u00e9m ter\u00e1 inicio esse m\u00eas.<\/p>\n<p>Durante a palestra do dia 21, tamb\u00e9m haver\u00e1 um sorteio de um Iphone 14 128gb para os presentes. A entrada ser\u00e1 de 10 kg de alimentos que ser\u00e3o doados para as seguintes institui\u00e7\u00f5es: Apae Cuiab\u00e1, Funda\u00e7\u00e3o Abrigo do Bom Jesus, Associa\u00e7\u00e3o Pestalozzi de Cuiab\u00e1, Pastoral da caridade do alimento &#8211; Par\u00f3quia S\u00e3o Gon\u00e7alo e a Sociedade Beneficente Evang\u00e9lica.<\/p>\n<p><strong>O palestrante<\/strong><\/p>\n<p>O empreendedor, escritor e palestrante, Geraldo Rufino, iniciou a vida como catador de latinhas na periferia de S\u00e3o Paulo, em 1985, hoje \u00e9 presidente da JR Diesel, maior empresa de reciclagem de caminh\u00f5es da Am\u00e9rica Latina, que gera 150 empregos diretos e garante uma receita bruta anual de mais de R$ 50 milh\u00f5es. De forma simples e com uma postura vision\u00e1ria, \u00e9 destaque no mundo do empreendedorismo sendo especialista em positividade. Ele acredita que o sucesso est\u00e1 ao alcance de toda em qualquer situa\u00e7\u00e3o, basta estar disposto a fazer sua parte. A f\u00f3rmula deste talento \u00e9 muito simples: acreditar em um futuro diferente, de modo otimista e com justi\u00e7a.<\/p>\n<p>&nbsp;<\/p>\n","protected":false},"excerpt":{"rendered":"<p>No dia 21 de abril, o Shopping Popular realizar\u00e1 uma palestra com o escritor Geraldo Rufino, no Hotel Fazenda MT em comemora\u00e7\u00e3o aos seus 28 anos de funda\u00e7\u00e3o. A ideia \u00e9 reunir mais de 2 mil pessoas para comemorar a data que \u00e9 t\u00e3o especial para esses comerciantes. \u201cFazer 28 anos de hist\u00f3ria em Cuiab\u00e1 [&hellip;]<\/p>\n","protected":false},"author":2,"featured_media":6823,"comment_status":"closed","ping_status":"closed","sticky":false,"template":"","format":"standard","meta":{"iawp_total_views":1,"footnotes":""},"categories":[24],"tags":[],"class_list":["post-6822","post","type-post","status-publish","format-standard","has-post-thumbnail","hentry","category-cotidiano"],"yoast_head":"<!-- This site is optimized with the Yoast SEO plugin v27.3 - https:\/\/yoast.com\/product\/yoast-seo-wordpress\/ -->\n<title>Shopping Popular celebra 28 anos &#8902; Blog da Condessa<\/title>\n<meta name=\"robots\" content=\"index, follow, max-snippet:-1, max-image-preview:large, max-video-preview:-1\" \/>\n<link rel=\"canonical\" href=\"https:\/\/blogdacondessa.com.br\/blog\/cotidiano\/shopping-popular-celebra-28-anos\/\" \/>\n<meta property=\"og:locale\" content=\"pt_BR\" \/>\n<meta property=\"og:type\" content=\"article\" \/>\n<meta property=\"og:title\" content=\"Shopping Popular celebra 28 anos &#8902; Blog da Condessa\" \/>\n<meta property=\"og:description\" content=\"No dia 21 de abril, o Shopping Popular realizar\u00e1 uma palestra com o escritor Geraldo Rufino, no Hotel Fazenda MT em comemora\u00e7\u00e3o aos seus 28 anos de funda\u00e7\u00e3o. A ideia \u00e9 reunir mais de 2 mil pessoas para comemorar a data que \u00e9 t\u00e3o especial para esses comerciantes. \u201cFazer 28 anos de hist\u00f3ria em Cuiab\u00e1 [&hellip;]\" \/>\n<meta property=\"og:url\" content=\"https:\/\/blogdacondessa.com.br\/blog\/cotidiano\/shopping-popular-celebra-28-anos\/\" \/>\n<meta property=\"og:site_name\" content=\"Blog da Condessa\" \/>\n<meta property=\"article:published_time\" content=\"2023-04-15T09:00:33+00:00\" \/>\n<meta property=\"og:image\" content=\"https:\/\/blogdacondessa.com.br\/blog\/wp-content\/uploads\/2023\/04\/SHOPPING-POPULAR.jpg\" \/>\n\t<meta property=\"og:image:width\" content=\"1203\" \/>\n\t<meta property=\"og:image:height\" content=\"1600\" \/>\n\t<meta property=\"og:image:type\" content=\"image\/jpeg\" \/>\n<meta name=\"author\" content=\"Blog da Condessa\" \/>\n<meta name=\"twitter:card\" content=\"summary_large_image\" \/>\n<meta name=\"twitter:label1\" content=\"Escrito por\" \/>\n\t<meta name=\"twitter:data1\" content=\"Blog da Condessa\" \/>\n\t<meta name=\"twitter:label2\" content=\"Est. tempo de leitura\" \/>\n\t<meta name=\"twitter:data2\" content=\"3 minutos\" \/>\n<script type=\"application\/ld+json\" class=\"yoast-schema-graph\">{\"@context\":\"https:\\\/\\\/schema.org\",\"@graph\":[{\"@type\":\"Article\",\"@id\":\"https:\\\/\\\/blogdacondessa.com.br\\\/blog\\\/cotidiano\\\/shopping-popular-celebra-28-anos\\\/#article\",\"isPartOf\":{\"@id\":\"https:\\\/\\\/blogdacondessa.com.br\\\/blog\\\/cotidiano\\\/shopping-popular-celebra-28-anos\\\/\"},\"author\":{\"name\":\"Blog da Condessa\",\"@id\":\"https:\\\/\\\/blogdacondessa.com.br\\\/blog\\\/#\\\/schema\\\/person\\\/1d667ff8b785195b568677489d266035\"},\"headline\":\"Shopping Popular celebra 28 anos\",\"datePublished\":\"2023-04-15T09:00:33+00:00\",\"mainEntityOfPage\":{\"@id\":\"https:\\\/\\\/blogdacondessa.com.br\\\/blog\\\/cotidiano\\\/shopping-popular-celebra-28-anos\\\/\"},\"wordCount\":408,\"image\":{\"@id\":\"https:\\\/\\\/blogdacondessa.com.br\\\/blog\\\/cotidiano\\\/shopping-popular-celebra-28-anos\\\/#primaryimage\"},\"thumbnailUrl\":\"https:\\\/\\\/blogdacondessa.com.br\\\/blog\\\/wp-content\\\/uploads\\\/2023\\\/04\\\/SHOPPING-POPULAR.jpg\",\"articleSection\":[\"Cotidiano\"],\"inLanguage\":\"pt-BR\"},{\"@type\":\"WebPage\",\"@id\":\"https:\\\/\\\/blogdacondessa.com.br\\\/blog\\\/cotidiano\\\/shopping-popular-celebra-28-anos\\\/\",\"url\":\"https:\\\/\\\/blogdacondessa.com.br\\\/blog\\\/cotidiano\\\/shopping-popular-celebra-28-anos\\\/\",\"name\":\"Shopping Popular celebra 28 anos &#8902; Blog da Condessa\",\"isPartOf\":{\"@id\":\"https:\\\/\\\/blogdacondessa.com.br\\\/blog\\\/#website\"},\"primaryImageOfPage\":{\"@id\":\"https:\\\/\\\/blogdacondessa.com.br\\\/blog\\\/cotidiano\\\/shopping-popular-celebra-28-anos\\\/#primaryimage\"},\"image\":{\"@id\":\"https:\\\/\\\/blogdacondessa.com.br\\\/blog\\\/cotidiano\\\/shopping-popular-celebra-28-anos\\\/#primaryimage\"},\"thumbnailUrl\":\"https:\\\/\\\/blogdacondessa.com.br\\\/blog\\\/wp-content\\\/uploads\\\/2023\\\/04\\\/SHOPPING-POPULAR.jpg\",\"datePublished\":\"2023-04-15T09:00:33+00:00\",\"author\":{\"@id\":\"https:\\\/\\\/blogdacondessa.com.br\\\/blog\\\/#\\\/schema\\\/person\\\/1d667ff8b785195b568677489d266035\"},\"breadcrumb\":{\"@id\":\"https:\\\/\\\/blogdacondessa.com.br\\\/blog\\\/cotidiano\\\/shopping-popular-celebra-28-anos\\\/#breadcrumb\"},\"inLanguage\":\"pt-BR\",\"potentialAction\":[{\"@type\":\"ReadAction\",\"target\":[\"https:\\\/\\\/blogdacondessa.com.br\\\/blog\\\/cotidiano\\\/shopping-popular-celebra-28-anos\\\/\"]}]},{\"@type\":\"ImageObject\",\"inLanguage\":\"pt-BR\",\"@id\":\"https:\\\/\\\/blogdacondessa.com.br\\\/blog\\\/cotidiano\\\/shopping-popular-celebra-28-anos\\\/#primaryimage\",\"url\":\"https:\\\/\\\/blogdacondessa.com.br\\\/blog\\\/wp-content\\\/uploads\\\/2023\\\/04\\\/SHOPPING-POPULAR.jpg\",\"contentUrl\":\"https:\\\/\\\/blogdacondessa.com.br\\\/blog\\\/wp-content\\\/uploads\\\/2023\\\/04\\\/SHOPPING-POPULAR.jpg\",\"width\":1203,\"height\":1600},{\"@type\":\"BreadcrumbList\",\"@id\":\"https:\\\/\\\/blogdacondessa.com.br\\\/blog\\\/cotidiano\\\/shopping-popular-celebra-28-anos\\\/#breadcrumb\",\"itemListElement\":[{\"@type\":\"ListItem\",\"position\":1,\"name\":\"In\u00edcio\",\"item\":\"https:\\\/\\\/blogdacondessa.com.br\\\/blog\\\/\"},{\"@type\":\"ListItem\",\"position\":2,\"name\":\"Shopping Popular celebra 28 anos\"}]},{\"@type\":\"WebSite\",\"@id\":\"https:\\\/\\\/blogdacondessa.com.br\\\/blog\\\/#website\",\"url\":\"https:\\\/\\\/blogdacondessa.com.br\\\/blog\\\/\",\"name\":\"Blog da Condessa\",\"description\":\"Com Shirley de Souza O\u2019Campos\",\"potentialAction\":[{\"@type\":\"SearchAction\",\"target\":{\"@type\":\"EntryPoint\",\"urlTemplate\":\"https:\\\/\\\/blogdacondessa.com.br\\\/blog\\\/?s={search_term_string}\"},\"query-input\":{\"@type\":\"PropertyValueSpecification\",\"valueRequired\":true,\"valueName\":\"search_term_string\"}}],\"inLanguage\":\"pt-BR\"},{\"@type\":\"Person\",\"@id\":\"https:\\\/\\\/blogdacondessa.com.br\\\/blog\\\/#\\\/schema\\\/person\\\/1d667ff8b785195b568677489d266035\",\"name\":\"Blog da Condessa\",\"image\":{\"@type\":\"ImageObject\",\"inLanguage\":\"pt-BR\",\"@id\":\"https:\\\/\\\/secure.gravatar.com\\\/avatar\\\/377c0eb8b4ad2bfc25461b41564b5971e721ca34a57642868fc7b0c8ac7b52c5?s=96&d=mm&r=g\",\"url\":\"https:\\\/\\\/secure.gravatar.com\\\/avatar\\\/377c0eb8b4ad2bfc25461b41564b5971e721ca34a57642868fc7b0c8ac7b52c5?s=96&d=mm&r=g\",\"contentUrl\":\"https:\\\/\\\/secure.gravatar.com\\\/avatar\\\/377c0eb8b4ad2bfc25461b41564b5971e721ca34a57642868fc7b0c8ac7b52c5?s=96&d=mm&r=g\",\"caption\":\"Blog da Condessa\"},\"url\":\"https:\\\/\\\/blogdacondessa.com.br\\\/blog\\\/author\\\/beatriz\\\/\"}]}<\/script>\n<!-- \/ Yoast SEO plugin. -->","yoast_head_json":{"title":"Shopping Popular celebra 28 anos &#8902; Blog da Condessa","robots":{"index":"index","follow":"follow","max-snippet":"max-snippet:-1","max-image-preview":"max-image-preview:large","max-video-preview":"max-video-preview:-1"},"canonical":"https:\/\/blogdacondessa.com.br\/blog\/cotidiano\/shopping-popular-celebra-28-anos\/","og_locale":"pt_BR","og_type":"article","og_title":"Shopping Popular celebra 28 anos &#8902; Blog da Condessa","og_description":"No dia 21 de abril, o Shopping Popular realizar\u00e1 uma palestra com o escritor Geraldo Rufino, no Hotel Fazenda MT em comemora\u00e7\u00e3o aos seus 28 anos de funda\u00e7\u00e3o. A ideia \u00e9 reunir mais de 2 mil pessoas para comemorar a data que \u00e9 t\u00e3o especial para esses comerciantes. \u201cFazer 28 anos de hist\u00f3ria em Cuiab\u00e1 [&hellip;]","og_url":"https:\/\/blogdacondessa.com.br\/blog\/cotidiano\/shopping-popular-celebra-28-anos\/","og_site_name":"Blog da Condessa","article_published_time":"2023-04-15T09:00:33+00:00","og_image":[{"width":1203,"height":1600,"url":"https:\/\/blogdacondessa.com.br\/blog\/wp-content\/uploads\/2023\/04\/SHOPPING-POPULAR.jpg","type":"image\/jpeg"}],"author":"Blog da Condessa","twitter_card":"summary_large_image","twitter_misc":{"Escrito por":"Blog da Condessa","Est. tempo de leitura":"3 minutos"},"schema":{"@context":"https:\/\/schema.org","@graph":[{"@type":"Article","@id":"https:\/\/blogdacondessa.com.br\/blog\/cotidiano\/shopping-popular-celebra-28-anos\/#article","isPartOf":{"@id":"https:\/\/blogdacondessa.com.br\/blog\/cotidiano\/shopping-popular-celebra-28-anos\/"},"author":{"name":"Blog da Condessa","@id":"https:\/\/blogdacondessa.com.br\/blog\/#\/schema\/person\/1d667ff8b785195b568677489d266035"},"headline":"Shopping Popular celebra 28 anos","datePublished":"2023-04-15T09:00:33+00:00","mainEntityOfPage":{"@id":"https:\/\/blogdacondessa.com.br\/blog\/cotidiano\/shopping-popular-celebra-28-anos\/"},"wordCount":408,"image":{"@id":"https:\/\/blogdacondessa.com.br\/blog\/cotidiano\/shopping-popular-celebra-28-anos\/#primaryimage"},"thumbnailUrl":"https:\/\/blogdacondessa.com.br\/blog\/wp-content\/uploads\/2023\/04\/SHOPPING-POPULAR.jpg","articleSection":["Cotidiano"],"inLanguage":"pt-BR"},{"@type":"WebPage","@id":"https:\/\/blogdacondessa.com.br\/blog\/cotidiano\/shopping-popular-celebra-28-anos\/","url":"https:\/\/blogdacondessa.com.br\/blog\/cotidiano\/shopping-popular-celebra-28-anos\/","name":"Shopping Popular celebra 28 anos &#8902; Blog da Condessa","isPartOf":{"@id":"https:\/\/blogdacondessa.com.br\/blog\/#website"},"primaryImageOfPage":{"@id":"https:\/\/blogdacondessa.com.br\/blog\/cotidiano\/shopping-popular-celebra-28-anos\/#primaryimage"},"image":{"@id":"https:\/\/blogdacondessa.com.br\/blog\/cotidiano\/shopping-popular-celebra-28-anos\/#primaryimage"},"thumbnailUrl":"https:\/\/blogdacondessa.com.br\/blog\/wp-content\/uploads\/2023\/04\/SHOPPING-POPULAR.jpg","datePublished":"2023-04-15T09:00:33+00:00","author":{"@id":"https:\/\/blogdacondessa.com.br\/blog\/#\/schema\/person\/1d667ff8b785195b568677489d266035"},"breadcrumb":{"@id":"https:\/\/blogdacondessa.com.br\/blog\/cotidiano\/shopping-popular-celebra-28-anos\/#breadcrumb"},"inLanguage":"pt-BR","potentialAction":[{"@type":"ReadAction","target":["https:\/\/blogdacondessa.com.br\/blog\/cotidiano\/shopping-popular-celebra-28-anos\/"]}]},{"@type":"ImageObject","inLanguage":"pt-BR","@id":"https:\/\/blogdacondessa.com.br\/blog\/cotidiano\/shopping-popular-celebra-28-anos\/#primaryimage","url":"https:\/\/blogdacondessa.com.br\/blog\/wp-content\/uploads\/2023\/04\/SHOPPING-POPULAR.jpg","contentUrl":"https:\/\/blogdacondessa.com.br\/blog\/wp-content\/uploads\/2023\/04\/SHOPPING-POPULAR.jpg","width":1203,"height":1600},{"@type":"BreadcrumbList","@id":"https:\/\/blogdacondessa.com.br\/blog\/cotidiano\/shopping-popular-celebra-28-anos\/#breadcrumb","itemListElement":[{"@type":"ListItem","position":1,"name":"In\u00edcio","item":"https:\/\/blogdacondessa.com.br\/blog\/"},{"@type":"ListItem","position":2,"name":"Shopping Popular celebra 28 anos"}]},{"@type":"WebSite","@id":"https:\/\/blogdacondessa.com.br\/blog\/#website","url":"https:\/\/blogdacondessa.com.br\/blog\/","name":"Blog da Condessa","description":"Com Shirley de Souza O\u2019Campos","potentialAction":[{"@type":"SearchAction","target":{"@type":"EntryPoint","urlTemplate":"https:\/\/blogdacondessa.com.br\/blog\/?s={search_term_string}"},"query-input":{"@type":"PropertyValueSpecification","valueRequired":true,"valueName":"search_term_string"}}],"inLanguage":"pt-BR"},{"@type":"Person","@id":"https:\/\/blogdacondessa.com.br\/blog\/#\/schema\/person\/1d667ff8b785195b568677489d266035","name":"Blog da Condessa","image":{"@type":"ImageObject","inLanguage":"pt-BR","@id":"https:\/\/secure.gravatar.com\/avatar\/377c0eb8b4ad2bfc25461b41564b5971e721ca34a57642868fc7b0c8ac7b52c5?s=96&d=mm&r=g","url":"https:\/\/secure.gravatar.com\/avatar\/377c0eb8b4ad2bfc25461b41564b5971e721ca34a57642868fc7b0c8ac7b52c5?s=96&d=mm&r=g","contentUrl":"https:\/\/secure.gravatar.com\/avatar\/377c0eb8b4ad2bfc25461b41564b5971e721ca34a57642868fc7b0c8ac7b52c5?s=96&d=mm&r=g","caption":"Blog da Condessa"},"url":"https:\/\/blogdacondessa.com.br\/blog\/author\/beatriz\/"}]}},"_links":{"self":[{"href":"https:\/\/blogdacondessa.com.br\/blog\/wp-json\/wp\/v2\/posts\/6822","targetHints":{"allow":["GET"]}}],"collection":[{"href":"https:\/\/blogdacondessa.com.br\/blog\/wp-json\/wp\/v2\/posts"}],"about":[{"href":"https:\/\/blogdacondessa.com.br\/blog\/wp-json\/wp\/v2\/types\/post"}],"author":[{"embeddable":true,"href":"https:\/\/blogdacondessa.com.br\/blog\/wp-json\/wp\/v2\/users\/2"}],"replies":[{"embeddable":true,"href":"https:\/\/blogdacondessa.com.br\/blog\/wp-json\/wp\/v2\/comments?post=6822"}],"version-history":[{"count":0,"href":"https:\/\/blogdacondessa.com.br\/blog\/wp-json\/wp\/v2\/posts\/6822\/revisions"}],"wp:featuredmedia":[{"embeddable":true,"href":"https:\/\/blogdacondessa.com.br\/blog\/wp-json\/wp\/v2\/media\/6823"}],"wp:attachment":[{"href":"https:\/\/blogdacondessa.com.br\/blog\/wp-json\/wp\/v2\/media?parent=6822"}],"wp:term":[{"taxonomy":"category","embeddable":true,"href":"https:\/\/blogdacondessa.com.br\/blog\/wp-json\/wp\/v2\/categories?post=6822"},{"taxonomy":"post_tag","embeddable":true,"href":"https:\/\/blogdacondessa.com.br\/blog\/wp-json\/wp\/v2\/tags?post=6822"}],"curies":[{"name":"wp","href":"https:\/\/api.w.org\/{rel}","templated":true}]}}