{"id":6790,"date":"2023-04-11T05:00:53","date_gmt":"2023-04-11T09:00:53","guid":{"rendered":"http:\/\/blogdacondessa.com.br\/?p=6790"},"modified":"2023-04-10T18:38:54","modified_gmt":"2023-04-10T22:38:54","slug":"ufmt-oferece-grupo-de-meditacao-gratuito","status":"publish","type":"post","link":"https:\/\/blogdacondessa.com.br\/blog\/cotidiano\/ufmt-oferece-grupo-de-meditacao-gratuito\/","title":{"rendered":"UFMT oferece grupo de medita\u00e7\u00e3o gratuito"},"content":{"rendered":"<p>A Universidade Federal de Mato Grosso (UFMT) juntamente com o Projeto de Extens\u00e3o \u201cPr\u00e1ticas integrativas, complementares e espiritualidade\u201d promove grupos de medita\u00e7\u00e3o abertos \u00e0 comunidade. As sess\u00f5es ocorrem toda quarta-feira, \u00e0s 19h, nas salas do bloco de Educa\u00e7\u00e3o F\u00edsica. Para participar, \u00e9 necess\u00e1rio se inscrever.<\/p>\n<p>As sess\u00f5es duram 30 minutos e utilizam em especial o m\u00e9todo \u201cMedita\u00e7\u00e3o dos Cora\u00e7\u00f5es G\u00eameos\u201d (Meditation on Twin Hearts), que deriva das pr\u00e1ticas \u201camor-bondade\u201d e nos princ\u00edpios da psicologia positiva. Al\u00e9m disso, promovem a cultiva\u00e7\u00e3o das pr\u00e1ticas de concentra\u00e7\u00e3o, redu\u00e7\u00e3o de estresse, energias positivas e paz interior.<\/p>\n<p>O projeto, que faz parte das \u201cPr\u00e1ticas Integrativas e Complementares a Sa\u00fade\u201d do SUS, ocorre na universidade desde 2018 e j\u00e1 atendeu dezenas de alunos.<\/p>\n<p>Mais\u00a0informa\u00e7\u00f5es, pelo telefone (65) 9 9929-9467.<\/p>\n<p>&nbsp;<\/p>\n","protected":false},"excerpt":{"rendered":"<p>A Universidade Federal de Mato Grosso (UFMT) juntamente com o Projeto de Extens\u00e3o \u201cPr\u00e1ticas integrativas, complementares e espiritualidade\u201d promove grupos de medita\u00e7\u00e3o abertos \u00e0 comunidade. As sess\u00f5es ocorrem toda quarta-feira, \u00e0s 19h, nas salas do bloco de Educa\u00e7\u00e3o F\u00edsica. Para participar, \u00e9 necess\u00e1rio se inscrever. As sess\u00f5es duram 30 minutos e utilizam em especial o [&hellip;]<\/p>\n","protected":false},"author":2,"featured_media":6792,"comment_status":"closed","ping_status":"closed","sticky":false,"template":"","format":"standard","meta":{"iawp_total_views":3,"footnotes":""},"categories":[24],"tags":[],"class_list":["post-6790","post","type-post","status-publish","format-standard","has-post-thumbnail","hentry","category-cotidiano"],"yoast_head":"<!-- This site is optimized with the Yoast SEO plugin v27.3 - https:\/\/yoast.com\/product\/yoast-seo-wordpress\/ -->\n<title>UFMT oferece grupo de medita\u00e7\u00e3o gratuito &#8902; Blog da Condessa<\/title>\n<meta name=\"robots\" content=\"index, follow, max-snippet:-1, max-image-preview:large, max-video-preview:-1\" \/>\n<link rel=\"canonical\" href=\"https:\/\/blogdacondessa.com.br\/blog\/cotidiano\/ufmt-oferece-grupo-de-meditacao-gratuito\/\" \/>\n<meta property=\"og:locale\" content=\"pt_BR\" \/>\n<meta property=\"og:type\" content=\"article\" \/>\n<meta property=\"og:title\" content=\"UFMT oferece grupo de medita\u00e7\u00e3o gratuito &#8902; Blog da Condessa\" \/>\n<meta property=\"og:description\" content=\"A Universidade Federal de Mato Grosso (UFMT) juntamente com o Projeto de Extens\u00e3o \u201cPr\u00e1ticas integrativas, complementares e espiritualidade\u201d promove grupos de medita\u00e7\u00e3o abertos \u00e0 comunidade. As sess\u00f5es ocorrem toda quarta-feira, \u00e0s 19h, nas salas do bloco de Educa\u00e7\u00e3o F\u00edsica. Para participar, \u00e9 necess\u00e1rio se inscrever. As sess\u00f5es duram 30 minutos e utilizam em especial o [&hellip;]\" \/>\n<meta property=\"og:url\" content=\"https:\/\/blogdacondessa.com.br\/blog\/cotidiano\/ufmt-oferece-grupo-de-meditacao-gratuito\/\" \/>\n<meta property=\"og:site_name\" content=\"Blog da Condessa\" \/>\n<meta property=\"article:published_time\" content=\"2023-04-11T09:00:53+00:00\" \/>\n<meta property=\"og:image\" content=\"https:\/\/blogdacondessa.com.br\/blog\/wp-content\/uploads\/2023\/04\/meditacao-o-que-e-e-como-dar-inicio-a-pratica.webp\" \/>\n\t<meta property=\"og:image:width\" content=\"935\" \/>\n\t<meta property=\"og:image:height\" content=\"701\" \/>\n\t<meta property=\"og:image:type\" content=\"image\/webp\" \/>\n<meta name=\"author\" content=\"Blog da Condessa\" \/>\n<meta name=\"twitter:card\" content=\"summary_large_image\" \/>\n<meta name=\"twitter:label1\" content=\"Escrito por\" \/>\n\t<meta name=\"twitter:data1\" content=\"Blog da Condessa\" \/>\n\t<meta name=\"twitter:label2\" content=\"Est. tempo de leitura\" \/>\n\t<meta name=\"twitter:data2\" content=\"1 minuto\" \/>\n<script type=\"application\/ld+json\" class=\"yoast-schema-graph\">{\"@context\":\"https:\\\/\\\/schema.org\",\"@graph\":[{\"@type\":\"Article\",\"@id\":\"https:\\\/\\\/blogdacondessa.com.br\\\/blog\\\/cotidiano\\\/ufmt-oferece-grupo-de-meditacao-gratuito\\\/#article\",\"isPartOf\":{\"@id\":\"https:\\\/\\\/blogdacondessa.com.br\\\/blog\\\/cotidiano\\\/ufmt-oferece-grupo-de-meditacao-gratuito\\\/\"},\"author\":{\"name\":\"Blog da Condessa\",\"@id\":\"https:\\\/\\\/blogdacondessa.com.br\\\/blog\\\/#\\\/schema\\\/person\\\/1d667ff8b785195b568677489d266035\"},\"headline\":\"UFMT oferece grupo de medita\u00e7\u00e3o gratuito\",\"datePublished\":\"2023-04-11T09:00:53+00:00\",\"mainEntityOfPage\":{\"@id\":\"https:\\\/\\\/blogdacondessa.com.br\\\/blog\\\/cotidiano\\\/ufmt-oferece-grupo-de-meditacao-gratuito\\\/\"},\"wordCount\":148,\"image\":{\"@id\":\"https:\\\/\\\/blogdacondessa.com.br\\\/blog\\\/cotidiano\\\/ufmt-oferece-grupo-de-meditacao-gratuito\\\/#primaryimage\"},\"thumbnailUrl\":\"https:\\\/\\\/blogdacondessa.com.br\\\/blog\\\/wp-content\\\/uploads\\\/2023\\\/04\\\/meditacao-o-que-e-e-como-dar-inicio-a-pratica.webp\",\"articleSection\":[\"Cotidiano\"],\"inLanguage\":\"pt-BR\"},{\"@type\":\"WebPage\",\"@id\":\"https:\\\/\\\/blogdacondessa.com.br\\\/blog\\\/cotidiano\\\/ufmt-oferece-grupo-de-meditacao-gratuito\\\/\",\"url\":\"https:\\\/\\\/blogdacondessa.com.br\\\/blog\\\/cotidiano\\\/ufmt-oferece-grupo-de-meditacao-gratuito\\\/\",\"name\":\"UFMT oferece grupo de medita\u00e7\u00e3o gratuito &#8902; Blog da Condessa\",\"isPartOf\":{\"@id\":\"https:\\\/\\\/blogdacondessa.com.br\\\/blog\\\/#website\"},\"primaryImageOfPage\":{\"@id\":\"https:\\\/\\\/blogdacondessa.com.br\\\/blog\\\/cotidiano\\\/ufmt-oferece-grupo-de-meditacao-gratuito\\\/#primaryimage\"},\"image\":{\"@id\":\"https:\\\/\\\/blogdacondessa.com.br\\\/blog\\\/cotidiano\\\/ufmt-oferece-grupo-de-meditacao-gratuito\\\/#primaryimage\"},\"thumbnailUrl\":\"https:\\\/\\\/blogdacondessa.com.br\\\/blog\\\/wp-content\\\/uploads\\\/2023\\\/04\\\/meditacao-o-que-e-e-como-dar-inicio-a-pratica.webp\",\"datePublished\":\"2023-04-11T09:00:53+00:00\",\"author\":{\"@id\":\"https:\\\/\\\/blogdacondessa.com.br\\\/blog\\\/#\\\/schema\\\/person\\\/1d667ff8b785195b568677489d266035\"},\"breadcrumb\":{\"@id\":\"https:\\\/\\\/blogdacondessa.com.br\\\/blog\\\/cotidiano\\\/ufmt-oferece-grupo-de-meditacao-gratuito\\\/#breadcrumb\"},\"inLanguage\":\"pt-BR\",\"potentialAction\":[{\"@type\":\"ReadAction\",\"target\":[\"https:\\\/\\\/blogdacondessa.com.br\\\/blog\\\/cotidiano\\\/ufmt-oferece-grupo-de-meditacao-gratuito\\\/\"]}]},{\"@type\":\"ImageObject\",\"inLanguage\":\"pt-BR\",\"@id\":\"https:\\\/\\\/blogdacondessa.com.br\\\/blog\\\/cotidiano\\\/ufmt-oferece-grupo-de-meditacao-gratuito\\\/#primaryimage\",\"url\":\"https:\\\/\\\/blogdacondessa.com.br\\\/blog\\\/wp-content\\\/uploads\\\/2023\\\/04\\\/meditacao-o-que-e-e-como-dar-inicio-a-pratica.webp\",\"contentUrl\":\"https:\\\/\\\/blogdacondessa.com.br\\\/blog\\\/wp-content\\\/uploads\\\/2023\\\/04\\\/meditacao-o-que-e-e-como-dar-inicio-a-pratica.webp\",\"width\":935,\"height\":701},{\"@type\":\"BreadcrumbList\",\"@id\":\"https:\\\/\\\/blogdacondessa.com.br\\\/blog\\\/cotidiano\\\/ufmt-oferece-grupo-de-meditacao-gratuito\\\/#breadcrumb\",\"itemListElement\":[{\"@type\":\"ListItem\",\"position\":1,\"name\":\"In\u00edcio\",\"item\":\"https:\\\/\\\/blogdacondessa.com.br\\\/blog\\\/\"},{\"@type\":\"ListItem\",\"position\":2,\"name\":\"UFMT oferece grupo de medita\u00e7\u00e3o gratuito\"}]},{\"@type\":\"WebSite\",\"@id\":\"https:\\\/\\\/blogdacondessa.com.br\\\/blog\\\/#website\",\"url\":\"https:\\\/\\\/blogdacondessa.com.br\\\/blog\\\/\",\"name\":\"Blog da Condessa\",\"description\":\"Com Shirley de Souza O\u2019Campos\",\"potentialAction\":[{\"@type\":\"SearchAction\",\"target\":{\"@type\":\"EntryPoint\",\"urlTemplate\":\"https:\\\/\\\/blogdacondessa.com.br\\\/blog\\\/?s={search_term_string}\"},\"query-input\":{\"@type\":\"PropertyValueSpecification\",\"valueRequired\":true,\"valueName\":\"search_term_string\"}}],\"inLanguage\":\"pt-BR\"},{\"@type\":\"Person\",\"@id\":\"https:\\\/\\\/blogdacondessa.com.br\\\/blog\\\/#\\\/schema\\\/person\\\/1d667ff8b785195b568677489d266035\",\"name\":\"Blog da Condessa\",\"image\":{\"@type\":\"ImageObject\",\"inLanguage\":\"pt-BR\",\"@id\":\"https:\\\/\\\/secure.gravatar.com\\\/avatar\\\/377c0eb8b4ad2bfc25461b41564b5971e721ca34a57642868fc7b0c8ac7b52c5?s=96&d=mm&r=g\",\"url\":\"https:\\\/\\\/secure.gravatar.com\\\/avatar\\\/377c0eb8b4ad2bfc25461b41564b5971e721ca34a57642868fc7b0c8ac7b52c5?s=96&d=mm&r=g\",\"contentUrl\":\"https:\\\/\\\/secure.gravatar.com\\\/avatar\\\/377c0eb8b4ad2bfc25461b41564b5971e721ca34a57642868fc7b0c8ac7b52c5?s=96&d=mm&r=g\",\"caption\":\"Blog da Condessa\"},\"url\":\"https:\\\/\\\/blogdacondessa.com.br\\\/blog\\\/author\\\/beatriz\\\/\"}]}<\/script>\n<!-- \/ Yoast SEO plugin. -->","yoast_head_json":{"title":"UFMT oferece grupo de medita\u00e7\u00e3o gratuito &#8902; Blog da Condessa","robots":{"index":"index","follow":"follow","max-snippet":"max-snippet:-1","max-image-preview":"max-image-preview:large","max-video-preview":"max-video-preview:-1"},"canonical":"https:\/\/blogdacondessa.com.br\/blog\/cotidiano\/ufmt-oferece-grupo-de-meditacao-gratuito\/","og_locale":"pt_BR","og_type":"article","og_title":"UFMT oferece grupo de medita\u00e7\u00e3o gratuito &#8902; Blog da Condessa","og_description":"A Universidade Federal de Mato Grosso (UFMT) juntamente com o Projeto de Extens\u00e3o \u201cPr\u00e1ticas integrativas, complementares e espiritualidade\u201d promove grupos de medita\u00e7\u00e3o abertos \u00e0 comunidade. As sess\u00f5es ocorrem toda quarta-feira, \u00e0s 19h, nas salas do bloco de Educa\u00e7\u00e3o F\u00edsica. Para participar, \u00e9 necess\u00e1rio se inscrever. As sess\u00f5es duram 30 minutos e utilizam em especial o [&hellip;]","og_url":"https:\/\/blogdacondessa.com.br\/blog\/cotidiano\/ufmt-oferece-grupo-de-meditacao-gratuito\/","og_site_name":"Blog da Condessa","article_published_time":"2023-04-11T09:00:53+00:00","og_image":[{"width":935,"height":701,"url":"https:\/\/blogdacondessa.com.br\/blog\/wp-content\/uploads\/2023\/04\/meditacao-o-que-e-e-como-dar-inicio-a-pratica.webp","type":"image\/webp"}],"author":"Blog da Condessa","twitter_card":"summary_large_image","twitter_misc":{"Escrito por":"Blog da Condessa","Est. tempo de leitura":"1 minuto"},"schema":{"@context":"https:\/\/schema.org","@graph":[{"@type":"Article","@id":"https:\/\/blogdacondessa.com.br\/blog\/cotidiano\/ufmt-oferece-grupo-de-meditacao-gratuito\/#article","isPartOf":{"@id":"https:\/\/blogdacondessa.com.br\/blog\/cotidiano\/ufmt-oferece-grupo-de-meditacao-gratuito\/"},"author":{"name":"Blog da Condessa","@id":"https:\/\/blogdacondessa.com.br\/blog\/#\/schema\/person\/1d667ff8b785195b568677489d266035"},"headline":"UFMT oferece grupo de medita\u00e7\u00e3o gratuito","datePublished":"2023-04-11T09:00:53+00:00","mainEntityOfPage":{"@id":"https:\/\/blogdacondessa.com.br\/blog\/cotidiano\/ufmt-oferece-grupo-de-meditacao-gratuito\/"},"wordCount":148,"image":{"@id":"https:\/\/blogdacondessa.com.br\/blog\/cotidiano\/ufmt-oferece-grupo-de-meditacao-gratuito\/#primaryimage"},"thumbnailUrl":"https:\/\/blogdacondessa.com.br\/blog\/wp-content\/uploads\/2023\/04\/meditacao-o-que-e-e-como-dar-inicio-a-pratica.webp","articleSection":["Cotidiano"],"inLanguage":"pt-BR"},{"@type":"WebPage","@id":"https:\/\/blogdacondessa.com.br\/blog\/cotidiano\/ufmt-oferece-grupo-de-meditacao-gratuito\/","url":"https:\/\/blogdacondessa.com.br\/blog\/cotidiano\/ufmt-oferece-grupo-de-meditacao-gratuito\/","name":"UFMT oferece grupo de medita\u00e7\u00e3o gratuito &#8902; Blog da Condessa","isPartOf":{"@id":"https:\/\/blogdacondessa.com.br\/blog\/#website"},"primaryImageOfPage":{"@id":"https:\/\/blogdacondessa.com.br\/blog\/cotidiano\/ufmt-oferece-grupo-de-meditacao-gratuito\/#primaryimage"},"image":{"@id":"https:\/\/blogdacondessa.com.br\/blog\/cotidiano\/ufmt-oferece-grupo-de-meditacao-gratuito\/#primaryimage"},"thumbnailUrl":"https:\/\/blogdacondessa.com.br\/blog\/wp-content\/uploads\/2023\/04\/meditacao-o-que-e-e-como-dar-inicio-a-pratica.webp","datePublished":"2023-04-11T09:00:53+00:00","author":{"@id":"https:\/\/blogdacondessa.com.br\/blog\/#\/schema\/person\/1d667ff8b785195b568677489d266035"},"breadcrumb":{"@id":"https:\/\/blogdacondessa.com.br\/blog\/cotidiano\/ufmt-oferece-grupo-de-meditacao-gratuito\/#breadcrumb"},"inLanguage":"pt-BR","potentialAction":[{"@type":"ReadAction","target":["https:\/\/blogdacondessa.com.br\/blog\/cotidiano\/ufmt-oferece-grupo-de-meditacao-gratuito\/"]}]},{"@type":"ImageObject","inLanguage":"pt-BR","@id":"https:\/\/blogdacondessa.com.br\/blog\/cotidiano\/ufmt-oferece-grupo-de-meditacao-gratuito\/#primaryimage","url":"https:\/\/blogdacondessa.com.br\/blog\/wp-content\/uploads\/2023\/04\/meditacao-o-que-e-e-como-dar-inicio-a-pratica.webp","contentUrl":"https:\/\/blogdacondessa.com.br\/blog\/wp-content\/uploads\/2023\/04\/meditacao-o-que-e-e-como-dar-inicio-a-pratica.webp","width":935,"height":701},{"@type":"BreadcrumbList","@id":"https:\/\/blogdacondessa.com.br\/blog\/cotidiano\/ufmt-oferece-grupo-de-meditacao-gratuito\/#breadcrumb","itemListElement":[{"@type":"ListItem","position":1,"name":"In\u00edcio","item":"https:\/\/blogdacondessa.com.br\/blog\/"},{"@type":"ListItem","position":2,"name":"UFMT oferece grupo de medita\u00e7\u00e3o gratuito"}]},{"@type":"WebSite","@id":"https:\/\/blogdacondessa.com.br\/blog\/#website","url":"https:\/\/blogdacondessa.com.br\/blog\/","name":"Blog da Condessa","description":"Com Shirley de Souza O\u2019Campos","potentialAction":[{"@type":"SearchAction","target":{"@type":"EntryPoint","urlTemplate":"https:\/\/blogdacondessa.com.br\/blog\/?s={search_term_string}"},"query-input":{"@type":"PropertyValueSpecification","valueRequired":true,"valueName":"search_term_string"}}],"inLanguage":"pt-BR"},{"@type":"Person","@id":"https:\/\/blogdacondessa.com.br\/blog\/#\/schema\/person\/1d667ff8b785195b568677489d266035","name":"Blog da Condessa","image":{"@type":"ImageObject","inLanguage":"pt-BR","@id":"https:\/\/secure.gravatar.com\/avatar\/377c0eb8b4ad2bfc25461b41564b5971e721ca34a57642868fc7b0c8ac7b52c5?s=96&d=mm&r=g","url":"https:\/\/secure.gravatar.com\/avatar\/377c0eb8b4ad2bfc25461b41564b5971e721ca34a57642868fc7b0c8ac7b52c5?s=96&d=mm&r=g","contentUrl":"https:\/\/secure.gravatar.com\/avatar\/377c0eb8b4ad2bfc25461b41564b5971e721ca34a57642868fc7b0c8ac7b52c5?s=96&d=mm&r=g","caption":"Blog da Condessa"},"url":"https:\/\/blogdacondessa.com.br\/blog\/author\/beatriz\/"}]}},"_links":{"self":[{"href":"https:\/\/blogdacondessa.com.br\/blog\/wp-json\/wp\/v2\/posts\/6790","targetHints":{"allow":["GET"]}}],"collection":[{"href":"https:\/\/blogdacondessa.com.br\/blog\/wp-json\/wp\/v2\/posts"}],"about":[{"href":"https:\/\/blogdacondessa.com.br\/blog\/wp-json\/wp\/v2\/types\/post"}],"author":[{"embeddable":true,"href":"https:\/\/blogdacondessa.com.br\/blog\/wp-json\/wp\/v2\/users\/2"}],"replies":[{"embeddable":true,"href":"https:\/\/blogdacondessa.com.br\/blog\/wp-json\/wp\/v2\/comments?post=6790"}],"version-history":[{"count":0,"href":"https:\/\/blogdacondessa.com.br\/blog\/wp-json\/wp\/v2\/posts\/6790\/revisions"}],"wp:featuredmedia":[{"embeddable":true,"href":"https:\/\/blogdacondessa.com.br\/blog\/wp-json\/wp\/v2\/media\/6792"}],"wp:attachment":[{"href":"https:\/\/blogdacondessa.com.br\/blog\/wp-json\/wp\/v2\/media?parent=6790"}],"wp:term":[{"taxonomy":"category","embeddable":true,"href":"https:\/\/blogdacondessa.com.br\/blog\/wp-json\/wp\/v2\/categories?post=6790"},{"taxonomy":"post_tag","embeddable":true,"href":"https:\/\/blogdacondessa.com.br\/blog\/wp-json\/wp\/v2\/tags?post=6790"}],"curies":[{"name":"wp","href":"https:\/\/api.w.org\/{rel}","templated":true}]}}