{"id":6778,"date":"2023-04-09T05:00:01","date_gmt":"2023-04-09T09:00:01","guid":{"rendered":"http:\/\/blogdacondessa.com.br\/?p=6778"},"modified":"2023-04-08T15:09:28","modified_gmt":"2023-04-08T19:09:28","slug":"musica-ao-vivo-com-estilo-intimista-e-melodias-acolhedoras","status":"publish","type":"post","link":"https:\/\/blogdacondessa.com.br\/blog\/cultura\/musica-ao-vivo-com-estilo-intimista-e-melodias-acolhedoras\/","title":{"rendered":"\u2018M\u00fasica ao Vivo\u2019 com estilo intimista e melodias acolhedoras"},"content":{"rendered":"<p>Os visitantes das unidades do Servi\u00e7o Social do Com\u00e9rcio de Mato Grosso (Sesc-MT) podem esperar muita m\u00fasica boa neste m\u00eas. A institui\u00e7\u00e3o promove nos espa\u00e7os culturais diversas apresenta\u00e7\u00f5es de artistas regionais admirados pelo p\u00fablico, por meio do projeto \u2018M\u00fasica ao Vivo\u2019. A entrada \u00e9 gratuita. Confira as datas e hor\u00e1rio abaixo.<\/p>\n<p>A dupla F\u00e1tima e Marinho \u00e9 uma das atra\u00e7\u00f5es que encanta os frequentadores do Sesc Arsenal, em Cuiab\u00e1. Com agenda confirmada para o dia 14 deste m\u00eas, o casal que escolheu estender sua hist\u00f3ria a dois para os palcos, apresenta um repert\u00f3rio seleto com can\u00e7\u00f5es que transitam entre o chorinho e cl\u00e1ssicos da m\u00fasica popular brasileira.<\/p>\n<p>O \u2018M\u00fasica ao Vivo\u2019 no Arsenal come\u00e7a sempre \u00e0s 17h30, pr\u00f3ximo ao p\u00f4r do sol, e com um estilo intimista, recebe o p\u00fablico de quarta a domingo no jardim do pr\u00e9dio hist\u00f3rico. Os tons das melodias acolhedoras combinam com os petiscos e bebidas do card\u00e1pio do Espa\u00e7o de Alimenta\u00e7\u00e3o, al\u00e9m da chopeira de autoatendimento instalada recentemente no local.<\/p>\n<p>Al\u00e9m de F\u00e1tima e Marinho, tamb\u00e9m passam pelo Sesc Arsenal: Joel Delatorre, Branco Barros, Marcia Eliane, Wanessa Dias, Karola Nunes, Diva Barros e Viviane Cantarella.<\/p>\n<p>O Sesc Dr. Meirelles realiza as apresenta\u00e7\u00f5es aos domingos, durante o hor\u00e1rio de almo\u00e7o. Enquanto compartilham a mesa com familiares e amigos, os visitantes poder\u00e3o assistir Joel Delatorre, no dia 16 de abril, e o cantor Cris Chaves, em 30 de abril. O ingresso nesta unidade \u00e9 gratuito para comerci\u00e1rios, pessoa com defici\u00eancia, doadores de sangue e idosos.<\/p>\n<p>Gabriel Carmo ocupa a concha ac\u00fastica do Sesc Rondon\u00f3polis no dia 16 de abril, \u00e0s 12h. Ap\u00f3s fazer o p\u00fablico dan\u00e7ar com suas preferidas do forr\u00f3 em sua \u00faltima performance no espa\u00e7o, Gabriel preparou dessa vez um repert\u00f3rio de samba e levar\u00e1 os ouvintes a uma viagem no tempo, lembrando os hits do segmento musical.<\/p>\n<p>J\u00e1 o Sesc Poxor\u00e9u recebe Gigio nos dias 9 e 16 abril, a partir das 13h. Acompanhado do seu teclado, o artista apresenta seu repert\u00f3rio com m\u00fasicas populares brasileiras que ficaram conhecidas na voz de int\u00e9rpretes reconhecidos nacionalmente. A entrada \u00e9 gratuita.<\/p>\n<p>Servi\u00e7o<\/p>\n<p><strong>\u2018M\u00fasica Ao Vivo\u2019<br \/>\n<\/strong><br \/>\nQuando: Quartas-feiras, sextas, s\u00e1bados e domingos das 17h30 \u00e0s 21h<\/p>\n<p>Onde: Sesc Arsenal (Rua 13 de Junho, 1435 \u2013 Centro Sul, Cuiab\u00e1 \u2013 MT)<\/p>\n<p>Entrada gratuita<\/p>\n<p><strong>Programa\u00e7\u00e3o \u2018M\u00fasica ao Vivo\u2019 em abril no Sesc Arsenal<br \/>\n<\/strong><br \/>\n1\u00ba, 12 e 27 de abril &#8211;\u00a0Joel Delatorre<\/p>\n<p>2 e 22 de abril &#8211;\u00a0Branco Barros<\/p>\n<p>5, 13 e 29 de abril &#8211;\u00a0Marcia Eliane<\/p>\n<p>14 de abril &#8211;\u00a0F\u00e1tima e Marinho<\/p>\n<p>15, 23 e 28 de abril &#8211;\u00a0Wanessa Dias<\/p>\n<p>19 e 21 de abril &#8211;\u00a0Karola Nunes<\/p>\n<p>20 e 26 de abril &#8211;\u00a0Diva Barros<\/p>\n<p>30 de abril &#8211;\u00a0Viviane Cantarella<\/p>\n<p><strong>Programa\u00e7\u00e3o \u2018M\u00fasica ao Vivo\u2019 em abril no Sesc\u00a0Dr. Meirelles<br \/>\n<\/strong><br \/>\n\u2018M\u00fasica ao Vivo\u2019 com Joel Delatorre &#8211;\u00a016 de abril, \u00e0s 12h<\/p>\n<p>\u2018M\u00fasica ao Vivo\u2019 com o cantor Cris Chaves &#8211;\u00a030 de abril, \u00e0s 12h<\/p>\n<p>Onde: Sesc Dr. Meirelles (Av. Dr. Meirelles, n\u00ba 3.476, S\u00e3o Jo\u00e3o Del Rei, Cuiab\u00e1 \u2013 MT)<\/p>\n<p>Entrada: Gratuita para comerci\u00e1rios, pessoa com defici\u00eancia, doadores de sangue e idosos. P\u00fablico-geral: R$ 8,50 e R$17,00 \u00e0s sextas-feiras | S\u00e1bados e domingos R$17,00 e R$ 35,00.<\/p>\n<p><strong>Programa\u00e7\u00e3o \u2018M\u00fasica ao Vivo\u2019 em abril no Sesc\u00a0Rondon\u00f3polis<br \/>\n<\/strong><br \/>\n\u2018M\u00fasica ao Vivo\u2019 com Gabriel Carmo &#8211;\u00a016 de abril, \u00e0s 12h<\/p>\n<p>Onde: Sesc Rondon\u00f3polis (Alameda dos Cravos, s\/n \u2013 Quadra 197 \u2013 Residencial Colina Verde \u2013 Sagrada Fam\u00edlia \u2013 Rondon\u00f3polis \u2013 MT)<\/p>\n<p>Entrada gratuita<\/p>\n<p><strong>Programa\u00e7\u00e3o \u2018M\u00fasica ao Vivo\u2019 em abril no Sesc\u00a0Poxor\u00e9u<br \/>\n<\/strong><br \/>\n\u2018M\u00fasica ao Vivo\u2019 com Gigio &#8211;\u00a09 e 16 de abril, \u00e0s 13h<\/p>\n<p>Onde: Sesc Poxor\u00e9u (Rua Graciliano Ramos, s\/n, Jardim Tropical, Poxor\u00e9u \u2013 MT)<\/p>\n<p>Entrada gratuita<\/p>\n","protected":false},"excerpt":{"rendered":"<p>Os visitantes das unidades do Servi\u00e7o Social do Com\u00e9rcio de Mato Grosso (Sesc-MT) podem esperar muita m\u00fasica boa neste m\u00eas. A institui\u00e7\u00e3o promove nos espa\u00e7os culturais diversas apresenta\u00e7\u00f5es de artistas regionais admirados pelo p\u00fablico, por meio do projeto \u2018M\u00fasica ao Vivo\u2019. A entrada \u00e9 gratuita. Confira as datas e hor\u00e1rio abaixo. A dupla F\u00e1tima e [&hellip;]<\/p>\n","protected":false},"author":2,"featured_media":6779,"comment_status":"closed","ping_status":"closed","sticky":false,"template":"","format":"standard","meta":{"iawp_total_views":0,"footnotes":""},"categories":[18],"tags":[],"class_list":["post-6778","post","type-post","status-publish","format-standard","has-post-thumbnail","hentry","category-cultura"],"yoast_head":"<!-- This site is optimized with the Yoast SEO plugin v27.3 - https:\/\/yoast.com\/product\/yoast-seo-wordpress\/ -->\n<title>\u2018M\u00fasica ao Vivo\u2019 com estilo intimista e melodias acolhedoras &#8902; Blog da Condessa<\/title>\n<meta name=\"robots\" content=\"index, follow, max-snippet:-1, max-image-preview:large, max-video-preview:-1\" \/>\n<link rel=\"canonical\" href=\"https:\/\/blogdacondessa.com.br\/blog\/cultura\/musica-ao-vivo-com-estilo-intimista-e-melodias-acolhedoras\/\" \/>\n<meta property=\"og:locale\" content=\"pt_BR\" \/>\n<meta property=\"og:type\" content=\"article\" \/>\n<meta property=\"og:title\" content=\"\u2018M\u00fasica ao Vivo\u2019 com estilo intimista e melodias acolhedoras &#8902; Blog da Condessa\" \/>\n<meta property=\"og:description\" content=\"Os visitantes das unidades do Servi\u00e7o Social do Com\u00e9rcio de Mato Grosso (Sesc-MT) podem esperar muita m\u00fasica boa neste m\u00eas. A institui\u00e7\u00e3o promove nos espa\u00e7os culturais diversas apresenta\u00e7\u00f5es de artistas regionais admirados pelo p\u00fablico, por meio do projeto \u2018M\u00fasica ao Vivo\u2019. A entrada \u00e9 gratuita. Confira as datas e hor\u00e1rio abaixo. A dupla F\u00e1tima e [&hellip;]\" \/>\n<meta property=\"og:url\" content=\"https:\/\/blogdacondessa.com.br\/blog\/cultura\/musica-ao-vivo-com-estilo-intimista-e-melodias-acolhedoras\/\" \/>\n<meta property=\"og:site_name\" content=\"Blog da Condessa\" \/>\n<meta property=\"article:published_time\" content=\"2023-04-09T09:00:01+00:00\" \/>\n<meta property=\"og:image\" content=\"https:\/\/blogdacondessa.com.br\/blog\/wp-content\/uploads\/2023\/04\/musica-ao-vivo-no-sesc-arsenal.jpg\" \/>\n\t<meta property=\"og:image:width\" content=\"920\" \/>\n\t<meta property=\"og:image:height\" content=\"920\" \/>\n\t<meta property=\"og:image:type\" content=\"image\/jpeg\" \/>\n<meta name=\"author\" content=\"Blog da Condessa\" \/>\n<meta name=\"twitter:card\" content=\"summary_large_image\" \/>\n<meta name=\"twitter:label1\" content=\"Escrito por\" \/>\n\t<meta name=\"twitter:data1\" content=\"Blog da Condessa\" \/>\n\t<meta name=\"twitter:label2\" content=\"Est. tempo de leitura\" \/>\n\t<meta name=\"twitter:data2\" content=\"4 minutos\" \/>\n<script type=\"application\/ld+json\" class=\"yoast-schema-graph\">{\"@context\":\"https:\\\/\\\/schema.org\",\"@graph\":[{\"@type\":\"Article\",\"@id\":\"https:\\\/\\\/blogdacondessa.com.br\\\/blog\\\/cultura\\\/musica-ao-vivo-com-estilo-intimista-e-melodias-acolhedoras\\\/#article\",\"isPartOf\":{\"@id\":\"https:\\\/\\\/blogdacondessa.com.br\\\/blog\\\/cultura\\\/musica-ao-vivo-com-estilo-intimista-e-melodias-acolhedoras\\\/\"},\"author\":{\"name\":\"Blog da Condessa\",\"@id\":\"https:\\\/\\\/blogdacondessa.com.br\\\/blog\\\/#\\\/schema\\\/person\\\/1d667ff8b785195b568677489d266035\"},\"headline\":\"\u2018M\u00fasica ao Vivo\u2019 com estilo intimista e melodias acolhedoras\",\"datePublished\":\"2023-04-09T09:00:01+00:00\",\"mainEntityOfPage\":{\"@id\":\"https:\\\/\\\/blogdacondessa.com.br\\\/blog\\\/cultura\\\/musica-ao-vivo-com-estilo-intimista-e-melodias-acolhedoras\\\/\"},\"wordCount\":649,\"image\":{\"@id\":\"https:\\\/\\\/blogdacondessa.com.br\\\/blog\\\/cultura\\\/musica-ao-vivo-com-estilo-intimista-e-melodias-acolhedoras\\\/#primaryimage\"},\"thumbnailUrl\":\"https:\\\/\\\/blogdacondessa.com.br\\\/blog\\\/wp-content\\\/uploads\\\/2023\\\/04\\\/musica-ao-vivo-no-sesc-arsenal.jpg\",\"articleSection\":[\"Cultura\"],\"inLanguage\":\"pt-BR\"},{\"@type\":\"WebPage\",\"@id\":\"https:\\\/\\\/blogdacondessa.com.br\\\/blog\\\/cultura\\\/musica-ao-vivo-com-estilo-intimista-e-melodias-acolhedoras\\\/\",\"url\":\"https:\\\/\\\/blogdacondessa.com.br\\\/blog\\\/cultura\\\/musica-ao-vivo-com-estilo-intimista-e-melodias-acolhedoras\\\/\",\"name\":\"\u2018M\u00fasica ao Vivo\u2019 com estilo intimista e melodias acolhedoras &#8902; Blog da Condessa\",\"isPartOf\":{\"@id\":\"https:\\\/\\\/blogdacondessa.com.br\\\/blog\\\/#website\"},\"primaryImageOfPage\":{\"@id\":\"https:\\\/\\\/blogdacondessa.com.br\\\/blog\\\/cultura\\\/musica-ao-vivo-com-estilo-intimista-e-melodias-acolhedoras\\\/#primaryimage\"},\"image\":{\"@id\":\"https:\\\/\\\/blogdacondessa.com.br\\\/blog\\\/cultura\\\/musica-ao-vivo-com-estilo-intimista-e-melodias-acolhedoras\\\/#primaryimage\"},\"thumbnailUrl\":\"https:\\\/\\\/blogdacondessa.com.br\\\/blog\\\/wp-content\\\/uploads\\\/2023\\\/04\\\/musica-ao-vivo-no-sesc-arsenal.jpg\",\"datePublished\":\"2023-04-09T09:00:01+00:00\",\"author\":{\"@id\":\"https:\\\/\\\/blogdacondessa.com.br\\\/blog\\\/#\\\/schema\\\/person\\\/1d667ff8b785195b568677489d266035\"},\"breadcrumb\":{\"@id\":\"https:\\\/\\\/blogdacondessa.com.br\\\/blog\\\/cultura\\\/musica-ao-vivo-com-estilo-intimista-e-melodias-acolhedoras\\\/#breadcrumb\"},\"inLanguage\":\"pt-BR\",\"potentialAction\":[{\"@type\":\"ReadAction\",\"target\":[\"https:\\\/\\\/blogdacondessa.com.br\\\/blog\\\/cultura\\\/musica-ao-vivo-com-estilo-intimista-e-melodias-acolhedoras\\\/\"]}]},{\"@type\":\"ImageObject\",\"inLanguage\":\"pt-BR\",\"@id\":\"https:\\\/\\\/blogdacondessa.com.br\\\/blog\\\/cultura\\\/musica-ao-vivo-com-estilo-intimista-e-melodias-acolhedoras\\\/#primaryimage\",\"url\":\"https:\\\/\\\/blogdacondessa.com.br\\\/blog\\\/wp-content\\\/uploads\\\/2023\\\/04\\\/musica-ao-vivo-no-sesc-arsenal.jpg\",\"contentUrl\":\"https:\\\/\\\/blogdacondessa.com.br\\\/blog\\\/wp-content\\\/uploads\\\/2023\\\/04\\\/musica-ao-vivo-no-sesc-arsenal.jpg\",\"width\":920,\"height\":920,\"caption\":\"Foto: Divulga\u00e7\u00e3o\"},{\"@type\":\"BreadcrumbList\",\"@id\":\"https:\\\/\\\/blogdacondessa.com.br\\\/blog\\\/cultura\\\/musica-ao-vivo-com-estilo-intimista-e-melodias-acolhedoras\\\/#breadcrumb\",\"itemListElement\":[{\"@type\":\"ListItem\",\"position\":1,\"name\":\"In\u00edcio\",\"item\":\"https:\\\/\\\/blogdacondessa.com.br\\\/blog\\\/\"},{\"@type\":\"ListItem\",\"position\":2,\"name\":\"\u2018M\u00fasica ao Vivo\u2019 com estilo intimista e melodias acolhedoras\"}]},{\"@type\":\"WebSite\",\"@id\":\"https:\\\/\\\/blogdacondessa.com.br\\\/blog\\\/#website\",\"url\":\"https:\\\/\\\/blogdacondessa.com.br\\\/blog\\\/\",\"name\":\"Blog da Condessa\",\"description\":\"Com Shirley de Souza O\u2019Campos\",\"potentialAction\":[{\"@type\":\"SearchAction\",\"target\":{\"@type\":\"EntryPoint\",\"urlTemplate\":\"https:\\\/\\\/blogdacondessa.com.br\\\/blog\\\/?s={search_term_string}\"},\"query-input\":{\"@type\":\"PropertyValueSpecification\",\"valueRequired\":true,\"valueName\":\"search_term_string\"}}],\"inLanguage\":\"pt-BR\"},{\"@type\":\"Person\",\"@id\":\"https:\\\/\\\/blogdacondessa.com.br\\\/blog\\\/#\\\/schema\\\/person\\\/1d667ff8b785195b568677489d266035\",\"name\":\"Blog da Condessa\",\"image\":{\"@type\":\"ImageObject\",\"inLanguage\":\"pt-BR\",\"@id\":\"https:\\\/\\\/secure.gravatar.com\\\/avatar\\\/377c0eb8b4ad2bfc25461b41564b5971e721ca34a57642868fc7b0c8ac7b52c5?s=96&d=mm&r=g\",\"url\":\"https:\\\/\\\/secure.gravatar.com\\\/avatar\\\/377c0eb8b4ad2bfc25461b41564b5971e721ca34a57642868fc7b0c8ac7b52c5?s=96&d=mm&r=g\",\"contentUrl\":\"https:\\\/\\\/secure.gravatar.com\\\/avatar\\\/377c0eb8b4ad2bfc25461b41564b5971e721ca34a57642868fc7b0c8ac7b52c5?s=96&d=mm&r=g\",\"caption\":\"Blog da Condessa\"},\"url\":\"https:\\\/\\\/blogdacondessa.com.br\\\/blog\\\/author\\\/beatriz\\\/\"}]}<\/script>\n<!-- \/ Yoast SEO plugin. -->","yoast_head_json":{"title":"\u2018M\u00fasica ao Vivo\u2019 com estilo intimista e melodias acolhedoras &#8902; Blog da Condessa","robots":{"index":"index","follow":"follow","max-snippet":"max-snippet:-1","max-image-preview":"max-image-preview:large","max-video-preview":"max-video-preview:-1"},"canonical":"https:\/\/blogdacondessa.com.br\/blog\/cultura\/musica-ao-vivo-com-estilo-intimista-e-melodias-acolhedoras\/","og_locale":"pt_BR","og_type":"article","og_title":"\u2018M\u00fasica ao Vivo\u2019 com estilo intimista e melodias acolhedoras &#8902; Blog da Condessa","og_description":"Os visitantes das unidades do Servi\u00e7o Social do Com\u00e9rcio de Mato Grosso (Sesc-MT) podem esperar muita m\u00fasica boa neste m\u00eas. A institui\u00e7\u00e3o promove nos espa\u00e7os culturais diversas apresenta\u00e7\u00f5es de artistas regionais admirados pelo p\u00fablico, por meio do projeto \u2018M\u00fasica ao Vivo\u2019. A entrada \u00e9 gratuita. Confira as datas e hor\u00e1rio abaixo. A dupla F\u00e1tima e [&hellip;]","og_url":"https:\/\/blogdacondessa.com.br\/blog\/cultura\/musica-ao-vivo-com-estilo-intimista-e-melodias-acolhedoras\/","og_site_name":"Blog da Condessa","article_published_time":"2023-04-09T09:00:01+00:00","og_image":[{"width":920,"height":920,"url":"https:\/\/blogdacondessa.com.br\/blog\/wp-content\/uploads\/2023\/04\/musica-ao-vivo-no-sesc-arsenal.jpg","type":"image\/jpeg"}],"author":"Blog da Condessa","twitter_card":"summary_large_image","twitter_misc":{"Escrito por":"Blog da Condessa","Est. tempo de leitura":"4 minutos"},"schema":{"@context":"https:\/\/schema.org","@graph":[{"@type":"Article","@id":"https:\/\/blogdacondessa.com.br\/blog\/cultura\/musica-ao-vivo-com-estilo-intimista-e-melodias-acolhedoras\/#article","isPartOf":{"@id":"https:\/\/blogdacondessa.com.br\/blog\/cultura\/musica-ao-vivo-com-estilo-intimista-e-melodias-acolhedoras\/"},"author":{"name":"Blog da Condessa","@id":"https:\/\/blogdacondessa.com.br\/blog\/#\/schema\/person\/1d667ff8b785195b568677489d266035"},"headline":"\u2018M\u00fasica ao Vivo\u2019 com estilo intimista e melodias acolhedoras","datePublished":"2023-04-09T09:00:01+00:00","mainEntityOfPage":{"@id":"https:\/\/blogdacondessa.com.br\/blog\/cultura\/musica-ao-vivo-com-estilo-intimista-e-melodias-acolhedoras\/"},"wordCount":649,"image":{"@id":"https:\/\/blogdacondessa.com.br\/blog\/cultura\/musica-ao-vivo-com-estilo-intimista-e-melodias-acolhedoras\/#primaryimage"},"thumbnailUrl":"https:\/\/blogdacondessa.com.br\/blog\/wp-content\/uploads\/2023\/04\/musica-ao-vivo-no-sesc-arsenal.jpg","articleSection":["Cultura"],"inLanguage":"pt-BR"},{"@type":"WebPage","@id":"https:\/\/blogdacondessa.com.br\/blog\/cultura\/musica-ao-vivo-com-estilo-intimista-e-melodias-acolhedoras\/","url":"https:\/\/blogdacondessa.com.br\/blog\/cultura\/musica-ao-vivo-com-estilo-intimista-e-melodias-acolhedoras\/","name":"\u2018M\u00fasica ao Vivo\u2019 com estilo intimista e melodias acolhedoras &#8902; Blog da Condessa","isPartOf":{"@id":"https:\/\/blogdacondessa.com.br\/blog\/#website"},"primaryImageOfPage":{"@id":"https:\/\/blogdacondessa.com.br\/blog\/cultura\/musica-ao-vivo-com-estilo-intimista-e-melodias-acolhedoras\/#primaryimage"},"image":{"@id":"https:\/\/blogdacondessa.com.br\/blog\/cultura\/musica-ao-vivo-com-estilo-intimista-e-melodias-acolhedoras\/#primaryimage"},"thumbnailUrl":"https:\/\/blogdacondessa.com.br\/blog\/wp-content\/uploads\/2023\/04\/musica-ao-vivo-no-sesc-arsenal.jpg","datePublished":"2023-04-09T09:00:01+00:00","author":{"@id":"https:\/\/blogdacondessa.com.br\/blog\/#\/schema\/person\/1d667ff8b785195b568677489d266035"},"breadcrumb":{"@id":"https:\/\/blogdacondessa.com.br\/blog\/cultura\/musica-ao-vivo-com-estilo-intimista-e-melodias-acolhedoras\/#breadcrumb"},"inLanguage":"pt-BR","potentialAction":[{"@type":"ReadAction","target":["https:\/\/blogdacondessa.com.br\/blog\/cultura\/musica-ao-vivo-com-estilo-intimista-e-melodias-acolhedoras\/"]}]},{"@type":"ImageObject","inLanguage":"pt-BR","@id":"https:\/\/blogdacondessa.com.br\/blog\/cultura\/musica-ao-vivo-com-estilo-intimista-e-melodias-acolhedoras\/#primaryimage","url":"https:\/\/blogdacondessa.com.br\/blog\/wp-content\/uploads\/2023\/04\/musica-ao-vivo-no-sesc-arsenal.jpg","contentUrl":"https:\/\/blogdacondessa.com.br\/blog\/wp-content\/uploads\/2023\/04\/musica-ao-vivo-no-sesc-arsenal.jpg","width":920,"height":920,"caption":"Foto: Divulga\u00e7\u00e3o"},{"@type":"BreadcrumbList","@id":"https:\/\/blogdacondessa.com.br\/blog\/cultura\/musica-ao-vivo-com-estilo-intimista-e-melodias-acolhedoras\/#breadcrumb","itemListElement":[{"@type":"ListItem","position":1,"name":"In\u00edcio","item":"https:\/\/blogdacondessa.com.br\/blog\/"},{"@type":"ListItem","position":2,"name":"\u2018M\u00fasica ao Vivo\u2019 com estilo intimista e melodias acolhedoras"}]},{"@type":"WebSite","@id":"https:\/\/blogdacondessa.com.br\/blog\/#website","url":"https:\/\/blogdacondessa.com.br\/blog\/","name":"Blog da Condessa","description":"Com Shirley de Souza O\u2019Campos","potentialAction":[{"@type":"SearchAction","target":{"@type":"EntryPoint","urlTemplate":"https:\/\/blogdacondessa.com.br\/blog\/?s={search_term_string}"},"query-input":{"@type":"PropertyValueSpecification","valueRequired":true,"valueName":"search_term_string"}}],"inLanguage":"pt-BR"},{"@type":"Person","@id":"https:\/\/blogdacondessa.com.br\/blog\/#\/schema\/person\/1d667ff8b785195b568677489d266035","name":"Blog da Condessa","image":{"@type":"ImageObject","inLanguage":"pt-BR","@id":"https:\/\/secure.gravatar.com\/avatar\/377c0eb8b4ad2bfc25461b41564b5971e721ca34a57642868fc7b0c8ac7b52c5?s=96&d=mm&r=g","url":"https:\/\/secure.gravatar.com\/avatar\/377c0eb8b4ad2bfc25461b41564b5971e721ca34a57642868fc7b0c8ac7b52c5?s=96&d=mm&r=g","contentUrl":"https:\/\/secure.gravatar.com\/avatar\/377c0eb8b4ad2bfc25461b41564b5971e721ca34a57642868fc7b0c8ac7b52c5?s=96&d=mm&r=g","caption":"Blog da Condessa"},"url":"https:\/\/blogdacondessa.com.br\/blog\/author\/beatriz\/"}]}},"_links":{"self":[{"href":"https:\/\/blogdacondessa.com.br\/blog\/wp-json\/wp\/v2\/posts\/6778","targetHints":{"allow":["GET"]}}],"collection":[{"href":"https:\/\/blogdacondessa.com.br\/blog\/wp-json\/wp\/v2\/posts"}],"about":[{"href":"https:\/\/blogdacondessa.com.br\/blog\/wp-json\/wp\/v2\/types\/post"}],"author":[{"embeddable":true,"href":"https:\/\/blogdacondessa.com.br\/blog\/wp-json\/wp\/v2\/users\/2"}],"replies":[{"embeddable":true,"href":"https:\/\/blogdacondessa.com.br\/blog\/wp-json\/wp\/v2\/comments?post=6778"}],"version-history":[{"count":0,"href":"https:\/\/blogdacondessa.com.br\/blog\/wp-json\/wp\/v2\/posts\/6778\/revisions"}],"wp:featuredmedia":[{"embeddable":true,"href":"https:\/\/blogdacondessa.com.br\/blog\/wp-json\/wp\/v2\/media\/6779"}],"wp:attachment":[{"href":"https:\/\/blogdacondessa.com.br\/blog\/wp-json\/wp\/v2\/media?parent=6778"}],"wp:term":[{"taxonomy":"category","embeddable":true,"href":"https:\/\/blogdacondessa.com.br\/blog\/wp-json\/wp\/v2\/categories?post=6778"},{"taxonomy":"post_tag","embeddable":true,"href":"https:\/\/blogdacondessa.com.br\/blog\/wp-json\/wp\/v2\/tags?post=6778"}],"curies":[{"name":"wp","href":"https:\/\/api.w.org\/{rel}","templated":true}]}}