{"id":6766,"date":"2023-04-08T05:00:07","date_gmt":"2023-04-08T09:00:07","guid":{"rendered":"http:\/\/blogdacondessa.com.br\/?p=6766"},"modified":"2023-04-06T10:22:57","modified_gmt":"2023-04-06T14:22:57","slug":"politica-de-drogas-causa-exterminio-de-jovens-negros-diz-pesquisadora","status":"publish","type":"post","link":"https:\/\/blogdacondessa.com.br\/blog\/cotidiano\/politica-de-drogas-causa-exterminio-de-jovens-negros-diz-pesquisadora\/","title":{"rendered":"Pol\u00edtica de drogas causa exterm\u00ednio de jovens negros, diz pesquisadora"},"content":{"rendered":"<p>Mulheres presas acusadas de tr\u00e1fico de drogas s\u00e3o na maioria negras e com poucas oportunidades de estudar, diz a pesquisadora Dina Alves que analisa as condi\u00e7\u00f5es de mulheres encarceradas.<\/p>\n<p>\u201cA pol\u00edtica de drogas \u00e9 instrumento de exterm\u00ednio da juventude negra. Porque s\u00e3o jovens e s\u00e3o negras. S\u00e3o mulheres que nem sequer tiveram a oportunidade de acessar a universidade\u201d, enfatiza.<\/p>\n<p>Para a pesquisadora, a forma como est\u00e1 estabelecido o combate aos mercados il\u00edcitos de drogas \u00e9 uma maneira de perseguir popula\u00e7\u00f5es sem oportunidades. \u201cSe as mulheres negras que est\u00e3o encarceradas comp\u00f5em o mesmo perfil de mulheres negras fora do sistema prisional que est\u00e3o desempregadas, que s\u00e3o m\u00e3es com mais de um, dois ou tr\u00eas filhos, que exercem fun\u00e7\u00e3o muitas vezes de subemprego \u2013 de empregada dom\u00e9stica, de bab\u00e1, de faxineira ou de vendedoras ambulantes \u2013 elas j\u00e1 est\u00e3o em um lugar de vulnerabilidade\u201d, aponta.<\/p>\n<p><strong>Persegui\u00e7\u00e3o a negras e perif\u00e9ricas<\/strong><\/p>\n<p>Essas mulheres s\u00e3o atingidas ainda, segundo Dina, pela forma como as a\u00e7\u00f5es que t\u00eam como pretexto o enfrentamento ao tr\u00e1fico de drogas s\u00e3o direcionadas a determinadas comunidades.<\/p>\n<p>\u201cAs mulheres que s\u00e3o acusadas de tr\u00e1fico com penas muito severas sobre os seus corpos, n\u00e3o exerciam nenhuma fun\u00e7\u00e3o de ger\u00eancia no microtr\u00e1fico de drogas. Muitas estavam no varejo ou exerciam um lugar de aproxima\u00e7\u00e3o ao que se chama de tr\u00e1fico. Porque elas j\u00e1 moram em comunidades criminalizadas como lugar de produ\u00e7\u00e3o do tr\u00e1fico\u201d, acrescenta.<\/p>\n<p>Como marco nesse processo, a pesquisadora destaca a promulga\u00e7\u00e3o da lei de drogas de 2006, que estabeleceu penas mais duras \u00e0s pessoas acusadas de tr\u00e1fico. Essa mudan\u00e7a, na vis\u00e3o de Dina, faz parte de um recrudescimento da repress\u00e3o a n\u00edvel global que aconteceu a partir da d\u00e9cada de 1990.<\/p>\n<p>\u201cDesde que a lei foi promulgada, a gente v\u00ea um alarmante crescimento de mulheres encarceradas sob a justificativa que s\u00e3o perigosas traficantes de drogas\u201d, diz. \u201cDe 2000 a 2016, se a gente for fazer esse recorte, foi um crescimento de 525% &#8211; encarceramento de mulheres\u201d, acrescenta.<\/p>\n<p>O fato dessas pris\u00f5es atingirem, na grande maioria, pessoas negras, \u00e9, na avalia\u00e7\u00e3o da pesquisadora, um reflexo do racismo que descende do regime escravocrata brasileiro, que vigorou legalmente at\u00e9 1888. \u201cSe existe uma persegui\u00e7\u00e3o hist\u00f3rica contra negros e ind\u00edgenas no Brasil, a gente tem que enxergar e compreender o sistema de justi\u00e7a criminal como um dos bra\u00e7os mais expressivos do Estado de exterm\u00ednio dessa popula\u00e7\u00e3o\u201d.<\/p>\n<p><strong>Sem condena\u00e7\u00e3o e sem estudo<\/strong><\/p>\n<p>Dados do Sistema de Informa\u00e7\u00f5es do Departamento Penitenci\u00e1rio Nacional do Minist\u00e9rio da Justi\u00e7a (Sisdepen) apontam que, em junho de 2022, estavam nas pris\u00f5es brasileiras 45,5 mil mulheres. Dessas, pelo menos 29%, cerca de 13,2 mil, n\u00e3o tinham condena\u00e7\u00e3o.<\/p>\n<p>As informa\u00e7\u00f5es relativas ao perfil racial e a escolaridade s\u00f3 abrangem 33,3 mil das encarceradas. Nessa amostragem, o n\u00famero de analfabetas, que totalizam 675, supera daquelas que tem curso superior (661). H\u00e1 ainda 1,5 mil que s\u00e3o alfabetizadas, mas n\u00e3o frequentaram o ensino regular e 13,8 mil que n\u00e3o conclu\u00edram o ensino fundamental.<\/p>\n<p>Dina alerta que \u00e9 preciso ter cuidado ao fazer an\u00e1lises a partir das informa\u00e7\u00f5es fornecidos pelo Poder P\u00fablico, que tem sido, segundo ela, um dos principais violadores de direitos dessas popula\u00e7\u00f5es. \u201cA gente n\u00e3o pode confiar nos dados que o Estado produz sobre as suas pr\u00f3prias viola\u00e7\u00f5es\u201d, afirma.<\/p>\n<p>Por isso, em seus trabalhos, ela tem optado por ouvir diretamente as pessoas afetadas. \u201cExistem outros dados que devem tamb\u00e9m ser considerados que s\u00e3o as narrativas que se produzem dentro do sistema prisional, a narrativa das mulheres\u201d, ressalta. Essas escutas embasaram o espet\u00e1culo de Dan\u00e7a R\u00e9s, montado pela Corp\u00f3rea Companhia de Corpos em 2017.<\/p>\n<p><strong>Indulto e desencarceramento<\/strong><\/p>\n<p>A soci\u00f3loga e cofundadora da Iniciativa Negra por uma Nova Pol\u00edtica de Drogas, Nath\u00e1lia Oliveira, defende que seja feita uma inflex\u00e3o na forma como o Estado brasileiro lida com a quest\u00e3o das drogas.<\/p>\n<p>\u201cA gente pode ter neste ano um bom indulto de mulheres. Muitas dessas mulheres s\u00e3o presas por baixas quantidades, s\u00e3o v\u00edtimas do tr\u00e1fico de drogas, n\u00e3o necessariamente apenas agentes de viol\u00eancia, como \u00e9 colocado pela m\u00eddia\u201d, diz ao defender que o presidente Luiz In\u00e1cio Lula da Silva promova uma anistia a mulheres presas por acusa\u00e7\u00f5es de tr\u00e1fico a partir do indulto presidencial. \u00c9 costume que na \u00e9poca de Natal o presidente conceda perd\u00e3o a grupos de pessoas condenadas.<\/p>\n<p>Esse gesto poderia, na opini\u00e3o de Nath\u00e1lia, ser um indicativo de mudan\u00e7a na atual pol\u00edtica de drogas. \u201cPrecisamos desenvolver uma rela\u00e7\u00e3o pac\u00edfica com a ind\u00fastria que envolve a produ\u00e7\u00e3o, circula\u00e7\u00e3o e consumo de subst\u00e2ncias em geral. Uma rela\u00e7\u00e3o racional do ponto de vista da nossa sociedade. Isso \u00e9 fundamental. N\u00e3o faz sentido a gente ficar investindo o nosso or\u00e7amento p\u00fablico em uma agenda de morte em vez de investir em uma agenda de garantia de direitos\u201d, ressalta.<\/p>\n<p>A secretaria Nacional de Pol\u00edticas sobre Drogas, Martha Machado, diz que o Minist\u00e9rio da Justi\u00e7a n\u00e3o deve atuar pela mudan\u00e7a na atual legisla\u00e7\u00e3o sobre o tema. \u201cEssas decis\u00f5es devem ser resolvidas ou pelo STF [Supremo Tribunal Federal] ou pelo legislativo\u201d, diz. O minist\u00e9rio promoveu em mar\u00e7o um semin\u00e1rio sobre os impactos da pol\u00edtica de drogas na popula\u00e7\u00e3o feminina e lan\u00e7ou um edital, com inscri\u00e7\u00f5es at\u00e9 21 de abril, para apoiar grupos que trabalham com essas pessoas.<\/p>\n<p>Segundo Marta, a secretaria tem feito a\u00e7\u00f5es para reduzir o n\u00famero de mulheres presas acusadas de tr\u00e1fico. \u201cA gente j\u00e1 tem uma lei que n\u00e3o penaliza o usu\u00e1rio. A gente entende que tem muito o que fazer para evitar os vieses de aplica\u00e7\u00e3o dessa lei. Trabalhar junto \u00e0s audi\u00eancias de cust\u00f3dia. Existe uma experi\u00eancia exitosa no CNJ [Conselho Nacional de Justi\u00e7a] de fomentar as audi\u00eancias de cust\u00f3dia, de melhorar a qualidade, de trabalhar na porta de entrada do sistema de justi\u00e7a criminal, auxiliando o juiz\u201d, diz.<\/p>\n<p>As audi\u00eancias de cust\u00f3dia s\u00e3o o momento em que as pessoas presas em flagrante s\u00e3o ouvidas por um juiz para averiguar a legalidade ou necessidade daquela pessoa ser mantida privada de liberdade. Nessa ocasi\u00e3o, o magistrado pode optar por liberar o acusado ou determinar medidas cautelares, como uso de tornozeleira eletr\u00f4nica, em substitui\u00e7\u00e3o \u00e0 pris\u00e3o.<\/p>\n<p>\u201cEnt\u00e3o, a gente tem como modelo de ter uma rede psicossocial de profissionais \u2013 psic\u00f3logos, assistentes sociais, pessoas ligadas ao sistema de sa\u00fade que, por exemplo, atendem essa pessoa antes do encaminhamento ao juiz e conseguem fazer um laudo que ajude o juiz. O laudo pode mostrar mais claramente se a pessoa \u00e9 usu\u00e1ria ou traficante. Nessa separa\u00e7\u00e3o a gente acha que isso \u00e9 muito importante\u201d, acrescenta a secretaria.<\/p>\n<p>Dina Alves defende a ado\u00e7\u00e3o de uma agenda ampla de desencarceramento e de reconhecimento dos erros cometidos pela pol\u00edtica institu\u00edda at\u00e9 aqui. \u201cUm dos primeiros passos \u00e9 reconhecer essa mem\u00f3ria escravocrata, que \u00e9 p\u00f3stuma na mem\u00f3ria e na exist\u00eancia das institui\u00e7\u00f5es. Reconhecer a forma\u00e7\u00e3o pol\u00edtica, com perspectiva racial para a sociedade. Mas, principalmente, eu acho que o c\u00e1rcere precisa ser aberto na sociedade. A gente precisa falar sobre a desmilitariza\u00e7\u00e3o da pol\u00edcia como agenda urgente. E tamb\u00e9m pol\u00edticas de desencareramento. Que as pol\u00edticas de desencarceramento sejam efetivas\u201d. (Fonte: Ag\u00eancia Brasil)<\/p>\n<p>&nbsp;<\/p>\n","protected":false},"excerpt":{"rendered":"<p>Mulheres presas acusadas de tr\u00e1fico de drogas s\u00e3o na maioria negras e com poucas oportunidades de estudar, diz a pesquisadora Dina Alves que analisa as condi\u00e7\u00f5es de mulheres encarceradas. \u201cA pol\u00edtica de drogas \u00e9 instrumento de exterm\u00ednio da juventude negra. Porque s\u00e3o jovens e s\u00e3o negras. S\u00e3o mulheres que nem sequer tiveram a oportunidade de [&hellip;]<\/p>\n","protected":false},"author":2,"featured_media":6767,"comment_status":"closed","ping_status":"closed","sticky":false,"template":"","format":"standard","meta":{"iawp_total_views":0,"footnotes":""},"categories":[24],"tags":[],"class_list":["post-6766","post","type-post","status-publish","format-standard","has-post-thumbnail","hentry","category-cotidiano"],"yoast_head":"<!-- This site is optimized with the Yoast SEO plugin v27.3 - https:\/\/yoast.com\/product\/yoast-seo-wordpress\/ -->\n<title>Pol\u00edtica de drogas causa exterm\u00ednio de jovens negros, diz pesquisadora &#8902; Blog da Condessa<\/title>\n<meta name=\"robots\" content=\"index, follow, max-snippet:-1, max-image-preview:large, max-video-preview:-1\" \/>\n<link rel=\"canonical\" href=\"https:\/\/blogdacondessa.com.br\/blog\/cotidiano\/politica-de-drogas-causa-exterminio-de-jovens-negros-diz-pesquisadora\/\" \/>\n<meta property=\"og:locale\" content=\"pt_BR\" \/>\n<meta property=\"og:type\" content=\"article\" \/>\n<meta property=\"og:title\" content=\"Pol\u00edtica de drogas causa exterm\u00ednio de jovens negros, diz pesquisadora &#8902; Blog da Condessa\" \/>\n<meta property=\"og:description\" content=\"Mulheres presas acusadas de tr\u00e1fico de drogas s\u00e3o na maioria negras e com poucas oportunidades de estudar, diz a pesquisadora Dina Alves que analisa as condi\u00e7\u00f5es de mulheres encarceradas. \u201cA pol\u00edtica de drogas \u00e9 instrumento de exterm\u00ednio da juventude negra. Porque s\u00e3o jovens e s\u00e3o negras. S\u00e3o mulheres que nem sequer tiveram a oportunidade de [&hellip;]\" \/>\n<meta property=\"og:url\" content=\"https:\/\/blogdacondessa.com.br\/blog\/cotidiano\/politica-de-drogas-causa-exterminio-de-jovens-negros-diz-pesquisadora\/\" \/>\n<meta property=\"og:site_name\" content=\"Blog da Condessa\" \/>\n<meta property=\"article:published_time\" content=\"2023-04-08T09:00:07+00:00\" \/>\n<meta property=\"og:image\" content=\"https:\/\/blogdacondessa.com.br\/blog\/wp-content\/uploads\/2023\/04\/mulheres-negras-no-trafico.jpg\" \/>\n\t<meta property=\"og:image:width\" content=\"1170\" \/>\n\t<meta property=\"og:image:height\" content=\"700\" \/>\n\t<meta property=\"og:image:type\" content=\"image\/jpeg\" \/>\n<meta name=\"author\" content=\"Blog da Condessa\" \/>\n<meta name=\"twitter:card\" content=\"summary_large_image\" \/>\n<meta name=\"twitter:label1\" content=\"Escrito por\" \/>\n\t<meta name=\"twitter:data1\" content=\"Blog da Condessa\" \/>\n\t<meta name=\"twitter:label2\" content=\"Est. tempo de leitura\" \/>\n\t<meta name=\"twitter:data2\" content=\"7 minutos\" \/>\n<script type=\"application\/ld+json\" class=\"yoast-schema-graph\">{\"@context\":\"https:\\\/\\\/schema.org\",\"@graph\":[{\"@type\":\"Article\",\"@id\":\"https:\\\/\\\/blogdacondessa.com.br\\\/blog\\\/cotidiano\\\/politica-de-drogas-causa-exterminio-de-jovens-negros-diz-pesquisadora\\\/#article\",\"isPartOf\":{\"@id\":\"https:\\\/\\\/blogdacondessa.com.br\\\/blog\\\/cotidiano\\\/politica-de-drogas-causa-exterminio-de-jovens-negros-diz-pesquisadora\\\/\"},\"author\":{\"name\":\"Blog da Condessa\",\"@id\":\"https:\\\/\\\/blogdacondessa.com.br\\\/blog\\\/#\\\/schema\\\/person\\\/1d667ff8b785195b568677489d266035\"},\"headline\":\"Pol\u00edtica de drogas causa exterm\u00ednio de jovens negros, diz pesquisadora\",\"datePublished\":\"2023-04-08T09:00:07+00:00\",\"mainEntityOfPage\":{\"@id\":\"https:\\\/\\\/blogdacondessa.com.br\\\/blog\\\/cotidiano\\\/politica-de-drogas-causa-exterminio-de-jovens-negros-diz-pesquisadora\\\/\"},\"wordCount\":1303,\"image\":{\"@id\":\"https:\\\/\\\/blogdacondessa.com.br\\\/blog\\\/cotidiano\\\/politica-de-drogas-causa-exterminio-de-jovens-negros-diz-pesquisadora\\\/#primaryimage\"},\"thumbnailUrl\":\"https:\\\/\\\/blogdacondessa.com.br\\\/blog\\\/wp-content\\\/uploads\\\/2023\\\/04\\\/mulheres-negras-no-trafico.jpg\",\"articleSection\":[\"Cotidiano\"],\"inLanguage\":\"pt-BR\"},{\"@type\":\"WebPage\",\"@id\":\"https:\\\/\\\/blogdacondessa.com.br\\\/blog\\\/cotidiano\\\/politica-de-drogas-causa-exterminio-de-jovens-negros-diz-pesquisadora\\\/\",\"url\":\"https:\\\/\\\/blogdacondessa.com.br\\\/blog\\\/cotidiano\\\/politica-de-drogas-causa-exterminio-de-jovens-negros-diz-pesquisadora\\\/\",\"name\":\"Pol\u00edtica de drogas causa exterm\u00ednio de jovens negros, diz pesquisadora &#8902; Blog da Condessa\",\"isPartOf\":{\"@id\":\"https:\\\/\\\/blogdacondessa.com.br\\\/blog\\\/#website\"},\"primaryImageOfPage\":{\"@id\":\"https:\\\/\\\/blogdacondessa.com.br\\\/blog\\\/cotidiano\\\/politica-de-drogas-causa-exterminio-de-jovens-negros-diz-pesquisadora\\\/#primaryimage\"},\"image\":{\"@id\":\"https:\\\/\\\/blogdacondessa.com.br\\\/blog\\\/cotidiano\\\/politica-de-drogas-causa-exterminio-de-jovens-negros-diz-pesquisadora\\\/#primaryimage\"},\"thumbnailUrl\":\"https:\\\/\\\/blogdacondessa.com.br\\\/blog\\\/wp-content\\\/uploads\\\/2023\\\/04\\\/mulheres-negras-no-trafico.jpg\",\"datePublished\":\"2023-04-08T09:00:07+00:00\",\"author\":{\"@id\":\"https:\\\/\\\/blogdacondessa.com.br\\\/blog\\\/#\\\/schema\\\/person\\\/1d667ff8b785195b568677489d266035\"},\"breadcrumb\":{\"@id\":\"https:\\\/\\\/blogdacondessa.com.br\\\/blog\\\/cotidiano\\\/politica-de-drogas-causa-exterminio-de-jovens-negros-diz-pesquisadora\\\/#breadcrumb\"},\"inLanguage\":\"pt-BR\",\"potentialAction\":[{\"@type\":\"ReadAction\",\"target\":[\"https:\\\/\\\/blogdacondessa.com.br\\\/blog\\\/cotidiano\\\/politica-de-drogas-causa-exterminio-de-jovens-negros-diz-pesquisadora\\\/\"]}]},{\"@type\":\"ImageObject\",\"inLanguage\":\"pt-BR\",\"@id\":\"https:\\\/\\\/blogdacondessa.com.br\\\/blog\\\/cotidiano\\\/politica-de-drogas-causa-exterminio-de-jovens-negros-diz-pesquisadora\\\/#primaryimage\",\"url\":\"https:\\\/\\\/blogdacondessa.com.br\\\/blog\\\/wp-content\\\/uploads\\\/2023\\\/04\\\/mulheres-negras-no-trafico.jpg\",\"contentUrl\":\"https:\\\/\\\/blogdacondessa.com.br\\\/blog\\\/wp-content\\\/uploads\\\/2023\\\/04\\\/mulheres-negras-no-trafico.jpg\",\"width\":1170,\"height\":700,\"caption\":\"Foto: Arquivo\\\/Ag\u00eancia Brasil\"},{\"@type\":\"BreadcrumbList\",\"@id\":\"https:\\\/\\\/blogdacondessa.com.br\\\/blog\\\/cotidiano\\\/politica-de-drogas-causa-exterminio-de-jovens-negros-diz-pesquisadora\\\/#breadcrumb\",\"itemListElement\":[{\"@type\":\"ListItem\",\"position\":1,\"name\":\"In\u00edcio\",\"item\":\"https:\\\/\\\/blogdacondessa.com.br\\\/blog\\\/\"},{\"@type\":\"ListItem\",\"position\":2,\"name\":\"Pol\u00edtica de drogas causa exterm\u00ednio de jovens negros, diz pesquisadora\"}]},{\"@type\":\"WebSite\",\"@id\":\"https:\\\/\\\/blogdacondessa.com.br\\\/blog\\\/#website\",\"url\":\"https:\\\/\\\/blogdacondessa.com.br\\\/blog\\\/\",\"name\":\"Blog da Condessa\",\"description\":\"Com Shirley de Souza O\u2019Campos\",\"potentialAction\":[{\"@type\":\"SearchAction\",\"target\":{\"@type\":\"EntryPoint\",\"urlTemplate\":\"https:\\\/\\\/blogdacondessa.com.br\\\/blog\\\/?s={search_term_string}\"},\"query-input\":{\"@type\":\"PropertyValueSpecification\",\"valueRequired\":true,\"valueName\":\"search_term_string\"}}],\"inLanguage\":\"pt-BR\"},{\"@type\":\"Person\",\"@id\":\"https:\\\/\\\/blogdacondessa.com.br\\\/blog\\\/#\\\/schema\\\/person\\\/1d667ff8b785195b568677489d266035\",\"name\":\"Blog da Condessa\",\"image\":{\"@type\":\"ImageObject\",\"inLanguage\":\"pt-BR\",\"@id\":\"https:\\\/\\\/secure.gravatar.com\\\/avatar\\\/377c0eb8b4ad2bfc25461b41564b5971e721ca34a57642868fc7b0c8ac7b52c5?s=96&d=mm&r=g\",\"url\":\"https:\\\/\\\/secure.gravatar.com\\\/avatar\\\/377c0eb8b4ad2bfc25461b41564b5971e721ca34a57642868fc7b0c8ac7b52c5?s=96&d=mm&r=g\",\"contentUrl\":\"https:\\\/\\\/secure.gravatar.com\\\/avatar\\\/377c0eb8b4ad2bfc25461b41564b5971e721ca34a57642868fc7b0c8ac7b52c5?s=96&d=mm&r=g\",\"caption\":\"Blog da Condessa\"},\"url\":\"https:\\\/\\\/blogdacondessa.com.br\\\/blog\\\/author\\\/beatriz\\\/\"}]}<\/script>\n<!-- \/ Yoast SEO plugin. -->","yoast_head_json":{"title":"Pol\u00edtica de drogas causa exterm\u00ednio de jovens negros, diz pesquisadora &#8902; Blog da Condessa","robots":{"index":"index","follow":"follow","max-snippet":"max-snippet:-1","max-image-preview":"max-image-preview:large","max-video-preview":"max-video-preview:-1"},"canonical":"https:\/\/blogdacondessa.com.br\/blog\/cotidiano\/politica-de-drogas-causa-exterminio-de-jovens-negros-diz-pesquisadora\/","og_locale":"pt_BR","og_type":"article","og_title":"Pol\u00edtica de drogas causa exterm\u00ednio de jovens negros, diz pesquisadora &#8902; Blog da Condessa","og_description":"Mulheres presas acusadas de tr\u00e1fico de drogas s\u00e3o na maioria negras e com poucas oportunidades de estudar, diz a pesquisadora Dina Alves que analisa as condi\u00e7\u00f5es de mulheres encarceradas. \u201cA pol\u00edtica de drogas \u00e9 instrumento de exterm\u00ednio da juventude negra. Porque s\u00e3o jovens e s\u00e3o negras. S\u00e3o mulheres que nem sequer tiveram a oportunidade de [&hellip;]","og_url":"https:\/\/blogdacondessa.com.br\/blog\/cotidiano\/politica-de-drogas-causa-exterminio-de-jovens-negros-diz-pesquisadora\/","og_site_name":"Blog da Condessa","article_published_time":"2023-04-08T09:00:07+00:00","og_image":[{"width":1170,"height":700,"url":"https:\/\/blogdacondessa.com.br\/blog\/wp-content\/uploads\/2023\/04\/mulheres-negras-no-trafico.jpg","type":"image\/jpeg"}],"author":"Blog da Condessa","twitter_card":"summary_large_image","twitter_misc":{"Escrito por":"Blog da Condessa","Est. tempo de leitura":"7 minutos"},"schema":{"@context":"https:\/\/schema.org","@graph":[{"@type":"Article","@id":"https:\/\/blogdacondessa.com.br\/blog\/cotidiano\/politica-de-drogas-causa-exterminio-de-jovens-negros-diz-pesquisadora\/#article","isPartOf":{"@id":"https:\/\/blogdacondessa.com.br\/blog\/cotidiano\/politica-de-drogas-causa-exterminio-de-jovens-negros-diz-pesquisadora\/"},"author":{"name":"Blog da Condessa","@id":"https:\/\/blogdacondessa.com.br\/blog\/#\/schema\/person\/1d667ff8b785195b568677489d266035"},"headline":"Pol\u00edtica de drogas causa exterm\u00ednio de jovens negros, diz pesquisadora","datePublished":"2023-04-08T09:00:07+00:00","mainEntityOfPage":{"@id":"https:\/\/blogdacondessa.com.br\/blog\/cotidiano\/politica-de-drogas-causa-exterminio-de-jovens-negros-diz-pesquisadora\/"},"wordCount":1303,"image":{"@id":"https:\/\/blogdacondessa.com.br\/blog\/cotidiano\/politica-de-drogas-causa-exterminio-de-jovens-negros-diz-pesquisadora\/#primaryimage"},"thumbnailUrl":"https:\/\/blogdacondessa.com.br\/blog\/wp-content\/uploads\/2023\/04\/mulheres-negras-no-trafico.jpg","articleSection":["Cotidiano"],"inLanguage":"pt-BR"},{"@type":"WebPage","@id":"https:\/\/blogdacondessa.com.br\/blog\/cotidiano\/politica-de-drogas-causa-exterminio-de-jovens-negros-diz-pesquisadora\/","url":"https:\/\/blogdacondessa.com.br\/blog\/cotidiano\/politica-de-drogas-causa-exterminio-de-jovens-negros-diz-pesquisadora\/","name":"Pol\u00edtica de drogas causa exterm\u00ednio de jovens negros, diz pesquisadora &#8902; Blog da Condessa","isPartOf":{"@id":"https:\/\/blogdacondessa.com.br\/blog\/#website"},"primaryImageOfPage":{"@id":"https:\/\/blogdacondessa.com.br\/blog\/cotidiano\/politica-de-drogas-causa-exterminio-de-jovens-negros-diz-pesquisadora\/#primaryimage"},"image":{"@id":"https:\/\/blogdacondessa.com.br\/blog\/cotidiano\/politica-de-drogas-causa-exterminio-de-jovens-negros-diz-pesquisadora\/#primaryimage"},"thumbnailUrl":"https:\/\/blogdacondessa.com.br\/blog\/wp-content\/uploads\/2023\/04\/mulheres-negras-no-trafico.jpg","datePublished":"2023-04-08T09:00:07+00:00","author":{"@id":"https:\/\/blogdacondessa.com.br\/blog\/#\/schema\/person\/1d667ff8b785195b568677489d266035"},"breadcrumb":{"@id":"https:\/\/blogdacondessa.com.br\/blog\/cotidiano\/politica-de-drogas-causa-exterminio-de-jovens-negros-diz-pesquisadora\/#breadcrumb"},"inLanguage":"pt-BR","potentialAction":[{"@type":"ReadAction","target":["https:\/\/blogdacondessa.com.br\/blog\/cotidiano\/politica-de-drogas-causa-exterminio-de-jovens-negros-diz-pesquisadora\/"]}]},{"@type":"ImageObject","inLanguage":"pt-BR","@id":"https:\/\/blogdacondessa.com.br\/blog\/cotidiano\/politica-de-drogas-causa-exterminio-de-jovens-negros-diz-pesquisadora\/#primaryimage","url":"https:\/\/blogdacondessa.com.br\/blog\/wp-content\/uploads\/2023\/04\/mulheres-negras-no-trafico.jpg","contentUrl":"https:\/\/blogdacondessa.com.br\/blog\/wp-content\/uploads\/2023\/04\/mulheres-negras-no-trafico.jpg","width":1170,"height":700,"caption":"Foto: Arquivo\/Ag\u00eancia Brasil"},{"@type":"BreadcrumbList","@id":"https:\/\/blogdacondessa.com.br\/blog\/cotidiano\/politica-de-drogas-causa-exterminio-de-jovens-negros-diz-pesquisadora\/#breadcrumb","itemListElement":[{"@type":"ListItem","position":1,"name":"In\u00edcio","item":"https:\/\/blogdacondessa.com.br\/blog\/"},{"@type":"ListItem","position":2,"name":"Pol\u00edtica de drogas causa exterm\u00ednio de jovens negros, diz pesquisadora"}]},{"@type":"WebSite","@id":"https:\/\/blogdacondessa.com.br\/blog\/#website","url":"https:\/\/blogdacondessa.com.br\/blog\/","name":"Blog da Condessa","description":"Com Shirley de Souza O\u2019Campos","potentialAction":[{"@type":"SearchAction","target":{"@type":"EntryPoint","urlTemplate":"https:\/\/blogdacondessa.com.br\/blog\/?s={search_term_string}"},"query-input":{"@type":"PropertyValueSpecification","valueRequired":true,"valueName":"search_term_string"}}],"inLanguage":"pt-BR"},{"@type":"Person","@id":"https:\/\/blogdacondessa.com.br\/blog\/#\/schema\/person\/1d667ff8b785195b568677489d266035","name":"Blog da Condessa","image":{"@type":"ImageObject","inLanguage":"pt-BR","@id":"https:\/\/secure.gravatar.com\/avatar\/377c0eb8b4ad2bfc25461b41564b5971e721ca34a57642868fc7b0c8ac7b52c5?s=96&d=mm&r=g","url":"https:\/\/secure.gravatar.com\/avatar\/377c0eb8b4ad2bfc25461b41564b5971e721ca34a57642868fc7b0c8ac7b52c5?s=96&d=mm&r=g","contentUrl":"https:\/\/secure.gravatar.com\/avatar\/377c0eb8b4ad2bfc25461b41564b5971e721ca34a57642868fc7b0c8ac7b52c5?s=96&d=mm&r=g","caption":"Blog da Condessa"},"url":"https:\/\/blogdacondessa.com.br\/blog\/author\/beatriz\/"}]}},"_links":{"self":[{"href":"https:\/\/blogdacondessa.com.br\/blog\/wp-json\/wp\/v2\/posts\/6766","targetHints":{"allow":["GET"]}}],"collection":[{"href":"https:\/\/blogdacondessa.com.br\/blog\/wp-json\/wp\/v2\/posts"}],"about":[{"href":"https:\/\/blogdacondessa.com.br\/blog\/wp-json\/wp\/v2\/types\/post"}],"author":[{"embeddable":true,"href":"https:\/\/blogdacondessa.com.br\/blog\/wp-json\/wp\/v2\/users\/2"}],"replies":[{"embeddable":true,"href":"https:\/\/blogdacondessa.com.br\/blog\/wp-json\/wp\/v2\/comments?post=6766"}],"version-history":[{"count":0,"href":"https:\/\/blogdacondessa.com.br\/blog\/wp-json\/wp\/v2\/posts\/6766\/revisions"}],"wp:featuredmedia":[{"embeddable":true,"href":"https:\/\/blogdacondessa.com.br\/blog\/wp-json\/wp\/v2\/media\/6767"}],"wp:attachment":[{"href":"https:\/\/blogdacondessa.com.br\/blog\/wp-json\/wp\/v2\/media?parent=6766"}],"wp:term":[{"taxonomy":"category","embeddable":true,"href":"https:\/\/blogdacondessa.com.br\/blog\/wp-json\/wp\/v2\/categories?post=6766"},{"taxonomy":"post_tag","embeddable":true,"href":"https:\/\/blogdacondessa.com.br\/blog\/wp-json\/wp\/v2\/tags?post=6766"}],"curies":[{"name":"wp","href":"https:\/\/api.w.org\/{rel}","templated":true}]}}