{"id":6741,"date":"2023-04-05T05:00:23","date_gmt":"2023-04-05T09:00:23","guid":{"rendered":"http:\/\/blogdacondessa.com.br\/?p=6741"},"modified":"2023-04-04T16:20:52","modified_gmt":"2023-04-04T20:20:52","slug":"acolhimento-e-transformacao-na-vida-das-mulheres-de-vg","status":"publish","type":"post","link":"https:\/\/blogdacondessa.com.br\/blog\/cotidiano\/acolhimento-e-transformacao-na-vida-das-mulheres-de-vg\/","title":{"rendered":"Acolhimento e transforma\u00e7\u00e3o na vida das mulheres de VG"},"content":{"rendered":"<p>Servi\u00e7os e m\u00fasicas marcam encerramento do movimento &#8220;Mulheres em Evolu\u00e7\u00e3o&#8221;. Assim como a ronda escolar realizada pela Guarda Municipal, visita todas as escolas do munic\u00edpio de V\u00e1rzea Grande, as unidades dos Centros de Refer\u00eancia em Assist\u00eancia Social (CRAs) tamb\u00e9m ter\u00e3o os mesmos cuidados por parte da Pol\u00edcia Militar do Estado de Mato Grosso (PMMT).\u00a0 O compromisso foi feito pelo Comandante do 4\u00ba Batalh\u00e3o de Pol\u00edcia Militar, Gleber Candido Moreno, que participou do encerramento do Movimento \u2018Mulheres em Evolu\u00e7\u00e3o\u2019, idealizado pela primeira-dama e Promotora de Justi\u00e7a Kika Doril\u00eao Baracat.<\/p>\n<p>\u201cHoje me sinto muito mais feliz e tranquila por saber que a gloriosa Pol\u00edcia Militar estar\u00e1 ladeando a Secretaria de Assist\u00eancia Social e a Guarda Municipal, e estar\u00e1 ao nosso lado somando, protegendo e cuidando\u00a0dos nossos usu\u00e1rios.\u00a0 E ter a Pol\u00edcia do lado \u00e9 a certeza de que n\u00f3s estamos mais fortes em todos os sentidos\u201d, comemorou Kika Doril\u00eao destacando que termina o m\u00eas de mar\u00e7o, tamb\u00e9m com a certeza de que o trabalho conjunto das institui\u00e7\u00f5es, dos poderes constitu\u00eddos \u00e9 essencial e, \u00e9 a forma efetiva para que a popula\u00e7\u00e3o tenha os melhores resultados.<\/p>\n<p>Tanto a Pol\u00edcia Militar quanto a Guarda Municipal t\u00eam como miss\u00e3o prec\u00edpua a garantia da ordem p\u00fablica e da seguran\u00e7a de todas as pessoas e bens, mas tamb\u00e9m atuam em diversas outras atividades sociais voltadas a pr\u00e1tica esportiva, a educa\u00e7\u00e3o, as palestras de esclarecimentos e de ajuda as pessoas em todos os 141 munic\u00edpios de Mato Grosso e refor\u00e7a sua atua\u00e7\u00e3o em rela\u00e7\u00e3o a V\u00e1rzea Grande.<\/p>\n<p>Kika Doril\u00eao Baracat lembrou que V\u00e1rzea Grande, atrav\u00e9s da Administra\u00e7\u00e3o Kalil Baracat tem ampliado as parcerias e conseguido superar as adversidades por causa da boa rela\u00e7\u00e3o e do compromisso de v\u00e1rias esferas de Poder com a segunda maior cidade de Mato Grosso.<\/p>\n<p>\u201cA rela\u00e7\u00e3o pol\u00edtica e institucional constru\u00edda pelo prefeito Kalil Baracat tem repercutido de forma mais do que positiva, seja com o Governo Mauro Mendes, seja com os deputados estaduais da Assembleia Legislativa, seja com os deputados federais e os senadores capitaneados pelo senador Jayme Campos, seja com o Tribunal de Justi\u00e7a ou com o Tribunal de Contas de Mato Grosso e com o Minist\u00e9rio P\u00fablico. Todos t\u00eam demonstrado compromisso com a cidade e reciprocidade para enfrentar os desafios que uma cidade de mais de 315 mil habitantes tem todos os dias que enfrentar\u201d, explicou a primeira-dama.<\/p>\n<p>O comandante do 4\u00ba Batalh\u00e3o da Pol\u00edcia Militar, Gleber C\u00e2ndido Moreno disse que a institui\u00e7\u00e3o de seguran\u00e7a sempre foi parceira da Prefeitura de V\u00e1rzea Grande.\u00a0 \u201cEm reuni\u00e3o com a secret\u00e1ria de Assist\u00eancia Social, Ana Cristina Vieira, firmamos o compromisso de apoiar os CRAs.\u00a0 Faremos um cart\u00e3o programa onde uma viatura ir\u00e1 passar em frente \u00e0s unidades sociais no intuito de oferecer uma sensa\u00e7\u00e3o de maior seguran\u00e7a para as pessoas que l\u00e1 est\u00e3o, para estreitar os la\u00e7os entre a Pol\u00edcia Militar, a Prefeitura Municipal e a popula\u00e7\u00e3o. Estamos presentes em todos os eventos promovidos pelo munic\u00edpio, por isso podem contar efetivamente com a presen\u00e7a da Pol\u00edcia Militar de Mato Grosso e com nossas atividades\u201d.<\/p>\n<p>A vereadora Eucaris Arruda disse que a Secretaria de Assist\u00eancia Social tem feito um bel\u00edssimo trabalho de acolhimento e de transforma\u00e7\u00e3o na vida de muitas mulheres.\u00a0 \u201cAgrade\u00e7o a essas mulheres que fazem muito por V\u00e1rzea Grande.\u00a0\u00a0 A gest\u00e3o do prefeito Kalil Baracat tem buscado parcerias para valorizar ainda mais cada uma de voc\u00eas que est\u00e3o ali na ponta trabalhando.\u00a0 Hoje encontramos ainda muitas barreiras que t\u00eam que ser vencidas, mas estamos caminhando juntas para nos fortalecer e fortalecer umas \u00e0s outras\u201d.<\/p>\n<p>Ana Cristina Vieira lembra que o m\u00eas de mar\u00e7o foi recheado de a\u00e7\u00f5es e atividades voltadas para os usu\u00e1rios de todos os Centros de Refer\u00eancia em Assist\u00eancia Social do munic\u00edpio, cada um com o seu contexto, as suas hist\u00f3rias e os seus destaques.\u00a0 \u201cIsso mostra que V\u00e1rzea Grande trabalha em Rede atingindo a todos e alcan\u00e7ando, em especial, as mulheres e as fam\u00edlias.\u00a0 Queremos dizer que nenhuma mulher est\u00e1 sozinha neste munic\u00edpio\u00a0porque temos uma Rede de Prote\u00e7\u00e3o, e a Secretaria de Assist\u00eancia est\u00e1 de portas abertas para receber aquela mulher que quer se qualificar, que est\u00e1 em busca de emprego, que quer orienta\u00e7\u00e3o sobre programas sociais, e quer ter a sua autoestima elevada. Estamos aqui com essa miss\u00e3o, de servir a popula\u00e7\u00e3o e transformar a mulher v\u00e1rzea-grandense, uma mulher muito mais empoderada e principalmente preparada para enfrentar as adversidades e para superar as mesmas, seja profissionalmente, seja como l\u00edder de fam\u00edlia, seja como uma pessoa igual\u00a0 \u00e0s demais\u201d, frisou a secret\u00e1ria.<\/p>\n<p>A primeira-dama e promotora de Justi\u00e7a, Kika Doril\u00eao Baracat, na oportunidade, agradeceu a participa\u00e7\u00e3o de todos, especialmente das mulheres.\u00a0 \u201cElas me ladearam em todos os CRAs e em todos os eventos realizados no m\u00eas de mar\u00e7o em que se comemora o Dia Internacional da Mulher, mas que para n\u00f3s em V\u00e1rzea Grande s\u00f3 refor\u00e7a a necessidade de sermos tratadas como iguais. E digo mais, pois aprendi muito com voc\u00eas, com suas hist\u00f3rias que ouvi atentamente.\u00a0 Me sinto mais forte assim como voc\u00eas, e para o ano que vem estaremos todas e todos juntos para comemorarmos o Dia Internacional da Mulher, n\u00e3o somente na sua data de origem, mas durante todo o m\u00eas de mar\u00e7o e porque n\u00e3o dizer durante todos os dias, meses e anos, pois toda mulher s\u00f3 deseja ser igual a qualquer outra mulher ou qualquer homem\u201d.<\/p>\n<p>A quarta e \u00faltima etapa do movimento Mulheres em Evolu\u00e7\u00e3o, edi\u00e7\u00e3o 2023, tamb\u00e9m foi marcada por m\u00fasicas com a apresenta\u00e7\u00e3o dos alunos do Caderno II, Coral e palestra motivacional ministrada pela secret\u00e1ria adjunta de Assist\u00eancia Social, Daniela Barone, que em todos os eventos, numa roda de conversa mostrou o quanto \u00e9 necess\u00e1rio\u00a0termos autoestima, foco e determina\u00e7\u00e3o, porque mulheres inspiram mulheres e juntas constroem melhores.<\/p>\n<p>&nbsp;<\/p>\n","protected":false},"excerpt":{"rendered":"<p>Servi\u00e7os e m\u00fasicas marcam encerramento do movimento &#8220;Mulheres em Evolu\u00e7\u00e3o&#8221;. Assim como a ronda escolar realizada pela Guarda Municipal, visita todas as escolas do munic\u00edpio de V\u00e1rzea Grande, as unidades dos Centros de Refer\u00eancia em Assist\u00eancia Social (CRAs) tamb\u00e9m ter\u00e3o os mesmos cuidados por parte da Pol\u00edcia Militar do Estado de Mato Grosso (PMMT).\u00a0 O [&hellip;]<\/p>\n","protected":false},"author":2,"featured_media":6742,"comment_status":"closed","ping_status":"closed","sticky":false,"template":"","format":"standard","meta":{"iawp_total_views":0,"footnotes":""},"categories":[24],"tags":[],"class_list":["post-6741","post","type-post","status-publish","format-standard","has-post-thumbnail","hentry","category-cotidiano"],"yoast_head":"<!-- This site is optimized with the Yoast SEO plugin v27.3 - https:\/\/yoast.com\/product\/yoast-seo-wordpress\/ -->\n<title>Acolhimento e transforma\u00e7\u00e3o na vida das mulheres de VG &#8902; Blog da Condessa<\/title>\n<meta name=\"robots\" content=\"index, follow, max-snippet:-1, max-image-preview:large, max-video-preview:-1\" \/>\n<link rel=\"canonical\" href=\"https:\/\/blogdacondessa.com.br\/blog\/cotidiano\/acolhimento-e-transformacao-na-vida-das-mulheres-de-vg\/\" \/>\n<meta property=\"og:locale\" content=\"pt_BR\" \/>\n<meta property=\"og:type\" content=\"article\" \/>\n<meta property=\"og:title\" content=\"Acolhimento e transforma\u00e7\u00e3o na vida das mulheres de VG &#8902; Blog da Condessa\" \/>\n<meta property=\"og:description\" content=\"Servi\u00e7os e m\u00fasicas marcam encerramento do movimento &#8220;Mulheres em Evolu\u00e7\u00e3o&#8221;. Assim como a ronda escolar realizada pela Guarda Municipal, visita todas as escolas do munic\u00edpio de V\u00e1rzea Grande, as unidades dos Centros de Refer\u00eancia em Assist\u00eancia Social (CRAs) tamb\u00e9m ter\u00e3o os mesmos cuidados por parte da Pol\u00edcia Militar do Estado de Mato Grosso (PMMT).\u00a0 O [&hellip;]\" \/>\n<meta property=\"og:url\" content=\"https:\/\/blogdacondessa.com.br\/blog\/cotidiano\/acolhimento-e-transformacao-na-vida-das-mulheres-de-vg\/\" \/>\n<meta property=\"og:site_name\" content=\"Blog da Condessa\" \/>\n<meta property=\"article:published_time\" content=\"2023-04-05T09:00:23+00:00\" \/>\n<meta property=\"og:image\" content=\"https:\/\/blogdacondessa.com.br\/blog\/wp-content\/uploads\/2023\/04\/mulheres-em-evolucao-certa.jpeg\" \/>\n\t<meta property=\"og:image:width\" content=\"1600\" \/>\n\t<meta property=\"og:image:height\" content=\"749\" \/>\n\t<meta property=\"og:image:type\" content=\"image\/jpeg\" \/>\n<meta name=\"author\" content=\"Blog da Condessa\" \/>\n<meta name=\"twitter:card\" content=\"summary_large_image\" \/>\n<meta name=\"twitter:label1\" content=\"Escrito por\" \/>\n\t<meta name=\"twitter:data1\" content=\"Blog da Condessa\" \/>\n\t<meta name=\"twitter:label2\" content=\"Est. tempo de leitura\" \/>\n\t<meta name=\"twitter:data2\" content=\"6 minutos\" \/>\n<script type=\"application\/ld+json\" class=\"yoast-schema-graph\">{\"@context\":\"https:\\\/\\\/schema.org\",\"@graph\":[{\"@type\":\"Article\",\"@id\":\"https:\\\/\\\/blogdacondessa.com.br\\\/blog\\\/cotidiano\\\/acolhimento-e-transformacao-na-vida-das-mulheres-de-vg\\\/#article\",\"isPartOf\":{\"@id\":\"https:\\\/\\\/blogdacondessa.com.br\\\/blog\\\/cotidiano\\\/acolhimento-e-transformacao-na-vida-das-mulheres-de-vg\\\/\"},\"author\":{\"name\":\"Blog da Condessa\",\"@id\":\"https:\\\/\\\/blogdacondessa.com.br\\\/blog\\\/#\\\/schema\\\/person\\\/1d667ff8b785195b568677489d266035\"},\"headline\":\"Acolhimento e transforma\u00e7\u00e3o na vida das mulheres de VG\",\"datePublished\":\"2023-04-05T09:00:23+00:00\",\"mainEntityOfPage\":{\"@id\":\"https:\\\/\\\/blogdacondessa.com.br\\\/blog\\\/cotidiano\\\/acolhimento-e-transformacao-na-vida-das-mulheres-de-vg\\\/\"},\"wordCount\":1077,\"image\":{\"@id\":\"https:\\\/\\\/blogdacondessa.com.br\\\/blog\\\/cotidiano\\\/acolhimento-e-transformacao-na-vida-das-mulheres-de-vg\\\/#primaryimage\"},\"thumbnailUrl\":\"https:\\\/\\\/blogdacondessa.com.br\\\/blog\\\/wp-content\\\/uploads\\\/2023\\\/04\\\/mulheres-em-evolucao-certa.jpeg\",\"articleSection\":[\"Cotidiano\"],\"inLanguage\":\"pt-BR\"},{\"@type\":\"WebPage\",\"@id\":\"https:\\\/\\\/blogdacondessa.com.br\\\/blog\\\/cotidiano\\\/acolhimento-e-transformacao-na-vida-das-mulheres-de-vg\\\/\",\"url\":\"https:\\\/\\\/blogdacondessa.com.br\\\/blog\\\/cotidiano\\\/acolhimento-e-transformacao-na-vida-das-mulheres-de-vg\\\/\",\"name\":\"Acolhimento e transforma\u00e7\u00e3o na vida das mulheres de VG &#8902; Blog da Condessa\",\"isPartOf\":{\"@id\":\"https:\\\/\\\/blogdacondessa.com.br\\\/blog\\\/#website\"},\"primaryImageOfPage\":{\"@id\":\"https:\\\/\\\/blogdacondessa.com.br\\\/blog\\\/cotidiano\\\/acolhimento-e-transformacao-na-vida-das-mulheres-de-vg\\\/#primaryimage\"},\"image\":{\"@id\":\"https:\\\/\\\/blogdacondessa.com.br\\\/blog\\\/cotidiano\\\/acolhimento-e-transformacao-na-vida-das-mulheres-de-vg\\\/#primaryimage\"},\"thumbnailUrl\":\"https:\\\/\\\/blogdacondessa.com.br\\\/blog\\\/wp-content\\\/uploads\\\/2023\\\/04\\\/mulheres-em-evolucao-certa.jpeg\",\"datePublished\":\"2023-04-05T09:00:23+00:00\",\"author\":{\"@id\":\"https:\\\/\\\/blogdacondessa.com.br\\\/blog\\\/#\\\/schema\\\/person\\\/1d667ff8b785195b568677489d266035\"},\"breadcrumb\":{\"@id\":\"https:\\\/\\\/blogdacondessa.com.br\\\/blog\\\/cotidiano\\\/acolhimento-e-transformacao-na-vida-das-mulheres-de-vg\\\/#breadcrumb\"},\"inLanguage\":\"pt-BR\",\"potentialAction\":[{\"@type\":\"ReadAction\",\"target\":[\"https:\\\/\\\/blogdacondessa.com.br\\\/blog\\\/cotidiano\\\/acolhimento-e-transformacao-na-vida-das-mulheres-de-vg\\\/\"]}]},{\"@type\":\"ImageObject\",\"inLanguage\":\"pt-BR\",\"@id\":\"https:\\\/\\\/blogdacondessa.com.br\\\/blog\\\/cotidiano\\\/acolhimento-e-transformacao-na-vida-das-mulheres-de-vg\\\/#primaryimage\",\"url\":\"https:\\\/\\\/blogdacondessa.com.br\\\/blog\\\/wp-content\\\/uploads\\\/2023\\\/04\\\/mulheres-em-evolucao-certa.jpeg\",\"contentUrl\":\"https:\\\/\\\/blogdacondessa.com.br\\\/blog\\\/wp-content\\\/uploads\\\/2023\\\/04\\\/mulheres-em-evolucao-certa.jpeg\",\"width\":1600,\"height\":749},{\"@type\":\"BreadcrumbList\",\"@id\":\"https:\\\/\\\/blogdacondessa.com.br\\\/blog\\\/cotidiano\\\/acolhimento-e-transformacao-na-vida-das-mulheres-de-vg\\\/#breadcrumb\",\"itemListElement\":[{\"@type\":\"ListItem\",\"position\":1,\"name\":\"In\u00edcio\",\"item\":\"https:\\\/\\\/blogdacondessa.com.br\\\/blog\\\/\"},{\"@type\":\"ListItem\",\"position\":2,\"name\":\"Acolhimento e transforma\u00e7\u00e3o na vida das mulheres de VG\"}]},{\"@type\":\"WebSite\",\"@id\":\"https:\\\/\\\/blogdacondessa.com.br\\\/blog\\\/#website\",\"url\":\"https:\\\/\\\/blogdacondessa.com.br\\\/blog\\\/\",\"name\":\"Blog da Condessa\",\"description\":\"Com Shirley de Souza O\u2019Campos\",\"potentialAction\":[{\"@type\":\"SearchAction\",\"target\":{\"@type\":\"EntryPoint\",\"urlTemplate\":\"https:\\\/\\\/blogdacondessa.com.br\\\/blog\\\/?s={search_term_string}\"},\"query-input\":{\"@type\":\"PropertyValueSpecification\",\"valueRequired\":true,\"valueName\":\"search_term_string\"}}],\"inLanguage\":\"pt-BR\"},{\"@type\":\"Person\",\"@id\":\"https:\\\/\\\/blogdacondessa.com.br\\\/blog\\\/#\\\/schema\\\/person\\\/1d667ff8b785195b568677489d266035\",\"name\":\"Blog da Condessa\",\"image\":{\"@type\":\"ImageObject\",\"inLanguage\":\"pt-BR\",\"@id\":\"https:\\\/\\\/secure.gravatar.com\\\/avatar\\\/377c0eb8b4ad2bfc25461b41564b5971e721ca34a57642868fc7b0c8ac7b52c5?s=96&d=mm&r=g\",\"url\":\"https:\\\/\\\/secure.gravatar.com\\\/avatar\\\/377c0eb8b4ad2bfc25461b41564b5971e721ca34a57642868fc7b0c8ac7b52c5?s=96&d=mm&r=g\",\"contentUrl\":\"https:\\\/\\\/secure.gravatar.com\\\/avatar\\\/377c0eb8b4ad2bfc25461b41564b5971e721ca34a57642868fc7b0c8ac7b52c5?s=96&d=mm&r=g\",\"caption\":\"Blog da Condessa\"},\"url\":\"https:\\\/\\\/blogdacondessa.com.br\\\/blog\\\/author\\\/beatriz\\\/\"}]}<\/script>\n<!-- \/ Yoast SEO plugin. -->","yoast_head_json":{"title":"Acolhimento e transforma\u00e7\u00e3o na vida das mulheres de VG &#8902; Blog da Condessa","robots":{"index":"index","follow":"follow","max-snippet":"max-snippet:-1","max-image-preview":"max-image-preview:large","max-video-preview":"max-video-preview:-1"},"canonical":"https:\/\/blogdacondessa.com.br\/blog\/cotidiano\/acolhimento-e-transformacao-na-vida-das-mulheres-de-vg\/","og_locale":"pt_BR","og_type":"article","og_title":"Acolhimento e transforma\u00e7\u00e3o na vida das mulheres de VG &#8902; Blog da Condessa","og_description":"Servi\u00e7os e m\u00fasicas marcam encerramento do movimento &#8220;Mulheres em Evolu\u00e7\u00e3o&#8221;. Assim como a ronda escolar realizada pela Guarda Municipal, visita todas as escolas do munic\u00edpio de V\u00e1rzea Grande, as unidades dos Centros de Refer\u00eancia em Assist\u00eancia Social (CRAs) tamb\u00e9m ter\u00e3o os mesmos cuidados por parte da Pol\u00edcia Militar do Estado de Mato Grosso (PMMT).\u00a0 O [&hellip;]","og_url":"https:\/\/blogdacondessa.com.br\/blog\/cotidiano\/acolhimento-e-transformacao-na-vida-das-mulheres-de-vg\/","og_site_name":"Blog da Condessa","article_published_time":"2023-04-05T09:00:23+00:00","og_image":[{"width":1600,"height":749,"url":"https:\/\/blogdacondessa.com.br\/blog\/wp-content\/uploads\/2023\/04\/mulheres-em-evolucao-certa.jpeg","type":"image\/jpeg"}],"author":"Blog da Condessa","twitter_card":"summary_large_image","twitter_misc":{"Escrito por":"Blog da Condessa","Est. tempo de leitura":"6 minutos"},"schema":{"@context":"https:\/\/schema.org","@graph":[{"@type":"Article","@id":"https:\/\/blogdacondessa.com.br\/blog\/cotidiano\/acolhimento-e-transformacao-na-vida-das-mulheres-de-vg\/#article","isPartOf":{"@id":"https:\/\/blogdacondessa.com.br\/blog\/cotidiano\/acolhimento-e-transformacao-na-vida-das-mulheres-de-vg\/"},"author":{"name":"Blog da Condessa","@id":"https:\/\/blogdacondessa.com.br\/blog\/#\/schema\/person\/1d667ff8b785195b568677489d266035"},"headline":"Acolhimento e transforma\u00e7\u00e3o na vida das mulheres de VG","datePublished":"2023-04-05T09:00:23+00:00","mainEntityOfPage":{"@id":"https:\/\/blogdacondessa.com.br\/blog\/cotidiano\/acolhimento-e-transformacao-na-vida-das-mulheres-de-vg\/"},"wordCount":1077,"image":{"@id":"https:\/\/blogdacondessa.com.br\/blog\/cotidiano\/acolhimento-e-transformacao-na-vida-das-mulheres-de-vg\/#primaryimage"},"thumbnailUrl":"https:\/\/blogdacondessa.com.br\/blog\/wp-content\/uploads\/2023\/04\/mulheres-em-evolucao-certa.jpeg","articleSection":["Cotidiano"],"inLanguage":"pt-BR"},{"@type":"WebPage","@id":"https:\/\/blogdacondessa.com.br\/blog\/cotidiano\/acolhimento-e-transformacao-na-vida-das-mulheres-de-vg\/","url":"https:\/\/blogdacondessa.com.br\/blog\/cotidiano\/acolhimento-e-transformacao-na-vida-das-mulheres-de-vg\/","name":"Acolhimento e transforma\u00e7\u00e3o na vida das mulheres de VG &#8902; Blog da Condessa","isPartOf":{"@id":"https:\/\/blogdacondessa.com.br\/blog\/#website"},"primaryImageOfPage":{"@id":"https:\/\/blogdacondessa.com.br\/blog\/cotidiano\/acolhimento-e-transformacao-na-vida-das-mulheres-de-vg\/#primaryimage"},"image":{"@id":"https:\/\/blogdacondessa.com.br\/blog\/cotidiano\/acolhimento-e-transformacao-na-vida-das-mulheres-de-vg\/#primaryimage"},"thumbnailUrl":"https:\/\/blogdacondessa.com.br\/blog\/wp-content\/uploads\/2023\/04\/mulheres-em-evolucao-certa.jpeg","datePublished":"2023-04-05T09:00:23+00:00","author":{"@id":"https:\/\/blogdacondessa.com.br\/blog\/#\/schema\/person\/1d667ff8b785195b568677489d266035"},"breadcrumb":{"@id":"https:\/\/blogdacondessa.com.br\/blog\/cotidiano\/acolhimento-e-transformacao-na-vida-das-mulheres-de-vg\/#breadcrumb"},"inLanguage":"pt-BR","potentialAction":[{"@type":"ReadAction","target":["https:\/\/blogdacondessa.com.br\/blog\/cotidiano\/acolhimento-e-transformacao-na-vida-das-mulheres-de-vg\/"]}]},{"@type":"ImageObject","inLanguage":"pt-BR","@id":"https:\/\/blogdacondessa.com.br\/blog\/cotidiano\/acolhimento-e-transformacao-na-vida-das-mulheres-de-vg\/#primaryimage","url":"https:\/\/blogdacondessa.com.br\/blog\/wp-content\/uploads\/2023\/04\/mulheres-em-evolucao-certa.jpeg","contentUrl":"https:\/\/blogdacondessa.com.br\/blog\/wp-content\/uploads\/2023\/04\/mulheres-em-evolucao-certa.jpeg","width":1600,"height":749},{"@type":"BreadcrumbList","@id":"https:\/\/blogdacondessa.com.br\/blog\/cotidiano\/acolhimento-e-transformacao-na-vida-das-mulheres-de-vg\/#breadcrumb","itemListElement":[{"@type":"ListItem","position":1,"name":"In\u00edcio","item":"https:\/\/blogdacondessa.com.br\/blog\/"},{"@type":"ListItem","position":2,"name":"Acolhimento e transforma\u00e7\u00e3o na vida das mulheres de VG"}]},{"@type":"WebSite","@id":"https:\/\/blogdacondessa.com.br\/blog\/#website","url":"https:\/\/blogdacondessa.com.br\/blog\/","name":"Blog da Condessa","description":"Com Shirley de Souza O\u2019Campos","potentialAction":[{"@type":"SearchAction","target":{"@type":"EntryPoint","urlTemplate":"https:\/\/blogdacondessa.com.br\/blog\/?s={search_term_string}"},"query-input":{"@type":"PropertyValueSpecification","valueRequired":true,"valueName":"search_term_string"}}],"inLanguage":"pt-BR"},{"@type":"Person","@id":"https:\/\/blogdacondessa.com.br\/blog\/#\/schema\/person\/1d667ff8b785195b568677489d266035","name":"Blog da Condessa","image":{"@type":"ImageObject","inLanguage":"pt-BR","@id":"https:\/\/secure.gravatar.com\/avatar\/377c0eb8b4ad2bfc25461b41564b5971e721ca34a57642868fc7b0c8ac7b52c5?s=96&d=mm&r=g","url":"https:\/\/secure.gravatar.com\/avatar\/377c0eb8b4ad2bfc25461b41564b5971e721ca34a57642868fc7b0c8ac7b52c5?s=96&d=mm&r=g","contentUrl":"https:\/\/secure.gravatar.com\/avatar\/377c0eb8b4ad2bfc25461b41564b5971e721ca34a57642868fc7b0c8ac7b52c5?s=96&d=mm&r=g","caption":"Blog da Condessa"},"url":"https:\/\/blogdacondessa.com.br\/blog\/author\/beatriz\/"}]}},"_links":{"self":[{"href":"https:\/\/blogdacondessa.com.br\/blog\/wp-json\/wp\/v2\/posts\/6741","targetHints":{"allow":["GET"]}}],"collection":[{"href":"https:\/\/blogdacondessa.com.br\/blog\/wp-json\/wp\/v2\/posts"}],"about":[{"href":"https:\/\/blogdacondessa.com.br\/blog\/wp-json\/wp\/v2\/types\/post"}],"author":[{"embeddable":true,"href":"https:\/\/blogdacondessa.com.br\/blog\/wp-json\/wp\/v2\/users\/2"}],"replies":[{"embeddable":true,"href":"https:\/\/blogdacondessa.com.br\/blog\/wp-json\/wp\/v2\/comments?post=6741"}],"version-history":[{"count":0,"href":"https:\/\/blogdacondessa.com.br\/blog\/wp-json\/wp\/v2\/posts\/6741\/revisions"}],"wp:featuredmedia":[{"embeddable":true,"href":"https:\/\/blogdacondessa.com.br\/blog\/wp-json\/wp\/v2\/media\/6742"}],"wp:attachment":[{"href":"https:\/\/blogdacondessa.com.br\/blog\/wp-json\/wp\/v2\/media?parent=6741"}],"wp:term":[{"taxonomy":"category","embeddable":true,"href":"https:\/\/blogdacondessa.com.br\/blog\/wp-json\/wp\/v2\/categories?post=6741"},{"taxonomy":"post_tag","embeddable":true,"href":"https:\/\/blogdacondessa.com.br\/blog\/wp-json\/wp\/v2\/tags?post=6741"}],"curies":[{"name":"wp","href":"https:\/\/api.w.org\/{rel}","templated":true}]}}