{"id":6625,"date":"2023-03-21T10:20:58","date_gmt":"2023-03-21T14:20:58","guid":{"rendered":"http:\/\/blogdacondessa.com.br\/?p=6625"},"modified":"2023-03-21T10:20:58","modified_gmt":"2023-03-21T14:20:58","slug":"sindrome-de-down-o-desafio-da-inclusao-desse-grupo-no-mercado-de-trabalho","status":"publish","type":"post","link":"https:\/\/blogdacondessa.com.br\/blog\/cotidiano\/sindrome-de-down-o-desafio-da-inclusao-desse-grupo-no-mercado-de-trabalho\/","title":{"rendered":"S\u00edndrome de Down: o desafio da inclus\u00e3o desse grupo no mercado de trabalho"},"content":{"rendered":"<p>Nas \u00faltimas d\u00e9cadas, os avan\u00e7os m\u00e9dicos melhoraram a qualidade de vida dos indiv\u00edduos com S\u00edndrome de Down e a longevidade desse grupo evoluiu de 35 para 60 anos. Essas pessoas tamb\u00e9m est\u00e3o mais inseridas na sociedade, conquistando espa\u00e7o inclusive no mercado de trabalho. No entanto, o desafio de assegurar plenos direitos a esse p\u00fablico ainda \u00e9 enorme. Por preconceito e falta de informa\u00e7\u00e3o, muitos n\u00e3o s\u00e3o alfabetizados e a minoria consegue ser contratada. De acordo com o IBGE, enquanto 37% das pessoas com defici\u00eancia visual conseguem ser empregadas, no universo da defici\u00eancia mental (onde o Down est\u00e1 inserido), apenas 5,3% conquistam uma vaga de trabalho.<\/p>\n<p>Neste 21 de mar\u00e7o, Dia Internacional da S\u00edndrome de Down, Ana Paula Barbosa, Psicopedagoga, especialista em Psicopedagogia Cl\u00ednica e Coordenadora do curso de Servi\u00e7o Social do Centro Universit\u00e1rio de Bras\u00edlia (CEUB), defende que al\u00e9m de garantir a inclus\u00e3o no mercado de trabalho, \u00e9 importante pensar na qualidade dessa ocupa\u00e7\u00e3o.<\/p>\n<p>\u201cO artigo 34 do Estatuto da Pessoa com Defici\u00eancia define que ela tem direito ao trabalho da sua livre escolha em um ambiente acess\u00edvel e inclusivo, em igualdade de oportunidade com os demais funcion\u00e1rios. Entretanto, a grande quest\u00e3o \u00e9 que muitas empresas desconhecem a import\u00e2ncia de se adaptar \u00e0s necessidades esse colaborador\u201d, comenta Ana Paula. \u201c\u00c9 preciso considerar o tempo de trabalho, conscientizar os colaboradores para que a pessoa com Down se sinta acolhida por todos. Pensar em qual seria a ocupa\u00e7\u00e3o ideal e adaptar esse posto, tanto no aspecto f\u00edsico quanto emocional, respeitando suas necessidades. Essa \u00e9 uma quest\u00e3o para a qual a gente n\u00e3o v\u00ea as empresas muito capacitadas\u201d, acrescenta.<\/p>\n<p>A coordenadora do curso do CEUB ressalta os ganhos que a inclus\u00e3o no trabalho proporciona \u00e0s pessoas com S\u00edndrome de Down. \u201c\u00c9 muito importante que elas se sintam inseridas e independentes. Elas desenvolvem um olhar diferente para si mesmas e uma consci\u00eancia sobre sua pr\u00f3pria exist\u00eancia na sociedade. Isso melhora, inclusive, a autoestima\u201d, lembra Ana Paula. Ela observa, entretanto, que o maior fator limitante acaba sendo a pr\u00f3pria fam\u00edlia, que cerceia o acesso ao trabalho com receio do preconceito e da exclus\u00e3o. \u201cPor isso, as empresas precisam contar com equipes multidisciplinares que estejam preparadas para trabalhar tamb\u00e9m o necess\u00e1rio apoio da fam\u00edlia\u201d, diz.<\/p>\n<p>Em contraposi\u00e7\u00e3o \u00e0s dificuldades, frisa a psic\u00f3loga, os benef\u00edcios da inclus\u00e3o n\u00e3o alcan\u00e7am somente as pessoas com a S\u00edndrome de Down, mas a pr\u00f3pria organiza\u00e7\u00e3o que ganha em credibilidade e diversidade, enriquecendo as rela\u00e7\u00f5es de trabalho. Para mudar a realidade e garantir uma verdadeira inclus\u00e3o das pessoas com defici\u00eancia, Ana Paula afirma ser fundamental investir em uma educa\u00e7\u00e3o que forme profissionais e cidad\u00e3os mais preparados e capacitados para lidar com as diferen\u00e7as.<\/p>\n<p><strong>Programa Emprego Apoiado<\/strong><br \/>\nO &#8220;Emprego Apoiado&#8221; \u00e9 uma iniciativa do governo federal que oferece trabalho remunerado a pessoas com defici\u00eancia. A proposta \u00e9 promover a inclus\u00e3o social e laboral desses indiv\u00edduos por meio da contrata\u00e7\u00e3o direta ou de servi\u00e7os terceirizados. No programa, o candidato recebe orienta\u00e7\u00f5es, forma\u00e7\u00e3o e acompanhamento personalizado desde o in\u00edcio do processo. O respons\u00e1vel pelo treinamento tra\u00e7a um perfil deste colaborador, direcionando-o para empresas conforme suas habilidades e permanece junto dele durante um per\u00edodo para, depois, afastar-se gradualmente, at\u00e9 que a empresa assuma o controle. O programa j\u00e1 est\u00e1 operando diferentes cidades brasileiras.<\/p>\n<p>Benef\u00edcios do trabalho para a pessoa com Down<br \/>\n\u2022 Independ\u00eancia e autoconceito: ter consci\u00eancia de sua pr\u00f3pria exist\u00eancia.<br \/>\n\u2022 Autoestima: ter consci\u00eancia de amar, respeitar e se valorizar.<br \/>\n\u2022 Autoconfian\u00e7a: acreditar na capacidade de aprender, produzir e compartilhar.<br \/>\n\u2022 Participa\u00e7\u00e3o e apoio da fam\u00edlia em todo o processo.<\/p>\n<p>Benef\u00edcios para a Empresa<br \/>\n\u2022 Agrega valor \u00e0 empresa: responsabilidade social.<br \/>\n\u2022 Humaniza e enriquece as rela\u00e7\u00f5es interpessoais no trabalho.<br \/>\n\u2022 Desenvolve a coopera\u00e7\u00e3o e solidariedade.<br \/>\n\u2022 Investimento em capacita\u00e7\u00e3o para todos os colaboradores.<br \/>\n\u2022 Adequa\u00e7\u00e3o da empresa para atender \u00e0 diversidade humana.<\/p>\n<p>Sugest\u00f5es para incluir pessoas com S\u00edndrome de Down<br \/>\n\u2022 Garanta a acessibilidade f\u00edsica.<br \/>\n\u2022 Promova a tecnologia assistiva. Isso engloba os produtos, recursos, equipamentos, pr\u00e1ticas e metodologias que promovem a funcionalidade, visando aumentar a autonomia, independ\u00eancia, qualidade de vida e inclus\u00e3o social.<br \/>\n\u2022 Supere os vieses inconscientes. O conjunto de padr\u00f5es que estabelecemos ao longo da vida influencia a maneira como percebemos, nos relacionamos e interagimos uns com os outros.<br \/>\n\u2022 Combata o capacitismo. Baseado nesses vieses, podemos compartilhar opini\u00f5es e\/ou ter comportamentos capacitistas. \u00c9 preciso reconhecer e identificar essas atitudes para evitar constrangimentos e combater o preconceito.<\/p>\n<p>&nbsp;<\/p>\n","protected":false},"excerpt":{"rendered":"<p>Nas \u00faltimas d\u00e9cadas, os avan\u00e7os m\u00e9dicos melhoraram a qualidade de vida dos indiv\u00edduos com S\u00edndrome de Down e a longevidade desse grupo evoluiu de 35 para 60 anos. Essas pessoas tamb\u00e9m est\u00e3o mais inseridas na sociedade, conquistando espa\u00e7o inclusive no mercado de trabalho. No entanto, o desafio de assegurar plenos direitos a esse p\u00fablico ainda [&hellip;]<\/p>\n","protected":false},"author":2,"featured_media":6626,"comment_status":"closed","ping_status":"closed","sticky":false,"template":"","format":"standard","meta":{"iawp_total_views":0,"footnotes":""},"categories":[24],"tags":[],"class_list":["post-6625","post","type-post","status-publish","format-standard","has-post-thumbnail","hentry","category-cotidiano"],"yoast_head":"<!-- This site is optimized with the Yoast SEO plugin v27.3 - https:\/\/yoast.com\/product\/yoast-seo-wordpress\/ -->\n<title>S\u00edndrome de Down: o desafio da inclus\u00e3o desse grupo no mercado de trabalho &#8902; Blog da Condessa<\/title>\n<meta name=\"robots\" content=\"index, follow, max-snippet:-1, max-image-preview:large, max-video-preview:-1\" \/>\n<link rel=\"canonical\" href=\"https:\/\/blogdacondessa.com.br\/blog\/cotidiano\/sindrome-de-down-o-desafio-da-inclusao-desse-grupo-no-mercado-de-trabalho\/\" \/>\n<meta property=\"og:locale\" content=\"pt_BR\" \/>\n<meta property=\"og:type\" content=\"article\" \/>\n<meta property=\"og:title\" content=\"S\u00edndrome de Down: o desafio da inclus\u00e3o desse grupo no mercado de trabalho &#8902; Blog da Condessa\" \/>\n<meta property=\"og:description\" content=\"Nas \u00faltimas d\u00e9cadas, os avan\u00e7os m\u00e9dicos melhoraram a qualidade de vida dos indiv\u00edduos com S\u00edndrome de Down e a longevidade desse grupo evoluiu de 35 para 60 anos. Essas pessoas tamb\u00e9m est\u00e3o mais inseridas na sociedade, conquistando espa\u00e7o inclusive no mercado de trabalho. No entanto, o desafio de assegurar plenos direitos a esse p\u00fablico ainda [&hellip;]\" \/>\n<meta property=\"og:url\" content=\"https:\/\/blogdacondessa.com.br\/blog\/cotidiano\/sindrome-de-down-o-desafio-da-inclusao-desse-grupo-no-mercado-de-trabalho\/\" \/>\n<meta property=\"og:site_name\" content=\"Blog da Condessa\" \/>\n<meta property=\"article:published_time\" content=\"2023-03-21T14:20:58+00:00\" \/>\n<meta property=\"og:image\" content=\"https:\/\/blogdacondessa.com.br\/blog\/wp-content\/uploads\/2023\/03\/Ana-Paula-Barbosa.jpg\" \/>\n\t<meta property=\"og:image:width\" content=\"900\" \/>\n\t<meta property=\"og:image:height\" content=\"900\" \/>\n\t<meta property=\"og:image:type\" content=\"image\/jpeg\" \/>\n<meta name=\"author\" content=\"Blog da Condessa\" \/>\n<meta name=\"twitter:card\" content=\"summary_large_image\" \/>\n<meta name=\"twitter:label1\" content=\"Escrito por\" \/>\n\t<meta name=\"twitter:data1\" content=\"Blog da Condessa\" \/>\n\t<meta name=\"twitter:label2\" content=\"Est. tempo de leitura\" \/>\n\t<meta name=\"twitter:data2\" content=\"5 minutos\" \/>\n<script type=\"application\/ld+json\" class=\"yoast-schema-graph\">{\"@context\":\"https:\\\/\\\/schema.org\",\"@graph\":[{\"@type\":\"Article\",\"@id\":\"https:\\\/\\\/blogdacondessa.com.br\\\/blog\\\/cotidiano\\\/sindrome-de-down-o-desafio-da-inclusao-desse-grupo-no-mercado-de-trabalho\\\/#article\",\"isPartOf\":{\"@id\":\"https:\\\/\\\/blogdacondessa.com.br\\\/blog\\\/cotidiano\\\/sindrome-de-down-o-desafio-da-inclusao-desse-grupo-no-mercado-de-trabalho\\\/\"},\"author\":{\"name\":\"Blog da Condessa\",\"@id\":\"https:\\\/\\\/blogdacondessa.com.br\\\/blog\\\/#\\\/schema\\\/person\\\/1d667ff8b785195b568677489d266035\"},\"headline\":\"S\u00edndrome de Down: o desafio da inclus\u00e3o desse grupo no mercado de trabalho\",\"datePublished\":\"2023-03-21T14:20:58+00:00\",\"mainEntityOfPage\":{\"@id\":\"https:\\\/\\\/blogdacondessa.com.br\\\/blog\\\/cotidiano\\\/sindrome-de-down-o-desafio-da-inclusao-desse-grupo-no-mercado-de-trabalho\\\/\"},\"wordCount\":804,\"image\":{\"@id\":\"https:\\\/\\\/blogdacondessa.com.br\\\/blog\\\/cotidiano\\\/sindrome-de-down-o-desafio-da-inclusao-desse-grupo-no-mercado-de-trabalho\\\/#primaryimage\"},\"thumbnailUrl\":\"https:\\\/\\\/blogdacondessa.com.br\\\/blog\\\/wp-content\\\/uploads\\\/2023\\\/03\\\/Ana-Paula-Barbosa.jpg\",\"articleSection\":[\"Cotidiano\"],\"inLanguage\":\"pt-BR\"},{\"@type\":\"WebPage\",\"@id\":\"https:\\\/\\\/blogdacondessa.com.br\\\/blog\\\/cotidiano\\\/sindrome-de-down-o-desafio-da-inclusao-desse-grupo-no-mercado-de-trabalho\\\/\",\"url\":\"https:\\\/\\\/blogdacondessa.com.br\\\/blog\\\/cotidiano\\\/sindrome-de-down-o-desafio-da-inclusao-desse-grupo-no-mercado-de-trabalho\\\/\",\"name\":\"S\u00edndrome de Down: o desafio da inclus\u00e3o desse grupo no mercado de trabalho &#8902; Blog da Condessa\",\"isPartOf\":{\"@id\":\"https:\\\/\\\/blogdacondessa.com.br\\\/blog\\\/#website\"},\"primaryImageOfPage\":{\"@id\":\"https:\\\/\\\/blogdacondessa.com.br\\\/blog\\\/cotidiano\\\/sindrome-de-down-o-desafio-da-inclusao-desse-grupo-no-mercado-de-trabalho\\\/#primaryimage\"},\"image\":{\"@id\":\"https:\\\/\\\/blogdacondessa.com.br\\\/blog\\\/cotidiano\\\/sindrome-de-down-o-desafio-da-inclusao-desse-grupo-no-mercado-de-trabalho\\\/#primaryimage\"},\"thumbnailUrl\":\"https:\\\/\\\/blogdacondessa.com.br\\\/blog\\\/wp-content\\\/uploads\\\/2023\\\/03\\\/Ana-Paula-Barbosa.jpg\",\"datePublished\":\"2023-03-21T14:20:58+00:00\",\"author\":{\"@id\":\"https:\\\/\\\/blogdacondessa.com.br\\\/blog\\\/#\\\/schema\\\/person\\\/1d667ff8b785195b568677489d266035\"},\"breadcrumb\":{\"@id\":\"https:\\\/\\\/blogdacondessa.com.br\\\/blog\\\/cotidiano\\\/sindrome-de-down-o-desafio-da-inclusao-desse-grupo-no-mercado-de-trabalho\\\/#breadcrumb\"},\"inLanguage\":\"pt-BR\",\"potentialAction\":[{\"@type\":\"ReadAction\",\"target\":[\"https:\\\/\\\/blogdacondessa.com.br\\\/blog\\\/cotidiano\\\/sindrome-de-down-o-desafio-da-inclusao-desse-grupo-no-mercado-de-trabalho\\\/\"]}]},{\"@type\":\"ImageObject\",\"inLanguage\":\"pt-BR\",\"@id\":\"https:\\\/\\\/blogdacondessa.com.br\\\/blog\\\/cotidiano\\\/sindrome-de-down-o-desafio-da-inclusao-desse-grupo-no-mercado-de-trabalho\\\/#primaryimage\",\"url\":\"https:\\\/\\\/blogdacondessa.com.br\\\/blog\\\/wp-content\\\/uploads\\\/2023\\\/03\\\/Ana-Paula-Barbosa.jpg\",\"contentUrl\":\"https:\\\/\\\/blogdacondessa.com.br\\\/blog\\\/wp-content\\\/uploads\\\/2023\\\/03\\\/Ana-Paula-Barbosa.jpg\",\"width\":900,\"height\":900},{\"@type\":\"BreadcrumbList\",\"@id\":\"https:\\\/\\\/blogdacondessa.com.br\\\/blog\\\/cotidiano\\\/sindrome-de-down-o-desafio-da-inclusao-desse-grupo-no-mercado-de-trabalho\\\/#breadcrumb\",\"itemListElement\":[{\"@type\":\"ListItem\",\"position\":1,\"name\":\"In\u00edcio\",\"item\":\"https:\\\/\\\/blogdacondessa.com.br\\\/blog\\\/\"},{\"@type\":\"ListItem\",\"position\":2,\"name\":\"S\u00edndrome de Down: o desafio da inclus\u00e3o desse grupo no mercado de trabalho\"}]},{\"@type\":\"WebSite\",\"@id\":\"https:\\\/\\\/blogdacondessa.com.br\\\/blog\\\/#website\",\"url\":\"https:\\\/\\\/blogdacondessa.com.br\\\/blog\\\/\",\"name\":\"Blog da Condessa\",\"description\":\"Com Shirley de Souza O\u2019Campos\",\"potentialAction\":[{\"@type\":\"SearchAction\",\"target\":{\"@type\":\"EntryPoint\",\"urlTemplate\":\"https:\\\/\\\/blogdacondessa.com.br\\\/blog\\\/?s={search_term_string}\"},\"query-input\":{\"@type\":\"PropertyValueSpecification\",\"valueRequired\":true,\"valueName\":\"search_term_string\"}}],\"inLanguage\":\"pt-BR\"},{\"@type\":\"Person\",\"@id\":\"https:\\\/\\\/blogdacondessa.com.br\\\/blog\\\/#\\\/schema\\\/person\\\/1d667ff8b785195b568677489d266035\",\"name\":\"Blog da Condessa\",\"image\":{\"@type\":\"ImageObject\",\"inLanguage\":\"pt-BR\",\"@id\":\"https:\\\/\\\/secure.gravatar.com\\\/avatar\\\/377c0eb8b4ad2bfc25461b41564b5971e721ca34a57642868fc7b0c8ac7b52c5?s=96&d=mm&r=g\",\"url\":\"https:\\\/\\\/secure.gravatar.com\\\/avatar\\\/377c0eb8b4ad2bfc25461b41564b5971e721ca34a57642868fc7b0c8ac7b52c5?s=96&d=mm&r=g\",\"contentUrl\":\"https:\\\/\\\/secure.gravatar.com\\\/avatar\\\/377c0eb8b4ad2bfc25461b41564b5971e721ca34a57642868fc7b0c8ac7b52c5?s=96&d=mm&r=g\",\"caption\":\"Blog da Condessa\"},\"url\":\"https:\\\/\\\/blogdacondessa.com.br\\\/blog\\\/author\\\/beatriz\\\/\"}]}<\/script>\n<!-- \/ Yoast SEO plugin. -->","yoast_head_json":{"title":"S\u00edndrome de Down: o desafio da inclus\u00e3o desse grupo no mercado de trabalho &#8902; Blog da Condessa","robots":{"index":"index","follow":"follow","max-snippet":"max-snippet:-1","max-image-preview":"max-image-preview:large","max-video-preview":"max-video-preview:-1"},"canonical":"https:\/\/blogdacondessa.com.br\/blog\/cotidiano\/sindrome-de-down-o-desafio-da-inclusao-desse-grupo-no-mercado-de-trabalho\/","og_locale":"pt_BR","og_type":"article","og_title":"S\u00edndrome de Down: o desafio da inclus\u00e3o desse grupo no mercado de trabalho &#8902; Blog da Condessa","og_description":"Nas \u00faltimas d\u00e9cadas, os avan\u00e7os m\u00e9dicos melhoraram a qualidade de vida dos indiv\u00edduos com S\u00edndrome de Down e a longevidade desse grupo evoluiu de 35 para 60 anos. Essas pessoas tamb\u00e9m est\u00e3o mais inseridas na sociedade, conquistando espa\u00e7o inclusive no mercado de trabalho. No entanto, o desafio de assegurar plenos direitos a esse p\u00fablico ainda [&hellip;]","og_url":"https:\/\/blogdacondessa.com.br\/blog\/cotidiano\/sindrome-de-down-o-desafio-da-inclusao-desse-grupo-no-mercado-de-trabalho\/","og_site_name":"Blog da Condessa","article_published_time":"2023-03-21T14:20:58+00:00","og_image":[{"width":900,"height":900,"url":"https:\/\/blogdacondessa.com.br\/blog\/wp-content\/uploads\/2023\/03\/Ana-Paula-Barbosa.jpg","type":"image\/jpeg"}],"author":"Blog da Condessa","twitter_card":"summary_large_image","twitter_misc":{"Escrito por":"Blog da Condessa","Est. tempo de leitura":"5 minutos"},"schema":{"@context":"https:\/\/schema.org","@graph":[{"@type":"Article","@id":"https:\/\/blogdacondessa.com.br\/blog\/cotidiano\/sindrome-de-down-o-desafio-da-inclusao-desse-grupo-no-mercado-de-trabalho\/#article","isPartOf":{"@id":"https:\/\/blogdacondessa.com.br\/blog\/cotidiano\/sindrome-de-down-o-desafio-da-inclusao-desse-grupo-no-mercado-de-trabalho\/"},"author":{"name":"Blog da Condessa","@id":"https:\/\/blogdacondessa.com.br\/blog\/#\/schema\/person\/1d667ff8b785195b568677489d266035"},"headline":"S\u00edndrome de Down: o desafio da inclus\u00e3o desse grupo no mercado de trabalho","datePublished":"2023-03-21T14:20:58+00:00","mainEntityOfPage":{"@id":"https:\/\/blogdacondessa.com.br\/blog\/cotidiano\/sindrome-de-down-o-desafio-da-inclusao-desse-grupo-no-mercado-de-trabalho\/"},"wordCount":804,"image":{"@id":"https:\/\/blogdacondessa.com.br\/blog\/cotidiano\/sindrome-de-down-o-desafio-da-inclusao-desse-grupo-no-mercado-de-trabalho\/#primaryimage"},"thumbnailUrl":"https:\/\/blogdacondessa.com.br\/blog\/wp-content\/uploads\/2023\/03\/Ana-Paula-Barbosa.jpg","articleSection":["Cotidiano"],"inLanguage":"pt-BR"},{"@type":"WebPage","@id":"https:\/\/blogdacondessa.com.br\/blog\/cotidiano\/sindrome-de-down-o-desafio-da-inclusao-desse-grupo-no-mercado-de-trabalho\/","url":"https:\/\/blogdacondessa.com.br\/blog\/cotidiano\/sindrome-de-down-o-desafio-da-inclusao-desse-grupo-no-mercado-de-trabalho\/","name":"S\u00edndrome de Down: o desafio da inclus\u00e3o desse grupo no mercado de trabalho &#8902; Blog da Condessa","isPartOf":{"@id":"https:\/\/blogdacondessa.com.br\/blog\/#website"},"primaryImageOfPage":{"@id":"https:\/\/blogdacondessa.com.br\/blog\/cotidiano\/sindrome-de-down-o-desafio-da-inclusao-desse-grupo-no-mercado-de-trabalho\/#primaryimage"},"image":{"@id":"https:\/\/blogdacondessa.com.br\/blog\/cotidiano\/sindrome-de-down-o-desafio-da-inclusao-desse-grupo-no-mercado-de-trabalho\/#primaryimage"},"thumbnailUrl":"https:\/\/blogdacondessa.com.br\/blog\/wp-content\/uploads\/2023\/03\/Ana-Paula-Barbosa.jpg","datePublished":"2023-03-21T14:20:58+00:00","author":{"@id":"https:\/\/blogdacondessa.com.br\/blog\/#\/schema\/person\/1d667ff8b785195b568677489d266035"},"breadcrumb":{"@id":"https:\/\/blogdacondessa.com.br\/blog\/cotidiano\/sindrome-de-down-o-desafio-da-inclusao-desse-grupo-no-mercado-de-trabalho\/#breadcrumb"},"inLanguage":"pt-BR","potentialAction":[{"@type":"ReadAction","target":["https:\/\/blogdacondessa.com.br\/blog\/cotidiano\/sindrome-de-down-o-desafio-da-inclusao-desse-grupo-no-mercado-de-trabalho\/"]}]},{"@type":"ImageObject","inLanguage":"pt-BR","@id":"https:\/\/blogdacondessa.com.br\/blog\/cotidiano\/sindrome-de-down-o-desafio-da-inclusao-desse-grupo-no-mercado-de-trabalho\/#primaryimage","url":"https:\/\/blogdacondessa.com.br\/blog\/wp-content\/uploads\/2023\/03\/Ana-Paula-Barbosa.jpg","contentUrl":"https:\/\/blogdacondessa.com.br\/blog\/wp-content\/uploads\/2023\/03\/Ana-Paula-Barbosa.jpg","width":900,"height":900},{"@type":"BreadcrumbList","@id":"https:\/\/blogdacondessa.com.br\/blog\/cotidiano\/sindrome-de-down-o-desafio-da-inclusao-desse-grupo-no-mercado-de-trabalho\/#breadcrumb","itemListElement":[{"@type":"ListItem","position":1,"name":"In\u00edcio","item":"https:\/\/blogdacondessa.com.br\/blog\/"},{"@type":"ListItem","position":2,"name":"S\u00edndrome de Down: o desafio da inclus\u00e3o desse grupo no mercado de trabalho"}]},{"@type":"WebSite","@id":"https:\/\/blogdacondessa.com.br\/blog\/#website","url":"https:\/\/blogdacondessa.com.br\/blog\/","name":"Blog da Condessa","description":"Com Shirley de Souza O\u2019Campos","potentialAction":[{"@type":"SearchAction","target":{"@type":"EntryPoint","urlTemplate":"https:\/\/blogdacondessa.com.br\/blog\/?s={search_term_string}"},"query-input":{"@type":"PropertyValueSpecification","valueRequired":true,"valueName":"search_term_string"}}],"inLanguage":"pt-BR"},{"@type":"Person","@id":"https:\/\/blogdacondessa.com.br\/blog\/#\/schema\/person\/1d667ff8b785195b568677489d266035","name":"Blog da Condessa","image":{"@type":"ImageObject","inLanguage":"pt-BR","@id":"https:\/\/secure.gravatar.com\/avatar\/377c0eb8b4ad2bfc25461b41564b5971e721ca34a57642868fc7b0c8ac7b52c5?s=96&d=mm&r=g","url":"https:\/\/secure.gravatar.com\/avatar\/377c0eb8b4ad2bfc25461b41564b5971e721ca34a57642868fc7b0c8ac7b52c5?s=96&d=mm&r=g","contentUrl":"https:\/\/secure.gravatar.com\/avatar\/377c0eb8b4ad2bfc25461b41564b5971e721ca34a57642868fc7b0c8ac7b52c5?s=96&d=mm&r=g","caption":"Blog da Condessa"},"url":"https:\/\/blogdacondessa.com.br\/blog\/author\/beatriz\/"}]}},"_links":{"self":[{"href":"https:\/\/blogdacondessa.com.br\/blog\/wp-json\/wp\/v2\/posts\/6625","targetHints":{"allow":["GET"]}}],"collection":[{"href":"https:\/\/blogdacondessa.com.br\/blog\/wp-json\/wp\/v2\/posts"}],"about":[{"href":"https:\/\/blogdacondessa.com.br\/blog\/wp-json\/wp\/v2\/types\/post"}],"author":[{"embeddable":true,"href":"https:\/\/blogdacondessa.com.br\/blog\/wp-json\/wp\/v2\/users\/2"}],"replies":[{"embeddable":true,"href":"https:\/\/blogdacondessa.com.br\/blog\/wp-json\/wp\/v2\/comments?post=6625"}],"version-history":[{"count":0,"href":"https:\/\/blogdacondessa.com.br\/blog\/wp-json\/wp\/v2\/posts\/6625\/revisions"}],"wp:featuredmedia":[{"embeddable":true,"href":"https:\/\/blogdacondessa.com.br\/blog\/wp-json\/wp\/v2\/media\/6626"}],"wp:attachment":[{"href":"https:\/\/blogdacondessa.com.br\/blog\/wp-json\/wp\/v2\/media?parent=6625"}],"wp:term":[{"taxonomy":"category","embeddable":true,"href":"https:\/\/blogdacondessa.com.br\/blog\/wp-json\/wp\/v2\/categories?post=6625"},{"taxonomy":"post_tag","embeddable":true,"href":"https:\/\/blogdacondessa.com.br\/blog\/wp-json\/wp\/v2\/tags?post=6625"}],"curies":[{"name":"wp","href":"https:\/\/api.w.org\/{rel}","templated":true}]}}