{"id":659,"date":"2020-09-30T09:00:00","date_gmt":"2020-09-30T09:00:00","guid":{"rendered":"https:\/\/blogdacondessa.local\/ato-de-fim-de-gestao-define-metas-e-permite-planejamento-para-o-final-de-2020\/"},"modified":"2020-09-30T09:00:00","modified_gmt":"2020-09-30T09:00:00","slug":"ato-de-fim-de-gestao-define-metas-e-permite-planejamento-para-o-final-de-2020","status":"publish","type":"post","link":"https:\/\/blogdacondessa.com.br\/blog\/politica\/ato-de-fim-de-gestao-define-metas-e-permite-planejamento-para-o-final-de-2020\/","title":{"rendered":"Ato de fim de gest\u00e3o define metas e permite planejamento para o final de 2020"},"content":{"rendered":"<p><em>Lucimar garante cinco folhas de sal\u00e1rios e pagamentos de todos fornecedores.<\/em><\/p>\n<p>V\u00e1rzea Grande atrav\u00e9s de ato da prefeita Lucimar Sacre de Campos aprovisionou recursos da ordem de R$ 315 milh\u00f5es para fazer o encerramento da gest\u00e3o e baixou o Decreto 62\/2020 estabelecendo normas relativas ao encerramento da execu\u00e7\u00e3o or\u00e7ament\u00e1ria, financeira e patrimonial do \u00faltimo quadrimestre de 2020.<\/p>\n<p>\u201cEstes recursos ir\u00e3o garantir o pagamento de cinco folhas de sal\u00e1rios dos meses de setembro, outubro, novembro, dezembro e 13 sal\u00e1rio, al\u00e9m dos prestadores de servi\u00e7os, fornecedores e empreiteiras com obras\u201d, disse Lucimar Sacre de Campos ao anunciar para essa quarta-feira, 30 o pagamento dos sal\u00e1rios de setembro, reafirmando o calend\u00e1rio salarial anunciado em janeiro deste ano.<\/p>\n<p>Em reuni\u00e3o com a equipe econ\u00f4mica, Lucimar Campos, reafirmou que mesmo com a pandemia da Covid &#8211; 19, V\u00e1rzea Grande n\u00e3o parou suas atividades, apenas restringiu a\u00e7\u00f5es para evitar aglomera\u00e7\u00f5es e todas as medidas adotadas foram fundamentais para que a segunda maior cidade de Mato Grosso, neste momento estivesse com os casos sob controle da \u00e1rea da sa\u00fade p\u00fablica.<\/p>\n<p>\u201cProcuramos, dentro das limita\u00e7\u00f5es da Covid- 19, manter a normalidade nas atividades p\u00fablicas e abrimos m\u00e3o de uma s\u00e9rie de medidas como parcelamento de d\u00edvidas, prorroga\u00e7\u00e3o de recolhimento de impostos e contribui\u00e7\u00f5es, tudo obriga\u00e7\u00f5es que o Munic\u00edpio de V\u00e1rzea Grande poderia, neste momento de pandemia, abrir m\u00e3o, mas preferimos n\u00e3o fazer porque n\u00e3o existia a necessidade, em que pese nos primeiros meses termos uma redu\u00e7\u00e3o no recolhimento dos impostos\u201d, assinala a prefeita.<\/p>\n<p>A secret\u00e1ria de Gest\u00e3o Fazend\u00e1ria, Lucin\u00e9ia dos Santos Ribeiro lembrou que a instabilidade provocada pela Covid- 19 s\u00f3 n\u00e3o teve impactos maiores em V\u00e1rzea Grande porque a gest\u00e3o se encontrava com suas contas em ordem e trabalhando sempre com uma margem para se evitar sobressaltos que s\u00e3o comuns no Poder P\u00fablico.<\/p>\n<p>\u201cArrecada\u00e7\u00e3o no poder p\u00fablico \u00e9 sempre uma expectativa que pode ou n\u00e3o se confirmar, por isso, e seguindo sempre a ordem da prefeita Lucimar Sacre de Campos, temos folga no caixa, o que nos permite fazer um provisionamento de recursos para serem investidos no futuro e nos permitiu tamb\u00e9m fazer o enfrentamento da Covid- 19, lembrando que parte deste equil\u00edbrio se deu por causa do repasse feito pelo Governo Federal atrav\u00e9s do Projeto de Emenda Constitucional (PEC) aprovado pelos Senadores e deputados federais.<\/p>\n<p>Em m\u00e9dia cada folha de pagamento est\u00e1 estimada em R$ 31,7 milh\u00f5es com encargos financeiros e servidores da Prefeitura Municipal de V\u00e1rzea Grande, da Previd\u00eancia Social \u2013 PREVIVAG e Departamento de \u00c1gua e Esgoto \u2013 DAE\/VG.<\/p>\n<p>\u201cTodos os fornecedores, empreiteiras, terceirizados e servidores v\u00e3o fechar o ano de 2020 com seus recebimentos em ordem e dentro do calend\u00e1rio estipulado, portanto, estamos permitindo que o com\u00e9rcio, a ind\u00fastria e os servidores planejem o fim de ano, o que coloca V\u00e1rzea Grande dentro da normalidade\u201d, esclareceu a prefeita Lucimar Sacre de Campos, que sinalizou para o fato de que em 2021, na nova gest\u00e3o muitas obras ainda estar\u00e3o em andamento, todas elas voltadas para atender a qualidade de vida das pessoas.<\/p>\n<p>\u00a0<\/p>\n","protected":false},"excerpt":{"rendered":"<p>Lucimar garante cinco folhas de sal\u00e1rios e pagamentos de todos fornecedores. V\u00e1rzea Grande atrav\u00e9s de ato da prefeita Lucimar Sacre de Campos aprovisionou recursos da ordem de R$ 315 milh\u00f5es para fazer o encerramento da gest\u00e3o e baixou o Decreto 62\/2020 estabelecendo normas relativas ao encerramento da execu\u00e7\u00e3o or\u00e7ament\u00e1ria, financeira e patrimonial do \u00faltimo quadrimestre [&hellip;]<\/p>\n","protected":false},"author":2,"featured_media":0,"comment_status":"open","ping_status":"closed","sticky":false,"template":"","format":"standard","meta":{"iawp_total_views":0,"footnotes":""},"categories":[10],"tags":[],"class_list":["post-659","post","type-post","status-publish","format-standard","hentry","category-politica"],"yoast_head":"<!-- This site is optimized with the Yoast SEO plugin v27.3 - https:\/\/yoast.com\/product\/yoast-seo-wordpress\/ -->\n<title>Ato de fim de gest\u00e3o define metas e permite planejamento para o final de 2020 &#8902; Blog da Condessa<\/title>\n<meta name=\"robots\" content=\"index, follow, max-snippet:-1, max-image-preview:large, max-video-preview:-1\" \/>\n<link rel=\"canonical\" href=\"https:\/\/blogdacondessa.com.br\/blog\/politica\/ato-de-fim-de-gestao-define-metas-e-permite-planejamento-para-o-final-de-2020\/\" \/>\n<meta property=\"og:locale\" content=\"pt_BR\" \/>\n<meta property=\"og:type\" content=\"article\" \/>\n<meta property=\"og:title\" content=\"Ato de fim de gest\u00e3o define metas e permite planejamento para o final de 2020 &#8902; Blog da Condessa\" \/>\n<meta property=\"og:description\" content=\"Lucimar garante cinco folhas de sal\u00e1rios e pagamentos de todos fornecedores. V\u00e1rzea Grande atrav\u00e9s de ato da prefeita Lucimar Sacre de Campos aprovisionou recursos da ordem de R$ 315 milh\u00f5es para fazer o encerramento da gest\u00e3o e baixou o Decreto 62\/2020 estabelecendo normas relativas ao encerramento da execu\u00e7\u00e3o or\u00e7ament\u00e1ria, financeira e patrimonial do \u00faltimo quadrimestre [&hellip;]\" \/>\n<meta property=\"og:url\" content=\"https:\/\/blogdacondessa.com.br\/blog\/politica\/ato-de-fim-de-gestao-define-metas-e-permite-planejamento-para-o-final-de-2020\/\" \/>\n<meta property=\"og:site_name\" content=\"Blog da Condessa\" \/>\n<meta property=\"article:published_time\" content=\"2020-09-30T09:00:00+00:00\" \/>\n<meta name=\"author\" content=\"Blog da Condessa\" \/>\n<meta name=\"twitter:card\" content=\"summary_large_image\" \/>\n<meta name=\"twitter:label1\" content=\"Escrito por\" \/>\n\t<meta name=\"twitter:data1\" content=\"Blog da Condessa\" \/>\n\t<meta name=\"twitter:label2\" content=\"Est. tempo de leitura\" \/>\n\t<meta name=\"twitter:data2\" content=\"3 minutos\" \/>\n<script type=\"application\/ld+json\" class=\"yoast-schema-graph\">{\"@context\":\"https:\\\/\\\/schema.org\",\"@graph\":[{\"@type\":\"Article\",\"@id\":\"https:\\\/\\\/blogdacondessa.com.br\\\/blog\\\/politica\\\/ato-de-fim-de-gestao-define-metas-e-permite-planejamento-para-o-final-de-2020\\\/#article\",\"isPartOf\":{\"@id\":\"https:\\\/\\\/blogdacondessa.com.br\\\/blog\\\/politica\\\/ato-de-fim-de-gestao-define-metas-e-permite-planejamento-para-o-final-de-2020\\\/\"},\"author\":{\"name\":\"Blog da Condessa\",\"@id\":\"https:\\\/\\\/blogdacondessa.com.br\\\/blog\\\/#\\\/schema\\\/person\\\/1d667ff8b785195b568677489d266035\"},\"headline\":\"Ato de fim de gest\u00e3o define metas e permite planejamento para o final de 2020\",\"datePublished\":\"2020-09-30T09:00:00+00:00\",\"mainEntityOfPage\":{\"@id\":\"https:\\\/\\\/blogdacondessa.com.br\\\/blog\\\/politica\\\/ato-de-fim-de-gestao-define-metas-e-permite-planejamento-para-o-final-de-2020\\\/\"},\"wordCount\":562,\"commentCount\":0,\"articleSection\":[\"Pol\u00edtica\"],\"inLanguage\":\"pt-BR\",\"potentialAction\":[{\"@type\":\"CommentAction\",\"name\":\"Comment\",\"target\":[\"https:\\\/\\\/blogdacondessa.com.br\\\/blog\\\/politica\\\/ato-de-fim-de-gestao-define-metas-e-permite-planejamento-para-o-final-de-2020\\\/#respond\"]}]},{\"@type\":\"WebPage\",\"@id\":\"https:\\\/\\\/blogdacondessa.com.br\\\/blog\\\/politica\\\/ato-de-fim-de-gestao-define-metas-e-permite-planejamento-para-o-final-de-2020\\\/\",\"url\":\"https:\\\/\\\/blogdacondessa.com.br\\\/blog\\\/politica\\\/ato-de-fim-de-gestao-define-metas-e-permite-planejamento-para-o-final-de-2020\\\/\",\"name\":\"Ato de fim de gest\u00e3o define metas e permite planejamento para o final de 2020 &#8902; Blog da Condessa\",\"isPartOf\":{\"@id\":\"https:\\\/\\\/blogdacondessa.com.br\\\/blog\\\/#website\"},\"datePublished\":\"2020-09-30T09:00:00+00:00\",\"author\":{\"@id\":\"https:\\\/\\\/blogdacondessa.com.br\\\/blog\\\/#\\\/schema\\\/person\\\/1d667ff8b785195b568677489d266035\"},\"breadcrumb\":{\"@id\":\"https:\\\/\\\/blogdacondessa.com.br\\\/blog\\\/politica\\\/ato-de-fim-de-gestao-define-metas-e-permite-planejamento-para-o-final-de-2020\\\/#breadcrumb\"},\"inLanguage\":\"pt-BR\",\"potentialAction\":[{\"@type\":\"ReadAction\",\"target\":[\"https:\\\/\\\/blogdacondessa.com.br\\\/blog\\\/politica\\\/ato-de-fim-de-gestao-define-metas-e-permite-planejamento-para-o-final-de-2020\\\/\"]}]},{\"@type\":\"BreadcrumbList\",\"@id\":\"https:\\\/\\\/blogdacondessa.com.br\\\/blog\\\/politica\\\/ato-de-fim-de-gestao-define-metas-e-permite-planejamento-para-o-final-de-2020\\\/#breadcrumb\",\"itemListElement\":[{\"@type\":\"ListItem\",\"position\":1,\"name\":\"In\u00edcio\",\"item\":\"https:\\\/\\\/blogdacondessa.com.br\\\/blog\\\/\"},{\"@type\":\"ListItem\",\"position\":2,\"name\":\"Ato de fim de gest\u00e3o define metas e permite planejamento para o final de 2020\"}]},{\"@type\":\"WebSite\",\"@id\":\"https:\\\/\\\/blogdacondessa.com.br\\\/blog\\\/#website\",\"url\":\"https:\\\/\\\/blogdacondessa.com.br\\\/blog\\\/\",\"name\":\"Blog da Condessa\",\"description\":\"Com Shirley de Souza O\u2019Campos\",\"potentialAction\":[{\"@type\":\"SearchAction\",\"target\":{\"@type\":\"EntryPoint\",\"urlTemplate\":\"https:\\\/\\\/blogdacondessa.com.br\\\/blog\\\/?s={search_term_string}\"},\"query-input\":{\"@type\":\"PropertyValueSpecification\",\"valueRequired\":true,\"valueName\":\"search_term_string\"}}],\"inLanguage\":\"pt-BR\"},{\"@type\":\"Person\",\"@id\":\"https:\\\/\\\/blogdacondessa.com.br\\\/blog\\\/#\\\/schema\\\/person\\\/1d667ff8b785195b568677489d266035\",\"name\":\"Blog da Condessa\",\"image\":{\"@type\":\"ImageObject\",\"inLanguage\":\"pt-BR\",\"@id\":\"https:\\\/\\\/secure.gravatar.com\\\/avatar\\\/377c0eb8b4ad2bfc25461b41564b5971e721ca34a57642868fc7b0c8ac7b52c5?s=96&d=mm&r=g\",\"url\":\"https:\\\/\\\/secure.gravatar.com\\\/avatar\\\/377c0eb8b4ad2bfc25461b41564b5971e721ca34a57642868fc7b0c8ac7b52c5?s=96&d=mm&r=g\",\"contentUrl\":\"https:\\\/\\\/secure.gravatar.com\\\/avatar\\\/377c0eb8b4ad2bfc25461b41564b5971e721ca34a57642868fc7b0c8ac7b52c5?s=96&d=mm&r=g\",\"caption\":\"Blog da Condessa\"},\"url\":\"https:\\\/\\\/blogdacondessa.com.br\\\/blog\\\/author\\\/beatriz\\\/\"}]}<\/script>\n<!-- \/ Yoast SEO plugin. -->","yoast_head_json":{"title":"Ato de fim de gest\u00e3o define metas e permite planejamento para o final de 2020 &#8902; Blog da Condessa","robots":{"index":"index","follow":"follow","max-snippet":"max-snippet:-1","max-image-preview":"max-image-preview:large","max-video-preview":"max-video-preview:-1"},"canonical":"https:\/\/blogdacondessa.com.br\/blog\/politica\/ato-de-fim-de-gestao-define-metas-e-permite-planejamento-para-o-final-de-2020\/","og_locale":"pt_BR","og_type":"article","og_title":"Ato de fim de gest\u00e3o define metas e permite planejamento para o final de 2020 &#8902; Blog da Condessa","og_description":"Lucimar garante cinco folhas de sal\u00e1rios e pagamentos de todos fornecedores. V\u00e1rzea Grande atrav\u00e9s de ato da prefeita Lucimar Sacre de Campos aprovisionou recursos da ordem de R$ 315 milh\u00f5es para fazer o encerramento da gest\u00e3o e baixou o Decreto 62\/2020 estabelecendo normas relativas ao encerramento da execu\u00e7\u00e3o or\u00e7ament\u00e1ria, financeira e patrimonial do \u00faltimo quadrimestre [&hellip;]","og_url":"https:\/\/blogdacondessa.com.br\/blog\/politica\/ato-de-fim-de-gestao-define-metas-e-permite-planejamento-para-o-final-de-2020\/","og_site_name":"Blog da Condessa","article_published_time":"2020-09-30T09:00:00+00:00","author":"Blog da Condessa","twitter_card":"summary_large_image","twitter_misc":{"Escrito por":"Blog da Condessa","Est. tempo de leitura":"3 minutos"},"schema":{"@context":"https:\/\/schema.org","@graph":[{"@type":"Article","@id":"https:\/\/blogdacondessa.com.br\/blog\/politica\/ato-de-fim-de-gestao-define-metas-e-permite-planejamento-para-o-final-de-2020\/#article","isPartOf":{"@id":"https:\/\/blogdacondessa.com.br\/blog\/politica\/ato-de-fim-de-gestao-define-metas-e-permite-planejamento-para-o-final-de-2020\/"},"author":{"name":"Blog da Condessa","@id":"https:\/\/blogdacondessa.com.br\/blog\/#\/schema\/person\/1d667ff8b785195b568677489d266035"},"headline":"Ato de fim de gest\u00e3o define metas e permite planejamento para o final de 2020","datePublished":"2020-09-30T09:00:00+00:00","mainEntityOfPage":{"@id":"https:\/\/blogdacondessa.com.br\/blog\/politica\/ato-de-fim-de-gestao-define-metas-e-permite-planejamento-para-o-final-de-2020\/"},"wordCount":562,"commentCount":0,"articleSection":["Pol\u00edtica"],"inLanguage":"pt-BR","potentialAction":[{"@type":"CommentAction","name":"Comment","target":["https:\/\/blogdacondessa.com.br\/blog\/politica\/ato-de-fim-de-gestao-define-metas-e-permite-planejamento-para-o-final-de-2020\/#respond"]}]},{"@type":"WebPage","@id":"https:\/\/blogdacondessa.com.br\/blog\/politica\/ato-de-fim-de-gestao-define-metas-e-permite-planejamento-para-o-final-de-2020\/","url":"https:\/\/blogdacondessa.com.br\/blog\/politica\/ato-de-fim-de-gestao-define-metas-e-permite-planejamento-para-o-final-de-2020\/","name":"Ato de fim de gest\u00e3o define metas e permite planejamento para o final de 2020 &#8902; Blog da Condessa","isPartOf":{"@id":"https:\/\/blogdacondessa.com.br\/blog\/#website"},"datePublished":"2020-09-30T09:00:00+00:00","author":{"@id":"https:\/\/blogdacondessa.com.br\/blog\/#\/schema\/person\/1d667ff8b785195b568677489d266035"},"breadcrumb":{"@id":"https:\/\/blogdacondessa.com.br\/blog\/politica\/ato-de-fim-de-gestao-define-metas-e-permite-planejamento-para-o-final-de-2020\/#breadcrumb"},"inLanguage":"pt-BR","potentialAction":[{"@type":"ReadAction","target":["https:\/\/blogdacondessa.com.br\/blog\/politica\/ato-de-fim-de-gestao-define-metas-e-permite-planejamento-para-o-final-de-2020\/"]}]},{"@type":"BreadcrumbList","@id":"https:\/\/blogdacondessa.com.br\/blog\/politica\/ato-de-fim-de-gestao-define-metas-e-permite-planejamento-para-o-final-de-2020\/#breadcrumb","itemListElement":[{"@type":"ListItem","position":1,"name":"In\u00edcio","item":"https:\/\/blogdacondessa.com.br\/blog\/"},{"@type":"ListItem","position":2,"name":"Ato de fim de gest\u00e3o define metas e permite planejamento para o final de 2020"}]},{"@type":"WebSite","@id":"https:\/\/blogdacondessa.com.br\/blog\/#website","url":"https:\/\/blogdacondessa.com.br\/blog\/","name":"Blog da Condessa","description":"Com Shirley de Souza O\u2019Campos","potentialAction":[{"@type":"SearchAction","target":{"@type":"EntryPoint","urlTemplate":"https:\/\/blogdacondessa.com.br\/blog\/?s={search_term_string}"},"query-input":{"@type":"PropertyValueSpecification","valueRequired":true,"valueName":"search_term_string"}}],"inLanguage":"pt-BR"},{"@type":"Person","@id":"https:\/\/blogdacondessa.com.br\/blog\/#\/schema\/person\/1d667ff8b785195b568677489d266035","name":"Blog da Condessa","image":{"@type":"ImageObject","inLanguage":"pt-BR","@id":"https:\/\/secure.gravatar.com\/avatar\/377c0eb8b4ad2bfc25461b41564b5971e721ca34a57642868fc7b0c8ac7b52c5?s=96&d=mm&r=g","url":"https:\/\/secure.gravatar.com\/avatar\/377c0eb8b4ad2bfc25461b41564b5971e721ca34a57642868fc7b0c8ac7b52c5?s=96&d=mm&r=g","contentUrl":"https:\/\/secure.gravatar.com\/avatar\/377c0eb8b4ad2bfc25461b41564b5971e721ca34a57642868fc7b0c8ac7b52c5?s=96&d=mm&r=g","caption":"Blog da Condessa"},"url":"https:\/\/blogdacondessa.com.br\/blog\/author\/beatriz\/"}]}},"_links":{"self":[{"href":"https:\/\/blogdacondessa.com.br\/blog\/wp-json\/wp\/v2\/posts\/659","targetHints":{"allow":["GET"]}}],"collection":[{"href":"https:\/\/blogdacondessa.com.br\/blog\/wp-json\/wp\/v2\/posts"}],"about":[{"href":"https:\/\/blogdacondessa.com.br\/blog\/wp-json\/wp\/v2\/types\/post"}],"author":[{"embeddable":true,"href":"https:\/\/blogdacondessa.com.br\/blog\/wp-json\/wp\/v2\/users\/2"}],"replies":[{"embeddable":true,"href":"https:\/\/blogdacondessa.com.br\/blog\/wp-json\/wp\/v2\/comments?post=659"}],"version-history":[{"count":0,"href":"https:\/\/blogdacondessa.com.br\/blog\/wp-json\/wp\/v2\/posts\/659\/revisions"}],"wp:attachment":[{"href":"https:\/\/blogdacondessa.com.br\/blog\/wp-json\/wp\/v2\/media?parent=659"}],"wp:term":[{"taxonomy":"category","embeddable":true,"href":"https:\/\/blogdacondessa.com.br\/blog\/wp-json\/wp\/v2\/categories?post=659"},{"taxonomy":"post_tag","embeddable":true,"href":"https:\/\/blogdacondessa.com.br\/blog\/wp-json\/wp\/v2\/tags?post=659"}],"curies":[{"name":"wp","href":"https:\/\/api.w.org\/{rel}","templated":true}]}}