{"id":658,"date":"2020-09-30T09:00:00","date_gmt":"2020-09-30T09:00:00","guid":{"rendered":"https:\/\/blogdacondessa.local\/o-universo-da-solidariedade\/"},"modified":"2020-09-30T09:00:00","modified_gmt":"2020-09-30T09:00:00","slug":"o-universo-da-solidariedade","status":"publish","type":"post","link":"https:\/\/blogdacondessa.com.br\/blog\/cidades-2\/o-universo-da-solidariedade\/","title":{"rendered":"O universo da solidariedade"},"content":{"rendered":"<p>Voc\u00ea tem vontade de ajudar as pessoas de alguma forma, mas n\u00e3o sabe como? Fica com aquele sentimento de impot\u00eancia quando quer mudar uma realidade?\u00a0 Para incentivar e provocar o instinto de solidariedade,\u00a0 a Rede Feminina Estadual de Combate ao C\u00e2ncer de Mato Grosso, inicia a campanha do Outubro Rosa. A Rede Feminina Estadual de Combate ao C\u00e2ncer de Mato Grosso \u00e9 uma institui\u00e7\u00e3o filantr\u00f3pica, sem fins lucrativos que se dedica \u00e0 assist\u00eancia de pacientes carentes portadores de c\u00e2ncer e a difundir informa\u00e7\u00f5es que ajudam na preven\u00e7\u00e3o dessa doen\u00e7a. Foi fundada em 28 de agosto de 1988 por um grupo de mulheres preocupadas com o sofrimento dos pacientes oncol\u00f3gicos menos favorecidos. Suas atividades se desenvolveram inicialmente junto \u00e0 Santa Casa de Miseric\u00f3rdia de Cuiab\u00e1, institui\u00e7\u00e3o que acolhia e tratava o paciente oncol\u00f3gico carente.<br \/> Teve como sua primeira presidente Francisca de Almeida Constantino, mais conhecida como Dona Nini Constantino que se manteve nessa fun\u00e7\u00e3o durante dez anos desenvolvendo importante papel na consolida\u00e7\u00e3o da Rede Feminina Estadual de Combate ao C\u00e2ncer de Mato Grosso.<br \/> A partir de fevereiro de 1999, com a implanta\u00e7\u00e3o do Hospital de C\u00e2ncer de Mato Grosso, a Rede Feminina passou a atuar em parceria com essa nova institui\u00e7\u00e3o. Desde o in\u00edcio de suas atividades a Rede Feminina desenvolve a\u00e7\u00f5es visando o bem-estar dos pacientes oncol\u00f3gicos e de seus acompanhantes, realizando visitas aos mesmos, oferecendo lanches e outras formas de conforto.<br \/> Em agosto de 2001, contando com o trabalho volunt\u00e1rio de um grupo de cirurgi\u00f5es-dentistas, a Rede Feminina implantou um servi\u00e7o de Odontologia no Hospital de C\u00e2ncer de Mato Grosso para atendimento dos pacientes oncol\u00f3gicos internados ou n\u00e3o. Tratava-se de uma atitude pioneira em um hospital de c\u00e2ncer.<br \/> Contando apenas com recursos obtidos com as mensalidades de suas volunt\u00e1rias ou atrav\u00e9s de arrecada\u00e7\u00f5es com a realiza\u00e7\u00e3o de eventos a Rede Feminina Estadual de Combate ao C\u00e2ncer de Mato Grosso desenvolve diversas atividades, as quais v\u00eam se ampliando com o passar dos anos.<br \/> Custeia exames de imagens como mamografias, resson\u00e2ncia magn\u00e9ticas, RX e ultrassom. E tamb\u00e9m exames diagn\u00f3sticos \u2013 biopsias.<br \/> Em sua parceria com o Hospital de C\u00e2ncer de Mato Grosso, a Rede Feminina auxilia o mesmo na aquisi\u00e7\u00e3o de medicamentos, insumos e dietas. E participa dos trabalhos volunt\u00e1rios de recupera\u00e7\u00e3o de mulheres mastectomizadas, fornecendo as pr\u00f3teses de mama.<br \/> O Departamento de Odontologia do Hospital de C\u00e2ncer de Mato Grosso, mantido pela Rede Feminina \u00e9 refer\u00eancia nacional e desenvolve pr\u00f3teses dent\u00e1rias e pr\u00f3teses bucomaxilofacial.<\/p>\n<p><strong>Dignidade e conforto<\/strong><\/p>\n<p>Atualmente a Rede Feminina Estadual de Combate ao C\u00e2ncer de Mato Grosso est\u00e1 empenhada na campanha que visa construir uma Casa de Apoio para o paciente oncol\u00f3gico junto ao Hospital de C\u00e2ncer, na mesma \u00e1rea, j\u00e1 tendo obtido o terreno necess\u00e1rio a essa constru\u00e7\u00e3o. Este hospital atende pacientes de todo o Estado e tamb\u00e9m de estados vizinhos. Muitos chegam \u00e0 Cuiab\u00e1 para fazer seus tratamentos sem ter onde ficar, agudizando ainda mais sua situa\u00e7\u00e3o de car\u00eancia e sofrimento. O objetivo da Casa de Apoio \u00e9 dar ao paciente condi\u00e7\u00f5es de hospedagem com dignidade e conforto durante a fase. E esse foi o foco que norteou as arquitetas que elaboraram o projeto da Casa de Apoio, o qual j\u00e1 se encontra devidamente aprovado nos \u00f3rg\u00e3os respons\u00e1veis da Prefeitura Municipal de Cuiab\u00e1.<br \/> Para atingir essa meta arrojada, a Rede Feminina tem se empenhado cada vez mais em suas atividades visando levantar recursos para construir e, posteriormente, manter a Casa de Apoio. Realiza eventos beneficentes e para isso conta com o apoio da sociedade cuiabana sempre pronta a colaborar, seja estabelecendo parceria, seja adquirindo ingressos para os eventos em quest\u00e3o.<br \/> A Rede Feminina Estadual de Combate ao C\u00e2ncer de Mato Grosso conta atualmente com 67 volunt\u00e1rias, mulheres de v\u00e1rias idades e condi\u00e7\u00f5es sociais, algumas atuantes no mercado de trabalho, outras donas de casa e outras j\u00e1 aposentadas, todas preocupadas em dar parte de seu tempo e de seu trabalho em prol do tratamento, conforto e bem-estar do paciente oncol\u00f3gico carente.<br \/> A entidade mato-grossense faz parte da Rede Feminina Nacional de Combate ao C\u00e2ncer que existe atualmente nos 27 estados e no Distrito Federal. Al\u00e9m de congregar as atividades regionais, a Rede Feminina Nacional se empenha em propor pol\u00edticas p\u00fablicas aos \u00f3rg\u00e3os governamentais e a lutar para que os direitos dos pacientes oncol\u00f3gicos j\u00e1 garantidos sejam respeitados. E essa \u00e9 mais uma importante atividade exercida pela Rede Feminina Estadual de Combate ao C\u00e2ncer de Mato Grosso em nosso estado.<br \/> \u201cEstamos iniciando mais um OUTUBRO ROSA, uma campanha de n\u00edvel nacional, que visa estimular as medidas de preven\u00e7\u00e3o do c\u00e2ncer de mama, como o autoexame, a visita peri\u00f3dica ao m\u00e9dico e a realiza\u00e7\u00e3o de exame de mamografia. Tamb\u00e9m se destaca um trabalho de orienta\u00e7\u00e3o das pessoas buscando vencer o estigma contra o c\u00e2ncer. Doen\u00e7a grave, de alto risco, mas se tratada a tempo tem uma alta taxa de sucesso. Durante esse m\u00eas as volunt\u00e1rias estar\u00e3o desenvolvendo in\u00fameras atividades de sensibiliza\u00e7\u00e3o da popula\u00e7\u00e3o e de esclarecimento. Embora limitadas pelas restri\u00e7\u00f5es sanit\u00e1rias necess\u00e1rias ao enfretamento da pandemia do novo coronavirus, a que a sociedade est\u00e1 submetida, as volunt\u00e1rias da Rede Feminina Estadual de Combate ao C\u00e2ncer estar\u00e3o proferindo palestras, distribuindo panfletos, realizando campanhas de viabiliza\u00e7\u00e3o de mamografias a mulheres sem condi\u00e7\u00f5es de acesso a esse exame.<br \/> O apoio e a parceria da sociedade cuiabana e mato-grossense \u00e9 fundamental para que Rede Feminina possa realizar com sucesso seu trabalho em prol do paciente oncol\u00f3gico carente e, para tanto, a institui\u00e7\u00e3o precisa contar com a sensibilidade e a generosidade de todos a essa t\u00e3o importante causa\u201d, frisou\u00a0 Maria Carmem Palma Faria Volpato &#8211; presidentee da Rede Feminina Estadual de Combate ao C\u00e2ncer de Mato Grosso, cirurgi\u00e3-dentista, mestre em ci\u00eancias odontol\u00f3gicas integradas, especialista em pr\u00f3tese bucomaxilofacial. (Fonte: Assessoria)<\/p>\n<p><strong>O c\u00e2ncer de Mama no Brasil<br \/> <\/strong>Segundo estimativas oficiais do Instituto Nacional de C\u00e2ncer (Inca), \u00f3rg\u00e3o auxiliar do Minist\u00e9rio da Sa\u00fade no desenvolvimento e coordena\u00e7\u00e3o das a\u00e7\u00f5es integradas \u00e0 preven\u00e7\u00e3o e o controle do c\u00e2ncer no Brasil, s\u00e3o registrados, por dia, 181 novos casos de c\u00e2ncer da mama no pa\u00eds. Totalizando cerca de 5.523 por m\u00eas. No ano, o c\u00e2ncer de mama atinge, no Brasil, mais de 66.280 mulheres, n\u00famero alt\u00edssimo e que precisa, urgentemente, ser reduzido.<\/p>\n","protected":false},"excerpt":{"rendered":"<p>Voc\u00ea tem vontade de ajudar as pessoas de alguma forma, mas n\u00e3o sabe como? Fica com aquele sentimento de impot\u00eancia quando quer mudar uma realidade?\u00a0 Para incentivar e provocar o instinto de solidariedade,\u00a0 a Rede Feminina Estadual de Combate ao C\u00e2ncer de Mato Grosso, inicia a campanha do Outubro Rosa. A Rede Feminina Estadual de [&hellip;]<\/p>\n","protected":false},"author":2,"featured_media":0,"comment_status":"open","ping_status":"closed","sticky":false,"template":"","format":"standard","meta":{"iawp_total_views":0,"footnotes":""},"categories":[15],"tags":[],"class_list":["post-658","post","type-post","status-publish","format-standard","hentry","category-cidades-2"],"yoast_head":"<!-- This site is optimized with the Yoast SEO plugin v27.3 - https:\/\/yoast.com\/product\/yoast-seo-wordpress\/ -->\n<title>O universo da solidariedade &#8902; Blog da Condessa<\/title>\n<meta name=\"robots\" content=\"index, follow, max-snippet:-1, max-image-preview:large, max-video-preview:-1\" \/>\n<link rel=\"canonical\" href=\"https:\/\/blogdacondessa.com.br\/blog\/cidades-2\/o-universo-da-solidariedade\/\" \/>\n<meta property=\"og:locale\" content=\"pt_BR\" \/>\n<meta property=\"og:type\" content=\"article\" \/>\n<meta property=\"og:title\" content=\"O universo da solidariedade &#8902; Blog da Condessa\" \/>\n<meta property=\"og:description\" content=\"Voc\u00ea tem vontade de ajudar as pessoas de alguma forma, mas n\u00e3o sabe como? Fica com aquele sentimento de impot\u00eancia quando quer mudar uma realidade?\u00a0 Para incentivar e provocar o instinto de solidariedade,\u00a0 a Rede Feminina Estadual de Combate ao C\u00e2ncer de Mato Grosso, inicia a campanha do Outubro Rosa. A Rede Feminina Estadual de [&hellip;]\" \/>\n<meta property=\"og:url\" content=\"https:\/\/blogdacondessa.com.br\/blog\/cidades-2\/o-universo-da-solidariedade\/\" \/>\n<meta property=\"og:site_name\" content=\"Blog da Condessa\" \/>\n<meta property=\"article:published_time\" content=\"2020-09-30T09:00:00+00:00\" \/>\n<meta name=\"author\" content=\"Blog da Condessa\" \/>\n<meta name=\"twitter:card\" content=\"summary_large_image\" \/>\n<meta name=\"twitter:label1\" content=\"Escrito por\" \/>\n\t<meta name=\"twitter:data1\" content=\"Blog da Condessa\" \/>\n\t<meta name=\"twitter:label2\" content=\"Est. tempo de leitura\" \/>\n\t<meta name=\"twitter:data2\" content=\"6 minutos\" \/>\n<script type=\"application\/ld+json\" class=\"yoast-schema-graph\">{\"@context\":\"https:\\\/\\\/schema.org\",\"@graph\":[{\"@type\":\"Article\",\"@id\":\"https:\\\/\\\/blogdacondessa.com.br\\\/blog\\\/cidades-2\\\/o-universo-da-solidariedade\\\/#article\",\"isPartOf\":{\"@id\":\"https:\\\/\\\/blogdacondessa.com.br\\\/blog\\\/cidades-2\\\/o-universo-da-solidariedade\\\/\"},\"author\":{\"name\":\"Blog da Condessa\",\"@id\":\"https:\\\/\\\/blogdacondessa.com.br\\\/blog\\\/#\\\/schema\\\/person\\\/1d667ff8b785195b568677489d266035\"},\"headline\":\"O universo da solidariedade\",\"datePublished\":\"2020-09-30T09:00:00+00:00\",\"mainEntityOfPage\":{\"@id\":\"https:\\\/\\\/blogdacondessa.com.br\\\/blog\\\/cidades-2\\\/o-universo-da-solidariedade\\\/\"},\"wordCount\":1130,\"commentCount\":0,\"articleSection\":[\"Nacional\"],\"inLanguage\":\"pt-BR\",\"potentialAction\":[{\"@type\":\"CommentAction\",\"name\":\"Comment\",\"target\":[\"https:\\\/\\\/blogdacondessa.com.br\\\/blog\\\/cidades-2\\\/o-universo-da-solidariedade\\\/#respond\"]}]},{\"@type\":\"WebPage\",\"@id\":\"https:\\\/\\\/blogdacondessa.com.br\\\/blog\\\/cidades-2\\\/o-universo-da-solidariedade\\\/\",\"url\":\"https:\\\/\\\/blogdacondessa.com.br\\\/blog\\\/cidades-2\\\/o-universo-da-solidariedade\\\/\",\"name\":\"O universo da solidariedade &#8902; Blog da Condessa\",\"isPartOf\":{\"@id\":\"https:\\\/\\\/blogdacondessa.com.br\\\/blog\\\/#website\"},\"datePublished\":\"2020-09-30T09:00:00+00:00\",\"author\":{\"@id\":\"https:\\\/\\\/blogdacondessa.com.br\\\/blog\\\/#\\\/schema\\\/person\\\/1d667ff8b785195b568677489d266035\"},\"breadcrumb\":{\"@id\":\"https:\\\/\\\/blogdacondessa.com.br\\\/blog\\\/cidades-2\\\/o-universo-da-solidariedade\\\/#breadcrumb\"},\"inLanguage\":\"pt-BR\",\"potentialAction\":[{\"@type\":\"ReadAction\",\"target\":[\"https:\\\/\\\/blogdacondessa.com.br\\\/blog\\\/cidades-2\\\/o-universo-da-solidariedade\\\/\"]}]},{\"@type\":\"BreadcrumbList\",\"@id\":\"https:\\\/\\\/blogdacondessa.com.br\\\/blog\\\/cidades-2\\\/o-universo-da-solidariedade\\\/#breadcrumb\",\"itemListElement\":[{\"@type\":\"ListItem\",\"position\":1,\"name\":\"In\u00edcio\",\"item\":\"https:\\\/\\\/blogdacondessa.com.br\\\/blog\\\/\"},{\"@type\":\"ListItem\",\"position\":2,\"name\":\"O universo da solidariedade\"}]},{\"@type\":\"WebSite\",\"@id\":\"https:\\\/\\\/blogdacondessa.com.br\\\/blog\\\/#website\",\"url\":\"https:\\\/\\\/blogdacondessa.com.br\\\/blog\\\/\",\"name\":\"Blog da Condessa\",\"description\":\"Com Shirley de Souza O\u2019Campos\",\"potentialAction\":[{\"@type\":\"SearchAction\",\"target\":{\"@type\":\"EntryPoint\",\"urlTemplate\":\"https:\\\/\\\/blogdacondessa.com.br\\\/blog\\\/?s={search_term_string}\"},\"query-input\":{\"@type\":\"PropertyValueSpecification\",\"valueRequired\":true,\"valueName\":\"search_term_string\"}}],\"inLanguage\":\"pt-BR\"},{\"@type\":\"Person\",\"@id\":\"https:\\\/\\\/blogdacondessa.com.br\\\/blog\\\/#\\\/schema\\\/person\\\/1d667ff8b785195b568677489d266035\",\"name\":\"Blog da Condessa\",\"image\":{\"@type\":\"ImageObject\",\"inLanguage\":\"pt-BR\",\"@id\":\"https:\\\/\\\/secure.gravatar.com\\\/avatar\\\/377c0eb8b4ad2bfc25461b41564b5971e721ca34a57642868fc7b0c8ac7b52c5?s=96&d=mm&r=g\",\"url\":\"https:\\\/\\\/secure.gravatar.com\\\/avatar\\\/377c0eb8b4ad2bfc25461b41564b5971e721ca34a57642868fc7b0c8ac7b52c5?s=96&d=mm&r=g\",\"contentUrl\":\"https:\\\/\\\/secure.gravatar.com\\\/avatar\\\/377c0eb8b4ad2bfc25461b41564b5971e721ca34a57642868fc7b0c8ac7b52c5?s=96&d=mm&r=g\",\"caption\":\"Blog da Condessa\"},\"url\":\"https:\\\/\\\/blogdacondessa.com.br\\\/blog\\\/author\\\/beatriz\\\/\"}]}<\/script>\n<!-- \/ Yoast SEO plugin. -->","yoast_head_json":{"title":"O universo da solidariedade &#8902; Blog da Condessa","robots":{"index":"index","follow":"follow","max-snippet":"max-snippet:-1","max-image-preview":"max-image-preview:large","max-video-preview":"max-video-preview:-1"},"canonical":"https:\/\/blogdacondessa.com.br\/blog\/cidades-2\/o-universo-da-solidariedade\/","og_locale":"pt_BR","og_type":"article","og_title":"O universo da solidariedade &#8902; Blog da Condessa","og_description":"Voc\u00ea tem vontade de ajudar as pessoas de alguma forma, mas n\u00e3o sabe como? Fica com aquele sentimento de impot\u00eancia quando quer mudar uma realidade?\u00a0 Para incentivar e provocar o instinto de solidariedade,\u00a0 a Rede Feminina Estadual de Combate ao C\u00e2ncer de Mato Grosso, inicia a campanha do Outubro Rosa. A Rede Feminina Estadual de [&hellip;]","og_url":"https:\/\/blogdacondessa.com.br\/blog\/cidades-2\/o-universo-da-solidariedade\/","og_site_name":"Blog da Condessa","article_published_time":"2020-09-30T09:00:00+00:00","author":"Blog da Condessa","twitter_card":"summary_large_image","twitter_misc":{"Escrito por":"Blog da Condessa","Est. tempo de leitura":"6 minutos"},"schema":{"@context":"https:\/\/schema.org","@graph":[{"@type":"Article","@id":"https:\/\/blogdacondessa.com.br\/blog\/cidades-2\/o-universo-da-solidariedade\/#article","isPartOf":{"@id":"https:\/\/blogdacondessa.com.br\/blog\/cidades-2\/o-universo-da-solidariedade\/"},"author":{"name":"Blog da Condessa","@id":"https:\/\/blogdacondessa.com.br\/blog\/#\/schema\/person\/1d667ff8b785195b568677489d266035"},"headline":"O universo da solidariedade","datePublished":"2020-09-30T09:00:00+00:00","mainEntityOfPage":{"@id":"https:\/\/blogdacondessa.com.br\/blog\/cidades-2\/o-universo-da-solidariedade\/"},"wordCount":1130,"commentCount":0,"articleSection":["Nacional"],"inLanguage":"pt-BR","potentialAction":[{"@type":"CommentAction","name":"Comment","target":["https:\/\/blogdacondessa.com.br\/blog\/cidades-2\/o-universo-da-solidariedade\/#respond"]}]},{"@type":"WebPage","@id":"https:\/\/blogdacondessa.com.br\/blog\/cidades-2\/o-universo-da-solidariedade\/","url":"https:\/\/blogdacondessa.com.br\/blog\/cidades-2\/o-universo-da-solidariedade\/","name":"O universo da solidariedade &#8902; Blog da Condessa","isPartOf":{"@id":"https:\/\/blogdacondessa.com.br\/blog\/#website"},"datePublished":"2020-09-30T09:00:00+00:00","author":{"@id":"https:\/\/blogdacondessa.com.br\/blog\/#\/schema\/person\/1d667ff8b785195b568677489d266035"},"breadcrumb":{"@id":"https:\/\/blogdacondessa.com.br\/blog\/cidades-2\/o-universo-da-solidariedade\/#breadcrumb"},"inLanguage":"pt-BR","potentialAction":[{"@type":"ReadAction","target":["https:\/\/blogdacondessa.com.br\/blog\/cidades-2\/o-universo-da-solidariedade\/"]}]},{"@type":"BreadcrumbList","@id":"https:\/\/blogdacondessa.com.br\/blog\/cidades-2\/o-universo-da-solidariedade\/#breadcrumb","itemListElement":[{"@type":"ListItem","position":1,"name":"In\u00edcio","item":"https:\/\/blogdacondessa.com.br\/blog\/"},{"@type":"ListItem","position":2,"name":"O universo da solidariedade"}]},{"@type":"WebSite","@id":"https:\/\/blogdacondessa.com.br\/blog\/#website","url":"https:\/\/blogdacondessa.com.br\/blog\/","name":"Blog da Condessa","description":"Com Shirley de Souza O\u2019Campos","potentialAction":[{"@type":"SearchAction","target":{"@type":"EntryPoint","urlTemplate":"https:\/\/blogdacondessa.com.br\/blog\/?s={search_term_string}"},"query-input":{"@type":"PropertyValueSpecification","valueRequired":true,"valueName":"search_term_string"}}],"inLanguage":"pt-BR"},{"@type":"Person","@id":"https:\/\/blogdacondessa.com.br\/blog\/#\/schema\/person\/1d667ff8b785195b568677489d266035","name":"Blog da Condessa","image":{"@type":"ImageObject","inLanguage":"pt-BR","@id":"https:\/\/secure.gravatar.com\/avatar\/377c0eb8b4ad2bfc25461b41564b5971e721ca34a57642868fc7b0c8ac7b52c5?s=96&d=mm&r=g","url":"https:\/\/secure.gravatar.com\/avatar\/377c0eb8b4ad2bfc25461b41564b5971e721ca34a57642868fc7b0c8ac7b52c5?s=96&d=mm&r=g","contentUrl":"https:\/\/secure.gravatar.com\/avatar\/377c0eb8b4ad2bfc25461b41564b5971e721ca34a57642868fc7b0c8ac7b52c5?s=96&d=mm&r=g","caption":"Blog da Condessa"},"url":"https:\/\/blogdacondessa.com.br\/blog\/author\/beatriz\/"}]}},"_links":{"self":[{"href":"https:\/\/blogdacondessa.com.br\/blog\/wp-json\/wp\/v2\/posts\/658","targetHints":{"allow":["GET"]}}],"collection":[{"href":"https:\/\/blogdacondessa.com.br\/blog\/wp-json\/wp\/v2\/posts"}],"about":[{"href":"https:\/\/blogdacondessa.com.br\/blog\/wp-json\/wp\/v2\/types\/post"}],"author":[{"embeddable":true,"href":"https:\/\/blogdacondessa.com.br\/blog\/wp-json\/wp\/v2\/users\/2"}],"replies":[{"embeddable":true,"href":"https:\/\/blogdacondessa.com.br\/blog\/wp-json\/wp\/v2\/comments?post=658"}],"version-history":[{"count":0,"href":"https:\/\/blogdacondessa.com.br\/blog\/wp-json\/wp\/v2\/posts\/658\/revisions"}],"wp:attachment":[{"href":"https:\/\/blogdacondessa.com.br\/blog\/wp-json\/wp\/v2\/media?parent=658"}],"wp:term":[{"taxonomy":"category","embeddable":true,"href":"https:\/\/blogdacondessa.com.br\/blog\/wp-json\/wp\/v2\/categories?post=658"},{"taxonomy":"post_tag","embeddable":true,"href":"https:\/\/blogdacondessa.com.br\/blog\/wp-json\/wp\/v2\/tags?post=658"}],"curies":[{"name":"wp","href":"https:\/\/api.w.org\/{rel}","templated":true}]}}