{"id":6576,"date":"2023-03-16T05:00:18","date_gmt":"2023-03-16T09:00:18","guid":{"rendered":"http:\/\/blogdacondessa.com.br\/?p=6576"},"modified":"2023-03-15T17:05:17","modified_gmt":"2023-03-15T21:05:17","slug":"2o-sarau-cuiabano-da-mulher","status":"publish","type":"post","link":"https:\/\/blogdacondessa.com.br\/blog\/cidades\/2o-sarau-cuiabano-da-mulher\/","title":{"rendered":"&#8216;2\u00ba Sarau Cuiabano da Mulher&#8217;"},"content":{"rendered":"<p>A Pol\u00edcia Civil, por meio da Delegacia Especializada de Defesa da Mulher de Cuiab\u00e1,\u00a0 promove nesta sexta-feira (17), o 2\u00ba Sarau Cuiabano da Mulher, festividade ao m\u00eas de mar\u00e7o, em que se comemora o Dia Internacional da Mulher.<\/p>\n<p>O evento reunir\u00e1 artistas regionais para apresenta\u00e7\u00f5es musicais, instrumentais, recita\u00e7\u00e3o de poesias, exposi\u00e7\u00f5es de artesanatos, al\u00e9m de feira com produtos e quitutes de v\u00e1rias mulheres, pequenas empreendedoras, que venceram o ciclo de viol\u00eancia.<\/p>\n<p>O 2\u00ba Sarau Cuiabano da Mulher visa dar visibilidade \u00e0s v\u00edtimas em situa\u00e7\u00e3o de viol\u00eancia, e oferecer oportunidades de participa\u00e7\u00e3o junto \u00e0 sociedade, para expor, demonstrar e vender seus trabalhos e servi\u00e7os, assim motiv\u00e1-las a reconstruir suas vidas, bem como fortalecer a rede de prote\u00e7\u00e3o social \u00e0s mulheres.<\/p>\n<p>A a\u00e7\u00e3o \u00e9 idealizada com objetivo de englobar toda a sociedade cuiabana em torno da tem\u00e1tica \u201cSer Mulher\u201d, e busca proporcionar no espa\u00e7o da delegacia especializada, a arte e cultura cuiabana.<\/p>\n<p>A ideia \u00e9 fazer um evento que re\u00fana a arte e a cultura em forma de m\u00fasica, poesia, dan\u00e7a e os mais variados tipos de produtos comercializados por mulheres artes\u00e3s, e pequenas empreendedoras.<\/p>\n<p>Conforme a delegada titular da DEDM de Cuiab\u00e1, Jozirlethe Magalh\u00e3es Criveletto, o ensejo \u00e9 uma oportunidade para que cada uma dessas mulheres possam expor seus talentos, seu neg\u00f3cio e sua arte.<\/p>\n<p>\u201cJ\u00e1 para o p\u00fablico externo \u00e9 momento de prestigiar e encorajar essas grandes mulheres que precisam do apoio de todos e todas, para reescreverem sua hist\u00f3ria e alavancarem seus empreendimentos\u201d, destacou Jozirlethe Magalh\u00e3es.<\/p>\n<p>Para realiza\u00e7\u00e3o do 2\u00ba Sarau Cuiabano, a DEDM de Cuiab\u00e1 conta com apoio de v\u00e1rios parceiros, na organiza\u00e7\u00e3o e prepara\u00e7\u00e3o da estrutura, al\u00e9m da colabora\u00e7\u00e3o de grandes artistas regionais que se apresentar\u00e3o gratuitamente.<\/p>\n<p><strong>Servi\u00e7o<br \/>\n<\/strong>2\u00ba Sarau Cuiabano Mulher<br \/>\nQuando: pr\u00f3xima sexta-feira (17), \u00e0s 17h<br \/>\nOnde: Delegacia Especializada de Defesa da Mulher de Cuiab\u00e1 \u2013 (Avenida Carmindo de Campos, n\u00ba 2109 \u2013 bairro Jardim Paulista)<\/p>\n<p>&nbsp;<\/p>\n","protected":false},"excerpt":{"rendered":"<p>A Pol\u00edcia Civil, por meio da Delegacia Especializada de Defesa da Mulher de Cuiab\u00e1,\u00a0 promove nesta sexta-feira (17), o 2\u00ba Sarau Cuiabano da Mulher, festividade ao m\u00eas de mar\u00e7o, em que se comemora o Dia Internacional da Mulher. O evento reunir\u00e1 artistas regionais para apresenta\u00e7\u00f5es musicais, instrumentais, recita\u00e7\u00e3o de poesias, exposi\u00e7\u00f5es de artesanatos, al\u00e9m de [&hellip;]<\/p>\n","protected":false},"author":2,"featured_media":6577,"comment_status":"closed","ping_status":"closed","sticky":false,"template":"","format":"standard","meta":{"iawp_total_views":1,"footnotes":""},"categories":[12],"tags":[],"class_list":["post-6576","post","type-post","status-publish","format-standard","has-post-thumbnail","hentry","category-cidades"],"yoast_head":"<!-- This site is optimized with the Yoast SEO plugin v27.3 - https:\/\/yoast.com\/product\/yoast-seo-wordpress\/ -->\n<title>&#039;2\u00ba Sarau Cuiabano da Mulher&#039; &#8902; Blog da Condessa<\/title>\n<meta name=\"robots\" content=\"index, follow, max-snippet:-1, max-image-preview:large, max-video-preview:-1\" \/>\n<link rel=\"canonical\" href=\"https:\/\/blogdacondessa.com.br\/blog\/cidades\/2o-sarau-cuiabano-da-mulher\/\" \/>\n<meta property=\"og:locale\" content=\"pt_BR\" \/>\n<meta property=\"og:type\" content=\"article\" \/>\n<meta property=\"og:title\" content=\"&#039;2\u00ba Sarau Cuiabano da Mulher&#039; &#8902; Blog da Condessa\" \/>\n<meta property=\"og:description\" content=\"A Pol\u00edcia Civil, por meio da Delegacia Especializada de Defesa da Mulher de Cuiab\u00e1,\u00a0 promove nesta sexta-feira (17), o 2\u00ba Sarau Cuiabano da Mulher, festividade ao m\u00eas de mar\u00e7o, em que se comemora o Dia Internacional da Mulher. O evento reunir\u00e1 artistas regionais para apresenta\u00e7\u00f5es musicais, instrumentais, recita\u00e7\u00e3o de poesias, exposi\u00e7\u00f5es de artesanatos, al\u00e9m de [&hellip;]\" \/>\n<meta property=\"og:url\" content=\"https:\/\/blogdacondessa.com.br\/blog\/cidades\/2o-sarau-cuiabano-da-mulher\/\" \/>\n<meta property=\"og:site_name\" content=\"Blog da Condessa\" \/>\n<meta property=\"article:published_time\" content=\"2023-03-16T09:00:18+00:00\" \/>\n<meta property=\"og:image\" content=\"https:\/\/blogdacondessa.com.br\/blog\/wp-content\/uploads\/2023\/03\/SARAU.jpg\" \/>\n\t<meta property=\"og:image:width\" content=\"800\" \/>\n\t<meta property=\"og:image:height\" content=\"450\" \/>\n\t<meta property=\"og:image:type\" content=\"image\/jpeg\" \/>\n<meta name=\"author\" content=\"Blog da Condessa\" \/>\n<meta name=\"twitter:card\" content=\"summary_large_image\" \/>\n<meta name=\"twitter:label1\" content=\"Escrito por\" \/>\n\t<meta name=\"twitter:data1\" content=\"Blog da Condessa\" \/>\n\t<meta name=\"twitter:label2\" content=\"Est. tempo de leitura\" \/>\n\t<meta name=\"twitter:data2\" content=\"2 minutos\" \/>\n<script type=\"application\/ld+json\" class=\"yoast-schema-graph\">{\"@context\":\"https:\\\/\\\/schema.org\",\"@graph\":[{\"@type\":\"Article\",\"@id\":\"https:\\\/\\\/blogdacondessa.com.br\\\/blog\\\/cidades\\\/2o-sarau-cuiabano-da-mulher\\\/#article\",\"isPartOf\":{\"@id\":\"https:\\\/\\\/blogdacondessa.com.br\\\/blog\\\/cidades\\\/2o-sarau-cuiabano-da-mulher\\\/\"},\"author\":{\"name\":\"Blog da Condessa\",\"@id\":\"https:\\\/\\\/blogdacondessa.com.br\\\/blog\\\/#\\\/schema\\\/person\\\/1d667ff8b785195b568677489d266035\"},\"headline\":\"&#8216;2\u00ba Sarau Cuiabano da Mulher&#8217;\",\"datePublished\":\"2023-03-16T09:00:18+00:00\",\"mainEntityOfPage\":{\"@id\":\"https:\\\/\\\/blogdacondessa.com.br\\\/blog\\\/cidades\\\/2o-sarau-cuiabano-da-mulher\\\/\"},\"wordCount\":339,\"image\":{\"@id\":\"https:\\\/\\\/blogdacondessa.com.br\\\/blog\\\/cidades\\\/2o-sarau-cuiabano-da-mulher\\\/#primaryimage\"},\"thumbnailUrl\":\"https:\\\/\\\/blogdacondessa.com.br\\\/blog\\\/wp-content\\\/uploads\\\/2023\\\/03\\\/SARAU.jpg\",\"articleSection\":[\"Cidades\"],\"inLanguage\":\"pt-BR\"},{\"@type\":\"WebPage\",\"@id\":\"https:\\\/\\\/blogdacondessa.com.br\\\/blog\\\/cidades\\\/2o-sarau-cuiabano-da-mulher\\\/\",\"url\":\"https:\\\/\\\/blogdacondessa.com.br\\\/blog\\\/cidades\\\/2o-sarau-cuiabano-da-mulher\\\/\",\"name\":\"'2\u00ba Sarau Cuiabano da Mulher' &#8902; Blog da Condessa\",\"isPartOf\":{\"@id\":\"https:\\\/\\\/blogdacondessa.com.br\\\/blog\\\/#website\"},\"primaryImageOfPage\":{\"@id\":\"https:\\\/\\\/blogdacondessa.com.br\\\/blog\\\/cidades\\\/2o-sarau-cuiabano-da-mulher\\\/#primaryimage\"},\"image\":{\"@id\":\"https:\\\/\\\/blogdacondessa.com.br\\\/blog\\\/cidades\\\/2o-sarau-cuiabano-da-mulher\\\/#primaryimage\"},\"thumbnailUrl\":\"https:\\\/\\\/blogdacondessa.com.br\\\/blog\\\/wp-content\\\/uploads\\\/2023\\\/03\\\/SARAU.jpg\",\"datePublished\":\"2023-03-16T09:00:18+00:00\",\"author\":{\"@id\":\"https:\\\/\\\/blogdacondessa.com.br\\\/blog\\\/#\\\/schema\\\/person\\\/1d667ff8b785195b568677489d266035\"},\"breadcrumb\":{\"@id\":\"https:\\\/\\\/blogdacondessa.com.br\\\/blog\\\/cidades\\\/2o-sarau-cuiabano-da-mulher\\\/#breadcrumb\"},\"inLanguage\":\"pt-BR\",\"potentialAction\":[{\"@type\":\"ReadAction\",\"target\":[\"https:\\\/\\\/blogdacondessa.com.br\\\/blog\\\/cidades\\\/2o-sarau-cuiabano-da-mulher\\\/\"]}]},{\"@type\":\"ImageObject\",\"inLanguage\":\"pt-BR\",\"@id\":\"https:\\\/\\\/blogdacondessa.com.br\\\/blog\\\/cidades\\\/2o-sarau-cuiabano-da-mulher\\\/#primaryimage\",\"url\":\"https:\\\/\\\/blogdacondessa.com.br\\\/blog\\\/wp-content\\\/uploads\\\/2023\\\/03\\\/SARAU.jpg\",\"contentUrl\":\"https:\\\/\\\/blogdacondessa.com.br\\\/blog\\\/wp-content\\\/uploads\\\/2023\\\/03\\\/SARAU.jpg\",\"width\":800,\"height\":450},{\"@type\":\"BreadcrumbList\",\"@id\":\"https:\\\/\\\/blogdacondessa.com.br\\\/blog\\\/cidades\\\/2o-sarau-cuiabano-da-mulher\\\/#breadcrumb\",\"itemListElement\":[{\"@type\":\"ListItem\",\"position\":1,\"name\":\"In\u00edcio\",\"item\":\"https:\\\/\\\/blogdacondessa.com.br\\\/blog\\\/\"},{\"@type\":\"ListItem\",\"position\":2,\"name\":\"&#8216;2\u00ba Sarau Cuiabano da Mulher&#8217;\"}]},{\"@type\":\"WebSite\",\"@id\":\"https:\\\/\\\/blogdacondessa.com.br\\\/blog\\\/#website\",\"url\":\"https:\\\/\\\/blogdacondessa.com.br\\\/blog\\\/\",\"name\":\"Blog da Condessa\",\"description\":\"Com Shirley de Souza O\u2019Campos\",\"potentialAction\":[{\"@type\":\"SearchAction\",\"target\":{\"@type\":\"EntryPoint\",\"urlTemplate\":\"https:\\\/\\\/blogdacondessa.com.br\\\/blog\\\/?s={search_term_string}\"},\"query-input\":{\"@type\":\"PropertyValueSpecification\",\"valueRequired\":true,\"valueName\":\"search_term_string\"}}],\"inLanguage\":\"pt-BR\"},{\"@type\":\"Person\",\"@id\":\"https:\\\/\\\/blogdacondessa.com.br\\\/blog\\\/#\\\/schema\\\/person\\\/1d667ff8b785195b568677489d266035\",\"name\":\"Blog da Condessa\",\"image\":{\"@type\":\"ImageObject\",\"inLanguage\":\"pt-BR\",\"@id\":\"https:\\\/\\\/secure.gravatar.com\\\/avatar\\\/377c0eb8b4ad2bfc25461b41564b5971e721ca34a57642868fc7b0c8ac7b52c5?s=96&d=mm&r=g\",\"url\":\"https:\\\/\\\/secure.gravatar.com\\\/avatar\\\/377c0eb8b4ad2bfc25461b41564b5971e721ca34a57642868fc7b0c8ac7b52c5?s=96&d=mm&r=g\",\"contentUrl\":\"https:\\\/\\\/secure.gravatar.com\\\/avatar\\\/377c0eb8b4ad2bfc25461b41564b5971e721ca34a57642868fc7b0c8ac7b52c5?s=96&d=mm&r=g\",\"caption\":\"Blog da Condessa\"},\"url\":\"https:\\\/\\\/blogdacondessa.com.br\\\/blog\\\/author\\\/beatriz\\\/\"}]}<\/script>\n<!-- \/ Yoast SEO plugin. -->","yoast_head_json":{"title":"'2\u00ba Sarau Cuiabano da Mulher' &#8902; Blog da Condessa","robots":{"index":"index","follow":"follow","max-snippet":"max-snippet:-1","max-image-preview":"max-image-preview:large","max-video-preview":"max-video-preview:-1"},"canonical":"https:\/\/blogdacondessa.com.br\/blog\/cidades\/2o-sarau-cuiabano-da-mulher\/","og_locale":"pt_BR","og_type":"article","og_title":"'2\u00ba Sarau Cuiabano da Mulher' &#8902; Blog da Condessa","og_description":"A Pol\u00edcia Civil, por meio da Delegacia Especializada de Defesa da Mulher de Cuiab\u00e1,\u00a0 promove nesta sexta-feira (17), o 2\u00ba Sarau Cuiabano da Mulher, festividade ao m\u00eas de mar\u00e7o, em que se comemora o Dia Internacional da Mulher. O evento reunir\u00e1 artistas regionais para apresenta\u00e7\u00f5es musicais, instrumentais, recita\u00e7\u00e3o de poesias, exposi\u00e7\u00f5es de artesanatos, al\u00e9m de [&hellip;]","og_url":"https:\/\/blogdacondessa.com.br\/blog\/cidades\/2o-sarau-cuiabano-da-mulher\/","og_site_name":"Blog da Condessa","article_published_time":"2023-03-16T09:00:18+00:00","og_image":[{"width":800,"height":450,"url":"https:\/\/blogdacondessa.com.br\/blog\/wp-content\/uploads\/2023\/03\/SARAU.jpg","type":"image\/jpeg"}],"author":"Blog da Condessa","twitter_card":"summary_large_image","twitter_misc":{"Escrito por":"Blog da Condessa","Est. tempo de leitura":"2 minutos"},"schema":{"@context":"https:\/\/schema.org","@graph":[{"@type":"Article","@id":"https:\/\/blogdacondessa.com.br\/blog\/cidades\/2o-sarau-cuiabano-da-mulher\/#article","isPartOf":{"@id":"https:\/\/blogdacondessa.com.br\/blog\/cidades\/2o-sarau-cuiabano-da-mulher\/"},"author":{"name":"Blog da Condessa","@id":"https:\/\/blogdacondessa.com.br\/blog\/#\/schema\/person\/1d667ff8b785195b568677489d266035"},"headline":"&#8216;2\u00ba Sarau Cuiabano da Mulher&#8217;","datePublished":"2023-03-16T09:00:18+00:00","mainEntityOfPage":{"@id":"https:\/\/blogdacondessa.com.br\/blog\/cidades\/2o-sarau-cuiabano-da-mulher\/"},"wordCount":339,"image":{"@id":"https:\/\/blogdacondessa.com.br\/blog\/cidades\/2o-sarau-cuiabano-da-mulher\/#primaryimage"},"thumbnailUrl":"https:\/\/blogdacondessa.com.br\/blog\/wp-content\/uploads\/2023\/03\/SARAU.jpg","articleSection":["Cidades"],"inLanguage":"pt-BR"},{"@type":"WebPage","@id":"https:\/\/blogdacondessa.com.br\/blog\/cidades\/2o-sarau-cuiabano-da-mulher\/","url":"https:\/\/blogdacondessa.com.br\/blog\/cidades\/2o-sarau-cuiabano-da-mulher\/","name":"'2\u00ba Sarau Cuiabano da Mulher' &#8902; Blog da Condessa","isPartOf":{"@id":"https:\/\/blogdacondessa.com.br\/blog\/#website"},"primaryImageOfPage":{"@id":"https:\/\/blogdacondessa.com.br\/blog\/cidades\/2o-sarau-cuiabano-da-mulher\/#primaryimage"},"image":{"@id":"https:\/\/blogdacondessa.com.br\/blog\/cidades\/2o-sarau-cuiabano-da-mulher\/#primaryimage"},"thumbnailUrl":"https:\/\/blogdacondessa.com.br\/blog\/wp-content\/uploads\/2023\/03\/SARAU.jpg","datePublished":"2023-03-16T09:00:18+00:00","author":{"@id":"https:\/\/blogdacondessa.com.br\/blog\/#\/schema\/person\/1d667ff8b785195b568677489d266035"},"breadcrumb":{"@id":"https:\/\/blogdacondessa.com.br\/blog\/cidades\/2o-sarau-cuiabano-da-mulher\/#breadcrumb"},"inLanguage":"pt-BR","potentialAction":[{"@type":"ReadAction","target":["https:\/\/blogdacondessa.com.br\/blog\/cidades\/2o-sarau-cuiabano-da-mulher\/"]}]},{"@type":"ImageObject","inLanguage":"pt-BR","@id":"https:\/\/blogdacondessa.com.br\/blog\/cidades\/2o-sarau-cuiabano-da-mulher\/#primaryimage","url":"https:\/\/blogdacondessa.com.br\/blog\/wp-content\/uploads\/2023\/03\/SARAU.jpg","contentUrl":"https:\/\/blogdacondessa.com.br\/blog\/wp-content\/uploads\/2023\/03\/SARAU.jpg","width":800,"height":450},{"@type":"BreadcrumbList","@id":"https:\/\/blogdacondessa.com.br\/blog\/cidades\/2o-sarau-cuiabano-da-mulher\/#breadcrumb","itemListElement":[{"@type":"ListItem","position":1,"name":"In\u00edcio","item":"https:\/\/blogdacondessa.com.br\/blog\/"},{"@type":"ListItem","position":2,"name":"&#8216;2\u00ba Sarau Cuiabano da Mulher&#8217;"}]},{"@type":"WebSite","@id":"https:\/\/blogdacondessa.com.br\/blog\/#website","url":"https:\/\/blogdacondessa.com.br\/blog\/","name":"Blog da Condessa","description":"Com Shirley de Souza O\u2019Campos","potentialAction":[{"@type":"SearchAction","target":{"@type":"EntryPoint","urlTemplate":"https:\/\/blogdacondessa.com.br\/blog\/?s={search_term_string}"},"query-input":{"@type":"PropertyValueSpecification","valueRequired":true,"valueName":"search_term_string"}}],"inLanguage":"pt-BR"},{"@type":"Person","@id":"https:\/\/blogdacondessa.com.br\/blog\/#\/schema\/person\/1d667ff8b785195b568677489d266035","name":"Blog da Condessa","image":{"@type":"ImageObject","inLanguage":"pt-BR","@id":"https:\/\/secure.gravatar.com\/avatar\/377c0eb8b4ad2bfc25461b41564b5971e721ca34a57642868fc7b0c8ac7b52c5?s=96&d=mm&r=g","url":"https:\/\/secure.gravatar.com\/avatar\/377c0eb8b4ad2bfc25461b41564b5971e721ca34a57642868fc7b0c8ac7b52c5?s=96&d=mm&r=g","contentUrl":"https:\/\/secure.gravatar.com\/avatar\/377c0eb8b4ad2bfc25461b41564b5971e721ca34a57642868fc7b0c8ac7b52c5?s=96&d=mm&r=g","caption":"Blog da Condessa"},"url":"https:\/\/blogdacondessa.com.br\/blog\/author\/beatriz\/"}]}},"_links":{"self":[{"href":"https:\/\/blogdacondessa.com.br\/blog\/wp-json\/wp\/v2\/posts\/6576","targetHints":{"allow":["GET"]}}],"collection":[{"href":"https:\/\/blogdacondessa.com.br\/blog\/wp-json\/wp\/v2\/posts"}],"about":[{"href":"https:\/\/blogdacondessa.com.br\/blog\/wp-json\/wp\/v2\/types\/post"}],"author":[{"embeddable":true,"href":"https:\/\/blogdacondessa.com.br\/blog\/wp-json\/wp\/v2\/users\/2"}],"replies":[{"embeddable":true,"href":"https:\/\/blogdacondessa.com.br\/blog\/wp-json\/wp\/v2\/comments?post=6576"}],"version-history":[{"count":0,"href":"https:\/\/blogdacondessa.com.br\/blog\/wp-json\/wp\/v2\/posts\/6576\/revisions"}],"wp:featuredmedia":[{"embeddable":true,"href":"https:\/\/blogdacondessa.com.br\/blog\/wp-json\/wp\/v2\/media\/6577"}],"wp:attachment":[{"href":"https:\/\/blogdacondessa.com.br\/blog\/wp-json\/wp\/v2\/media?parent=6576"}],"wp:term":[{"taxonomy":"category","embeddable":true,"href":"https:\/\/blogdacondessa.com.br\/blog\/wp-json\/wp\/v2\/categories?post=6576"},{"taxonomy":"post_tag","embeddable":true,"href":"https:\/\/blogdacondessa.com.br\/blog\/wp-json\/wp\/v2\/tags?post=6576"}],"curies":[{"name":"wp","href":"https:\/\/api.w.org\/{rel}","templated":true}]}}