{"id":6573,"date":"2023-03-16T05:00:43","date_gmt":"2023-03-16T09:00:43","guid":{"rendered":"http:\/\/blogdacondessa.com.br\/?p=6573"},"modified":"2023-03-15T16:42:41","modified_gmt":"2023-03-15T20:42:41","slug":"mercados-de-carbono-fundamentos-e-desafios","status":"publish","type":"post","link":"https:\/\/blogdacondessa.com.br\/blog\/institucional\/mercados-de-carbono-fundamentos-e-desafios\/","title":{"rendered":"\u201cMercados de Carbono: Fundamentos e Desafios\u201d"},"content":{"rendered":"<p>O Tribunal de Contas de Mato Grosso (TCE-MT) promove, no pr\u00f3ximo dia 31, o curso \u201cMercados de Carbono: Fundamentos e Desafios\u201d. Proposta pela Comiss\u00e3o Permanente de Meio Ambiente e Sustentabilidade, presidida pelo conselheiro S\u00e9rgio Ricardo, a capacita\u00e7\u00e3o ser\u00e1 realizada no Audit\u00f3rio Liu Arruda, das 9h \u00e0s 17h.<\/p>\n<p>Tendo como p\u00fablico-alvo servidores p\u00fablicos, jurisdicionados do TCE-MT e cidad\u00e3os, o curso conta com o apoio da Federa\u00e7\u00e3o da Agricultura e Pecu\u00e1ria do Estado de Mato Grosso (Famato) e ser\u00e1 ministrado pelo especialista Leonardo V. P. Freire. As inscri\u00e7\u00f5es devem ser feitas at\u00e9 30 de mar\u00e7o no https:\/\/aluno.tce.mt.gov.br\/inscricao\/capacitacao\/612<\/p>\n<p>O objetivo \u00e9 apresentar os principais fundamentos te\u00f3ricos e no\u00e7\u00f5es pr\u00e1ticas acerca do funcionamento e desafios jur\u00eddicos atuais para a operacionaliza\u00e7\u00e3o de projetos de cr\u00e9dito carbono em mercados volunt\u00e1rios e regulados no Brasil e no Mundo.<\/p>\n<p>Nesse sentido, ser\u00e3o abordados aspectos sobre o ecossistema e principais agentes participantes do setor e suas fun\u00e7\u00f5es, modelos de estrutura\u00e7\u00e3o de projetos e financiamento, controv\u00e9rsias jur\u00eddicas e tend\u00eancias regulat\u00f3rias.<\/p>\n<p>Com a realiza\u00e7\u00e3o do curso, por meio da Escola Superior de Contas em parceria com a Alfa Educa\u00e7\u00e3o Unialfa\/Fadisp, o conselheiro cumpre compromisso firmado com os jurisdicionados durante o Programa TCE em Movimento, promovido em Sinop em novembro do ano passado. A sugest\u00e3o de uma abordagem aprofundada da tem\u00e1tica foi feita pelos pr\u00f3prios participantes durante a palestra \u201cAs Cidades da Floresta e o Desenvolvimento Sustent\u00e1vel\u201d.<\/p>\n<p>Bacharel em Direito, p\u00f3s-graduado em Estado e Regula\u00e7\u00e3o e mestre em Direitos Difusos e Coletivos, Leonardo \u00e9 especialista em conflitos socioambientais, resposta a emerg\u00eancias e regula\u00e7\u00e3o clim\u00e1tica. Tamb\u00e9m \u00e9 professor do curso de Direito e ESG da PUC-SP e membro da Uni\u00e3o Brasileira de Advogados Ambientais.<\/p>\n<p>O curso tamb\u00e9m ser\u00e1 transmitido\u00a0pelo\u00a0<a href=\"https:\/\/www.youtube.com\/@tcematogrosso\">Canal<\/a>\u00a0do TCE-MT no YouTube.\u00a0Vale destacar que, para obter certifica\u00e7\u00e3o, \u00e9 necess\u00e1rio efetuar a inscri\u00e7\u00e3o e estar logado no Sistema de Gest\u00e3o Acad\u00eamica (SGA).<\/p>\n","protected":false},"excerpt":{"rendered":"<p>O Tribunal de Contas de Mato Grosso (TCE-MT) promove, no pr\u00f3ximo dia 31, o curso \u201cMercados de Carbono: Fundamentos e Desafios\u201d. Proposta pela Comiss\u00e3o Permanente de Meio Ambiente e Sustentabilidade, presidida pelo conselheiro S\u00e9rgio Ricardo, a capacita\u00e7\u00e3o ser\u00e1 realizada no Audit\u00f3rio Liu Arruda, das 9h \u00e0s 17h. Tendo como p\u00fablico-alvo servidores p\u00fablicos, jurisdicionados do TCE-MT [&hellip;]<\/p>\n","protected":false},"author":2,"featured_media":6574,"comment_status":"closed","ping_status":"closed","sticky":false,"template":"","format":"standard","meta":{"iawp_total_views":0,"footnotes":""},"categories":[13],"tags":[],"class_list":["post-6573","post","type-post","status-publish","format-standard","has-post-thumbnail","hentry","category-institucional"],"yoast_head":"<!-- This site is optimized with the Yoast SEO plugin v27.3 - https:\/\/yoast.com\/product\/yoast-seo-wordpress\/ -->\n<title>\u201cMercados de Carbono: Fundamentos e Desafios\u201d &#8902; Blog da Condessa<\/title>\n<meta name=\"robots\" content=\"index, follow, max-snippet:-1, max-image-preview:large, max-video-preview:-1\" \/>\n<link rel=\"canonical\" href=\"https:\/\/blogdacondessa.com.br\/blog\/institucional\/mercados-de-carbono-fundamentos-e-desafios\/\" \/>\n<meta property=\"og:locale\" content=\"pt_BR\" \/>\n<meta property=\"og:type\" content=\"article\" \/>\n<meta property=\"og:title\" content=\"\u201cMercados de Carbono: Fundamentos e Desafios\u201d &#8902; Blog da Condessa\" \/>\n<meta property=\"og:description\" content=\"O Tribunal de Contas de Mato Grosso (TCE-MT) promove, no pr\u00f3ximo dia 31, o curso \u201cMercados de Carbono: Fundamentos e Desafios\u201d. Proposta pela Comiss\u00e3o Permanente de Meio Ambiente e Sustentabilidade, presidida pelo conselheiro S\u00e9rgio Ricardo, a capacita\u00e7\u00e3o ser\u00e1 realizada no Audit\u00f3rio Liu Arruda, das 9h \u00e0s 17h. Tendo como p\u00fablico-alvo servidores p\u00fablicos, jurisdicionados do TCE-MT [&hellip;]\" \/>\n<meta property=\"og:url\" content=\"https:\/\/blogdacondessa.com.br\/blog\/institucional\/mercados-de-carbono-fundamentos-e-desafios\/\" \/>\n<meta property=\"og:site_name\" content=\"Blog da Condessa\" \/>\n<meta property=\"article:published_time\" content=\"2023-03-16T09:00:43+00:00\" \/>\n<meta property=\"og:image\" content=\"https:\/\/blogdacondessa.com.br\/blog\/wp-content\/uploads\/2023\/03\/CO2.jpg\" \/>\n\t<meta property=\"og:image:width\" content=\"887\" \/>\n\t<meta property=\"og:image:height\" content=\"500\" \/>\n\t<meta property=\"og:image:type\" content=\"image\/jpeg\" \/>\n<meta name=\"author\" content=\"Blog da Condessa\" \/>\n<meta name=\"twitter:card\" content=\"summary_large_image\" \/>\n<meta name=\"twitter:label1\" content=\"Escrito por\" \/>\n\t<meta name=\"twitter:data1\" content=\"Blog da Condessa\" \/>\n\t<meta name=\"twitter:label2\" content=\"Est. tempo de leitura\" \/>\n\t<meta name=\"twitter:data2\" content=\"2 minutos\" \/>\n<script type=\"application\/ld+json\" class=\"yoast-schema-graph\">{\"@context\":\"https:\\\/\\\/schema.org\",\"@graph\":[{\"@type\":\"Article\",\"@id\":\"https:\\\/\\\/blogdacondessa.com.br\\\/blog\\\/institucional\\\/mercados-de-carbono-fundamentos-e-desafios\\\/#article\",\"isPartOf\":{\"@id\":\"https:\\\/\\\/blogdacondessa.com.br\\\/blog\\\/institucional\\\/mercados-de-carbono-fundamentos-e-desafios\\\/\"},\"author\":{\"name\":\"Blog da Condessa\",\"@id\":\"https:\\\/\\\/blogdacondessa.com.br\\\/blog\\\/#\\\/schema\\\/person\\\/1d667ff8b785195b568677489d266035\"},\"headline\":\"\u201cMercados de Carbono: Fundamentos e Desafios\u201d\",\"datePublished\":\"2023-03-16T09:00:43+00:00\",\"mainEntityOfPage\":{\"@id\":\"https:\\\/\\\/blogdacondessa.com.br\\\/blog\\\/institucional\\\/mercados-de-carbono-fundamentos-e-desafios\\\/\"},\"wordCount\":355,\"image\":{\"@id\":\"https:\\\/\\\/blogdacondessa.com.br\\\/blog\\\/institucional\\\/mercados-de-carbono-fundamentos-e-desafios\\\/#primaryimage\"},\"thumbnailUrl\":\"https:\\\/\\\/blogdacondessa.com.br\\\/blog\\\/wp-content\\\/uploads\\\/2023\\\/03\\\/CO2.jpg\",\"articleSection\":[\"Institucional\"],\"inLanguage\":\"pt-BR\"},{\"@type\":\"WebPage\",\"@id\":\"https:\\\/\\\/blogdacondessa.com.br\\\/blog\\\/institucional\\\/mercados-de-carbono-fundamentos-e-desafios\\\/\",\"url\":\"https:\\\/\\\/blogdacondessa.com.br\\\/blog\\\/institucional\\\/mercados-de-carbono-fundamentos-e-desafios\\\/\",\"name\":\"\u201cMercados de Carbono: Fundamentos e Desafios\u201d &#8902; Blog da Condessa\",\"isPartOf\":{\"@id\":\"https:\\\/\\\/blogdacondessa.com.br\\\/blog\\\/#website\"},\"primaryImageOfPage\":{\"@id\":\"https:\\\/\\\/blogdacondessa.com.br\\\/blog\\\/institucional\\\/mercados-de-carbono-fundamentos-e-desafios\\\/#primaryimage\"},\"image\":{\"@id\":\"https:\\\/\\\/blogdacondessa.com.br\\\/blog\\\/institucional\\\/mercados-de-carbono-fundamentos-e-desafios\\\/#primaryimage\"},\"thumbnailUrl\":\"https:\\\/\\\/blogdacondessa.com.br\\\/blog\\\/wp-content\\\/uploads\\\/2023\\\/03\\\/CO2.jpg\",\"datePublished\":\"2023-03-16T09:00:43+00:00\",\"author\":{\"@id\":\"https:\\\/\\\/blogdacondessa.com.br\\\/blog\\\/#\\\/schema\\\/person\\\/1d667ff8b785195b568677489d266035\"},\"breadcrumb\":{\"@id\":\"https:\\\/\\\/blogdacondessa.com.br\\\/blog\\\/institucional\\\/mercados-de-carbono-fundamentos-e-desafios\\\/#breadcrumb\"},\"inLanguage\":\"pt-BR\",\"potentialAction\":[{\"@type\":\"ReadAction\",\"target\":[\"https:\\\/\\\/blogdacondessa.com.br\\\/blog\\\/institucional\\\/mercados-de-carbono-fundamentos-e-desafios\\\/\"]}]},{\"@type\":\"ImageObject\",\"inLanguage\":\"pt-BR\",\"@id\":\"https:\\\/\\\/blogdacondessa.com.br\\\/blog\\\/institucional\\\/mercados-de-carbono-fundamentos-e-desafios\\\/#primaryimage\",\"url\":\"https:\\\/\\\/blogdacondessa.com.br\\\/blog\\\/wp-content\\\/uploads\\\/2023\\\/03\\\/CO2.jpg\",\"contentUrl\":\"https:\\\/\\\/blogdacondessa.com.br\\\/blog\\\/wp-content\\\/uploads\\\/2023\\\/03\\\/CO2.jpg\",\"width\":887,\"height\":500},{\"@type\":\"BreadcrumbList\",\"@id\":\"https:\\\/\\\/blogdacondessa.com.br\\\/blog\\\/institucional\\\/mercados-de-carbono-fundamentos-e-desafios\\\/#breadcrumb\",\"itemListElement\":[{\"@type\":\"ListItem\",\"position\":1,\"name\":\"In\u00edcio\",\"item\":\"https:\\\/\\\/blogdacondessa.com.br\\\/blog\\\/\"},{\"@type\":\"ListItem\",\"position\":2,\"name\":\"\u201cMercados de Carbono: Fundamentos e Desafios\u201d\"}]},{\"@type\":\"WebSite\",\"@id\":\"https:\\\/\\\/blogdacondessa.com.br\\\/blog\\\/#website\",\"url\":\"https:\\\/\\\/blogdacondessa.com.br\\\/blog\\\/\",\"name\":\"Blog da Condessa\",\"description\":\"Com Shirley de Souza O\u2019Campos\",\"potentialAction\":[{\"@type\":\"SearchAction\",\"target\":{\"@type\":\"EntryPoint\",\"urlTemplate\":\"https:\\\/\\\/blogdacondessa.com.br\\\/blog\\\/?s={search_term_string}\"},\"query-input\":{\"@type\":\"PropertyValueSpecification\",\"valueRequired\":true,\"valueName\":\"search_term_string\"}}],\"inLanguage\":\"pt-BR\"},{\"@type\":\"Person\",\"@id\":\"https:\\\/\\\/blogdacondessa.com.br\\\/blog\\\/#\\\/schema\\\/person\\\/1d667ff8b785195b568677489d266035\",\"name\":\"Blog da Condessa\",\"image\":{\"@type\":\"ImageObject\",\"inLanguage\":\"pt-BR\",\"@id\":\"https:\\\/\\\/secure.gravatar.com\\\/avatar\\\/377c0eb8b4ad2bfc25461b41564b5971e721ca34a57642868fc7b0c8ac7b52c5?s=96&d=mm&r=g\",\"url\":\"https:\\\/\\\/secure.gravatar.com\\\/avatar\\\/377c0eb8b4ad2bfc25461b41564b5971e721ca34a57642868fc7b0c8ac7b52c5?s=96&d=mm&r=g\",\"contentUrl\":\"https:\\\/\\\/secure.gravatar.com\\\/avatar\\\/377c0eb8b4ad2bfc25461b41564b5971e721ca34a57642868fc7b0c8ac7b52c5?s=96&d=mm&r=g\",\"caption\":\"Blog da Condessa\"},\"url\":\"https:\\\/\\\/blogdacondessa.com.br\\\/blog\\\/author\\\/beatriz\\\/\"}]}<\/script>\n<!-- \/ Yoast SEO plugin. -->","yoast_head_json":{"title":"\u201cMercados de Carbono: Fundamentos e Desafios\u201d &#8902; Blog da Condessa","robots":{"index":"index","follow":"follow","max-snippet":"max-snippet:-1","max-image-preview":"max-image-preview:large","max-video-preview":"max-video-preview:-1"},"canonical":"https:\/\/blogdacondessa.com.br\/blog\/institucional\/mercados-de-carbono-fundamentos-e-desafios\/","og_locale":"pt_BR","og_type":"article","og_title":"\u201cMercados de Carbono: Fundamentos e Desafios\u201d &#8902; Blog da Condessa","og_description":"O Tribunal de Contas de Mato Grosso (TCE-MT) promove, no pr\u00f3ximo dia 31, o curso \u201cMercados de Carbono: Fundamentos e Desafios\u201d. Proposta pela Comiss\u00e3o Permanente de Meio Ambiente e Sustentabilidade, presidida pelo conselheiro S\u00e9rgio Ricardo, a capacita\u00e7\u00e3o ser\u00e1 realizada no Audit\u00f3rio Liu Arruda, das 9h \u00e0s 17h. Tendo como p\u00fablico-alvo servidores p\u00fablicos, jurisdicionados do TCE-MT [&hellip;]","og_url":"https:\/\/blogdacondessa.com.br\/blog\/institucional\/mercados-de-carbono-fundamentos-e-desafios\/","og_site_name":"Blog da Condessa","article_published_time":"2023-03-16T09:00:43+00:00","og_image":[{"width":887,"height":500,"url":"https:\/\/blogdacondessa.com.br\/blog\/wp-content\/uploads\/2023\/03\/CO2.jpg","type":"image\/jpeg"}],"author":"Blog da Condessa","twitter_card":"summary_large_image","twitter_misc":{"Escrito por":"Blog da Condessa","Est. tempo de leitura":"2 minutos"},"schema":{"@context":"https:\/\/schema.org","@graph":[{"@type":"Article","@id":"https:\/\/blogdacondessa.com.br\/blog\/institucional\/mercados-de-carbono-fundamentos-e-desafios\/#article","isPartOf":{"@id":"https:\/\/blogdacondessa.com.br\/blog\/institucional\/mercados-de-carbono-fundamentos-e-desafios\/"},"author":{"name":"Blog da Condessa","@id":"https:\/\/blogdacondessa.com.br\/blog\/#\/schema\/person\/1d667ff8b785195b568677489d266035"},"headline":"\u201cMercados de Carbono: Fundamentos e Desafios\u201d","datePublished":"2023-03-16T09:00:43+00:00","mainEntityOfPage":{"@id":"https:\/\/blogdacondessa.com.br\/blog\/institucional\/mercados-de-carbono-fundamentos-e-desafios\/"},"wordCount":355,"image":{"@id":"https:\/\/blogdacondessa.com.br\/blog\/institucional\/mercados-de-carbono-fundamentos-e-desafios\/#primaryimage"},"thumbnailUrl":"https:\/\/blogdacondessa.com.br\/blog\/wp-content\/uploads\/2023\/03\/CO2.jpg","articleSection":["Institucional"],"inLanguage":"pt-BR"},{"@type":"WebPage","@id":"https:\/\/blogdacondessa.com.br\/blog\/institucional\/mercados-de-carbono-fundamentos-e-desafios\/","url":"https:\/\/blogdacondessa.com.br\/blog\/institucional\/mercados-de-carbono-fundamentos-e-desafios\/","name":"\u201cMercados de Carbono: Fundamentos e Desafios\u201d &#8902; Blog da Condessa","isPartOf":{"@id":"https:\/\/blogdacondessa.com.br\/blog\/#website"},"primaryImageOfPage":{"@id":"https:\/\/blogdacondessa.com.br\/blog\/institucional\/mercados-de-carbono-fundamentos-e-desafios\/#primaryimage"},"image":{"@id":"https:\/\/blogdacondessa.com.br\/blog\/institucional\/mercados-de-carbono-fundamentos-e-desafios\/#primaryimage"},"thumbnailUrl":"https:\/\/blogdacondessa.com.br\/blog\/wp-content\/uploads\/2023\/03\/CO2.jpg","datePublished":"2023-03-16T09:00:43+00:00","author":{"@id":"https:\/\/blogdacondessa.com.br\/blog\/#\/schema\/person\/1d667ff8b785195b568677489d266035"},"breadcrumb":{"@id":"https:\/\/blogdacondessa.com.br\/blog\/institucional\/mercados-de-carbono-fundamentos-e-desafios\/#breadcrumb"},"inLanguage":"pt-BR","potentialAction":[{"@type":"ReadAction","target":["https:\/\/blogdacondessa.com.br\/blog\/institucional\/mercados-de-carbono-fundamentos-e-desafios\/"]}]},{"@type":"ImageObject","inLanguage":"pt-BR","@id":"https:\/\/blogdacondessa.com.br\/blog\/institucional\/mercados-de-carbono-fundamentos-e-desafios\/#primaryimage","url":"https:\/\/blogdacondessa.com.br\/blog\/wp-content\/uploads\/2023\/03\/CO2.jpg","contentUrl":"https:\/\/blogdacondessa.com.br\/blog\/wp-content\/uploads\/2023\/03\/CO2.jpg","width":887,"height":500},{"@type":"BreadcrumbList","@id":"https:\/\/blogdacondessa.com.br\/blog\/institucional\/mercados-de-carbono-fundamentos-e-desafios\/#breadcrumb","itemListElement":[{"@type":"ListItem","position":1,"name":"In\u00edcio","item":"https:\/\/blogdacondessa.com.br\/blog\/"},{"@type":"ListItem","position":2,"name":"\u201cMercados de Carbono: Fundamentos e Desafios\u201d"}]},{"@type":"WebSite","@id":"https:\/\/blogdacondessa.com.br\/blog\/#website","url":"https:\/\/blogdacondessa.com.br\/blog\/","name":"Blog da Condessa","description":"Com Shirley de Souza O\u2019Campos","potentialAction":[{"@type":"SearchAction","target":{"@type":"EntryPoint","urlTemplate":"https:\/\/blogdacondessa.com.br\/blog\/?s={search_term_string}"},"query-input":{"@type":"PropertyValueSpecification","valueRequired":true,"valueName":"search_term_string"}}],"inLanguage":"pt-BR"},{"@type":"Person","@id":"https:\/\/blogdacondessa.com.br\/blog\/#\/schema\/person\/1d667ff8b785195b568677489d266035","name":"Blog da Condessa","image":{"@type":"ImageObject","inLanguage":"pt-BR","@id":"https:\/\/secure.gravatar.com\/avatar\/377c0eb8b4ad2bfc25461b41564b5971e721ca34a57642868fc7b0c8ac7b52c5?s=96&d=mm&r=g","url":"https:\/\/secure.gravatar.com\/avatar\/377c0eb8b4ad2bfc25461b41564b5971e721ca34a57642868fc7b0c8ac7b52c5?s=96&d=mm&r=g","contentUrl":"https:\/\/secure.gravatar.com\/avatar\/377c0eb8b4ad2bfc25461b41564b5971e721ca34a57642868fc7b0c8ac7b52c5?s=96&d=mm&r=g","caption":"Blog da Condessa"},"url":"https:\/\/blogdacondessa.com.br\/blog\/author\/beatriz\/"}]}},"_links":{"self":[{"href":"https:\/\/blogdacondessa.com.br\/blog\/wp-json\/wp\/v2\/posts\/6573","targetHints":{"allow":["GET"]}}],"collection":[{"href":"https:\/\/blogdacondessa.com.br\/blog\/wp-json\/wp\/v2\/posts"}],"about":[{"href":"https:\/\/blogdacondessa.com.br\/blog\/wp-json\/wp\/v2\/types\/post"}],"author":[{"embeddable":true,"href":"https:\/\/blogdacondessa.com.br\/blog\/wp-json\/wp\/v2\/users\/2"}],"replies":[{"embeddable":true,"href":"https:\/\/blogdacondessa.com.br\/blog\/wp-json\/wp\/v2\/comments?post=6573"}],"version-history":[{"count":0,"href":"https:\/\/blogdacondessa.com.br\/blog\/wp-json\/wp\/v2\/posts\/6573\/revisions"}],"wp:featuredmedia":[{"embeddable":true,"href":"https:\/\/blogdacondessa.com.br\/blog\/wp-json\/wp\/v2\/media\/6574"}],"wp:attachment":[{"href":"https:\/\/blogdacondessa.com.br\/blog\/wp-json\/wp\/v2\/media?parent=6573"}],"wp:term":[{"taxonomy":"category","embeddable":true,"href":"https:\/\/blogdacondessa.com.br\/blog\/wp-json\/wp\/v2\/categories?post=6573"},{"taxonomy":"post_tag","embeddable":true,"href":"https:\/\/blogdacondessa.com.br\/blog\/wp-json\/wp\/v2\/tags?post=6573"}],"curies":[{"name":"wp","href":"https:\/\/api.w.org\/{rel}","templated":true}]}}