{"id":6570,"date":"2023-03-15T16:24:38","date_gmt":"2023-03-15T20:24:38","guid":{"rendered":"http:\/\/blogdacondessa.com.br\/?p=6570"},"modified":"2023-03-15T16:24:38","modified_gmt":"2023-03-15T20:24:38","slug":"obras-sociais-irmao-praeiro-recebe-recurso-do-troco-solidario","status":"publish","type":"post","link":"https:\/\/blogdacondessa.com.br\/blog\/cidades\/obras-sociais-irmao-praeiro-recebe-recurso-do-troco-solidario\/","title":{"rendered":"Obras Sociais Irm\u00e3o Praeiro recebe recurso do Troco Solid\u00e1rio"},"content":{"rendered":"<p>A primeira doa\u00e7\u00e3o do Troco Solid\u00e1rio Comper de 2023 foi no valor de R$60.293,03 entregue para a institui\u00e7\u00e3o Obras Sociais Irm\u00e3o Praeiro que atende 240 crian\u00e7as da educa\u00e7\u00e3o infantil ao 5\u00ba ano, gratuitamente, localizada no bairro Jardim Vit\u00f3ria. A vice-presidente da institui\u00e7\u00e3o Daianny Tingo Vieira agradeceu ao Comper, principalmente aos clientes que oportunizaram para as crian\u00e7as e para a comunidade de maneira geral um importante avan\u00e7o, que de centavo em centavo chegou nesse valor e ser\u00e1 utilizado na amplia\u00e7\u00e3o do espa\u00e7o f\u00edsico.\u00a0 \u201cAl\u00e9m das aulas tamb\u00e9m oferecemos atividades extracurriculares como bal\u00e9, m\u00fasica e precisamos de mais espa\u00e7o para acomodar os alunos\u201d, disse.<\/p>\n<p>A coordenadora de Relacionamento com o Cliente da Rede Comper L\u00eddia Pachori disse que \u00e9 sempre emocionante fazer a entrega do Troco Solid\u00e1rio para as institui\u00e7\u00f5es beneficiadas e atrav\u00e9s delas impactar positivamente a vida de milhares de pessoas. \u201cAgradecemos aos nossos clientes que s\u00e3o solid\u00e1rios e contribuem com o projeto \u201carredondando o seu troco\u201d que resultada num valor expressivo que \u00e9 doado para as institui\u00e7\u00f5es\u201d, ressaltou.\u00a0 Ela agradeceu tamb\u00e9m aos colaboradores da empresa que s\u00e3o engajados nesse projeto, em especial aos operadores de caixa, que s\u00e3o incans\u00e1veis em pedir aos clientes a doa\u00e7\u00e3o para uma causa nobre.<\/p>\n<p>A Associa\u00e7\u00e3o Cultural Flor Ribeirinha ser\u00e1 a pr\u00f3xima institui\u00e7\u00e3o beneficiada com as doa\u00e7\u00f5es realizadas nos meses de mar\u00e7o e abril, nas 10 lojas da Rede Comper de Cuiab\u00e1 e V\u00e1rzea Grande. O valor do Troco Solid\u00e1rio ser\u00e1 investido no projeto \u201cSemente Ribeirinha\u201d, que ocorre no quintal da Domingas, na comunidade S\u00e3o Gon\u00e7alo Beira Rio. A associa\u00e7\u00e3o foi idealizada e fundada pela mestre da cultura Domingas Leonor da Silva, h\u00e1 quase 30 anos. O Projeto Semente Ribeirinha visa \u00e0 preserva\u00e7\u00e3o da cultura popular e de tradi\u00e7\u00e3o, ofertando gratuitamente, atividades art\u00edsticas para 90 crian\u00e7as entre 6 e 12 anos. \u201cA demanda \u00e9 bem maior, mas o espa\u00e7o n\u00e3o comporta, ent\u00e3o precisamos ampliar para atender mais crian\u00e7as, tir\u00e1-las das ruas no contra turno escolar, para evitar \u2018peraltices\u2019 e tamb\u00e9m manter a cultura e tradi\u00e7\u00e3o que atravessa s\u00e9culos\u201d, enfatizou Domingas. Ela conta com a generosidade dos clientes para bater o record das doa\u00e7\u00f5es\u00a0 do Troco Solid\u00e1rio.<\/p>\n<p>As tr\u00eas operadoras de caixa que foram campe\u00e3s em arrecada\u00e7\u00e3o s\u00e3o da loja do Coxip\u00f3. Elas s\u00e3o incans\u00e1veis em pedirem para os clientes \u201carredondarem o troco\u201d e fazer a doa\u00e7\u00e3o.\u00a0 S\u00e3o elas: em primeiro lugar Mauric\u00e9ia Maria, em segundo Ires dos Santos e em terceiro H\u00e9lida Isabel.<\/p>\n","protected":false},"excerpt":{"rendered":"<p>A primeira doa\u00e7\u00e3o do Troco Solid\u00e1rio Comper de 2023 foi no valor de R$60.293,03 entregue para a institui\u00e7\u00e3o Obras Sociais Irm\u00e3o Praeiro que atende 240 crian\u00e7as da educa\u00e7\u00e3o infantil ao 5\u00ba ano, gratuitamente, localizada no bairro Jardim Vit\u00f3ria. A vice-presidente da institui\u00e7\u00e3o Daianny Tingo Vieira agradeceu ao Comper, principalmente aos clientes que oportunizaram para as [&hellip;]<\/p>\n","protected":false},"author":2,"featured_media":6571,"comment_status":"closed","ping_status":"closed","sticky":false,"template":"","format":"standard","meta":{"iawp_total_views":1,"footnotes":""},"categories":[12],"tags":[],"class_list":["post-6570","post","type-post","status-publish","format-standard","has-post-thumbnail","hentry","category-cidades"],"yoast_head":"<!-- This site is optimized with the Yoast SEO plugin v27.3 - https:\/\/yoast.com\/product\/yoast-seo-wordpress\/ -->\n<title>Obras Sociais Irm\u00e3o Praeiro recebe recurso do Troco Solid\u00e1rio &#8902; Blog da Condessa<\/title>\n<meta name=\"robots\" content=\"index, follow, max-snippet:-1, max-image-preview:large, max-video-preview:-1\" \/>\n<link rel=\"canonical\" href=\"https:\/\/blogdacondessa.com.br\/blog\/cidades\/obras-sociais-irmao-praeiro-recebe-recurso-do-troco-solidario\/\" \/>\n<meta property=\"og:locale\" content=\"pt_BR\" \/>\n<meta property=\"og:type\" content=\"article\" \/>\n<meta property=\"og:title\" content=\"Obras Sociais Irm\u00e3o Praeiro recebe recurso do Troco Solid\u00e1rio &#8902; Blog da Condessa\" \/>\n<meta property=\"og:description\" content=\"A primeira doa\u00e7\u00e3o do Troco Solid\u00e1rio Comper de 2023 foi no valor de R$60.293,03 entregue para a institui\u00e7\u00e3o Obras Sociais Irm\u00e3o Praeiro que atende 240 crian\u00e7as da educa\u00e7\u00e3o infantil ao 5\u00ba ano, gratuitamente, localizada no bairro Jardim Vit\u00f3ria. A vice-presidente da institui\u00e7\u00e3o Daianny Tingo Vieira agradeceu ao Comper, principalmente aos clientes que oportunizaram para as [&hellip;]\" \/>\n<meta property=\"og:url\" content=\"https:\/\/blogdacondessa.com.br\/blog\/cidades\/obras-sociais-irmao-praeiro-recebe-recurso-do-troco-solidario\/\" \/>\n<meta property=\"og:site_name\" content=\"Blog da Condessa\" \/>\n<meta property=\"article:published_time\" content=\"2023-03-15T20:24:38+00:00\" \/>\n<meta property=\"og:image\" content=\"https:\/\/blogdacondessa.com.br\/blog\/wp-content\/uploads\/2023\/03\/comper-troco-solidario.jpg\" \/>\n\t<meta property=\"og:image:width\" content=\"1600\" \/>\n\t<meta property=\"og:image:height\" content=\"1200\" \/>\n\t<meta property=\"og:image:type\" content=\"image\/jpeg\" \/>\n<meta name=\"author\" content=\"Blog da Condessa\" \/>\n<meta name=\"twitter:card\" content=\"summary_large_image\" \/>\n<meta name=\"twitter:label1\" content=\"Escrito por\" \/>\n\t<meta name=\"twitter:data1\" content=\"Blog da Condessa\" \/>\n\t<meta name=\"twitter:label2\" content=\"Est. tempo de leitura\" \/>\n\t<meta name=\"twitter:data2\" content=\"3 minutos\" \/>\n<script type=\"application\/ld+json\" class=\"yoast-schema-graph\">{\"@context\":\"https:\\\/\\\/schema.org\",\"@graph\":[{\"@type\":\"Article\",\"@id\":\"https:\\\/\\\/blogdacondessa.com.br\\\/blog\\\/cidades\\\/obras-sociais-irmao-praeiro-recebe-recurso-do-troco-solidario\\\/#article\",\"isPartOf\":{\"@id\":\"https:\\\/\\\/blogdacondessa.com.br\\\/blog\\\/cidades\\\/obras-sociais-irmao-praeiro-recebe-recurso-do-troco-solidario\\\/\"},\"author\":{\"name\":\"Blog da Condessa\",\"@id\":\"https:\\\/\\\/blogdacondessa.com.br\\\/blog\\\/#\\\/schema\\\/person\\\/1d667ff8b785195b568677489d266035\"},\"headline\":\"Obras Sociais Irm\u00e3o Praeiro recebe recurso do Troco Solid\u00e1rio\",\"datePublished\":\"2023-03-15T20:24:38+00:00\",\"mainEntityOfPage\":{\"@id\":\"https:\\\/\\\/blogdacondessa.com.br\\\/blog\\\/cidades\\\/obras-sociais-irmao-praeiro-recebe-recurso-do-troco-solidario\\\/\"},\"wordCount\":460,\"image\":{\"@id\":\"https:\\\/\\\/blogdacondessa.com.br\\\/blog\\\/cidades\\\/obras-sociais-irmao-praeiro-recebe-recurso-do-troco-solidario\\\/#primaryimage\"},\"thumbnailUrl\":\"https:\\\/\\\/blogdacondessa.com.br\\\/blog\\\/wp-content\\\/uploads\\\/2023\\\/03\\\/comper-troco-solidario.jpg\",\"articleSection\":[\"Cidades\"],\"inLanguage\":\"pt-BR\"},{\"@type\":\"WebPage\",\"@id\":\"https:\\\/\\\/blogdacondessa.com.br\\\/blog\\\/cidades\\\/obras-sociais-irmao-praeiro-recebe-recurso-do-troco-solidario\\\/\",\"url\":\"https:\\\/\\\/blogdacondessa.com.br\\\/blog\\\/cidades\\\/obras-sociais-irmao-praeiro-recebe-recurso-do-troco-solidario\\\/\",\"name\":\"Obras Sociais Irm\u00e3o Praeiro recebe recurso do Troco Solid\u00e1rio &#8902; Blog da Condessa\",\"isPartOf\":{\"@id\":\"https:\\\/\\\/blogdacondessa.com.br\\\/blog\\\/#website\"},\"primaryImageOfPage\":{\"@id\":\"https:\\\/\\\/blogdacondessa.com.br\\\/blog\\\/cidades\\\/obras-sociais-irmao-praeiro-recebe-recurso-do-troco-solidario\\\/#primaryimage\"},\"image\":{\"@id\":\"https:\\\/\\\/blogdacondessa.com.br\\\/blog\\\/cidades\\\/obras-sociais-irmao-praeiro-recebe-recurso-do-troco-solidario\\\/#primaryimage\"},\"thumbnailUrl\":\"https:\\\/\\\/blogdacondessa.com.br\\\/blog\\\/wp-content\\\/uploads\\\/2023\\\/03\\\/comper-troco-solidario.jpg\",\"datePublished\":\"2023-03-15T20:24:38+00:00\",\"author\":{\"@id\":\"https:\\\/\\\/blogdacondessa.com.br\\\/blog\\\/#\\\/schema\\\/person\\\/1d667ff8b785195b568677489d266035\"},\"breadcrumb\":{\"@id\":\"https:\\\/\\\/blogdacondessa.com.br\\\/blog\\\/cidades\\\/obras-sociais-irmao-praeiro-recebe-recurso-do-troco-solidario\\\/#breadcrumb\"},\"inLanguage\":\"pt-BR\",\"potentialAction\":[{\"@type\":\"ReadAction\",\"target\":[\"https:\\\/\\\/blogdacondessa.com.br\\\/blog\\\/cidades\\\/obras-sociais-irmao-praeiro-recebe-recurso-do-troco-solidario\\\/\"]}]},{\"@type\":\"ImageObject\",\"inLanguage\":\"pt-BR\",\"@id\":\"https:\\\/\\\/blogdacondessa.com.br\\\/blog\\\/cidades\\\/obras-sociais-irmao-praeiro-recebe-recurso-do-troco-solidario\\\/#primaryimage\",\"url\":\"https:\\\/\\\/blogdacondessa.com.br\\\/blog\\\/wp-content\\\/uploads\\\/2023\\\/03\\\/comper-troco-solidario.jpg\",\"contentUrl\":\"https:\\\/\\\/blogdacondessa.com.br\\\/blog\\\/wp-content\\\/uploads\\\/2023\\\/03\\\/comper-troco-solidario.jpg\",\"width\":1600,\"height\":1200},{\"@type\":\"BreadcrumbList\",\"@id\":\"https:\\\/\\\/blogdacondessa.com.br\\\/blog\\\/cidades\\\/obras-sociais-irmao-praeiro-recebe-recurso-do-troco-solidario\\\/#breadcrumb\",\"itemListElement\":[{\"@type\":\"ListItem\",\"position\":1,\"name\":\"In\u00edcio\",\"item\":\"https:\\\/\\\/blogdacondessa.com.br\\\/blog\\\/\"},{\"@type\":\"ListItem\",\"position\":2,\"name\":\"Obras Sociais Irm\u00e3o Praeiro recebe recurso do Troco Solid\u00e1rio\"}]},{\"@type\":\"WebSite\",\"@id\":\"https:\\\/\\\/blogdacondessa.com.br\\\/blog\\\/#website\",\"url\":\"https:\\\/\\\/blogdacondessa.com.br\\\/blog\\\/\",\"name\":\"Blog da Condessa\",\"description\":\"Com Shirley de Souza O\u2019Campos\",\"potentialAction\":[{\"@type\":\"SearchAction\",\"target\":{\"@type\":\"EntryPoint\",\"urlTemplate\":\"https:\\\/\\\/blogdacondessa.com.br\\\/blog\\\/?s={search_term_string}\"},\"query-input\":{\"@type\":\"PropertyValueSpecification\",\"valueRequired\":true,\"valueName\":\"search_term_string\"}}],\"inLanguage\":\"pt-BR\"},{\"@type\":\"Person\",\"@id\":\"https:\\\/\\\/blogdacondessa.com.br\\\/blog\\\/#\\\/schema\\\/person\\\/1d667ff8b785195b568677489d266035\",\"name\":\"Blog da Condessa\",\"image\":{\"@type\":\"ImageObject\",\"inLanguage\":\"pt-BR\",\"@id\":\"https:\\\/\\\/secure.gravatar.com\\\/avatar\\\/377c0eb8b4ad2bfc25461b41564b5971e721ca34a57642868fc7b0c8ac7b52c5?s=96&d=mm&r=g\",\"url\":\"https:\\\/\\\/secure.gravatar.com\\\/avatar\\\/377c0eb8b4ad2bfc25461b41564b5971e721ca34a57642868fc7b0c8ac7b52c5?s=96&d=mm&r=g\",\"contentUrl\":\"https:\\\/\\\/secure.gravatar.com\\\/avatar\\\/377c0eb8b4ad2bfc25461b41564b5971e721ca34a57642868fc7b0c8ac7b52c5?s=96&d=mm&r=g\",\"caption\":\"Blog da Condessa\"},\"url\":\"https:\\\/\\\/blogdacondessa.com.br\\\/blog\\\/author\\\/beatriz\\\/\"}]}<\/script>\n<!-- \/ Yoast SEO plugin. -->","yoast_head_json":{"title":"Obras Sociais Irm\u00e3o Praeiro recebe recurso do Troco Solid\u00e1rio &#8902; Blog da Condessa","robots":{"index":"index","follow":"follow","max-snippet":"max-snippet:-1","max-image-preview":"max-image-preview:large","max-video-preview":"max-video-preview:-1"},"canonical":"https:\/\/blogdacondessa.com.br\/blog\/cidades\/obras-sociais-irmao-praeiro-recebe-recurso-do-troco-solidario\/","og_locale":"pt_BR","og_type":"article","og_title":"Obras Sociais Irm\u00e3o Praeiro recebe recurso do Troco Solid\u00e1rio &#8902; Blog da Condessa","og_description":"A primeira doa\u00e7\u00e3o do Troco Solid\u00e1rio Comper de 2023 foi no valor de R$60.293,03 entregue para a institui\u00e7\u00e3o Obras Sociais Irm\u00e3o Praeiro que atende 240 crian\u00e7as da educa\u00e7\u00e3o infantil ao 5\u00ba ano, gratuitamente, localizada no bairro Jardim Vit\u00f3ria. A vice-presidente da institui\u00e7\u00e3o Daianny Tingo Vieira agradeceu ao Comper, principalmente aos clientes que oportunizaram para as [&hellip;]","og_url":"https:\/\/blogdacondessa.com.br\/blog\/cidades\/obras-sociais-irmao-praeiro-recebe-recurso-do-troco-solidario\/","og_site_name":"Blog da Condessa","article_published_time":"2023-03-15T20:24:38+00:00","og_image":[{"width":1600,"height":1200,"url":"https:\/\/blogdacondessa.com.br\/blog\/wp-content\/uploads\/2023\/03\/comper-troco-solidario.jpg","type":"image\/jpeg"}],"author":"Blog da Condessa","twitter_card":"summary_large_image","twitter_misc":{"Escrito por":"Blog da Condessa","Est. tempo de leitura":"3 minutos"},"schema":{"@context":"https:\/\/schema.org","@graph":[{"@type":"Article","@id":"https:\/\/blogdacondessa.com.br\/blog\/cidades\/obras-sociais-irmao-praeiro-recebe-recurso-do-troco-solidario\/#article","isPartOf":{"@id":"https:\/\/blogdacondessa.com.br\/blog\/cidades\/obras-sociais-irmao-praeiro-recebe-recurso-do-troco-solidario\/"},"author":{"name":"Blog da Condessa","@id":"https:\/\/blogdacondessa.com.br\/blog\/#\/schema\/person\/1d667ff8b785195b568677489d266035"},"headline":"Obras Sociais Irm\u00e3o Praeiro recebe recurso do Troco Solid\u00e1rio","datePublished":"2023-03-15T20:24:38+00:00","mainEntityOfPage":{"@id":"https:\/\/blogdacondessa.com.br\/blog\/cidades\/obras-sociais-irmao-praeiro-recebe-recurso-do-troco-solidario\/"},"wordCount":460,"image":{"@id":"https:\/\/blogdacondessa.com.br\/blog\/cidades\/obras-sociais-irmao-praeiro-recebe-recurso-do-troco-solidario\/#primaryimage"},"thumbnailUrl":"https:\/\/blogdacondessa.com.br\/blog\/wp-content\/uploads\/2023\/03\/comper-troco-solidario.jpg","articleSection":["Cidades"],"inLanguage":"pt-BR"},{"@type":"WebPage","@id":"https:\/\/blogdacondessa.com.br\/blog\/cidades\/obras-sociais-irmao-praeiro-recebe-recurso-do-troco-solidario\/","url":"https:\/\/blogdacondessa.com.br\/blog\/cidades\/obras-sociais-irmao-praeiro-recebe-recurso-do-troco-solidario\/","name":"Obras Sociais Irm\u00e3o Praeiro recebe recurso do Troco Solid\u00e1rio &#8902; Blog da Condessa","isPartOf":{"@id":"https:\/\/blogdacondessa.com.br\/blog\/#website"},"primaryImageOfPage":{"@id":"https:\/\/blogdacondessa.com.br\/blog\/cidades\/obras-sociais-irmao-praeiro-recebe-recurso-do-troco-solidario\/#primaryimage"},"image":{"@id":"https:\/\/blogdacondessa.com.br\/blog\/cidades\/obras-sociais-irmao-praeiro-recebe-recurso-do-troco-solidario\/#primaryimage"},"thumbnailUrl":"https:\/\/blogdacondessa.com.br\/blog\/wp-content\/uploads\/2023\/03\/comper-troco-solidario.jpg","datePublished":"2023-03-15T20:24:38+00:00","author":{"@id":"https:\/\/blogdacondessa.com.br\/blog\/#\/schema\/person\/1d667ff8b785195b568677489d266035"},"breadcrumb":{"@id":"https:\/\/blogdacondessa.com.br\/blog\/cidades\/obras-sociais-irmao-praeiro-recebe-recurso-do-troco-solidario\/#breadcrumb"},"inLanguage":"pt-BR","potentialAction":[{"@type":"ReadAction","target":["https:\/\/blogdacondessa.com.br\/blog\/cidades\/obras-sociais-irmao-praeiro-recebe-recurso-do-troco-solidario\/"]}]},{"@type":"ImageObject","inLanguage":"pt-BR","@id":"https:\/\/blogdacondessa.com.br\/blog\/cidades\/obras-sociais-irmao-praeiro-recebe-recurso-do-troco-solidario\/#primaryimage","url":"https:\/\/blogdacondessa.com.br\/blog\/wp-content\/uploads\/2023\/03\/comper-troco-solidario.jpg","contentUrl":"https:\/\/blogdacondessa.com.br\/blog\/wp-content\/uploads\/2023\/03\/comper-troco-solidario.jpg","width":1600,"height":1200},{"@type":"BreadcrumbList","@id":"https:\/\/blogdacondessa.com.br\/blog\/cidades\/obras-sociais-irmao-praeiro-recebe-recurso-do-troco-solidario\/#breadcrumb","itemListElement":[{"@type":"ListItem","position":1,"name":"In\u00edcio","item":"https:\/\/blogdacondessa.com.br\/blog\/"},{"@type":"ListItem","position":2,"name":"Obras Sociais Irm\u00e3o Praeiro recebe recurso do Troco Solid\u00e1rio"}]},{"@type":"WebSite","@id":"https:\/\/blogdacondessa.com.br\/blog\/#website","url":"https:\/\/blogdacondessa.com.br\/blog\/","name":"Blog da Condessa","description":"Com Shirley de Souza O\u2019Campos","potentialAction":[{"@type":"SearchAction","target":{"@type":"EntryPoint","urlTemplate":"https:\/\/blogdacondessa.com.br\/blog\/?s={search_term_string}"},"query-input":{"@type":"PropertyValueSpecification","valueRequired":true,"valueName":"search_term_string"}}],"inLanguage":"pt-BR"},{"@type":"Person","@id":"https:\/\/blogdacondessa.com.br\/blog\/#\/schema\/person\/1d667ff8b785195b568677489d266035","name":"Blog da Condessa","image":{"@type":"ImageObject","inLanguage":"pt-BR","@id":"https:\/\/secure.gravatar.com\/avatar\/377c0eb8b4ad2bfc25461b41564b5971e721ca34a57642868fc7b0c8ac7b52c5?s=96&d=mm&r=g","url":"https:\/\/secure.gravatar.com\/avatar\/377c0eb8b4ad2bfc25461b41564b5971e721ca34a57642868fc7b0c8ac7b52c5?s=96&d=mm&r=g","contentUrl":"https:\/\/secure.gravatar.com\/avatar\/377c0eb8b4ad2bfc25461b41564b5971e721ca34a57642868fc7b0c8ac7b52c5?s=96&d=mm&r=g","caption":"Blog da Condessa"},"url":"https:\/\/blogdacondessa.com.br\/blog\/author\/beatriz\/"}]}},"_links":{"self":[{"href":"https:\/\/blogdacondessa.com.br\/blog\/wp-json\/wp\/v2\/posts\/6570","targetHints":{"allow":["GET"]}}],"collection":[{"href":"https:\/\/blogdacondessa.com.br\/blog\/wp-json\/wp\/v2\/posts"}],"about":[{"href":"https:\/\/blogdacondessa.com.br\/blog\/wp-json\/wp\/v2\/types\/post"}],"author":[{"embeddable":true,"href":"https:\/\/blogdacondessa.com.br\/blog\/wp-json\/wp\/v2\/users\/2"}],"replies":[{"embeddable":true,"href":"https:\/\/blogdacondessa.com.br\/blog\/wp-json\/wp\/v2\/comments?post=6570"}],"version-history":[{"count":0,"href":"https:\/\/blogdacondessa.com.br\/blog\/wp-json\/wp\/v2\/posts\/6570\/revisions"}],"wp:featuredmedia":[{"embeddable":true,"href":"https:\/\/blogdacondessa.com.br\/blog\/wp-json\/wp\/v2\/media\/6571"}],"wp:attachment":[{"href":"https:\/\/blogdacondessa.com.br\/blog\/wp-json\/wp\/v2\/media?parent=6570"}],"wp:term":[{"taxonomy":"category","embeddable":true,"href":"https:\/\/blogdacondessa.com.br\/blog\/wp-json\/wp\/v2\/categories?post=6570"},{"taxonomy":"post_tag","embeddable":true,"href":"https:\/\/blogdacondessa.com.br\/blog\/wp-json\/wp\/v2\/tags?post=6570"}],"curies":[{"name":"wp","href":"https:\/\/api.w.org\/{rel}","templated":true}]}}