{"id":657,"date":"2020-09-30T09:00:00","date_gmt":"2020-09-30T09:00:00","guid":{"rendered":"https:\/\/blogdacondessa.local\/estacao-trends-lojas-democraticas-e-exclusivas\/"},"modified":"2021-06-24T14:39:15","modified_gmt":"2021-06-24T14:39:15","slug":"estacao-trends-lojas-democraticas-e-exclusivas","status":"publish","type":"post","link":"https:\/\/blogdacondessa.com.br\/blog\/moda\/estacao-trends-lojas-democraticas-e-exclusivas\/","title":{"rendered":"Esta\u00e7\u00e3o Trends: lojas democr\u00e1ticas e exclusivas"},"content":{"rendered":"<p>O Shopping Esta\u00e7\u00e3o Cuiab\u00e1 respira moda e apresenta aos clientes todas as cores, formas e silhuetas das cole\u00e7\u00f5es primavera\/ver\u00e3o de suas lojas. A segunda edi\u00e7\u00e3o do Esta\u00e7\u00e3o Trends, contar\u00e1 com muita interatividade, tend\u00eancias e novidades em um desfile exclusivo e online, formato in\u00e9dito na capital, apresentando o melhor da esta\u00e7\u00e3o.<\/p>\n<p>Em clima de festa e descontra\u00e7\u00e3o, o desfile fechado, que acontece no dia 1\u00ba de outubro, \u00e0s 18h, poder\u00e1 ser acompanhado ao vivo, durante live realizada no Instagram do shopping. A programa\u00e7\u00e3o do evento ter\u00e1 a presen\u00e7a de mais de 35 marcas participantes e a\u00e7\u00f5es com especialistas do mundo da moda, como Personal Shopper, com Priscila Previato; An\u00e1lise de Biotipo e Estilo, com Let\u00edcia Gimenez; e Colorimetria, com Amanda Hanna.<\/p>\n<p>O objetivo do Esta\u00e7\u00e3o Trends \u00e9 mostrar que o shopping \u00e9 um polo de moda com lojas democr\u00e1ticas e exclusivas, ser\u00e3o v\u00e1rios looks em um desfile comentado que contar\u00e1\u00a0 com\u00a0 a participa\u00e7\u00e3o da Miss Cuiab\u00e1 Plus Size, Mayara Strobel.<\/p>\n<p>Tomando todos os cuidados preventivos \u00e0 Covid-19, o evento fechado seguir\u00e1 as medidas de biosseguran\u00e7a do decreto municipal. &#8220;Estamos nos adaptando ao novo normal e algumas atividades j\u00e1 podem ser realizadas. O shopping, como porta de entrada das principais inova\u00e7\u00f5es e tend\u00eancias do mercado, traz para Cuiab\u00e1 desde sua inaugura\u00e7\u00e3o\u00a0grandes eventos e, desta vez, vamos realizar um desfile online para os cuiabanos&#8221;, refor\u00e7a Souza.<\/p>\n<p>Ele destaca que pontos com \u00e1lcool em gel est\u00e3o localizados nos corredores, tamb\u00e9m h\u00e1 aferi\u00e7\u00e3o de temperatura corporal em todos os acessos, al\u00e9m de sinaliza\u00e7\u00e3o demarcando o distanciamento m\u00ednimo.<\/p>\n<p>A programa\u00e7\u00e3o oferecida ser\u00e1 aberta ao p\u00fablico e gratuita. Para mais informa\u00e7\u00f5es consulte os canais oficiais do shopping.<\/p>\n<p><strong>Programa\u00e7\u00e3o:<\/strong><\/p>\n<p>&#8211;\u00a0 A\u00e7\u00e3o Personal Shopper, com Priscila Previato: de 28\/09 a 01\/10 \u2013 14h \u00e0s 19h (3 clientes por dia).<br \/> &#8211; A\u00e7\u00e3o An\u00e1lise de Biotipo e Estilo, com Let\u00edcia Gimenez: 29 e 30\/09 \u2013 15h \u00e0s 18h.<br \/> &#8211; A\u00e7\u00e3o Colorimetria, com Amanda Hanna: 30\/09 e 01\/10 \u2013 14h \u00e0s 16h.<br \/> &#8211; A\u00e7\u00f5es de lojas (coquetel, DJ, personaliza\u00e7\u00e3o, mimos): 28 a 1\u00ba\/10.<br \/> &#8211; Desfile VIP: 1\u00ba de outubro.<\/p>\n<p>&#8211; As ativa\u00e7\u00f5es ser\u00e3o abertas ao p\u00fablico, gratuitas e com agendamento pr\u00e9vio, feito por meio do SAC do shopping, podendo sofrer altera\u00e7\u00f5es sem aviso pr\u00e9vio, uma vez que cada a\u00e7\u00e3o \u00e9 de inteira responsabilidade dos profissionais e opera\u00e7\u00f5es que est\u00e3o promovendo.<\/p>\n<p>\u00a0<\/p>\n","protected":false},"excerpt":{"rendered":"<p>O Shopping Esta\u00e7\u00e3o Cuiab\u00e1 respira moda e apresenta aos clientes todas as cores, formas e silhuetas das cole\u00e7\u00f5es primavera\/ver\u00e3o de suas lojas. A segunda edi\u00e7\u00e3o do Esta\u00e7\u00e3o Trends, contar\u00e1 com muita interatividade, tend\u00eancias e novidades em um desfile exclusivo e online, formato in\u00e9dito na capital, apresentando o melhor da esta\u00e7\u00e3o. Em clima de festa e [&hellip;]<\/p>\n","protected":false},"author":2,"featured_media":1657,"comment_status":"open","ping_status":"closed","sticky":false,"template":"","format":"standard","meta":{"iawp_total_views":0,"footnotes":""},"categories":[21],"tags":[],"class_list":["post-657","post","type-post","status-publish","format-standard","has-post-thumbnail","hentry","category-moda"],"yoast_head":"<!-- This site is optimized with the Yoast SEO plugin v27.3 - https:\/\/yoast.com\/product\/yoast-seo-wordpress\/ -->\n<title>Esta\u00e7\u00e3o Trends: lojas democr\u00e1ticas e exclusivas &#8902; Blog da Condessa<\/title>\n<meta name=\"robots\" content=\"index, follow, max-snippet:-1, max-image-preview:large, max-video-preview:-1\" \/>\n<link rel=\"canonical\" href=\"https:\/\/blogdacondessa.com.br\/blog\/moda\/estacao-trends-lojas-democraticas-e-exclusivas\/\" \/>\n<meta property=\"og:locale\" content=\"pt_BR\" \/>\n<meta property=\"og:type\" content=\"article\" \/>\n<meta property=\"og:title\" content=\"Esta\u00e7\u00e3o Trends: lojas democr\u00e1ticas e exclusivas &#8902; Blog da Condessa\" \/>\n<meta property=\"og:description\" content=\"O Shopping Esta\u00e7\u00e3o Cuiab\u00e1 respira moda e apresenta aos clientes todas as cores, formas e silhuetas das cole\u00e7\u00f5es primavera\/ver\u00e3o de suas lojas. A segunda edi\u00e7\u00e3o do Esta\u00e7\u00e3o Trends, contar\u00e1 com muita interatividade, tend\u00eancias e novidades em um desfile exclusivo e online, formato in\u00e9dito na capital, apresentando o melhor da esta\u00e7\u00e3o. Em clima de festa e [&hellip;]\" \/>\n<meta property=\"og:url\" content=\"https:\/\/blogdacondessa.com.br\/blog\/moda\/estacao-trends-lojas-democraticas-e-exclusivas\/\" \/>\n<meta property=\"og:site_name\" content=\"Blog da Condessa\" \/>\n<meta property=\"article:published_time\" content=\"2020-09-30T09:00:00+00:00\" \/>\n<meta property=\"article:modified_time\" content=\"2021-06-24T14:39:15+00:00\" \/>\n<meta property=\"og:image\" content=\"https:\/\/blogdacondessa.com.br\/blog\/wp-content\/uploads\/2021\/06\/0f18514092300971a1d9467fe5706101_L.jpg\" \/>\n\t<meta property=\"og:image:width\" content=\"600\" \/>\n\t<meta property=\"og:image:height\" content=\"474\" \/>\n\t<meta property=\"og:image:type\" content=\"image\/jpeg\" \/>\n<meta name=\"author\" content=\"Blog da Condessa\" \/>\n<meta name=\"twitter:card\" content=\"summary_large_image\" \/>\n<meta name=\"twitter:label1\" content=\"Escrito por\" \/>\n\t<meta name=\"twitter:data1\" content=\"Blog da Condessa\" \/>\n\t<meta name=\"twitter:label2\" content=\"Est. tempo de leitura\" \/>\n\t<meta name=\"twitter:data2\" content=\"2 minutos\" \/>\n<script type=\"application\/ld+json\" class=\"yoast-schema-graph\">{\"@context\":\"https:\\\/\\\/schema.org\",\"@graph\":[{\"@type\":\"Article\",\"@id\":\"https:\\\/\\\/blogdacondessa.com.br\\\/blog\\\/moda\\\/estacao-trends-lojas-democraticas-e-exclusivas\\\/#article\",\"isPartOf\":{\"@id\":\"https:\\\/\\\/blogdacondessa.com.br\\\/blog\\\/moda\\\/estacao-trends-lojas-democraticas-e-exclusivas\\\/\"},\"author\":{\"name\":\"Blog da Condessa\",\"@id\":\"https:\\\/\\\/blogdacondessa.com.br\\\/blog\\\/#\\\/schema\\\/person\\\/1d667ff8b785195b568677489d266035\"},\"headline\":\"Esta\u00e7\u00e3o Trends: lojas democr\u00e1ticas e exclusivas\",\"datePublished\":\"2020-09-30T09:00:00+00:00\",\"dateModified\":\"2021-06-24T14:39:15+00:00\",\"mainEntityOfPage\":{\"@id\":\"https:\\\/\\\/blogdacondessa.com.br\\\/blog\\\/moda\\\/estacao-trends-lojas-democraticas-e-exclusivas\\\/\"},\"wordCount\":419,\"commentCount\":0,\"image\":{\"@id\":\"https:\\\/\\\/blogdacondessa.com.br\\\/blog\\\/moda\\\/estacao-trends-lojas-democraticas-e-exclusivas\\\/#primaryimage\"},\"thumbnailUrl\":\"https:\\\/\\\/blogdacondessa.com.br\\\/blog\\\/wp-content\\\/uploads\\\/2021\\\/06\\\/0f18514092300971a1d9467fe5706101_L.jpg\",\"articleSection\":[\"Moda\"],\"inLanguage\":\"pt-BR\",\"potentialAction\":[{\"@type\":\"CommentAction\",\"name\":\"Comment\",\"target\":[\"https:\\\/\\\/blogdacondessa.com.br\\\/blog\\\/moda\\\/estacao-trends-lojas-democraticas-e-exclusivas\\\/#respond\"]}]},{\"@type\":\"WebPage\",\"@id\":\"https:\\\/\\\/blogdacondessa.com.br\\\/blog\\\/moda\\\/estacao-trends-lojas-democraticas-e-exclusivas\\\/\",\"url\":\"https:\\\/\\\/blogdacondessa.com.br\\\/blog\\\/moda\\\/estacao-trends-lojas-democraticas-e-exclusivas\\\/\",\"name\":\"Esta\u00e7\u00e3o Trends: lojas democr\u00e1ticas e exclusivas &#8902; Blog da Condessa\",\"isPartOf\":{\"@id\":\"https:\\\/\\\/blogdacondessa.com.br\\\/blog\\\/#website\"},\"primaryImageOfPage\":{\"@id\":\"https:\\\/\\\/blogdacondessa.com.br\\\/blog\\\/moda\\\/estacao-trends-lojas-democraticas-e-exclusivas\\\/#primaryimage\"},\"image\":{\"@id\":\"https:\\\/\\\/blogdacondessa.com.br\\\/blog\\\/moda\\\/estacao-trends-lojas-democraticas-e-exclusivas\\\/#primaryimage\"},\"thumbnailUrl\":\"https:\\\/\\\/blogdacondessa.com.br\\\/blog\\\/wp-content\\\/uploads\\\/2021\\\/06\\\/0f18514092300971a1d9467fe5706101_L.jpg\",\"datePublished\":\"2020-09-30T09:00:00+00:00\",\"dateModified\":\"2021-06-24T14:39:15+00:00\",\"author\":{\"@id\":\"https:\\\/\\\/blogdacondessa.com.br\\\/blog\\\/#\\\/schema\\\/person\\\/1d667ff8b785195b568677489d266035\"},\"breadcrumb\":{\"@id\":\"https:\\\/\\\/blogdacondessa.com.br\\\/blog\\\/moda\\\/estacao-trends-lojas-democraticas-e-exclusivas\\\/#breadcrumb\"},\"inLanguage\":\"pt-BR\",\"potentialAction\":[{\"@type\":\"ReadAction\",\"target\":[\"https:\\\/\\\/blogdacondessa.com.br\\\/blog\\\/moda\\\/estacao-trends-lojas-democraticas-e-exclusivas\\\/\"]}]},{\"@type\":\"ImageObject\",\"inLanguage\":\"pt-BR\",\"@id\":\"https:\\\/\\\/blogdacondessa.com.br\\\/blog\\\/moda\\\/estacao-trends-lojas-democraticas-e-exclusivas\\\/#primaryimage\",\"url\":\"https:\\\/\\\/blogdacondessa.com.br\\\/blog\\\/wp-content\\\/uploads\\\/2021\\\/06\\\/0f18514092300971a1d9467fe5706101_L.jpg\",\"contentUrl\":\"https:\\\/\\\/blogdacondessa.com.br\\\/blog\\\/wp-content\\\/uploads\\\/2021\\\/06\\\/0f18514092300971a1d9467fe5706101_L.jpg\",\"width\":600,\"height\":474},{\"@type\":\"BreadcrumbList\",\"@id\":\"https:\\\/\\\/blogdacondessa.com.br\\\/blog\\\/moda\\\/estacao-trends-lojas-democraticas-e-exclusivas\\\/#breadcrumb\",\"itemListElement\":[{\"@type\":\"ListItem\",\"position\":1,\"name\":\"In\u00edcio\",\"item\":\"https:\\\/\\\/blogdacondessa.com.br\\\/blog\\\/\"},{\"@type\":\"ListItem\",\"position\":2,\"name\":\"Esta\u00e7\u00e3o Trends: lojas democr\u00e1ticas e exclusivas\"}]},{\"@type\":\"WebSite\",\"@id\":\"https:\\\/\\\/blogdacondessa.com.br\\\/blog\\\/#website\",\"url\":\"https:\\\/\\\/blogdacondessa.com.br\\\/blog\\\/\",\"name\":\"Blog da Condessa\",\"description\":\"Com Shirley de Souza O\u2019Campos\",\"potentialAction\":[{\"@type\":\"SearchAction\",\"target\":{\"@type\":\"EntryPoint\",\"urlTemplate\":\"https:\\\/\\\/blogdacondessa.com.br\\\/blog\\\/?s={search_term_string}\"},\"query-input\":{\"@type\":\"PropertyValueSpecification\",\"valueRequired\":true,\"valueName\":\"search_term_string\"}}],\"inLanguage\":\"pt-BR\"},{\"@type\":\"Person\",\"@id\":\"https:\\\/\\\/blogdacondessa.com.br\\\/blog\\\/#\\\/schema\\\/person\\\/1d667ff8b785195b568677489d266035\",\"name\":\"Blog da Condessa\",\"image\":{\"@type\":\"ImageObject\",\"inLanguage\":\"pt-BR\",\"@id\":\"https:\\\/\\\/secure.gravatar.com\\\/avatar\\\/377c0eb8b4ad2bfc25461b41564b5971e721ca34a57642868fc7b0c8ac7b52c5?s=96&d=mm&r=g\",\"url\":\"https:\\\/\\\/secure.gravatar.com\\\/avatar\\\/377c0eb8b4ad2bfc25461b41564b5971e721ca34a57642868fc7b0c8ac7b52c5?s=96&d=mm&r=g\",\"contentUrl\":\"https:\\\/\\\/secure.gravatar.com\\\/avatar\\\/377c0eb8b4ad2bfc25461b41564b5971e721ca34a57642868fc7b0c8ac7b52c5?s=96&d=mm&r=g\",\"caption\":\"Blog da Condessa\"},\"url\":\"https:\\\/\\\/blogdacondessa.com.br\\\/blog\\\/author\\\/beatriz\\\/\"}]}<\/script>\n<!-- \/ Yoast SEO plugin. -->","yoast_head_json":{"title":"Esta\u00e7\u00e3o Trends: lojas democr\u00e1ticas e exclusivas &#8902; Blog da Condessa","robots":{"index":"index","follow":"follow","max-snippet":"max-snippet:-1","max-image-preview":"max-image-preview:large","max-video-preview":"max-video-preview:-1"},"canonical":"https:\/\/blogdacondessa.com.br\/blog\/moda\/estacao-trends-lojas-democraticas-e-exclusivas\/","og_locale":"pt_BR","og_type":"article","og_title":"Esta\u00e7\u00e3o Trends: lojas democr\u00e1ticas e exclusivas &#8902; Blog da Condessa","og_description":"O Shopping Esta\u00e7\u00e3o Cuiab\u00e1 respira moda e apresenta aos clientes todas as cores, formas e silhuetas das cole\u00e7\u00f5es primavera\/ver\u00e3o de suas lojas. A segunda edi\u00e7\u00e3o do Esta\u00e7\u00e3o Trends, contar\u00e1 com muita interatividade, tend\u00eancias e novidades em um desfile exclusivo e online, formato in\u00e9dito na capital, apresentando o melhor da esta\u00e7\u00e3o. Em clima de festa e [&hellip;]","og_url":"https:\/\/blogdacondessa.com.br\/blog\/moda\/estacao-trends-lojas-democraticas-e-exclusivas\/","og_site_name":"Blog da Condessa","article_published_time":"2020-09-30T09:00:00+00:00","article_modified_time":"2021-06-24T14:39:15+00:00","og_image":[{"width":600,"height":474,"url":"https:\/\/blogdacondessa.com.br\/blog\/wp-content\/uploads\/2021\/06\/0f18514092300971a1d9467fe5706101_L.jpg","type":"image\/jpeg"}],"author":"Blog da Condessa","twitter_card":"summary_large_image","twitter_misc":{"Escrito por":"Blog da Condessa","Est. tempo de leitura":"2 minutos"},"schema":{"@context":"https:\/\/schema.org","@graph":[{"@type":"Article","@id":"https:\/\/blogdacondessa.com.br\/blog\/moda\/estacao-trends-lojas-democraticas-e-exclusivas\/#article","isPartOf":{"@id":"https:\/\/blogdacondessa.com.br\/blog\/moda\/estacao-trends-lojas-democraticas-e-exclusivas\/"},"author":{"name":"Blog da Condessa","@id":"https:\/\/blogdacondessa.com.br\/blog\/#\/schema\/person\/1d667ff8b785195b568677489d266035"},"headline":"Esta\u00e7\u00e3o Trends: lojas democr\u00e1ticas e exclusivas","datePublished":"2020-09-30T09:00:00+00:00","dateModified":"2021-06-24T14:39:15+00:00","mainEntityOfPage":{"@id":"https:\/\/blogdacondessa.com.br\/blog\/moda\/estacao-trends-lojas-democraticas-e-exclusivas\/"},"wordCount":419,"commentCount":0,"image":{"@id":"https:\/\/blogdacondessa.com.br\/blog\/moda\/estacao-trends-lojas-democraticas-e-exclusivas\/#primaryimage"},"thumbnailUrl":"https:\/\/blogdacondessa.com.br\/blog\/wp-content\/uploads\/2021\/06\/0f18514092300971a1d9467fe5706101_L.jpg","articleSection":["Moda"],"inLanguage":"pt-BR","potentialAction":[{"@type":"CommentAction","name":"Comment","target":["https:\/\/blogdacondessa.com.br\/blog\/moda\/estacao-trends-lojas-democraticas-e-exclusivas\/#respond"]}]},{"@type":"WebPage","@id":"https:\/\/blogdacondessa.com.br\/blog\/moda\/estacao-trends-lojas-democraticas-e-exclusivas\/","url":"https:\/\/blogdacondessa.com.br\/blog\/moda\/estacao-trends-lojas-democraticas-e-exclusivas\/","name":"Esta\u00e7\u00e3o Trends: lojas democr\u00e1ticas e exclusivas &#8902; Blog da Condessa","isPartOf":{"@id":"https:\/\/blogdacondessa.com.br\/blog\/#website"},"primaryImageOfPage":{"@id":"https:\/\/blogdacondessa.com.br\/blog\/moda\/estacao-trends-lojas-democraticas-e-exclusivas\/#primaryimage"},"image":{"@id":"https:\/\/blogdacondessa.com.br\/blog\/moda\/estacao-trends-lojas-democraticas-e-exclusivas\/#primaryimage"},"thumbnailUrl":"https:\/\/blogdacondessa.com.br\/blog\/wp-content\/uploads\/2021\/06\/0f18514092300971a1d9467fe5706101_L.jpg","datePublished":"2020-09-30T09:00:00+00:00","dateModified":"2021-06-24T14:39:15+00:00","author":{"@id":"https:\/\/blogdacondessa.com.br\/blog\/#\/schema\/person\/1d667ff8b785195b568677489d266035"},"breadcrumb":{"@id":"https:\/\/blogdacondessa.com.br\/blog\/moda\/estacao-trends-lojas-democraticas-e-exclusivas\/#breadcrumb"},"inLanguage":"pt-BR","potentialAction":[{"@type":"ReadAction","target":["https:\/\/blogdacondessa.com.br\/blog\/moda\/estacao-trends-lojas-democraticas-e-exclusivas\/"]}]},{"@type":"ImageObject","inLanguage":"pt-BR","@id":"https:\/\/blogdacondessa.com.br\/blog\/moda\/estacao-trends-lojas-democraticas-e-exclusivas\/#primaryimage","url":"https:\/\/blogdacondessa.com.br\/blog\/wp-content\/uploads\/2021\/06\/0f18514092300971a1d9467fe5706101_L.jpg","contentUrl":"https:\/\/blogdacondessa.com.br\/blog\/wp-content\/uploads\/2021\/06\/0f18514092300971a1d9467fe5706101_L.jpg","width":600,"height":474},{"@type":"BreadcrumbList","@id":"https:\/\/blogdacondessa.com.br\/blog\/moda\/estacao-trends-lojas-democraticas-e-exclusivas\/#breadcrumb","itemListElement":[{"@type":"ListItem","position":1,"name":"In\u00edcio","item":"https:\/\/blogdacondessa.com.br\/blog\/"},{"@type":"ListItem","position":2,"name":"Esta\u00e7\u00e3o Trends: lojas democr\u00e1ticas e exclusivas"}]},{"@type":"WebSite","@id":"https:\/\/blogdacondessa.com.br\/blog\/#website","url":"https:\/\/blogdacondessa.com.br\/blog\/","name":"Blog da Condessa","description":"Com Shirley de Souza O\u2019Campos","potentialAction":[{"@type":"SearchAction","target":{"@type":"EntryPoint","urlTemplate":"https:\/\/blogdacondessa.com.br\/blog\/?s={search_term_string}"},"query-input":{"@type":"PropertyValueSpecification","valueRequired":true,"valueName":"search_term_string"}}],"inLanguage":"pt-BR"},{"@type":"Person","@id":"https:\/\/blogdacondessa.com.br\/blog\/#\/schema\/person\/1d667ff8b785195b568677489d266035","name":"Blog da Condessa","image":{"@type":"ImageObject","inLanguage":"pt-BR","@id":"https:\/\/secure.gravatar.com\/avatar\/377c0eb8b4ad2bfc25461b41564b5971e721ca34a57642868fc7b0c8ac7b52c5?s=96&d=mm&r=g","url":"https:\/\/secure.gravatar.com\/avatar\/377c0eb8b4ad2bfc25461b41564b5971e721ca34a57642868fc7b0c8ac7b52c5?s=96&d=mm&r=g","contentUrl":"https:\/\/secure.gravatar.com\/avatar\/377c0eb8b4ad2bfc25461b41564b5971e721ca34a57642868fc7b0c8ac7b52c5?s=96&d=mm&r=g","caption":"Blog da Condessa"},"url":"https:\/\/blogdacondessa.com.br\/blog\/author\/beatriz\/"}]}},"_links":{"self":[{"href":"https:\/\/blogdacondessa.com.br\/blog\/wp-json\/wp\/v2\/posts\/657","targetHints":{"allow":["GET"]}}],"collection":[{"href":"https:\/\/blogdacondessa.com.br\/blog\/wp-json\/wp\/v2\/posts"}],"about":[{"href":"https:\/\/blogdacondessa.com.br\/blog\/wp-json\/wp\/v2\/types\/post"}],"author":[{"embeddable":true,"href":"https:\/\/blogdacondessa.com.br\/blog\/wp-json\/wp\/v2\/users\/2"}],"replies":[{"embeddable":true,"href":"https:\/\/blogdacondessa.com.br\/blog\/wp-json\/wp\/v2\/comments?post=657"}],"version-history":[{"count":0,"href":"https:\/\/blogdacondessa.com.br\/blog\/wp-json\/wp\/v2\/posts\/657\/revisions"}],"wp:featuredmedia":[{"embeddable":true,"href":"https:\/\/blogdacondessa.com.br\/blog\/wp-json\/wp\/v2\/media\/1657"}],"wp:attachment":[{"href":"https:\/\/blogdacondessa.com.br\/blog\/wp-json\/wp\/v2\/media?parent=657"}],"wp:term":[{"taxonomy":"category","embeddable":true,"href":"https:\/\/blogdacondessa.com.br\/blog\/wp-json\/wp\/v2\/categories?post=657"},{"taxonomy":"post_tag","embeddable":true,"href":"https:\/\/blogdacondessa.com.br\/blog\/wp-json\/wp\/v2\/tags?post=657"}],"curies":[{"name":"wp","href":"https:\/\/api.w.org\/{rel}","templated":true}]}}