{"id":6564,"date":"2023-03-15T05:00:36","date_gmt":"2023-03-15T09:00:36","guid":{"rendered":"http:\/\/blogdacondessa.com.br\/?p=6564"},"modified":"2023-03-14T18:21:29","modified_gmt":"2023-03-14T22:21:29","slug":"o-projeto-sesc-mesa-brasil-se-tornou-uma-referencia-no-pilar-social","status":"publish","type":"post","link":"https:\/\/blogdacondessa.com.br\/blog\/institucional\/o-projeto-sesc-mesa-brasil-se-tornou-uma-referencia-no-pilar-social\/","title":{"rendered":"\u201cO projeto Sesc Mesa Brasil se tornou uma refer\u00eancia no pilar social\u201d"},"content":{"rendered":"<p>Somente no m\u00eas de fevereiro, mais de 48 toneladas de alimentos foram doadas pelo Sistema Fecom\u00e9rcio-MT, por meio do Servi\u00e7o Social do Com\u00e9rcio (Sesc-MT), \u00e0s entidades sociais cadastradas no projeto Sesc Mesa Brasil. A iniciativa integra o programa de assist\u00eancia da institui\u00e7\u00e3o e \u00e9 voltada ao combate \u00e0 fome e desperd\u00edcio de alimentos.<\/p>\n<p>\u201cO projeto Sesc Mesa Brasil tem abrang\u00eancia nacional e se tornou uma refer\u00eancia no pilar social ap\u00f3s ser reconhecido como a maior rede de banco de alimentos da Am\u00e9rica Latina. Atualmente, o projeto atua na modalidade mista: banco de alimentos e colheita urbana, coletando periodicamente alimentos excedentes em boas condi\u00e7\u00f5es de consumo em pontos comerciais parceiros, como centros de distribui\u00e7\u00e3o, supermercados, hortifrutis e restaurantes\u201d, explica o presidente do Sistema Fecom\u00e9rcio-MT, Jos\u00e9 Wenceslau de Souza J\u00fanior.<\/p>\n<p>Al\u00e9m dos alimentos doados, tamb\u00e9m foi realizada a distribui\u00e7\u00e3o de mais de 6,7 mil unidades de diversos produtos de higiene pessoal, limpeza, entre outros. \u201cN\u00f3s fazemos a ponte entre as empresas que desejam contribuir com essa iniciativa e as entidades que precisam dos donativos. Para atender a demanda, organizamos uma opera\u00e7\u00e3o log\u00edstica que vai at\u00e9 os locais para retirar e entregar, formando uma grande rede de solidariedade\u201d, complementa o presidente.<\/p>\n<p>A media\u00e7\u00e3o entre as institui\u00e7\u00f5es assistidas e os doadores \u00e9 efetuada pelo assistente social que atua como orientador e faz acompanhamento para que o processo permane\u00e7a dentro das diretrizes do projeto Sesc Mesa Brasil.<\/p>\n<p><strong>Atua\u00e7\u00e3o<\/strong><\/p>\n<p>O projeto Sesc Mesa Brasil foi institu\u00eddo em Mato Grosso em 2003, com a primeira unidade em Cuiab\u00e1 e, posteriormente, foi ampliado para o munic\u00edpio de Rondon\u00f3polis, aumentando sua capacidade de atendimento para mais institui\u00e7\u00f5es do estado.<\/p>\n<p>As entidades beneficiadas pelo projeto recebem, periodicamente, treinamento realizado por nutricionista para orienta\u00e7\u00e3o sobre higieniza\u00e7\u00e3o, armazenamento e aproveitamento integral dos alimentos recebidos.<\/p>\n<p>\u201cEmpres\u00e1rios ou qualquer pessoa f\u00edsica que deseje somar for\u00e7as \u00e0 essa a\u00e7\u00e3o de combate \u00e0 fome, pode se dirigir a uma das unidades do Sesc ou Senac Mato Grosso para realizar a sua doa\u00e7\u00e3o\u201d, informa o diretor regional do Sesc-MT, Allan Serotini.<\/p>\n<p>&nbsp;<\/p>\n","protected":false},"excerpt":{"rendered":"<p>Somente no m\u00eas de fevereiro, mais de 48 toneladas de alimentos foram doadas pelo Sistema Fecom\u00e9rcio-MT, por meio do Servi\u00e7o Social do Com\u00e9rcio (Sesc-MT), \u00e0s entidades sociais cadastradas no projeto Sesc Mesa Brasil. A iniciativa integra o programa de assist\u00eancia da institui\u00e7\u00e3o e \u00e9 voltada ao combate \u00e0 fome e desperd\u00edcio de alimentos. \u201cO projeto [&hellip;]<\/p>\n","protected":false},"author":2,"featured_media":6565,"comment_status":"closed","ping_status":"closed","sticky":false,"template":"","format":"standard","meta":{"iawp_total_views":0,"footnotes":""},"categories":[13],"tags":[],"class_list":["post-6564","post","type-post","status-publish","format-standard","has-post-thumbnail","hentry","category-institucional"],"yoast_head":"<!-- This site is optimized with the Yoast SEO plugin v27.3 - https:\/\/yoast.com\/product\/yoast-seo-wordpress\/ -->\n<title>\u201cO projeto Sesc Mesa Brasil se tornou uma refer\u00eancia no pilar social\u201d &#8902; Blog da Condessa<\/title>\n<meta name=\"robots\" content=\"index, follow, max-snippet:-1, max-image-preview:large, max-video-preview:-1\" \/>\n<link rel=\"canonical\" href=\"https:\/\/blogdacondessa.com.br\/blog\/institucional\/o-projeto-sesc-mesa-brasil-se-tornou-uma-referencia-no-pilar-social\/\" \/>\n<meta property=\"og:locale\" content=\"pt_BR\" \/>\n<meta property=\"og:type\" content=\"article\" \/>\n<meta property=\"og:title\" content=\"\u201cO projeto Sesc Mesa Brasil se tornou uma refer\u00eancia no pilar social\u201d &#8902; Blog da Condessa\" \/>\n<meta property=\"og:description\" content=\"Somente no m\u00eas de fevereiro, mais de 48 toneladas de alimentos foram doadas pelo Sistema Fecom\u00e9rcio-MT, por meio do Servi\u00e7o Social do Com\u00e9rcio (Sesc-MT), \u00e0s entidades sociais cadastradas no projeto Sesc Mesa Brasil. A iniciativa integra o programa de assist\u00eancia da institui\u00e7\u00e3o e \u00e9 voltada ao combate \u00e0 fome e desperd\u00edcio de alimentos. \u201cO projeto [&hellip;]\" \/>\n<meta property=\"og:url\" content=\"https:\/\/blogdacondessa.com.br\/blog\/institucional\/o-projeto-sesc-mesa-brasil-se-tornou-uma-referencia-no-pilar-social\/\" \/>\n<meta property=\"og:site_name\" content=\"Blog da Condessa\" \/>\n<meta property=\"article:published_time\" content=\"2023-03-15T09:00:36+00:00\" \/>\n<meta property=\"og:image\" content=\"https:\/\/blogdacondessa.com.br\/blog\/wp-content\/uploads\/2023\/03\/MESA-BRASIL-2.jpg\" \/>\n\t<meta property=\"og:image:width\" content=\"1600\" \/>\n\t<meta property=\"og:image:height\" content=\"1592\" \/>\n\t<meta property=\"og:image:type\" content=\"image\/jpeg\" \/>\n<meta name=\"author\" content=\"Blog da Condessa\" \/>\n<meta name=\"twitter:card\" content=\"summary_large_image\" \/>\n<meta name=\"twitter:label1\" content=\"Escrito por\" \/>\n\t<meta name=\"twitter:data1\" content=\"Blog da Condessa\" \/>\n\t<meta name=\"twitter:label2\" content=\"Est. tempo de leitura\" \/>\n\t<meta name=\"twitter:data2\" content=\"2 minutos\" \/>\n<script type=\"application\/ld+json\" class=\"yoast-schema-graph\">{\"@context\":\"https:\\\/\\\/schema.org\",\"@graph\":[{\"@type\":\"Article\",\"@id\":\"https:\\\/\\\/blogdacondessa.com.br\\\/blog\\\/institucional\\\/o-projeto-sesc-mesa-brasil-se-tornou-uma-referencia-no-pilar-social\\\/#article\",\"isPartOf\":{\"@id\":\"https:\\\/\\\/blogdacondessa.com.br\\\/blog\\\/institucional\\\/o-projeto-sesc-mesa-brasil-se-tornou-uma-referencia-no-pilar-social\\\/\"},\"author\":{\"name\":\"Blog da Condessa\",\"@id\":\"https:\\\/\\\/blogdacondessa.com.br\\\/blog\\\/#\\\/schema\\\/person\\\/1d667ff8b785195b568677489d266035\"},\"headline\":\"\u201cO projeto Sesc Mesa Brasil se tornou uma refer\u00eancia no pilar social\u201d\",\"datePublished\":\"2023-03-15T09:00:36+00:00\",\"mainEntityOfPage\":{\"@id\":\"https:\\\/\\\/blogdacondessa.com.br\\\/blog\\\/institucional\\\/o-projeto-sesc-mesa-brasil-se-tornou-uma-referencia-no-pilar-social\\\/\"},\"wordCount\":376,\"image\":{\"@id\":\"https:\\\/\\\/blogdacondessa.com.br\\\/blog\\\/institucional\\\/o-projeto-sesc-mesa-brasil-se-tornou-uma-referencia-no-pilar-social\\\/#primaryimage\"},\"thumbnailUrl\":\"https:\\\/\\\/blogdacondessa.com.br\\\/blog\\\/wp-content\\\/uploads\\\/2023\\\/03\\\/MESA-BRASIL-2.jpg\",\"articleSection\":[\"Institucional\"],\"inLanguage\":\"pt-BR\"},{\"@type\":\"WebPage\",\"@id\":\"https:\\\/\\\/blogdacondessa.com.br\\\/blog\\\/institucional\\\/o-projeto-sesc-mesa-brasil-se-tornou-uma-referencia-no-pilar-social\\\/\",\"url\":\"https:\\\/\\\/blogdacondessa.com.br\\\/blog\\\/institucional\\\/o-projeto-sesc-mesa-brasil-se-tornou-uma-referencia-no-pilar-social\\\/\",\"name\":\"\u201cO projeto Sesc Mesa Brasil se tornou uma refer\u00eancia no pilar social\u201d &#8902; Blog da Condessa\",\"isPartOf\":{\"@id\":\"https:\\\/\\\/blogdacondessa.com.br\\\/blog\\\/#website\"},\"primaryImageOfPage\":{\"@id\":\"https:\\\/\\\/blogdacondessa.com.br\\\/blog\\\/institucional\\\/o-projeto-sesc-mesa-brasil-se-tornou-uma-referencia-no-pilar-social\\\/#primaryimage\"},\"image\":{\"@id\":\"https:\\\/\\\/blogdacondessa.com.br\\\/blog\\\/institucional\\\/o-projeto-sesc-mesa-brasil-se-tornou-uma-referencia-no-pilar-social\\\/#primaryimage\"},\"thumbnailUrl\":\"https:\\\/\\\/blogdacondessa.com.br\\\/blog\\\/wp-content\\\/uploads\\\/2023\\\/03\\\/MESA-BRASIL-2.jpg\",\"datePublished\":\"2023-03-15T09:00:36+00:00\",\"author\":{\"@id\":\"https:\\\/\\\/blogdacondessa.com.br\\\/blog\\\/#\\\/schema\\\/person\\\/1d667ff8b785195b568677489d266035\"},\"breadcrumb\":{\"@id\":\"https:\\\/\\\/blogdacondessa.com.br\\\/blog\\\/institucional\\\/o-projeto-sesc-mesa-brasil-se-tornou-uma-referencia-no-pilar-social\\\/#breadcrumb\"},\"inLanguage\":\"pt-BR\",\"potentialAction\":[{\"@type\":\"ReadAction\",\"target\":[\"https:\\\/\\\/blogdacondessa.com.br\\\/blog\\\/institucional\\\/o-projeto-sesc-mesa-brasil-se-tornou-uma-referencia-no-pilar-social\\\/\"]}]},{\"@type\":\"ImageObject\",\"inLanguage\":\"pt-BR\",\"@id\":\"https:\\\/\\\/blogdacondessa.com.br\\\/blog\\\/institucional\\\/o-projeto-sesc-mesa-brasil-se-tornou-uma-referencia-no-pilar-social\\\/#primaryimage\",\"url\":\"https:\\\/\\\/blogdacondessa.com.br\\\/blog\\\/wp-content\\\/uploads\\\/2023\\\/03\\\/MESA-BRASIL-2.jpg\",\"contentUrl\":\"https:\\\/\\\/blogdacondessa.com.br\\\/blog\\\/wp-content\\\/uploads\\\/2023\\\/03\\\/MESA-BRASIL-2.jpg\",\"width\":1600,\"height\":1592},{\"@type\":\"BreadcrumbList\",\"@id\":\"https:\\\/\\\/blogdacondessa.com.br\\\/blog\\\/institucional\\\/o-projeto-sesc-mesa-brasil-se-tornou-uma-referencia-no-pilar-social\\\/#breadcrumb\",\"itemListElement\":[{\"@type\":\"ListItem\",\"position\":1,\"name\":\"In\u00edcio\",\"item\":\"https:\\\/\\\/blogdacondessa.com.br\\\/blog\\\/\"},{\"@type\":\"ListItem\",\"position\":2,\"name\":\"\u201cO projeto Sesc Mesa Brasil se tornou uma refer\u00eancia no pilar social\u201d\"}]},{\"@type\":\"WebSite\",\"@id\":\"https:\\\/\\\/blogdacondessa.com.br\\\/blog\\\/#website\",\"url\":\"https:\\\/\\\/blogdacondessa.com.br\\\/blog\\\/\",\"name\":\"Blog da Condessa\",\"description\":\"Com Shirley de Souza O\u2019Campos\",\"potentialAction\":[{\"@type\":\"SearchAction\",\"target\":{\"@type\":\"EntryPoint\",\"urlTemplate\":\"https:\\\/\\\/blogdacondessa.com.br\\\/blog\\\/?s={search_term_string}\"},\"query-input\":{\"@type\":\"PropertyValueSpecification\",\"valueRequired\":true,\"valueName\":\"search_term_string\"}}],\"inLanguage\":\"pt-BR\"},{\"@type\":\"Person\",\"@id\":\"https:\\\/\\\/blogdacondessa.com.br\\\/blog\\\/#\\\/schema\\\/person\\\/1d667ff8b785195b568677489d266035\",\"name\":\"Blog da Condessa\",\"image\":{\"@type\":\"ImageObject\",\"inLanguage\":\"pt-BR\",\"@id\":\"https:\\\/\\\/secure.gravatar.com\\\/avatar\\\/377c0eb8b4ad2bfc25461b41564b5971e721ca34a57642868fc7b0c8ac7b52c5?s=96&d=mm&r=g\",\"url\":\"https:\\\/\\\/secure.gravatar.com\\\/avatar\\\/377c0eb8b4ad2bfc25461b41564b5971e721ca34a57642868fc7b0c8ac7b52c5?s=96&d=mm&r=g\",\"contentUrl\":\"https:\\\/\\\/secure.gravatar.com\\\/avatar\\\/377c0eb8b4ad2bfc25461b41564b5971e721ca34a57642868fc7b0c8ac7b52c5?s=96&d=mm&r=g\",\"caption\":\"Blog da Condessa\"},\"url\":\"https:\\\/\\\/blogdacondessa.com.br\\\/blog\\\/author\\\/beatriz\\\/\"}]}<\/script>\n<!-- \/ Yoast SEO plugin. -->","yoast_head_json":{"title":"\u201cO projeto Sesc Mesa Brasil se tornou uma refer\u00eancia no pilar social\u201d &#8902; Blog da Condessa","robots":{"index":"index","follow":"follow","max-snippet":"max-snippet:-1","max-image-preview":"max-image-preview:large","max-video-preview":"max-video-preview:-1"},"canonical":"https:\/\/blogdacondessa.com.br\/blog\/institucional\/o-projeto-sesc-mesa-brasil-se-tornou-uma-referencia-no-pilar-social\/","og_locale":"pt_BR","og_type":"article","og_title":"\u201cO projeto Sesc Mesa Brasil se tornou uma refer\u00eancia no pilar social\u201d &#8902; Blog da Condessa","og_description":"Somente no m\u00eas de fevereiro, mais de 48 toneladas de alimentos foram doadas pelo Sistema Fecom\u00e9rcio-MT, por meio do Servi\u00e7o Social do Com\u00e9rcio (Sesc-MT), \u00e0s entidades sociais cadastradas no projeto Sesc Mesa Brasil. A iniciativa integra o programa de assist\u00eancia da institui\u00e7\u00e3o e \u00e9 voltada ao combate \u00e0 fome e desperd\u00edcio de alimentos. \u201cO projeto [&hellip;]","og_url":"https:\/\/blogdacondessa.com.br\/blog\/institucional\/o-projeto-sesc-mesa-brasil-se-tornou-uma-referencia-no-pilar-social\/","og_site_name":"Blog da Condessa","article_published_time":"2023-03-15T09:00:36+00:00","og_image":[{"width":1600,"height":1592,"url":"https:\/\/blogdacondessa.com.br\/blog\/wp-content\/uploads\/2023\/03\/MESA-BRASIL-2.jpg","type":"image\/jpeg"}],"author":"Blog da Condessa","twitter_card":"summary_large_image","twitter_misc":{"Escrito por":"Blog da Condessa","Est. tempo de leitura":"2 minutos"},"schema":{"@context":"https:\/\/schema.org","@graph":[{"@type":"Article","@id":"https:\/\/blogdacondessa.com.br\/blog\/institucional\/o-projeto-sesc-mesa-brasil-se-tornou-uma-referencia-no-pilar-social\/#article","isPartOf":{"@id":"https:\/\/blogdacondessa.com.br\/blog\/institucional\/o-projeto-sesc-mesa-brasil-se-tornou-uma-referencia-no-pilar-social\/"},"author":{"name":"Blog da Condessa","@id":"https:\/\/blogdacondessa.com.br\/blog\/#\/schema\/person\/1d667ff8b785195b568677489d266035"},"headline":"\u201cO projeto Sesc Mesa Brasil se tornou uma refer\u00eancia no pilar social\u201d","datePublished":"2023-03-15T09:00:36+00:00","mainEntityOfPage":{"@id":"https:\/\/blogdacondessa.com.br\/blog\/institucional\/o-projeto-sesc-mesa-brasil-se-tornou-uma-referencia-no-pilar-social\/"},"wordCount":376,"image":{"@id":"https:\/\/blogdacondessa.com.br\/blog\/institucional\/o-projeto-sesc-mesa-brasil-se-tornou-uma-referencia-no-pilar-social\/#primaryimage"},"thumbnailUrl":"https:\/\/blogdacondessa.com.br\/blog\/wp-content\/uploads\/2023\/03\/MESA-BRASIL-2.jpg","articleSection":["Institucional"],"inLanguage":"pt-BR"},{"@type":"WebPage","@id":"https:\/\/blogdacondessa.com.br\/blog\/institucional\/o-projeto-sesc-mesa-brasil-se-tornou-uma-referencia-no-pilar-social\/","url":"https:\/\/blogdacondessa.com.br\/blog\/institucional\/o-projeto-sesc-mesa-brasil-se-tornou-uma-referencia-no-pilar-social\/","name":"\u201cO projeto Sesc Mesa Brasil se tornou uma refer\u00eancia no pilar social\u201d &#8902; Blog da Condessa","isPartOf":{"@id":"https:\/\/blogdacondessa.com.br\/blog\/#website"},"primaryImageOfPage":{"@id":"https:\/\/blogdacondessa.com.br\/blog\/institucional\/o-projeto-sesc-mesa-brasil-se-tornou-uma-referencia-no-pilar-social\/#primaryimage"},"image":{"@id":"https:\/\/blogdacondessa.com.br\/blog\/institucional\/o-projeto-sesc-mesa-brasil-se-tornou-uma-referencia-no-pilar-social\/#primaryimage"},"thumbnailUrl":"https:\/\/blogdacondessa.com.br\/blog\/wp-content\/uploads\/2023\/03\/MESA-BRASIL-2.jpg","datePublished":"2023-03-15T09:00:36+00:00","author":{"@id":"https:\/\/blogdacondessa.com.br\/blog\/#\/schema\/person\/1d667ff8b785195b568677489d266035"},"breadcrumb":{"@id":"https:\/\/blogdacondessa.com.br\/blog\/institucional\/o-projeto-sesc-mesa-brasil-se-tornou-uma-referencia-no-pilar-social\/#breadcrumb"},"inLanguage":"pt-BR","potentialAction":[{"@type":"ReadAction","target":["https:\/\/blogdacondessa.com.br\/blog\/institucional\/o-projeto-sesc-mesa-brasil-se-tornou-uma-referencia-no-pilar-social\/"]}]},{"@type":"ImageObject","inLanguage":"pt-BR","@id":"https:\/\/blogdacondessa.com.br\/blog\/institucional\/o-projeto-sesc-mesa-brasil-se-tornou-uma-referencia-no-pilar-social\/#primaryimage","url":"https:\/\/blogdacondessa.com.br\/blog\/wp-content\/uploads\/2023\/03\/MESA-BRASIL-2.jpg","contentUrl":"https:\/\/blogdacondessa.com.br\/blog\/wp-content\/uploads\/2023\/03\/MESA-BRASIL-2.jpg","width":1600,"height":1592},{"@type":"BreadcrumbList","@id":"https:\/\/blogdacondessa.com.br\/blog\/institucional\/o-projeto-sesc-mesa-brasil-se-tornou-uma-referencia-no-pilar-social\/#breadcrumb","itemListElement":[{"@type":"ListItem","position":1,"name":"In\u00edcio","item":"https:\/\/blogdacondessa.com.br\/blog\/"},{"@type":"ListItem","position":2,"name":"\u201cO projeto Sesc Mesa Brasil se tornou uma refer\u00eancia no pilar social\u201d"}]},{"@type":"WebSite","@id":"https:\/\/blogdacondessa.com.br\/blog\/#website","url":"https:\/\/blogdacondessa.com.br\/blog\/","name":"Blog da Condessa","description":"Com Shirley de Souza O\u2019Campos","potentialAction":[{"@type":"SearchAction","target":{"@type":"EntryPoint","urlTemplate":"https:\/\/blogdacondessa.com.br\/blog\/?s={search_term_string}"},"query-input":{"@type":"PropertyValueSpecification","valueRequired":true,"valueName":"search_term_string"}}],"inLanguage":"pt-BR"},{"@type":"Person","@id":"https:\/\/blogdacondessa.com.br\/blog\/#\/schema\/person\/1d667ff8b785195b568677489d266035","name":"Blog da Condessa","image":{"@type":"ImageObject","inLanguage":"pt-BR","@id":"https:\/\/secure.gravatar.com\/avatar\/377c0eb8b4ad2bfc25461b41564b5971e721ca34a57642868fc7b0c8ac7b52c5?s=96&d=mm&r=g","url":"https:\/\/secure.gravatar.com\/avatar\/377c0eb8b4ad2bfc25461b41564b5971e721ca34a57642868fc7b0c8ac7b52c5?s=96&d=mm&r=g","contentUrl":"https:\/\/secure.gravatar.com\/avatar\/377c0eb8b4ad2bfc25461b41564b5971e721ca34a57642868fc7b0c8ac7b52c5?s=96&d=mm&r=g","caption":"Blog da Condessa"},"url":"https:\/\/blogdacondessa.com.br\/blog\/author\/beatriz\/"}]}},"_links":{"self":[{"href":"https:\/\/blogdacondessa.com.br\/blog\/wp-json\/wp\/v2\/posts\/6564","targetHints":{"allow":["GET"]}}],"collection":[{"href":"https:\/\/blogdacondessa.com.br\/blog\/wp-json\/wp\/v2\/posts"}],"about":[{"href":"https:\/\/blogdacondessa.com.br\/blog\/wp-json\/wp\/v2\/types\/post"}],"author":[{"embeddable":true,"href":"https:\/\/blogdacondessa.com.br\/blog\/wp-json\/wp\/v2\/users\/2"}],"replies":[{"embeddable":true,"href":"https:\/\/blogdacondessa.com.br\/blog\/wp-json\/wp\/v2\/comments?post=6564"}],"version-history":[{"count":0,"href":"https:\/\/blogdacondessa.com.br\/blog\/wp-json\/wp\/v2\/posts\/6564\/revisions"}],"wp:featuredmedia":[{"embeddable":true,"href":"https:\/\/blogdacondessa.com.br\/blog\/wp-json\/wp\/v2\/media\/6565"}],"wp:attachment":[{"href":"https:\/\/blogdacondessa.com.br\/blog\/wp-json\/wp\/v2\/media?parent=6564"}],"wp:term":[{"taxonomy":"category","embeddable":true,"href":"https:\/\/blogdacondessa.com.br\/blog\/wp-json\/wp\/v2\/categories?post=6564"},{"taxonomy":"post_tag","embeddable":true,"href":"https:\/\/blogdacondessa.com.br\/blog\/wp-json\/wp\/v2\/tags?post=6564"}],"curies":[{"name":"wp","href":"https:\/\/api.w.org\/{rel}","templated":true}]}}