{"id":6498,"date":"2023-03-07T05:00:12","date_gmt":"2023-03-07T09:00:12","guid":{"rendered":"http:\/\/blogdacondessa.com.br\/?p=6498"},"modified":"2023-03-06T17:21:40","modified_gmt":"2023-03-06T21:21:40","slug":"uma-nova-roupagem-ao-patrimonio-gastronomico-e-cultural-da-cuiabania","status":"publish","type":"post","link":"https:\/\/blogdacondessa.com.br\/blog\/cidades\/uma-nova-roupagem-ao-patrimonio-gastronomico-e-cultural-da-cuiabania\/","title":{"rendered":"\u201cUma nova roupagem ao patrim\u00f4nio gastron\u00f4mico e cultural da cuiabania\u201d"},"content":{"rendered":"<p>Um dia memor\u00e1vel, aguardado h\u00e1 mais de 29 anos por mais de 140 comerciantes instalados no Mercado Varejista Ant\u00f4nio Mois\u00e9s Nadaf, \u2018Mercado do Porto\u2019. \u00c9 assim pode ser definida a segunda-feira (6\/3) no ato de entrega das chaves da primeira etapa do projeto de amplia\u00e7\u00e3o e requalifica\u00e7\u00e3o idealizado pela gest\u00e3o Emanuel Pinheiro. Na ocasi\u00e3o, o vice-prefeito e secret\u00e1rio municipal de Obras P\u00fablicas (SMOP), Jos\u00e9 Roberto Stopa,\u00a0anunciou o cronograma oficial de inaugura\u00e7\u00e3o do empreendimento moderno e que vai garantir a exponencial valoriza\u00e7\u00e3o da cultura, turismo e da economia da cidade.<\/p>\n<p>Conforme o planejamento da administra\u00e7\u00e3o atual, os comerciantes ter\u00e3o at\u00e9 maio para fazer a mudan\u00e7a e adequa\u00e7\u00f5es individuais para o novo espa\u00e7o, restando apenas os detalhes finais, como por exemplo, a instala\u00e7\u00e3o de elevadores e aprimoramento da \u00e1rea externa para finaliza\u00e7\u00e3o.<\/p>\n<p>Nos pr\u00f3ximos dias, a Secretaria de Obras, em conjunto com a Secretaria de Agricultura, Trabalho e Desenvolvimento Econ\u00f4mico (SMATED), se reunir\u00e1 com os associados para debater e entender as reais necessidades para conclus\u00e3o do projeto de revitaliza\u00e7\u00e3o do ambiente atual em funcionamento. Na sequ\u00eancia, ter\u00e1 in\u00edcio o novo processo licitat\u00f3rio de melhorias. A entrega completa do novo empreendimento\/cart\u00e3o postal est\u00e1 marcada para acontecer em 2024.<\/p>\n<p>O vice-prefeito e titular da Secretaria Municipal de Ordem P\u00fablica, Jos\u00e9 Roberto Stopa, explicou que o ato representa o in\u00edcio da transforma\u00e7\u00e3o que vem sendo promovida pelo Executivo Municipal desde 2019, oportunizando uma nova roupagem ao patrim\u00f4nio gastron\u00f4mico e cultural da cuiabania.<\/p>\n<p>&#8220;N\u00e3o \u00e9 a entrega oficial, mas sim, das chaves, onde os comerciantes poder\u00e3o fazer a mudan\u00e7a, adequar as instala\u00e7\u00f5es necess\u00e1rias em tempo oportuno. Em maio vamos abrir \u00e0s portas ao p\u00fablico. Na sequ\u00eancia, vamos poder reformar o sal\u00e3o atual, atendendo as demandas de cada um, devolvendo \u00e0 popula\u00e7\u00e3o um cart\u00e3o postal com caracter\u00edsticas dignas e humanizadas, sem perder a sua ess\u00eancia&#8221;, declarou.<\/p>\n<p>O secret\u00e1rio de Agricultura, Francisco Vuolo, enfatizou a relev\u00e2ncia do equipamento p\u00fablico para o fortalecimento da agricultura familiar, turismo e economia regional.<\/p>\n<p>&#8220;Esse \u00e9 um bem p\u00fablico. \u00c9 de todos n\u00f3s. Garantindo o sustento das fam\u00edlias, foi preciso fazer o processo inverso. Primeiro a entrega das chaves, e depois a inaugura\u00e7\u00e3o j\u00e1 com o Mercado do Porto em pleno funcionamento. Vamos disponibilizar \u00e0 sociedade o melhor \u00a0atendimento, estrutura e acomoda\u00e7\u00e3o, buscando sempre\u00a0 benfeitorias. Nosso Mercado servir\u00e1, com certeza, \u00a0como uma refer\u00eancia para todo o pa\u00eds&#8221;, disse.<\/p>\n<p>O presidente da Associa\u00e7\u00e3o do Mercado do Porto, Jorge Lemes J\u00fanior, agradeceu \u00e0 gest\u00e3o Emanuel Pinheiro pelo empenho em favor do bem-estar coletivo. Ele reconheceu que mesmo com o registro do per\u00edodo pand\u00eamico e que acarretou na suspens\u00e3o das obras, as adversidades foram superadas. &#8220;Muitos desacreditaram, achando que esse sonho n\u00e3o iria se concretizar, mas o prefeito, o vice-Stopa, o pessoal da Secretaria de Agricultura fizeram acontecer, nos ajudando, dando todo o suporte. Hoje, praticamente, estamos testemunhando um sonho virando realidade&#8221;, acrescentou.<\/p>\n<p>O propriet\u00e1rio da empresa Big Embalagens, Gilberto Pereira, um dos contemplados, se diz grato pela conquista, pautada pela oferta de melhores condi\u00e7\u00f5es de trabalho.<\/p>\n<p>&#8220;S\u00f3 temos a agradecer ao prefeito Emanuel Pinheiro por tudo. Vamos ter um local bonito, moderno e aconchegante, \u00e9 apenas felicidade e gratid\u00e3o os sentimentos neste momento&#8221;, acrescentou.<\/p>\n<p>At\u00e9 o momento, a obra recebeu investimentos de mais de R$ 20 milh\u00f5es. Essa primeira fase \u00e9 composta por banheiros, dentre eles, exclusivos \u00e0 pessoas com defici\u00eancia, espa\u00e7os para instala\u00e7\u00e3o de restaurantes, boxes, lojas, vesti\u00e1rios, entre outros.<\/p>\n<p>&nbsp;<\/p>\n","protected":false},"excerpt":{"rendered":"<p>Um dia memor\u00e1vel, aguardado h\u00e1 mais de 29 anos por mais de 140 comerciantes instalados no Mercado Varejista Ant\u00f4nio Mois\u00e9s Nadaf, \u2018Mercado do Porto\u2019. \u00c9 assim pode ser definida a segunda-feira (6\/3) no ato de entrega das chaves da primeira etapa do projeto de amplia\u00e7\u00e3o e requalifica\u00e7\u00e3o idealizado pela gest\u00e3o Emanuel Pinheiro. Na ocasi\u00e3o, o [&hellip;]<\/p>\n","protected":false},"author":2,"featured_media":6499,"comment_status":"closed","ping_status":"closed","sticky":false,"template":"","format":"standard","meta":{"iawp_total_views":0,"footnotes":""},"categories":[12],"tags":[],"class_list":["post-6498","post","type-post","status-publish","format-standard","has-post-thumbnail","hentry","category-cidades"],"yoast_head":"<!-- This site is optimized with the Yoast SEO plugin v27.3 - https:\/\/yoast.com\/product\/yoast-seo-wordpress\/ -->\n<title>\u201cUma nova roupagem ao patrim\u00f4nio gastron\u00f4mico e cultural da cuiabania\u201d &#8902; Blog da Condessa<\/title>\n<meta name=\"robots\" content=\"index, follow, max-snippet:-1, max-image-preview:large, max-video-preview:-1\" \/>\n<link rel=\"canonical\" href=\"https:\/\/blogdacondessa.com.br\/blog\/cidades\/uma-nova-roupagem-ao-patrimonio-gastronomico-e-cultural-da-cuiabania\/\" \/>\n<meta property=\"og:locale\" content=\"pt_BR\" \/>\n<meta property=\"og:type\" content=\"article\" \/>\n<meta property=\"og:title\" content=\"\u201cUma nova roupagem ao patrim\u00f4nio gastron\u00f4mico e cultural da cuiabania\u201d &#8902; Blog da Condessa\" \/>\n<meta property=\"og:description\" content=\"Um dia memor\u00e1vel, aguardado h\u00e1 mais de 29 anos por mais de 140 comerciantes instalados no Mercado Varejista Ant\u00f4nio Mois\u00e9s Nadaf, \u2018Mercado do Porto\u2019. \u00c9 assim pode ser definida a segunda-feira (6\/3) no ato de entrega das chaves da primeira etapa do projeto de amplia\u00e7\u00e3o e requalifica\u00e7\u00e3o idealizado pela gest\u00e3o Emanuel Pinheiro. Na ocasi\u00e3o, o [&hellip;]\" \/>\n<meta property=\"og:url\" content=\"https:\/\/blogdacondessa.com.br\/blog\/cidades\/uma-nova-roupagem-ao-patrimonio-gastronomico-e-cultural-da-cuiabania\/\" \/>\n<meta property=\"og:site_name\" content=\"Blog da Condessa\" \/>\n<meta property=\"article:published_time\" content=\"2023-03-07T09:00:12+00:00\" \/>\n<meta property=\"og:image\" content=\"https:\/\/blogdacondessa.com.br\/blog\/wp-content\/uploads\/2023\/03\/MERCADO-DO-PORTO.jpg\" \/>\n\t<meta property=\"og:image:width\" content=\"590\" \/>\n\t<meta property=\"og:image:height\" content=\"393\" \/>\n\t<meta property=\"og:image:type\" content=\"image\/jpeg\" \/>\n<meta name=\"author\" content=\"Blog da Condessa\" \/>\n<meta name=\"twitter:card\" content=\"summary_large_image\" \/>\n<meta name=\"twitter:label1\" content=\"Escrito por\" \/>\n\t<meta name=\"twitter:data1\" content=\"Blog da Condessa\" \/>\n\t<meta name=\"twitter:label2\" content=\"Est. tempo de leitura\" \/>\n\t<meta name=\"twitter:data2\" content=\"4 minutos\" \/>\n<script type=\"application\/ld+json\" class=\"yoast-schema-graph\">{\"@context\":\"https:\\\/\\\/schema.org\",\"@graph\":[{\"@type\":\"Article\",\"@id\":\"https:\\\/\\\/blogdacondessa.com.br\\\/blog\\\/cidades\\\/uma-nova-roupagem-ao-patrimonio-gastronomico-e-cultural-da-cuiabania\\\/#article\",\"isPartOf\":{\"@id\":\"https:\\\/\\\/blogdacondessa.com.br\\\/blog\\\/cidades\\\/uma-nova-roupagem-ao-patrimonio-gastronomico-e-cultural-da-cuiabania\\\/\"},\"author\":{\"name\":\"Blog da Condessa\",\"@id\":\"https:\\\/\\\/blogdacondessa.com.br\\\/blog\\\/#\\\/schema\\\/person\\\/1d667ff8b785195b568677489d266035\"},\"headline\":\"\u201cUma nova roupagem ao patrim\u00f4nio gastron\u00f4mico e cultural da cuiabania\u201d\",\"datePublished\":\"2023-03-07T09:00:12+00:00\",\"mainEntityOfPage\":{\"@id\":\"https:\\\/\\\/blogdacondessa.com.br\\\/blog\\\/cidades\\\/uma-nova-roupagem-ao-patrimonio-gastronomico-e-cultural-da-cuiabania\\\/\"},\"wordCount\":623,\"image\":{\"@id\":\"https:\\\/\\\/blogdacondessa.com.br\\\/blog\\\/cidades\\\/uma-nova-roupagem-ao-patrimonio-gastronomico-e-cultural-da-cuiabania\\\/#primaryimage\"},\"thumbnailUrl\":\"https:\\\/\\\/blogdacondessa.com.br\\\/blog\\\/wp-content\\\/uploads\\\/2023\\\/03\\\/MERCADO-DO-PORTO.jpg\",\"articleSection\":[\"Cidades\"],\"inLanguage\":\"pt-BR\"},{\"@type\":\"WebPage\",\"@id\":\"https:\\\/\\\/blogdacondessa.com.br\\\/blog\\\/cidades\\\/uma-nova-roupagem-ao-patrimonio-gastronomico-e-cultural-da-cuiabania\\\/\",\"url\":\"https:\\\/\\\/blogdacondessa.com.br\\\/blog\\\/cidades\\\/uma-nova-roupagem-ao-patrimonio-gastronomico-e-cultural-da-cuiabania\\\/\",\"name\":\"\u201cUma nova roupagem ao patrim\u00f4nio gastron\u00f4mico e cultural da cuiabania\u201d &#8902; Blog da Condessa\",\"isPartOf\":{\"@id\":\"https:\\\/\\\/blogdacondessa.com.br\\\/blog\\\/#website\"},\"primaryImageOfPage\":{\"@id\":\"https:\\\/\\\/blogdacondessa.com.br\\\/blog\\\/cidades\\\/uma-nova-roupagem-ao-patrimonio-gastronomico-e-cultural-da-cuiabania\\\/#primaryimage\"},\"image\":{\"@id\":\"https:\\\/\\\/blogdacondessa.com.br\\\/blog\\\/cidades\\\/uma-nova-roupagem-ao-patrimonio-gastronomico-e-cultural-da-cuiabania\\\/#primaryimage\"},\"thumbnailUrl\":\"https:\\\/\\\/blogdacondessa.com.br\\\/blog\\\/wp-content\\\/uploads\\\/2023\\\/03\\\/MERCADO-DO-PORTO.jpg\",\"datePublished\":\"2023-03-07T09:00:12+00:00\",\"author\":{\"@id\":\"https:\\\/\\\/blogdacondessa.com.br\\\/blog\\\/#\\\/schema\\\/person\\\/1d667ff8b785195b568677489d266035\"},\"breadcrumb\":{\"@id\":\"https:\\\/\\\/blogdacondessa.com.br\\\/blog\\\/cidades\\\/uma-nova-roupagem-ao-patrimonio-gastronomico-e-cultural-da-cuiabania\\\/#breadcrumb\"},\"inLanguage\":\"pt-BR\",\"potentialAction\":[{\"@type\":\"ReadAction\",\"target\":[\"https:\\\/\\\/blogdacondessa.com.br\\\/blog\\\/cidades\\\/uma-nova-roupagem-ao-patrimonio-gastronomico-e-cultural-da-cuiabania\\\/\"]}]},{\"@type\":\"ImageObject\",\"inLanguage\":\"pt-BR\",\"@id\":\"https:\\\/\\\/blogdacondessa.com.br\\\/blog\\\/cidades\\\/uma-nova-roupagem-ao-patrimonio-gastronomico-e-cultural-da-cuiabania\\\/#primaryimage\",\"url\":\"https:\\\/\\\/blogdacondessa.com.br\\\/blog\\\/wp-content\\\/uploads\\\/2023\\\/03\\\/MERCADO-DO-PORTO.jpg\",\"contentUrl\":\"https:\\\/\\\/blogdacondessa.com.br\\\/blog\\\/wp-content\\\/uploads\\\/2023\\\/03\\\/MERCADO-DO-PORTO.jpg\",\"width\":590,\"height\":393,\"caption\":\"Foto: Luiz Alves\"},{\"@type\":\"BreadcrumbList\",\"@id\":\"https:\\\/\\\/blogdacondessa.com.br\\\/blog\\\/cidades\\\/uma-nova-roupagem-ao-patrimonio-gastronomico-e-cultural-da-cuiabania\\\/#breadcrumb\",\"itemListElement\":[{\"@type\":\"ListItem\",\"position\":1,\"name\":\"In\u00edcio\",\"item\":\"https:\\\/\\\/blogdacondessa.com.br\\\/blog\\\/\"},{\"@type\":\"ListItem\",\"position\":2,\"name\":\"\u201cUma nova roupagem ao patrim\u00f4nio gastron\u00f4mico e cultural da cuiabania\u201d\"}]},{\"@type\":\"WebSite\",\"@id\":\"https:\\\/\\\/blogdacondessa.com.br\\\/blog\\\/#website\",\"url\":\"https:\\\/\\\/blogdacondessa.com.br\\\/blog\\\/\",\"name\":\"Blog da Condessa\",\"description\":\"Com Shirley de Souza O\u2019Campos\",\"potentialAction\":[{\"@type\":\"SearchAction\",\"target\":{\"@type\":\"EntryPoint\",\"urlTemplate\":\"https:\\\/\\\/blogdacondessa.com.br\\\/blog\\\/?s={search_term_string}\"},\"query-input\":{\"@type\":\"PropertyValueSpecification\",\"valueRequired\":true,\"valueName\":\"search_term_string\"}}],\"inLanguage\":\"pt-BR\"},{\"@type\":\"Person\",\"@id\":\"https:\\\/\\\/blogdacondessa.com.br\\\/blog\\\/#\\\/schema\\\/person\\\/1d667ff8b785195b568677489d266035\",\"name\":\"Blog da Condessa\",\"image\":{\"@type\":\"ImageObject\",\"inLanguage\":\"pt-BR\",\"@id\":\"https:\\\/\\\/secure.gravatar.com\\\/avatar\\\/377c0eb8b4ad2bfc25461b41564b5971e721ca34a57642868fc7b0c8ac7b52c5?s=96&d=mm&r=g\",\"url\":\"https:\\\/\\\/secure.gravatar.com\\\/avatar\\\/377c0eb8b4ad2bfc25461b41564b5971e721ca34a57642868fc7b0c8ac7b52c5?s=96&d=mm&r=g\",\"contentUrl\":\"https:\\\/\\\/secure.gravatar.com\\\/avatar\\\/377c0eb8b4ad2bfc25461b41564b5971e721ca34a57642868fc7b0c8ac7b52c5?s=96&d=mm&r=g\",\"caption\":\"Blog da Condessa\"},\"url\":\"https:\\\/\\\/blogdacondessa.com.br\\\/blog\\\/author\\\/beatriz\\\/\"}]}<\/script>\n<!-- \/ Yoast SEO plugin. -->","yoast_head_json":{"title":"\u201cUma nova roupagem ao patrim\u00f4nio gastron\u00f4mico e cultural da cuiabania\u201d &#8902; Blog da Condessa","robots":{"index":"index","follow":"follow","max-snippet":"max-snippet:-1","max-image-preview":"max-image-preview:large","max-video-preview":"max-video-preview:-1"},"canonical":"https:\/\/blogdacondessa.com.br\/blog\/cidades\/uma-nova-roupagem-ao-patrimonio-gastronomico-e-cultural-da-cuiabania\/","og_locale":"pt_BR","og_type":"article","og_title":"\u201cUma nova roupagem ao patrim\u00f4nio gastron\u00f4mico e cultural da cuiabania\u201d &#8902; Blog da Condessa","og_description":"Um dia memor\u00e1vel, aguardado h\u00e1 mais de 29 anos por mais de 140 comerciantes instalados no Mercado Varejista Ant\u00f4nio Mois\u00e9s Nadaf, \u2018Mercado do Porto\u2019. \u00c9 assim pode ser definida a segunda-feira (6\/3) no ato de entrega das chaves da primeira etapa do projeto de amplia\u00e7\u00e3o e requalifica\u00e7\u00e3o idealizado pela gest\u00e3o Emanuel Pinheiro. Na ocasi\u00e3o, o [&hellip;]","og_url":"https:\/\/blogdacondessa.com.br\/blog\/cidades\/uma-nova-roupagem-ao-patrimonio-gastronomico-e-cultural-da-cuiabania\/","og_site_name":"Blog da Condessa","article_published_time":"2023-03-07T09:00:12+00:00","og_image":[{"width":590,"height":393,"url":"https:\/\/blogdacondessa.com.br\/blog\/wp-content\/uploads\/2023\/03\/MERCADO-DO-PORTO.jpg","type":"image\/jpeg"}],"author":"Blog da Condessa","twitter_card":"summary_large_image","twitter_misc":{"Escrito por":"Blog da Condessa","Est. tempo de leitura":"4 minutos"},"schema":{"@context":"https:\/\/schema.org","@graph":[{"@type":"Article","@id":"https:\/\/blogdacondessa.com.br\/blog\/cidades\/uma-nova-roupagem-ao-patrimonio-gastronomico-e-cultural-da-cuiabania\/#article","isPartOf":{"@id":"https:\/\/blogdacondessa.com.br\/blog\/cidades\/uma-nova-roupagem-ao-patrimonio-gastronomico-e-cultural-da-cuiabania\/"},"author":{"name":"Blog da Condessa","@id":"https:\/\/blogdacondessa.com.br\/blog\/#\/schema\/person\/1d667ff8b785195b568677489d266035"},"headline":"\u201cUma nova roupagem ao patrim\u00f4nio gastron\u00f4mico e cultural da cuiabania\u201d","datePublished":"2023-03-07T09:00:12+00:00","mainEntityOfPage":{"@id":"https:\/\/blogdacondessa.com.br\/blog\/cidades\/uma-nova-roupagem-ao-patrimonio-gastronomico-e-cultural-da-cuiabania\/"},"wordCount":623,"image":{"@id":"https:\/\/blogdacondessa.com.br\/blog\/cidades\/uma-nova-roupagem-ao-patrimonio-gastronomico-e-cultural-da-cuiabania\/#primaryimage"},"thumbnailUrl":"https:\/\/blogdacondessa.com.br\/blog\/wp-content\/uploads\/2023\/03\/MERCADO-DO-PORTO.jpg","articleSection":["Cidades"],"inLanguage":"pt-BR"},{"@type":"WebPage","@id":"https:\/\/blogdacondessa.com.br\/blog\/cidades\/uma-nova-roupagem-ao-patrimonio-gastronomico-e-cultural-da-cuiabania\/","url":"https:\/\/blogdacondessa.com.br\/blog\/cidades\/uma-nova-roupagem-ao-patrimonio-gastronomico-e-cultural-da-cuiabania\/","name":"\u201cUma nova roupagem ao patrim\u00f4nio gastron\u00f4mico e cultural da cuiabania\u201d &#8902; Blog da Condessa","isPartOf":{"@id":"https:\/\/blogdacondessa.com.br\/blog\/#website"},"primaryImageOfPage":{"@id":"https:\/\/blogdacondessa.com.br\/blog\/cidades\/uma-nova-roupagem-ao-patrimonio-gastronomico-e-cultural-da-cuiabania\/#primaryimage"},"image":{"@id":"https:\/\/blogdacondessa.com.br\/blog\/cidades\/uma-nova-roupagem-ao-patrimonio-gastronomico-e-cultural-da-cuiabania\/#primaryimage"},"thumbnailUrl":"https:\/\/blogdacondessa.com.br\/blog\/wp-content\/uploads\/2023\/03\/MERCADO-DO-PORTO.jpg","datePublished":"2023-03-07T09:00:12+00:00","author":{"@id":"https:\/\/blogdacondessa.com.br\/blog\/#\/schema\/person\/1d667ff8b785195b568677489d266035"},"breadcrumb":{"@id":"https:\/\/blogdacondessa.com.br\/blog\/cidades\/uma-nova-roupagem-ao-patrimonio-gastronomico-e-cultural-da-cuiabania\/#breadcrumb"},"inLanguage":"pt-BR","potentialAction":[{"@type":"ReadAction","target":["https:\/\/blogdacondessa.com.br\/blog\/cidades\/uma-nova-roupagem-ao-patrimonio-gastronomico-e-cultural-da-cuiabania\/"]}]},{"@type":"ImageObject","inLanguage":"pt-BR","@id":"https:\/\/blogdacondessa.com.br\/blog\/cidades\/uma-nova-roupagem-ao-patrimonio-gastronomico-e-cultural-da-cuiabania\/#primaryimage","url":"https:\/\/blogdacondessa.com.br\/blog\/wp-content\/uploads\/2023\/03\/MERCADO-DO-PORTO.jpg","contentUrl":"https:\/\/blogdacondessa.com.br\/blog\/wp-content\/uploads\/2023\/03\/MERCADO-DO-PORTO.jpg","width":590,"height":393,"caption":"Foto: Luiz Alves"},{"@type":"BreadcrumbList","@id":"https:\/\/blogdacondessa.com.br\/blog\/cidades\/uma-nova-roupagem-ao-patrimonio-gastronomico-e-cultural-da-cuiabania\/#breadcrumb","itemListElement":[{"@type":"ListItem","position":1,"name":"In\u00edcio","item":"https:\/\/blogdacondessa.com.br\/blog\/"},{"@type":"ListItem","position":2,"name":"\u201cUma nova roupagem ao patrim\u00f4nio gastron\u00f4mico e cultural da cuiabania\u201d"}]},{"@type":"WebSite","@id":"https:\/\/blogdacondessa.com.br\/blog\/#website","url":"https:\/\/blogdacondessa.com.br\/blog\/","name":"Blog da Condessa","description":"Com Shirley de Souza O\u2019Campos","potentialAction":[{"@type":"SearchAction","target":{"@type":"EntryPoint","urlTemplate":"https:\/\/blogdacondessa.com.br\/blog\/?s={search_term_string}"},"query-input":{"@type":"PropertyValueSpecification","valueRequired":true,"valueName":"search_term_string"}}],"inLanguage":"pt-BR"},{"@type":"Person","@id":"https:\/\/blogdacondessa.com.br\/blog\/#\/schema\/person\/1d667ff8b785195b568677489d266035","name":"Blog da Condessa","image":{"@type":"ImageObject","inLanguage":"pt-BR","@id":"https:\/\/secure.gravatar.com\/avatar\/377c0eb8b4ad2bfc25461b41564b5971e721ca34a57642868fc7b0c8ac7b52c5?s=96&d=mm&r=g","url":"https:\/\/secure.gravatar.com\/avatar\/377c0eb8b4ad2bfc25461b41564b5971e721ca34a57642868fc7b0c8ac7b52c5?s=96&d=mm&r=g","contentUrl":"https:\/\/secure.gravatar.com\/avatar\/377c0eb8b4ad2bfc25461b41564b5971e721ca34a57642868fc7b0c8ac7b52c5?s=96&d=mm&r=g","caption":"Blog da Condessa"},"url":"https:\/\/blogdacondessa.com.br\/blog\/author\/beatriz\/"}]}},"_links":{"self":[{"href":"https:\/\/blogdacondessa.com.br\/blog\/wp-json\/wp\/v2\/posts\/6498","targetHints":{"allow":["GET"]}}],"collection":[{"href":"https:\/\/blogdacondessa.com.br\/blog\/wp-json\/wp\/v2\/posts"}],"about":[{"href":"https:\/\/blogdacondessa.com.br\/blog\/wp-json\/wp\/v2\/types\/post"}],"author":[{"embeddable":true,"href":"https:\/\/blogdacondessa.com.br\/blog\/wp-json\/wp\/v2\/users\/2"}],"replies":[{"embeddable":true,"href":"https:\/\/blogdacondessa.com.br\/blog\/wp-json\/wp\/v2\/comments?post=6498"}],"version-history":[{"count":0,"href":"https:\/\/blogdacondessa.com.br\/blog\/wp-json\/wp\/v2\/posts\/6498\/revisions"}],"wp:featuredmedia":[{"embeddable":true,"href":"https:\/\/blogdacondessa.com.br\/blog\/wp-json\/wp\/v2\/media\/6499"}],"wp:attachment":[{"href":"https:\/\/blogdacondessa.com.br\/blog\/wp-json\/wp\/v2\/media?parent=6498"}],"wp:term":[{"taxonomy":"category","embeddable":true,"href":"https:\/\/blogdacondessa.com.br\/blog\/wp-json\/wp\/v2\/categories?post=6498"},{"taxonomy":"post_tag","embeddable":true,"href":"https:\/\/blogdacondessa.com.br\/blog\/wp-json\/wp\/v2\/tags?post=6498"}],"curies":[{"name":"wp","href":"https:\/\/api.w.org\/{rel}","templated":true}]}}