{"id":6485,"date":"2023-03-04T05:00:44","date_gmt":"2023-03-04T09:00:44","guid":{"rendered":"http:\/\/blogdacondessa.com.br\/?p=6485"},"modified":"2023-03-04T18:30:34","modified_gmt":"2023-03-04T22:30:34","slug":"cuiabania-em-tela","status":"publish","type":"post","link":"https:\/\/blogdacondessa.com.br\/blog\/cultura\/cuiabania-em-tela\/","title":{"rendered":"\u2018Cuiabania em Tela\u2019"},"content":{"rendered":"<p>Obras do artista pl\u00e1stico Walmir Leite, que representam a \u2018Cuiab\u00e1 Antiga\u2019 e preservam a t\u00e9cnica da pintura com esp\u00e1tula, raramente utilizada em quadros contempor\u00e2neos, ser\u00e3o expostas na Galeria do Sesc Arsenal entre 6 e 30 de abril, em alus\u00e3o ao anivers\u00e1rio de Cuiab\u00e1. A entrada \u00e9 gratuita.<\/p>\n<p>A\u00a0exposi\u00e7\u00e3o \u2018Cuiabania em Tela\u2019 \u00e9 fruto da aquisi\u00e7\u00e3o\u00a0do Sesc Mato Grosso e passam a integrar o acervo da institui\u00e7\u00e3o. O evento comp\u00f5e a agenda do\u00a0\u2018Sistema Fecom\u00e9rcio-MT Celebra Cuiab\u00e1\u2019, que ser\u00e1 realizado no per\u00edodo de 5 e 30 de abril, com diversas atra\u00e7\u00f5es culturais, para marcar os 304 anos da capital mato-grossense.<\/p>\n<p>\u201cOs quadros do Walmir Leite despertam a curiosidade das pessoas, pois s\u00e3o o reflexo de uma Cuiab\u00e1 que somente existe nas lembran\u00e7as dos antigos moradores, ao apresentar, por exemplo, o centro da cidade tomado por jardins e com poucas edifica\u00e7\u00f5es\u201d, explica Wenceslau J\u00fanior, presidente\u00a0do Sistema Fecom\u00e9rcio-MT.<\/p>\n<p>As produ\u00e7\u00f5es de Walmir Leite s\u00e3o resultado de pesquisas bibliogr\u00e1ficas e orais, em longas conversas com personagens que viveram os acontecimentos narrados em tela.<\/p>\n<p>O artista convida, por meio de suas obras, uma reflex\u00e3o sobre o passado e a mem\u00f3ria da cidade, especialmente pelo registro do ritmo mais lento, marcado, por exemplo, pelo menino que empina pipa onde hoje correm carros.<\/p>\n<p><strong>Servi\u00e7o<br \/>\n<\/strong>Exposi\u00e7\u00e3o de artes pl\u00e1sticas&#8217;Cuiabania em Tela&#8217;, por Walmir Leite<br \/>\nPer\u00edodo: De 6 a 30 de abril<br \/>\nLocal: Galeria do Sesc Arsenal<br \/>\nEntrada gratuita<\/p>\n","protected":false},"excerpt":{"rendered":"<p>Obras do artista pl\u00e1stico Walmir Leite, que representam a \u2018Cuiab\u00e1 Antiga\u2019 e preservam a t\u00e9cnica da pintura com esp\u00e1tula, raramente utilizada em quadros contempor\u00e2neos, ser\u00e3o expostas na Galeria do Sesc Arsenal entre 6 e 30 de abril, em alus\u00e3o ao anivers\u00e1rio de Cuiab\u00e1. A entrada \u00e9 gratuita. A\u00a0exposi\u00e7\u00e3o \u2018Cuiabania em Tela\u2019 \u00e9 fruto da aquisi\u00e7\u00e3o\u00a0do [&hellip;]<\/p>\n","protected":false},"author":2,"featured_media":6486,"comment_status":"closed","ping_status":"closed","sticky":false,"template":"","format":"standard","meta":{"iawp_total_views":5,"footnotes":""},"categories":[18],"tags":[],"class_list":["post-6485","post","type-post","status-publish","format-standard","has-post-thumbnail","hentry","category-cultura"],"yoast_head":"<!-- This site is optimized with the Yoast SEO plugin v27.3 - https:\/\/yoast.com\/product\/yoast-seo-wordpress\/ -->\n<title>\u2018Cuiabania em Tela\u2019 &#8902; Blog da Condessa<\/title>\n<meta name=\"robots\" content=\"index, follow, max-snippet:-1, max-image-preview:large, max-video-preview:-1\" \/>\n<link rel=\"canonical\" href=\"https:\/\/blogdacondessa.com.br\/blog\/cultura\/cuiabania-em-tela\/\" \/>\n<meta property=\"og:locale\" content=\"pt_BR\" \/>\n<meta property=\"og:type\" content=\"article\" \/>\n<meta property=\"og:title\" content=\"\u2018Cuiabania em Tela\u2019 &#8902; Blog da Condessa\" \/>\n<meta property=\"og:description\" content=\"Obras do artista pl\u00e1stico Walmir Leite, que representam a \u2018Cuiab\u00e1 Antiga\u2019 e preservam a t\u00e9cnica da pintura com esp\u00e1tula, raramente utilizada em quadros contempor\u00e2neos, ser\u00e3o expostas na Galeria do Sesc Arsenal entre 6 e 30 de abril, em alus\u00e3o ao anivers\u00e1rio de Cuiab\u00e1. A entrada \u00e9 gratuita. A\u00a0exposi\u00e7\u00e3o \u2018Cuiabania em Tela\u2019 \u00e9 fruto da aquisi\u00e7\u00e3o\u00a0do [&hellip;]\" \/>\n<meta property=\"og:url\" content=\"https:\/\/blogdacondessa.com.br\/blog\/cultura\/cuiabania-em-tela\/\" \/>\n<meta property=\"og:site_name\" content=\"Blog da Condessa\" \/>\n<meta property=\"article:published_time\" content=\"2023-03-04T09:00:44+00:00\" \/>\n<meta property=\"article:modified_time\" content=\"2023-03-04T22:30:34+00:00\" \/>\n<meta property=\"og:image\" content=\"https:\/\/blogdacondessa.com.br\/blog\/wp-content\/uploads\/2023\/03\/cuiabania-em-tela.jpg\" \/>\n\t<meta property=\"og:image:width\" content=\"920\" \/>\n\t<meta property=\"og:image:height\" content=\"613\" \/>\n\t<meta property=\"og:image:type\" content=\"image\/jpeg\" \/>\n<meta name=\"author\" content=\"Blog da Condessa\" \/>\n<meta name=\"twitter:card\" content=\"summary_large_image\" \/>\n<meta name=\"twitter:label1\" content=\"Escrito por\" \/>\n\t<meta name=\"twitter:data1\" content=\"Blog da Condessa\" \/>\n\t<meta name=\"twitter:label2\" content=\"Est. tempo de leitura\" \/>\n\t<meta name=\"twitter:data2\" content=\"2 minutos\" \/>\n<script type=\"application\/ld+json\" class=\"yoast-schema-graph\">{\"@context\":\"https:\\\/\\\/schema.org\",\"@graph\":[{\"@type\":\"Article\",\"@id\":\"https:\\\/\\\/blogdacondessa.com.br\\\/blog\\\/cultura\\\/cuiabania-em-tela\\\/#article\",\"isPartOf\":{\"@id\":\"https:\\\/\\\/blogdacondessa.com.br\\\/blog\\\/cultura\\\/cuiabania-em-tela\\\/\"},\"author\":{\"name\":\"Blog da Condessa\",\"@id\":\"https:\\\/\\\/blogdacondessa.com.br\\\/blog\\\/#\\\/schema\\\/person\\\/1d667ff8b785195b568677489d266035\"},\"headline\":\"\u2018Cuiabania em Tela\u2019\",\"datePublished\":\"2023-03-04T09:00:44+00:00\",\"dateModified\":\"2023-03-04T22:30:34+00:00\",\"mainEntityOfPage\":{\"@id\":\"https:\\\/\\\/blogdacondessa.com.br\\\/blog\\\/cultura\\\/cuiabania-em-tela\\\/\"},\"wordCount\":256,\"image\":{\"@id\":\"https:\\\/\\\/blogdacondessa.com.br\\\/blog\\\/cultura\\\/cuiabania-em-tela\\\/#primaryimage\"},\"thumbnailUrl\":\"https:\\\/\\\/blogdacondessa.com.br\\\/blog\\\/wp-content\\\/uploads\\\/2023\\\/03\\\/cuiabania-em-tela.jpg\",\"articleSection\":[\"Cultura\"],\"inLanguage\":\"pt-BR\"},{\"@type\":\"WebPage\",\"@id\":\"https:\\\/\\\/blogdacondessa.com.br\\\/blog\\\/cultura\\\/cuiabania-em-tela\\\/\",\"url\":\"https:\\\/\\\/blogdacondessa.com.br\\\/blog\\\/cultura\\\/cuiabania-em-tela\\\/\",\"name\":\"\u2018Cuiabania em Tela\u2019 &#8902; Blog da Condessa\",\"isPartOf\":{\"@id\":\"https:\\\/\\\/blogdacondessa.com.br\\\/blog\\\/#website\"},\"primaryImageOfPage\":{\"@id\":\"https:\\\/\\\/blogdacondessa.com.br\\\/blog\\\/cultura\\\/cuiabania-em-tela\\\/#primaryimage\"},\"image\":{\"@id\":\"https:\\\/\\\/blogdacondessa.com.br\\\/blog\\\/cultura\\\/cuiabania-em-tela\\\/#primaryimage\"},\"thumbnailUrl\":\"https:\\\/\\\/blogdacondessa.com.br\\\/blog\\\/wp-content\\\/uploads\\\/2023\\\/03\\\/cuiabania-em-tela.jpg\",\"datePublished\":\"2023-03-04T09:00:44+00:00\",\"dateModified\":\"2023-03-04T22:30:34+00:00\",\"author\":{\"@id\":\"https:\\\/\\\/blogdacondessa.com.br\\\/blog\\\/#\\\/schema\\\/person\\\/1d667ff8b785195b568677489d266035\"},\"breadcrumb\":{\"@id\":\"https:\\\/\\\/blogdacondessa.com.br\\\/blog\\\/cultura\\\/cuiabania-em-tela\\\/#breadcrumb\"},\"inLanguage\":\"pt-BR\",\"potentialAction\":[{\"@type\":\"ReadAction\",\"target\":[\"https:\\\/\\\/blogdacondessa.com.br\\\/blog\\\/cultura\\\/cuiabania-em-tela\\\/\"]}]},{\"@type\":\"ImageObject\",\"inLanguage\":\"pt-BR\",\"@id\":\"https:\\\/\\\/blogdacondessa.com.br\\\/blog\\\/cultura\\\/cuiabania-em-tela\\\/#primaryimage\",\"url\":\"https:\\\/\\\/blogdacondessa.com.br\\\/blog\\\/wp-content\\\/uploads\\\/2023\\\/03\\\/cuiabania-em-tela.jpg\",\"contentUrl\":\"https:\\\/\\\/blogdacondessa.com.br\\\/blog\\\/wp-content\\\/uploads\\\/2023\\\/03\\\/cuiabania-em-tela.jpg\",\"width\":920,\"height\":613,\"caption\":\"Foto: Reprodu\u00e7\u00e3o\"},{\"@type\":\"BreadcrumbList\",\"@id\":\"https:\\\/\\\/blogdacondessa.com.br\\\/blog\\\/cultura\\\/cuiabania-em-tela\\\/#breadcrumb\",\"itemListElement\":[{\"@type\":\"ListItem\",\"position\":1,\"name\":\"In\u00edcio\",\"item\":\"https:\\\/\\\/blogdacondessa.com.br\\\/blog\\\/\"},{\"@type\":\"ListItem\",\"position\":2,\"name\":\"\u2018Cuiabania em Tela\u2019\"}]},{\"@type\":\"WebSite\",\"@id\":\"https:\\\/\\\/blogdacondessa.com.br\\\/blog\\\/#website\",\"url\":\"https:\\\/\\\/blogdacondessa.com.br\\\/blog\\\/\",\"name\":\"Blog da Condessa\",\"description\":\"Com Shirley de Souza O\u2019Campos\",\"potentialAction\":[{\"@type\":\"SearchAction\",\"target\":{\"@type\":\"EntryPoint\",\"urlTemplate\":\"https:\\\/\\\/blogdacondessa.com.br\\\/blog\\\/?s={search_term_string}\"},\"query-input\":{\"@type\":\"PropertyValueSpecification\",\"valueRequired\":true,\"valueName\":\"search_term_string\"}}],\"inLanguage\":\"pt-BR\"},{\"@type\":\"Person\",\"@id\":\"https:\\\/\\\/blogdacondessa.com.br\\\/blog\\\/#\\\/schema\\\/person\\\/1d667ff8b785195b568677489d266035\",\"name\":\"Blog da Condessa\",\"image\":{\"@type\":\"ImageObject\",\"inLanguage\":\"pt-BR\",\"@id\":\"https:\\\/\\\/secure.gravatar.com\\\/avatar\\\/377c0eb8b4ad2bfc25461b41564b5971e721ca34a57642868fc7b0c8ac7b52c5?s=96&d=mm&r=g\",\"url\":\"https:\\\/\\\/secure.gravatar.com\\\/avatar\\\/377c0eb8b4ad2bfc25461b41564b5971e721ca34a57642868fc7b0c8ac7b52c5?s=96&d=mm&r=g\",\"contentUrl\":\"https:\\\/\\\/secure.gravatar.com\\\/avatar\\\/377c0eb8b4ad2bfc25461b41564b5971e721ca34a57642868fc7b0c8ac7b52c5?s=96&d=mm&r=g\",\"caption\":\"Blog da Condessa\"},\"url\":\"https:\\\/\\\/blogdacondessa.com.br\\\/blog\\\/author\\\/beatriz\\\/\"}]}<\/script>\n<!-- \/ Yoast SEO plugin. -->","yoast_head_json":{"title":"\u2018Cuiabania em Tela\u2019 &#8902; Blog da Condessa","robots":{"index":"index","follow":"follow","max-snippet":"max-snippet:-1","max-image-preview":"max-image-preview:large","max-video-preview":"max-video-preview:-1"},"canonical":"https:\/\/blogdacondessa.com.br\/blog\/cultura\/cuiabania-em-tela\/","og_locale":"pt_BR","og_type":"article","og_title":"\u2018Cuiabania em Tela\u2019 &#8902; Blog da Condessa","og_description":"Obras do artista pl\u00e1stico Walmir Leite, que representam a \u2018Cuiab\u00e1 Antiga\u2019 e preservam a t\u00e9cnica da pintura com esp\u00e1tula, raramente utilizada em quadros contempor\u00e2neos, ser\u00e3o expostas na Galeria do Sesc Arsenal entre 6 e 30 de abril, em alus\u00e3o ao anivers\u00e1rio de Cuiab\u00e1. A entrada \u00e9 gratuita. A\u00a0exposi\u00e7\u00e3o \u2018Cuiabania em Tela\u2019 \u00e9 fruto da aquisi\u00e7\u00e3o\u00a0do [&hellip;]","og_url":"https:\/\/blogdacondessa.com.br\/blog\/cultura\/cuiabania-em-tela\/","og_site_name":"Blog da Condessa","article_published_time":"2023-03-04T09:00:44+00:00","article_modified_time":"2023-03-04T22:30:34+00:00","og_image":[{"width":920,"height":613,"url":"https:\/\/blogdacondessa.com.br\/blog\/wp-content\/uploads\/2023\/03\/cuiabania-em-tela.jpg","type":"image\/jpeg"}],"author":"Blog da Condessa","twitter_card":"summary_large_image","twitter_misc":{"Escrito por":"Blog da Condessa","Est. tempo de leitura":"2 minutos"},"schema":{"@context":"https:\/\/schema.org","@graph":[{"@type":"Article","@id":"https:\/\/blogdacondessa.com.br\/blog\/cultura\/cuiabania-em-tela\/#article","isPartOf":{"@id":"https:\/\/blogdacondessa.com.br\/blog\/cultura\/cuiabania-em-tela\/"},"author":{"name":"Blog da Condessa","@id":"https:\/\/blogdacondessa.com.br\/blog\/#\/schema\/person\/1d667ff8b785195b568677489d266035"},"headline":"\u2018Cuiabania em Tela\u2019","datePublished":"2023-03-04T09:00:44+00:00","dateModified":"2023-03-04T22:30:34+00:00","mainEntityOfPage":{"@id":"https:\/\/blogdacondessa.com.br\/blog\/cultura\/cuiabania-em-tela\/"},"wordCount":256,"image":{"@id":"https:\/\/blogdacondessa.com.br\/blog\/cultura\/cuiabania-em-tela\/#primaryimage"},"thumbnailUrl":"https:\/\/blogdacondessa.com.br\/blog\/wp-content\/uploads\/2023\/03\/cuiabania-em-tela.jpg","articleSection":["Cultura"],"inLanguage":"pt-BR"},{"@type":"WebPage","@id":"https:\/\/blogdacondessa.com.br\/blog\/cultura\/cuiabania-em-tela\/","url":"https:\/\/blogdacondessa.com.br\/blog\/cultura\/cuiabania-em-tela\/","name":"\u2018Cuiabania em Tela\u2019 &#8902; Blog da Condessa","isPartOf":{"@id":"https:\/\/blogdacondessa.com.br\/blog\/#website"},"primaryImageOfPage":{"@id":"https:\/\/blogdacondessa.com.br\/blog\/cultura\/cuiabania-em-tela\/#primaryimage"},"image":{"@id":"https:\/\/blogdacondessa.com.br\/blog\/cultura\/cuiabania-em-tela\/#primaryimage"},"thumbnailUrl":"https:\/\/blogdacondessa.com.br\/blog\/wp-content\/uploads\/2023\/03\/cuiabania-em-tela.jpg","datePublished":"2023-03-04T09:00:44+00:00","dateModified":"2023-03-04T22:30:34+00:00","author":{"@id":"https:\/\/blogdacondessa.com.br\/blog\/#\/schema\/person\/1d667ff8b785195b568677489d266035"},"breadcrumb":{"@id":"https:\/\/blogdacondessa.com.br\/blog\/cultura\/cuiabania-em-tela\/#breadcrumb"},"inLanguage":"pt-BR","potentialAction":[{"@type":"ReadAction","target":["https:\/\/blogdacondessa.com.br\/blog\/cultura\/cuiabania-em-tela\/"]}]},{"@type":"ImageObject","inLanguage":"pt-BR","@id":"https:\/\/blogdacondessa.com.br\/blog\/cultura\/cuiabania-em-tela\/#primaryimage","url":"https:\/\/blogdacondessa.com.br\/blog\/wp-content\/uploads\/2023\/03\/cuiabania-em-tela.jpg","contentUrl":"https:\/\/blogdacondessa.com.br\/blog\/wp-content\/uploads\/2023\/03\/cuiabania-em-tela.jpg","width":920,"height":613,"caption":"Foto: Reprodu\u00e7\u00e3o"},{"@type":"BreadcrumbList","@id":"https:\/\/blogdacondessa.com.br\/blog\/cultura\/cuiabania-em-tela\/#breadcrumb","itemListElement":[{"@type":"ListItem","position":1,"name":"In\u00edcio","item":"https:\/\/blogdacondessa.com.br\/blog\/"},{"@type":"ListItem","position":2,"name":"\u2018Cuiabania em Tela\u2019"}]},{"@type":"WebSite","@id":"https:\/\/blogdacondessa.com.br\/blog\/#website","url":"https:\/\/blogdacondessa.com.br\/blog\/","name":"Blog da Condessa","description":"Com Shirley de Souza O\u2019Campos","potentialAction":[{"@type":"SearchAction","target":{"@type":"EntryPoint","urlTemplate":"https:\/\/blogdacondessa.com.br\/blog\/?s={search_term_string}"},"query-input":{"@type":"PropertyValueSpecification","valueRequired":true,"valueName":"search_term_string"}}],"inLanguage":"pt-BR"},{"@type":"Person","@id":"https:\/\/blogdacondessa.com.br\/blog\/#\/schema\/person\/1d667ff8b785195b568677489d266035","name":"Blog da Condessa","image":{"@type":"ImageObject","inLanguage":"pt-BR","@id":"https:\/\/secure.gravatar.com\/avatar\/377c0eb8b4ad2bfc25461b41564b5971e721ca34a57642868fc7b0c8ac7b52c5?s=96&d=mm&r=g","url":"https:\/\/secure.gravatar.com\/avatar\/377c0eb8b4ad2bfc25461b41564b5971e721ca34a57642868fc7b0c8ac7b52c5?s=96&d=mm&r=g","contentUrl":"https:\/\/secure.gravatar.com\/avatar\/377c0eb8b4ad2bfc25461b41564b5971e721ca34a57642868fc7b0c8ac7b52c5?s=96&d=mm&r=g","caption":"Blog da Condessa"},"url":"https:\/\/blogdacondessa.com.br\/blog\/author\/beatriz\/"}]}},"_links":{"self":[{"href":"https:\/\/blogdacondessa.com.br\/blog\/wp-json\/wp\/v2\/posts\/6485","targetHints":{"allow":["GET"]}}],"collection":[{"href":"https:\/\/blogdacondessa.com.br\/blog\/wp-json\/wp\/v2\/posts"}],"about":[{"href":"https:\/\/blogdacondessa.com.br\/blog\/wp-json\/wp\/v2\/types\/post"}],"author":[{"embeddable":true,"href":"https:\/\/blogdacondessa.com.br\/blog\/wp-json\/wp\/v2\/users\/2"}],"replies":[{"embeddable":true,"href":"https:\/\/blogdacondessa.com.br\/blog\/wp-json\/wp\/v2\/comments?post=6485"}],"version-history":[{"count":0,"href":"https:\/\/blogdacondessa.com.br\/blog\/wp-json\/wp\/v2\/posts\/6485\/revisions"}],"wp:featuredmedia":[{"embeddable":true,"href":"https:\/\/blogdacondessa.com.br\/blog\/wp-json\/wp\/v2\/media\/6486"}],"wp:attachment":[{"href":"https:\/\/blogdacondessa.com.br\/blog\/wp-json\/wp\/v2\/media?parent=6485"}],"wp:term":[{"taxonomy":"category","embeddable":true,"href":"https:\/\/blogdacondessa.com.br\/blog\/wp-json\/wp\/v2\/categories?post=6485"},{"taxonomy":"post_tag","embeddable":true,"href":"https:\/\/blogdacondessa.com.br\/blog\/wp-json\/wp\/v2\/tags?post=6485"}],"curies":[{"name":"wp","href":"https:\/\/api.w.org\/{rel}","templated":true}]}}