{"id":6474,"date":"2023-03-04T05:00:07","date_gmt":"2023-03-04T09:00:07","guid":{"rendered":"http:\/\/blogdacondessa.com.br\/?p=6474"},"modified":"2023-03-03T09:50:24","modified_gmt":"2023-03-03T13:50:24","slug":"o-compromisso-dos-tribunais-de-contas-no-terceiro-milenio-e-com-a-efetividade-das-politicas-publicas","status":"publish","type":"post","link":"https:\/\/blogdacondessa.com.br\/blog\/institucional\/o-compromisso-dos-tribunais-de-contas-no-terceiro-milenio-e-com-a-efetividade-das-politicas-publicas\/","title":{"rendered":"&#8220;O compromisso dos Tribunais de Contas no terceiro mil\u00eanio \u00e9 com a efetividade das pol\u00edticas p\u00fablicas&#8221;"},"content":{"rendered":"<p>O trabalho do conselheiro Antonio Joaquim na dire\u00e7\u00e3o da Associa\u00e7\u00e3o dos Membros dos Tribunais de Contas do Brasil (Atricon), no per\u00edodo 2012-2013, foi enaltecido e homenageado pelo Sebrae durante o VIIII Congresso Internacional de Controle e Pol\u00edticas P\u00fablicas, realizado em Salvador (BA).<\/p>\n<p>A coragem e a determina\u00e7\u00e3o do ex-presidente Antonio Joaquim foi decisiva para a consolida\u00e7\u00e3o da Lei Complementar 123\/2006. Foi ele quem liderou o movimento para que, nas compras governamentais, fosse dada prioridade \u00e0s pequenas e microempresas&#8221;, testemunhou o diretor t\u00e9cnico do Sebrae nacional, Bruno Quick.<\/p>\n<p>O diretor lembrou que, em 2012, apenas 860 munic\u00edpios brasileiros tinham regulamentado dispositivo presente no Estatuto da Micro e Pequenas Empresas (MPE) que determina tratamento diferenciado a esses empreendimentos nas compras feitas pelos \u00f3rg\u00e3os p\u00fablicos. &#8220;As prefeituras, em especial, seguiram a lei de licita\u00e7\u00e3o sem observar a previs\u00e3o contida na LC 123\/2006. Por\u00e9m, com a atua\u00e7\u00e3o do conselheiro Antonio Joaquim e o envolvimento dos Tribunais de Contas brasileiros, em 2016 esse n\u00famero saltou para 3.057 munic\u00edpios, uma evolu\u00e7\u00e3o de 250%&#8221;, destacou.<\/p>\n<p>Bruno Quick disse que em 2012 resolveu procurar o ent\u00e3o presidente eleito da Atricon ao assistir um pronunciamento do conselheiro Antonio Joaquim, no qual ele destacou que &#8220;o compromisso dos Tribunais de Contas no terceiro mil\u00eanio \u00e9 com a efetividade das pol\u00edticas p\u00fablicas&#8221;.<\/p>\n<p>Segundo Quick, na hora e sem pestanejar, o ent\u00e3o presidente da Atricon entendeu que o Estatuto das MPE era uma pol\u00edtica p\u00fablica e que a interven\u00e7\u00e3o dos TCs no cen\u00e1rio das compras governamentais impactaria no desenvolvimento econ\u00f4mico do pa\u00eds. &#8220;Antonio Joaquim encarou a tema como de interesse nacional&#8221;, completou.<\/p>\n<p>O desenrolar do processo \u00e9 parte significativa da hist\u00f3ria, registrou Bruno Quick. Primeiro, a Atricon conseguiu reunir 30 dos ent\u00e3o 34 Tribunais de Contas em evento na sede do Sebrae, em Bras\u00edlia, no m\u00eas de outubro de 2012, no encontro denominado Tribunais de Contas e o Desenvolvimento Econ\u00f4mico Nacional. Depois, em mar\u00e7o de 2013, em todos os Estados brasileiros, TCs e Sebrae realizaram eventos voltados ao desenvolvimento local. &#8220;Em 20 estados, os eventos iniciaram simultaneamente \u00e0s 13h do dia 13 de mar\u00e7o. Foi uma a\u00e7\u00e3o surpreendente, fant\u00e1stica&#8221;, ressaltou Quick.<\/p>\n<p>Em muitos estados, a exemplo de Minas Gerais, os TCs e Sebrae realizaram v\u00e1rios eventos macro regionais. Por isso, Quick tamb\u00e9m destacou o trabalho do ex-presidente do TCE-MG Sebasti\u00e3o Helv\u00e9cio, que organizou 12 eventos.<\/p>\n<p>Para homenagear o conselheiro Antonio Joaquim e o ent\u00e3o presidente do Instituto Rui Barbosa conselheiro Severiano Costandrade, o diretor t\u00e9cnico do Sebrae nacional entregou placas alusivas ao reconhecimento da entidade.<\/p>\n<p>&nbsp;<\/p>\n","protected":false},"excerpt":{"rendered":"<p>O trabalho do conselheiro Antonio Joaquim na dire\u00e7\u00e3o da Associa\u00e7\u00e3o dos Membros dos Tribunais de Contas do Brasil (Atricon), no per\u00edodo 2012-2013, foi enaltecido e homenageado pelo Sebrae durante o VIIII Congresso Internacional de Controle e Pol\u00edticas P\u00fablicas, realizado em Salvador (BA). A coragem e a determina\u00e7\u00e3o do ex-presidente Antonio Joaquim foi decisiva para a [&hellip;]<\/p>\n","protected":false},"author":2,"featured_media":6475,"comment_status":"closed","ping_status":"closed","sticky":false,"template":"","format":"standard","meta":{"iawp_total_views":0,"footnotes":""},"categories":[13],"tags":[],"class_list":["post-6474","post","type-post","status-publish","format-standard","has-post-thumbnail","hentry","category-institucional"],"yoast_head":"<!-- This site is optimized with the Yoast SEO plugin v27.3 - https:\/\/yoast.com\/product\/yoast-seo-wordpress\/ -->\n<title>&quot;O compromisso dos Tribunais de Contas no terceiro mil\u00eanio \u00e9 com a efetividade das pol\u00edticas p\u00fablicas&quot; &#8902; Blog da Condessa<\/title>\n<meta name=\"robots\" content=\"index, follow, max-snippet:-1, max-image-preview:large, max-video-preview:-1\" \/>\n<link rel=\"canonical\" href=\"https:\/\/blogdacondessa.com.br\/blog\/institucional\/o-compromisso-dos-tribunais-de-contas-no-terceiro-milenio-e-com-a-efetividade-das-politicas-publicas\/\" \/>\n<meta property=\"og:locale\" content=\"pt_BR\" \/>\n<meta property=\"og:type\" content=\"article\" \/>\n<meta property=\"og:title\" content=\"&quot;O compromisso dos Tribunais de Contas no terceiro mil\u00eanio \u00e9 com a efetividade das pol\u00edticas p\u00fablicas&quot; &#8902; Blog da Condessa\" \/>\n<meta property=\"og:description\" content=\"O trabalho do conselheiro Antonio Joaquim na dire\u00e7\u00e3o da Associa\u00e7\u00e3o dos Membros dos Tribunais de Contas do Brasil (Atricon), no per\u00edodo 2012-2013, foi enaltecido e homenageado pelo Sebrae durante o VIIII Congresso Internacional de Controle e Pol\u00edticas P\u00fablicas, realizado em Salvador (BA). A coragem e a determina\u00e7\u00e3o do ex-presidente Antonio Joaquim foi decisiva para a [&hellip;]\" \/>\n<meta property=\"og:url\" content=\"https:\/\/blogdacondessa.com.br\/blog\/institucional\/o-compromisso-dos-tribunais-de-contas-no-terceiro-milenio-e-com-a-efetividade-das-politicas-publicas\/\" \/>\n<meta property=\"og:site_name\" content=\"Blog da Condessa\" \/>\n<meta property=\"article:published_time\" content=\"2023-03-04T09:00:07+00:00\" \/>\n<meta property=\"og:image\" content=\"https:\/\/blogdacondessa.com.br\/blog\/wp-content\/uploads\/2023\/03\/antonio-joaquin.jpg\" \/>\n\t<meta property=\"og:image:width\" content=\"365\" \/>\n\t<meta property=\"og:image:height\" content=\"360\" \/>\n\t<meta property=\"og:image:type\" content=\"image\/jpeg\" \/>\n<meta name=\"author\" content=\"Blog da Condessa\" \/>\n<meta name=\"twitter:card\" content=\"summary_large_image\" \/>\n<meta name=\"twitter:label1\" content=\"Escrito por\" \/>\n\t<meta name=\"twitter:data1\" content=\"Blog da Condessa\" \/>\n\t<meta name=\"twitter:label2\" content=\"Est. tempo de leitura\" \/>\n\t<meta name=\"twitter:data2\" content=\"3 minutos\" \/>\n<script type=\"application\/ld+json\" class=\"yoast-schema-graph\">{\"@context\":\"https:\\\/\\\/schema.org\",\"@graph\":[{\"@type\":\"Article\",\"@id\":\"https:\\\/\\\/blogdacondessa.com.br\\\/blog\\\/institucional\\\/o-compromisso-dos-tribunais-de-contas-no-terceiro-milenio-e-com-a-efetividade-das-politicas-publicas\\\/#article\",\"isPartOf\":{\"@id\":\"https:\\\/\\\/blogdacondessa.com.br\\\/blog\\\/institucional\\\/o-compromisso-dos-tribunais-de-contas-no-terceiro-milenio-e-com-a-efetividade-das-politicas-publicas\\\/\"},\"author\":{\"name\":\"Blog da Condessa\",\"@id\":\"https:\\\/\\\/blogdacondessa.com.br\\\/blog\\\/#\\\/schema\\\/person\\\/1d667ff8b785195b568677489d266035\"},\"headline\":\"&#8220;O compromisso dos Tribunais de Contas no terceiro mil\u00eanio \u00e9 com a efetividade das pol\u00edticas p\u00fablicas&#8221;\",\"datePublished\":\"2023-03-04T09:00:07+00:00\",\"mainEntityOfPage\":{\"@id\":\"https:\\\/\\\/blogdacondessa.com.br\\\/blog\\\/institucional\\\/o-compromisso-dos-tribunais-de-contas-no-terceiro-milenio-e-com-a-efetividade-das-politicas-publicas\\\/\"},\"wordCount\":459,\"image\":{\"@id\":\"https:\\\/\\\/blogdacondessa.com.br\\\/blog\\\/institucional\\\/o-compromisso-dos-tribunais-de-contas-no-terceiro-milenio-e-com-a-efetividade-das-politicas-publicas\\\/#primaryimage\"},\"thumbnailUrl\":\"https:\\\/\\\/blogdacondessa.com.br\\\/blog\\\/wp-content\\\/uploads\\\/2023\\\/03\\\/antonio-joaquin.jpg\",\"articleSection\":[\"Institucional\"],\"inLanguage\":\"pt-BR\"},{\"@type\":\"WebPage\",\"@id\":\"https:\\\/\\\/blogdacondessa.com.br\\\/blog\\\/institucional\\\/o-compromisso-dos-tribunais-de-contas-no-terceiro-milenio-e-com-a-efetividade-das-politicas-publicas\\\/\",\"url\":\"https:\\\/\\\/blogdacondessa.com.br\\\/blog\\\/institucional\\\/o-compromisso-dos-tribunais-de-contas-no-terceiro-milenio-e-com-a-efetividade-das-politicas-publicas\\\/\",\"name\":\"\\\"O compromisso dos Tribunais de Contas no terceiro mil\u00eanio \u00e9 com a efetividade das pol\u00edticas p\u00fablicas\\\" &#8902; Blog da Condessa\",\"isPartOf\":{\"@id\":\"https:\\\/\\\/blogdacondessa.com.br\\\/blog\\\/#website\"},\"primaryImageOfPage\":{\"@id\":\"https:\\\/\\\/blogdacondessa.com.br\\\/blog\\\/institucional\\\/o-compromisso-dos-tribunais-de-contas-no-terceiro-milenio-e-com-a-efetividade-das-politicas-publicas\\\/#primaryimage\"},\"image\":{\"@id\":\"https:\\\/\\\/blogdacondessa.com.br\\\/blog\\\/institucional\\\/o-compromisso-dos-tribunais-de-contas-no-terceiro-milenio-e-com-a-efetividade-das-politicas-publicas\\\/#primaryimage\"},\"thumbnailUrl\":\"https:\\\/\\\/blogdacondessa.com.br\\\/blog\\\/wp-content\\\/uploads\\\/2023\\\/03\\\/antonio-joaquin.jpg\",\"datePublished\":\"2023-03-04T09:00:07+00:00\",\"author\":{\"@id\":\"https:\\\/\\\/blogdacondessa.com.br\\\/blog\\\/#\\\/schema\\\/person\\\/1d667ff8b785195b568677489d266035\"},\"breadcrumb\":{\"@id\":\"https:\\\/\\\/blogdacondessa.com.br\\\/blog\\\/institucional\\\/o-compromisso-dos-tribunais-de-contas-no-terceiro-milenio-e-com-a-efetividade-das-politicas-publicas\\\/#breadcrumb\"},\"inLanguage\":\"pt-BR\",\"potentialAction\":[{\"@type\":\"ReadAction\",\"target\":[\"https:\\\/\\\/blogdacondessa.com.br\\\/blog\\\/institucional\\\/o-compromisso-dos-tribunais-de-contas-no-terceiro-milenio-e-com-a-efetividade-das-politicas-publicas\\\/\"]}]},{\"@type\":\"ImageObject\",\"inLanguage\":\"pt-BR\",\"@id\":\"https:\\\/\\\/blogdacondessa.com.br\\\/blog\\\/institucional\\\/o-compromisso-dos-tribunais-de-contas-no-terceiro-milenio-e-com-a-efetividade-das-politicas-publicas\\\/#primaryimage\",\"url\":\"https:\\\/\\\/blogdacondessa.com.br\\\/blog\\\/wp-content\\\/uploads\\\/2023\\\/03\\\/antonio-joaquin.jpg\",\"contentUrl\":\"https:\\\/\\\/blogdacondessa.com.br\\\/blog\\\/wp-content\\\/uploads\\\/2023\\\/03\\\/antonio-joaquin.jpg\",\"width\":365,\"height\":360},{\"@type\":\"BreadcrumbList\",\"@id\":\"https:\\\/\\\/blogdacondessa.com.br\\\/blog\\\/institucional\\\/o-compromisso-dos-tribunais-de-contas-no-terceiro-milenio-e-com-a-efetividade-das-politicas-publicas\\\/#breadcrumb\",\"itemListElement\":[{\"@type\":\"ListItem\",\"position\":1,\"name\":\"In\u00edcio\",\"item\":\"https:\\\/\\\/blogdacondessa.com.br\\\/blog\\\/\"},{\"@type\":\"ListItem\",\"position\":2,\"name\":\"&#8220;O compromisso dos Tribunais de Contas no terceiro mil\u00eanio \u00e9 com a efetividade das pol\u00edticas p\u00fablicas&#8221;\"}]},{\"@type\":\"WebSite\",\"@id\":\"https:\\\/\\\/blogdacondessa.com.br\\\/blog\\\/#website\",\"url\":\"https:\\\/\\\/blogdacondessa.com.br\\\/blog\\\/\",\"name\":\"Blog da Condessa\",\"description\":\"Com Shirley de Souza O\u2019Campos\",\"potentialAction\":[{\"@type\":\"SearchAction\",\"target\":{\"@type\":\"EntryPoint\",\"urlTemplate\":\"https:\\\/\\\/blogdacondessa.com.br\\\/blog\\\/?s={search_term_string}\"},\"query-input\":{\"@type\":\"PropertyValueSpecification\",\"valueRequired\":true,\"valueName\":\"search_term_string\"}}],\"inLanguage\":\"pt-BR\"},{\"@type\":\"Person\",\"@id\":\"https:\\\/\\\/blogdacondessa.com.br\\\/blog\\\/#\\\/schema\\\/person\\\/1d667ff8b785195b568677489d266035\",\"name\":\"Blog da Condessa\",\"image\":{\"@type\":\"ImageObject\",\"inLanguage\":\"pt-BR\",\"@id\":\"https:\\\/\\\/secure.gravatar.com\\\/avatar\\\/377c0eb8b4ad2bfc25461b41564b5971e721ca34a57642868fc7b0c8ac7b52c5?s=96&d=mm&r=g\",\"url\":\"https:\\\/\\\/secure.gravatar.com\\\/avatar\\\/377c0eb8b4ad2bfc25461b41564b5971e721ca34a57642868fc7b0c8ac7b52c5?s=96&d=mm&r=g\",\"contentUrl\":\"https:\\\/\\\/secure.gravatar.com\\\/avatar\\\/377c0eb8b4ad2bfc25461b41564b5971e721ca34a57642868fc7b0c8ac7b52c5?s=96&d=mm&r=g\",\"caption\":\"Blog da Condessa\"},\"url\":\"https:\\\/\\\/blogdacondessa.com.br\\\/blog\\\/author\\\/beatriz\\\/\"}]}<\/script>\n<!-- \/ Yoast SEO plugin. -->","yoast_head_json":{"title":"\"O compromisso dos Tribunais de Contas no terceiro mil\u00eanio \u00e9 com a efetividade das pol\u00edticas p\u00fablicas\" &#8902; Blog da Condessa","robots":{"index":"index","follow":"follow","max-snippet":"max-snippet:-1","max-image-preview":"max-image-preview:large","max-video-preview":"max-video-preview:-1"},"canonical":"https:\/\/blogdacondessa.com.br\/blog\/institucional\/o-compromisso-dos-tribunais-de-contas-no-terceiro-milenio-e-com-a-efetividade-das-politicas-publicas\/","og_locale":"pt_BR","og_type":"article","og_title":"\"O compromisso dos Tribunais de Contas no terceiro mil\u00eanio \u00e9 com a efetividade das pol\u00edticas p\u00fablicas\" &#8902; Blog da Condessa","og_description":"O trabalho do conselheiro Antonio Joaquim na dire\u00e7\u00e3o da Associa\u00e7\u00e3o dos Membros dos Tribunais de Contas do Brasil (Atricon), no per\u00edodo 2012-2013, foi enaltecido e homenageado pelo Sebrae durante o VIIII Congresso Internacional de Controle e Pol\u00edticas P\u00fablicas, realizado em Salvador (BA). A coragem e a determina\u00e7\u00e3o do ex-presidente Antonio Joaquim foi decisiva para a [&hellip;]","og_url":"https:\/\/blogdacondessa.com.br\/blog\/institucional\/o-compromisso-dos-tribunais-de-contas-no-terceiro-milenio-e-com-a-efetividade-das-politicas-publicas\/","og_site_name":"Blog da Condessa","article_published_time":"2023-03-04T09:00:07+00:00","og_image":[{"width":365,"height":360,"url":"https:\/\/blogdacondessa.com.br\/blog\/wp-content\/uploads\/2023\/03\/antonio-joaquin.jpg","type":"image\/jpeg"}],"author":"Blog da Condessa","twitter_card":"summary_large_image","twitter_misc":{"Escrito por":"Blog da Condessa","Est. tempo de leitura":"3 minutos"},"schema":{"@context":"https:\/\/schema.org","@graph":[{"@type":"Article","@id":"https:\/\/blogdacondessa.com.br\/blog\/institucional\/o-compromisso-dos-tribunais-de-contas-no-terceiro-milenio-e-com-a-efetividade-das-politicas-publicas\/#article","isPartOf":{"@id":"https:\/\/blogdacondessa.com.br\/blog\/institucional\/o-compromisso-dos-tribunais-de-contas-no-terceiro-milenio-e-com-a-efetividade-das-politicas-publicas\/"},"author":{"name":"Blog da Condessa","@id":"https:\/\/blogdacondessa.com.br\/blog\/#\/schema\/person\/1d667ff8b785195b568677489d266035"},"headline":"&#8220;O compromisso dos Tribunais de Contas no terceiro mil\u00eanio \u00e9 com a efetividade das pol\u00edticas p\u00fablicas&#8221;","datePublished":"2023-03-04T09:00:07+00:00","mainEntityOfPage":{"@id":"https:\/\/blogdacondessa.com.br\/blog\/institucional\/o-compromisso-dos-tribunais-de-contas-no-terceiro-milenio-e-com-a-efetividade-das-politicas-publicas\/"},"wordCount":459,"image":{"@id":"https:\/\/blogdacondessa.com.br\/blog\/institucional\/o-compromisso-dos-tribunais-de-contas-no-terceiro-milenio-e-com-a-efetividade-das-politicas-publicas\/#primaryimage"},"thumbnailUrl":"https:\/\/blogdacondessa.com.br\/blog\/wp-content\/uploads\/2023\/03\/antonio-joaquin.jpg","articleSection":["Institucional"],"inLanguage":"pt-BR"},{"@type":"WebPage","@id":"https:\/\/blogdacondessa.com.br\/blog\/institucional\/o-compromisso-dos-tribunais-de-contas-no-terceiro-milenio-e-com-a-efetividade-das-politicas-publicas\/","url":"https:\/\/blogdacondessa.com.br\/blog\/institucional\/o-compromisso-dos-tribunais-de-contas-no-terceiro-milenio-e-com-a-efetividade-das-politicas-publicas\/","name":"\"O compromisso dos Tribunais de Contas no terceiro mil\u00eanio \u00e9 com a efetividade das pol\u00edticas p\u00fablicas\" &#8902; Blog da Condessa","isPartOf":{"@id":"https:\/\/blogdacondessa.com.br\/blog\/#website"},"primaryImageOfPage":{"@id":"https:\/\/blogdacondessa.com.br\/blog\/institucional\/o-compromisso-dos-tribunais-de-contas-no-terceiro-milenio-e-com-a-efetividade-das-politicas-publicas\/#primaryimage"},"image":{"@id":"https:\/\/blogdacondessa.com.br\/blog\/institucional\/o-compromisso-dos-tribunais-de-contas-no-terceiro-milenio-e-com-a-efetividade-das-politicas-publicas\/#primaryimage"},"thumbnailUrl":"https:\/\/blogdacondessa.com.br\/blog\/wp-content\/uploads\/2023\/03\/antonio-joaquin.jpg","datePublished":"2023-03-04T09:00:07+00:00","author":{"@id":"https:\/\/blogdacondessa.com.br\/blog\/#\/schema\/person\/1d667ff8b785195b568677489d266035"},"breadcrumb":{"@id":"https:\/\/blogdacondessa.com.br\/blog\/institucional\/o-compromisso-dos-tribunais-de-contas-no-terceiro-milenio-e-com-a-efetividade-das-politicas-publicas\/#breadcrumb"},"inLanguage":"pt-BR","potentialAction":[{"@type":"ReadAction","target":["https:\/\/blogdacondessa.com.br\/blog\/institucional\/o-compromisso-dos-tribunais-de-contas-no-terceiro-milenio-e-com-a-efetividade-das-politicas-publicas\/"]}]},{"@type":"ImageObject","inLanguage":"pt-BR","@id":"https:\/\/blogdacondessa.com.br\/blog\/institucional\/o-compromisso-dos-tribunais-de-contas-no-terceiro-milenio-e-com-a-efetividade-das-politicas-publicas\/#primaryimage","url":"https:\/\/blogdacondessa.com.br\/blog\/wp-content\/uploads\/2023\/03\/antonio-joaquin.jpg","contentUrl":"https:\/\/blogdacondessa.com.br\/blog\/wp-content\/uploads\/2023\/03\/antonio-joaquin.jpg","width":365,"height":360},{"@type":"BreadcrumbList","@id":"https:\/\/blogdacondessa.com.br\/blog\/institucional\/o-compromisso-dos-tribunais-de-contas-no-terceiro-milenio-e-com-a-efetividade-das-politicas-publicas\/#breadcrumb","itemListElement":[{"@type":"ListItem","position":1,"name":"In\u00edcio","item":"https:\/\/blogdacondessa.com.br\/blog\/"},{"@type":"ListItem","position":2,"name":"&#8220;O compromisso dos Tribunais de Contas no terceiro mil\u00eanio \u00e9 com a efetividade das pol\u00edticas p\u00fablicas&#8221;"}]},{"@type":"WebSite","@id":"https:\/\/blogdacondessa.com.br\/blog\/#website","url":"https:\/\/blogdacondessa.com.br\/blog\/","name":"Blog da Condessa","description":"Com Shirley de Souza O\u2019Campos","potentialAction":[{"@type":"SearchAction","target":{"@type":"EntryPoint","urlTemplate":"https:\/\/blogdacondessa.com.br\/blog\/?s={search_term_string}"},"query-input":{"@type":"PropertyValueSpecification","valueRequired":true,"valueName":"search_term_string"}}],"inLanguage":"pt-BR"},{"@type":"Person","@id":"https:\/\/blogdacondessa.com.br\/blog\/#\/schema\/person\/1d667ff8b785195b568677489d266035","name":"Blog da Condessa","image":{"@type":"ImageObject","inLanguage":"pt-BR","@id":"https:\/\/secure.gravatar.com\/avatar\/377c0eb8b4ad2bfc25461b41564b5971e721ca34a57642868fc7b0c8ac7b52c5?s=96&d=mm&r=g","url":"https:\/\/secure.gravatar.com\/avatar\/377c0eb8b4ad2bfc25461b41564b5971e721ca34a57642868fc7b0c8ac7b52c5?s=96&d=mm&r=g","contentUrl":"https:\/\/secure.gravatar.com\/avatar\/377c0eb8b4ad2bfc25461b41564b5971e721ca34a57642868fc7b0c8ac7b52c5?s=96&d=mm&r=g","caption":"Blog da Condessa"},"url":"https:\/\/blogdacondessa.com.br\/blog\/author\/beatriz\/"}]}},"_links":{"self":[{"href":"https:\/\/blogdacondessa.com.br\/blog\/wp-json\/wp\/v2\/posts\/6474","targetHints":{"allow":["GET"]}}],"collection":[{"href":"https:\/\/blogdacondessa.com.br\/blog\/wp-json\/wp\/v2\/posts"}],"about":[{"href":"https:\/\/blogdacondessa.com.br\/blog\/wp-json\/wp\/v2\/types\/post"}],"author":[{"embeddable":true,"href":"https:\/\/blogdacondessa.com.br\/blog\/wp-json\/wp\/v2\/users\/2"}],"replies":[{"embeddable":true,"href":"https:\/\/blogdacondessa.com.br\/blog\/wp-json\/wp\/v2\/comments?post=6474"}],"version-history":[{"count":0,"href":"https:\/\/blogdacondessa.com.br\/blog\/wp-json\/wp\/v2\/posts\/6474\/revisions"}],"wp:featuredmedia":[{"embeddable":true,"href":"https:\/\/blogdacondessa.com.br\/blog\/wp-json\/wp\/v2\/media\/6475"}],"wp:attachment":[{"href":"https:\/\/blogdacondessa.com.br\/blog\/wp-json\/wp\/v2\/media?parent=6474"}],"wp:term":[{"taxonomy":"category","embeddable":true,"href":"https:\/\/blogdacondessa.com.br\/blog\/wp-json\/wp\/v2\/categories?post=6474"},{"taxonomy":"post_tag","embeddable":true,"href":"https:\/\/blogdacondessa.com.br\/blog\/wp-json\/wp\/v2\/tags?post=6474"}],"curies":[{"name":"wp","href":"https:\/\/api.w.org\/{rel}","templated":true}]}}