{"id":6471,"date":"2023-03-04T05:00:45","date_gmt":"2023-03-04T09:00:45","guid":{"rendered":"http:\/\/blogdacondessa.com.br\/?p=6471"},"modified":"2023-03-03T09:41:07","modified_gmt":"2023-03-03T13:41:07","slug":"o-programa-ser-mulher-presta-um-atendimento-de-verdade-as-mulheres-vitimas-de-violencia","status":"publish","type":"post","link":"https:\/\/blogdacondessa.com.br\/blog\/politica\/o-programa-ser-mulher-presta-um-atendimento-de-verdade-as-mulheres-vitimas-de-violencia\/","title":{"rendered":"\u201cO programa SER Mulher presta um atendimento de verdade \u00e0s mulheres v\u00edtimas de viol\u00eancia\u201d"},"content":{"rendered":"<p>A senadora Margareth Buzetti (PSD-MT) apresentou no \u00faltimo dia 28 uma solicita\u00e7\u00e3o ao Governo Federal, atrav\u00e9s do Minist\u00e9rio da Mulher, para que o programa estadual \u201cSer Mulher\u201d seja uma pol\u00edtica p\u00fablica de \u00e2mbito nacional. No documento enviado \u00e0 ministra Aparecida Gon\u00e7alves, a parlamentar sugere que o governo envie um projeto de lei ou Medida Provis\u00f3ria para que o programa seja criado. Na tribuna do Senado, Margareth reiterou o pedido.<\/p>\n<p>\u201cO programa SER Mulher, idealizado pela primeira dama Virg\u00ednia Mendes, presta um atendimento de verdade \u00e0s mulheres v\u00edtimas de viol\u00eancia. E o que esse programa faz de diferente? Ele \u00e9 destinado ao custeio de aluguel \u00e0s mulheres v\u00edtimas de viol\u00eancia dom\u00e9stica\u201d, explicou a senadora.<\/p>\n<p>O programa SER Mulher foi idealizado pela primeira-dama Virg\u00ednia Mendes, e \u00e9 gerenciado pela Secretaria Adjunta de Programa e Projetos Especiais e Aten\u00e7\u00e3o \u00e0 Fam\u00edlia da Secretaria de Estado de Assist\u00eancia Social e Cidadania (Setasc).<\/p>\n<p>A iniciativa abranger\u00e1 todos os munic\u00edpios do e \u00e9 voltado ao atendimento de mulheres v\u00edtimas de viol\u00eancia dom\u00e9stica, em situa\u00e7\u00e3o de medida protetiva, para custeio de moradia. O valor pago mensal ser\u00e1 de at\u00e9 um sal\u00e1rio m\u00ednimo.<\/p>\n<p>Na proposta enviada ao Governo Federal, a senadora exemplificou tamb\u00e9m quais os crit\u00e9rios aplicados em Mato Grosso para que as mulheres possam ter acesso ao benef\u00edcio.<\/p>\n<p><strong>S\u00e3o eles:<\/strong> Possuam medida protetiva; possuam pedido encaminhado, por meio de parecer t\u00e9cnico pelas equipes dos servi\u00e7os municipais de atendimento s\u00f3cio assistencial, ou medida protetiva urgente; atendam aos limites de renda de at\u00e9 um ter\u00e7o do sal\u00e1rio m\u00ednimo; As mulheres inseridas no Programa SER FAMILIA MULHER , preferencialmente devem ser inseridas em programas de qualifica\u00e7\u00e3o para que possam aumentar a renda familiar; De prefer\u00eancia que tenham filhos com idade entre zero e cinco anos devem ter prioridade no aux\u00edlio moradia do programa; Se no decorrer do prazo for constatado que a beneficiaria voltou a conviver com o agressor, ou for constatada a desnecessidade de sua manuten\u00e7\u00e3o bem como a inexist\u00eancia ou descumprimento de qualquer das condi\u00e7\u00f5es estabelecidas o benef\u00edcio ser\u00e1 cessado.<\/p>\n<p>&nbsp;<\/p>\n","protected":false},"excerpt":{"rendered":"<p>A senadora Margareth Buzetti (PSD-MT) apresentou no \u00faltimo dia 28 uma solicita\u00e7\u00e3o ao Governo Federal, atrav\u00e9s do Minist\u00e9rio da Mulher, para que o programa estadual \u201cSer Mulher\u201d seja uma pol\u00edtica p\u00fablica de \u00e2mbito nacional. No documento enviado \u00e0 ministra Aparecida Gon\u00e7alves, a parlamentar sugere que o governo envie um projeto de lei ou Medida Provis\u00f3ria [&hellip;]<\/p>\n","protected":false},"author":2,"featured_media":6472,"comment_status":"closed","ping_status":"closed","sticky":false,"template":"","format":"standard","meta":{"iawp_total_views":0,"footnotes":""},"categories":[10],"tags":[],"class_list":["post-6471","post","type-post","status-publish","format-standard","has-post-thumbnail","hentry","category-politica"],"yoast_head":"<!-- This site is optimized with the Yoast SEO plugin v27.3 - https:\/\/yoast.com\/product\/yoast-seo-wordpress\/ -->\n<title>\u201cO programa SER Mulher presta um atendimento de verdade \u00e0s mulheres v\u00edtimas de viol\u00eancia\u201d &#8902; Blog da Condessa<\/title>\n<meta name=\"robots\" content=\"index, follow, max-snippet:-1, max-image-preview:large, max-video-preview:-1\" \/>\n<link rel=\"canonical\" href=\"https:\/\/blogdacondessa.com.br\/blog\/politica\/o-programa-ser-mulher-presta-um-atendimento-de-verdade-as-mulheres-vitimas-de-violencia\/\" \/>\n<meta property=\"og:locale\" content=\"pt_BR\" \/>\n<meta property=\"og:type\" content=\"article\" \/>\n<meta property=\"og:title\" content=\"\u201cO programa SER Mulher presta um atendimento de verdade \u00e0s mulheres v\u00edtimas de viol\u00eancia\u201d &#8902; Blog da Condessa\" \/>\n<meta property=\"og:description\" content=\"A senadora Margareth Buzetti (PSD-MT) apresentou no \u00faltimo dia 28 uma solicita\u00e7\u00e3o ao Governo Federal, atrav\u00e9s do Minist\u00e9rio da Mulher, para que o programa estadual \u201cSer Mulher\u201d seja uma pol\u00edtica p\u00fablica de \u00e2mbito nacional. No documento enviado \u00e0 ministra Aparecida Gon\u00e7alves, a parlamentar sugere que o governo envie um projeto de lei ou Medida Provis\u00f3ria [&hellip;]\" \/>\n<meta property=\"og:url\" content=\"https:\/\/blogdacondessa.com.br\/blog\/politica\/o-programa-ser-mulher-presta-um-atendimento-de-verdade-as-mulheres-vitimas-de-violencia\/\" \/>\n<meta property=\"og:site_name\" content=\"Blog da Condessa\" \/>\n<meta property=\"article:published_time\" content=\"2023-03-04T09:00:45+00:00\" \/>\n<meta property=\"og:image\" content=\"https:\/\/blogdacondessa.com.br\/blog\/wp-content\/uploads\/2023\/03\/margareti-buzetti.jpg\" \/>\n\t<meta property=\"og:image:width\" content=\"855\" \/>\n\t<meta property=\"og:image:height\" content=\"570\" \/>\n\t<meta property=\"og:image:type\" content=\"image\/jpeg\" \/>\n<meta name=\"author\" content=\"Blog da Condessa\" \/>\n<meta name=\"twitter:card\" content=\"summary_large_image\" \/>\n<meta name=\"twitter:label1\" content=\"Escrito por\" \/>\n\t<meta name=\"twitter:data1\" content=\"Blog da Condessa\" \/>\n\t<meta name=\"twitter:label2\" content=\"Est. tempo de leitura\" \/>\n\t<meta name=\"twitter:data2\" content=\"2 minutos\" \/>\n<script type=\"application\/ld+json\" class=\"yoast-schema-graph\">{\"@context\":\"https:\\\/\\\/schema.org\",\"@graph\":[{\"@type\":\"Article\",\"@id\":\"https:\\\/\\\/blogdacondessa.com.br\\\/blog\\\/politica\\\/o-programa-ser-mulher-presta-um-atendimento-de-verdade-as-mulheres-vitimas-de-violencia\\\/#article\",\"isPartOf\":{\"@id\":\"https:\\\/\\\/blogdacondessa.com.br\\\/blog\\\/politica\\\/o-programa-ser-mulher-presta-um-atendimento-de-verdade-as-mulheres-vitimas-de-violencia\\\/\"},\"author\":{\"name\":\"Blog da Condessa\",\"@id\":\"https:\\\/\\\/blogdacondessa.com.br\\\/blog\\\/#\\\/schema\\\/person\\\/1d667ff8b785195b568677489d266035\"},\"headline\":\"\u201cO programa SER Mulher presta um atendimento de verdade \u00e0s mulheres v\u00edtimas de viol\u00eancia\u201d\",\"datePublished\":\"2023-03-04T09:00:45+00:00\",\"mainEntityOfPage\":{\"@id\":\"https:\\\/\\\/blogdacondessa.com.br\\\/blog\\\/politica\\\/o-programa-ser-mulher-presta-um-atendimento-de-verdade-as-mulheres-vitimas-de-violencia\\\/\"},\"wordCount\":383,\"image\":{\"@id\":\"https:\\\/\\\/blogdacondessa.com.br\\\/blog\\\/politica\\\/o-programa-ser-mulher-presta-um-atendimento-de-verdade-as-mulheres-vitimas-de-violencia\\\/#primaryimage\"},\"thumbnailUrl\":\"https:\\\/\\\/blogdacondessa.com.br\\\/blog\\\/wp-content\\\/uploads\\\/2023\\\/03\\\/margareti-buzetti.jpg\",\"articleSection\":[\"Pol\u00edtica\"],\"inLanguage\":\"pt-BR\"},{\"@type\":\"WebPage\",\"@id\":\"https:\\\/\\\/blogdacondessa.com.br\\\/blog\\\/politica\\\/o-programa-ser-mulher-presta-um-atendimento-de-verdade-as-mulheres-vitimas-de-violencia\\\/\",\"url\":\"https:\\\/\\\/blogdacondessa.com.br\\\/blog\\\/politica\\\/o-programa-ser-mulher-presta-um-atendimento-de-verdade-as-mulheres-vitimas-de-violencia\\\/\",\"name\":\"\u201cO programa SER Mulher presta um atendimento de verdade \u00e0s mulheres v\u00edtimas de viol\u00eancia\u201d &#8902; Blog da Condessa\",\"isPartOf\":{\"@id\":\"https:\\\/\\\/blogdacondessa.com.br\\\/blog\\\/#website\"},\"primaryImageOfPage\":{\"@id\":\"https:\\\/\\\/blogdacondessa.com.br\\\/blog\\\/politica\\\/o-programa-ser-mulher-presta-um-atendimento-de-verdade-as-mulheres-vitimas-de-violencia\\\/#primaryimage\"},\"image\":{\"@id\":\"https:\\\/\\\/blogdacondessa.com.br\\\/blog\\\/politica\\\/o-programa-ser-mulher-presta-um-atendimento-de-verdade-as-mulheres-vitimas-de-violencia\\\/#primaryimage\"},\"thumbnailUrl\":\"https:\\\/\\\/blogdacondessa.com.br\\\/blog\\\/wp-content\\\/uploads\\\/2023\\\/03\\\/margareti-buzetti.jpg\",\"datePublished\":\"2023-03-04T09:00:45+00:00\",\"author\":{\"@id\":\"https:\\\/\\\/blogdacondessa.com.br\\\/blog\\\/#\\\/schema\\\/person\\\/1d667ff8b785195b568677489d266035\"},\"breadcrumb\":{\"@id\":\"https:\\\/\\\/blogdacondessa.com.br\\\/blog\\\/politica\\\/o-programa-ser-mulher-presta-um-atendimento-de-verdade-as-mulheres-vitimas-de-violencia\\\/#breadcrumb\"},\"inLanguage\":\"pt-BR\",\"potentialAction\":[{\"@type\":\"ReadAction\",\"target\":[\"https:\\\/\\\/blogdacondessa.com.br\\\/blog\\\/politica\\\/o-programa-ser-mulher-presta-um-atendimento-de-verdade-as-mulheres-vitimas-de-violencia\\\/\"]}]},{\"@type\":\"ImageObject\",\"inLanguage\":\"pt-BR\",\"@id\":\"https:\\\/\\\/blogdacondessa.com.br\\\/blog\\\/politica\\\/o-programa-ser-mulher-presta-um-atendimento-de-verdade-as-mulheres-vitimas-de-violencia\\\/#primaryimage\",\"url\":\"https:\\\/\\\/blogdacondessa.com.br\\\/blog\\\/wp-content\\\/uploads\\\/2023\\\/03\\\/margareti-buzetti.jpg\",\"contentUrl\":\"https:\\\/\\\/blogdacondessa.com.br\\\/blog\\\/wp-content\\\/uploads\\\/2023\\\/03\\\/margareti-buzetti.jpg\",\"width\":855,\"height\":570},{\"@type\":\"BreadcrumbList\",\"@id\":\"https:\\\/\\\/blogdacondessa.com.br\\\/blog\\\/politica\\\/o-programa-ser-mulher-presta-um-atendimento-de-verdade-as-mulheres-vitimas-de-violencia\\\/#breadcrumb\",\"itemListElement\":[{\"@type\":\"ListItem\",\"position\":1,\"name\":\"In\u00edcio\",\"item\":\"https:\\\/\\\/blogdacondessa.com.br\\\/blog\\\/\"},{\"@type\":\"ListItem\",\"position\":2,\"name\":\"\u201cO programa SER Mulher presta um atendimento de verdade \u00e0s mulheres v\u00edtimas de viol\u00eancia\u201d\"}]},{\"@type\":\"WebSite\",\"@id\":\"https:\\\/\\\/blogdacondessa.com.br\\\/blog\\\/#website\",\"url\":\"https:\\\/\\\/blogdacondessa.com.br\\\/blog\\\/\",\"name\":\"Blog da Condessa\",\"description\":\"Com Shirley de Souza O\u2019Campos\",\"potentialAction\":[{\"@type\":\"SearchAction\",\"target\":{\"@type\":\"EntryPoint\",\"urlTemplate\":\"https:\\\/\\\/blogdacondessa.com.br\\\/blog\\\/?s={search_term_string}\"},\"query-input\":{\"@type\":\"PropertyValueSpecification\",\"valueRequired\":true,\"valueName\":\"search_term_string\"}}],\"inLanguage\":\"pt-BR\"},{\"@type\":\"Person\",\"@id\":\"https:\\\/\\\/blogdacondessa.com.br\\\/blog\\\/#\\\/schema\\\/person\\\/1d667ff8b785195b568677489d266035\",\"name\":\"Blog da Condessa\",\"image\":{\"@type\":\"ImageObject\",\"inLanguage\":\"pt-BR\",\"@id\":\"https:\\\/\\\/secure.gravatar.com\\\/avatar\\\/377c0eb8b4ad2bfc25461b41564b5971e721ca34a57642868fc7b0c8ac7b52c5?s=96&d=mm&r=g\",\"url\":\"https:\\\/\\\/secure.gravatar.com\\\/avatar\\\/377c0eb8b4ad2bfc25461b41564b5971e721ca34a57642868fc7b0c8ac7b52c5?s=96&d=mm&r=g\",\"contentUrl\":\"https:\\\/\\\/secure.gravatar.com\\\/avatar\\\/377c0eb8b4ad2bfc25461b41564b5971e721ca34a57642868fc7b0c8ac7b52c5?s=96&d=mm&r=g\",\"caption\":\"Blog da Condessa\"},\"url\":\"https:\\\/\\\/blogdacondessa.com.br\\\/blog\\\/author\\\/beatriz\\\/\"}]}<\/script>\n<!-- \/ Yoast SEO plugin. -->","yoast_head_json":{"title":"\u201cO programa SER Mulher presta um atendimento de verdade \u00e0s mulheres v\u00edtimas de viol\u00eancia\u201d &#8902; Blog da Condessa","robots":{"index":"index","follow":"follow","max-snippet":"max-snippet:-1","max-image-preview":"max-image-preview:large","max-video-preview":"max-video-preview:-1"},"canonical":"https:\/\/blogdacondessa.com.br\/blog\/politica\/o-programa-ser-mulher-presta-um-atendimento-de-verdade-as-mulheres-vitimas-de-violencia\/","og_locale":"pt_BR","og_type":"article","og_title":"\u201cO programa SER Mulher presta um atendimento de verdade \u00e0s mulheres v\u00edtimas de viol\u00eancia\u201d &#8902; Blog da Condessa","og_description":"A senadora Margareth Buzetti (PSD-MT) apresentou no \u00faltimo dia 28 uma solicita\u00e7\u00e3o ao Governo Federal, atrav\u00e9s do Minist\u00e9rio da Mulher, para que o programa estadual \u201cSer Mulher\u201d seja uma pol\u00edtica p\u00fablica de \u00e2mbito nacional. No documento enviado \u00e0 ministra Aparecida Gon\u00e7alves, a parlamentar sugere que o governo envie um projeto de lei ou Medida Provis\u00f3ria [&hellip;]","og_url":"https:\/\/blogdacondessa.com.br\/blog\/politica\/o-programa-ser-mulher-presta-um-atendimento-de-verdade-as-mulheres-vitimas-de-violencia\/","og_site_name":"Blog da Condessa","article_published_time":"2023-03-04T09:00:45+00:00","og_image":[{"width":855,"height":570,"url":"https:\/\/blogdacondessa.com.br\/blog\/wp-content\/uploads\/2023\/03\/margareti-buzetti.jpg","type":"image\/jpeg"}],"author":"Blog da Condessa","twitter_card":"summary_large_image","twitter_misc":{"Escrito por":"Blog da Condessa","Est. tempo de leitura":"2 minutos"},"schema":{"@context":"https:\/\/schema.org","@graph":[{"@type":"Article","@id":"https:\/\/blogdacondessa.com.br\/blog\/politica\/o-programa-ser-mulher-presta-um-atendimento-de-verdade-as-mulheres-vitimas-de-violencia\/#article","isPartOf":{"@id":"https:\/\/blogdacondessa.com.br\/blog\/politica\/o-programa-ser-mulher-presta-um-atendimento-de-verdade-as-mulheres-vitimas-de-violencia\/"},"author":{"name":"Blog da Condessa","@id":"https:\/\/blogdacondessa.com.br\/blog\/#\/schema\/person\/1d667ff8b785195b568677489d266035"},"headline":"\u201cO programa SER Mulher presta um atendimento de verdade \u00e0s mulheres v\u00edtimas de viol\u00eancia\u201d","datePublished":"2023-03-04T09:00:45+00:00","mainEntityOfPage":{"@id":"https:\/\/blogdacondessa.com.br\/blog\/politica\/o-programa-ser-mulher-presta-um-atendimento-de-verdade-as-mulheres-vitimas-de-violencia\/"},"wordCount":383,"image":{"@id":"https:\/\/blogdacondessa.com.br\/blog\/politica\/o-programa-ser-mulher-presta-um-atendimento-de-verdade-as-mulheres-vitimas-de-violencia\/#primaryimage"},"thumbnailUrl":"https:\/\/blogdacondessa.com.br\/blog\/wp-content\/uploads\/2023\/03\/margareti-buzetti.jpg","articleSection":["Pol\u00edtica"],"inLanguage":"pt-BR"},{"@type":"WebPage","@id":"https:\/\/blogdacondessa.com.br\/blog\/politica\/o-programa-ser-mulher-presta-um-atendimento-de-verdade-as-mulheres-vitimas-de-violencia\/","url":"https:\/\/blogdacondessa.com.br\/blog\/politica\/o-programa-ser-mulher-presta-um-atendimento-de-verdade-as-mulheres-vitimas-de-violencia\/","name":"\u201cO programa SER Mulher presta um atendimento de verdade \u00e0s mulheres v\u00edtimas de viol\u00eancia\u201d &#8902; Blog da Condessa","isPartOf":{"@id":"https:\/\/blogdacondessa.com.br\/blog\/#website"},"primaryImageOfPage":{"@id":"https:\/\/blogdacondessa.com.br\/blog\/politica\/o-programa-ser-mulher-presta-um-atendimento-de-verdade-as-mulheres-vitimas-de-violencia\/#primaryimage"},"image":{"@id":"https:\/\/blogdacondessa.com.br\/blog\/politica\/o-programa-ser-mulher-presta-um-atendimento-de-verdade-as-mulheres-vitimas-de-violencia\/#primaryimage"},"thumbnailUrl":"https:\/\/blogdacondessa.com.br\/blog\/wp-content\/uploads\/2023\/03\/margareti-buzetti.jpg","datePublished":"2023-03-04T09:00:45+00:00","author":{"@id":"https:\/\/blogdacondessa.com.br\/blog\/#\/schema\/person\/1d667ff8b785195b568677489d266035"},"breadcrumb":{"@id":"https:\/\/blogdacondessa.com.br\/blog\/politica\/o-programa-ser-mulher-presta-um-atendimento-de-verdade-as-mulheres-vitimas-de-violencia\/#breadcrumb"},"inLanguage":"pt-BR","potentialAction":[{"@type":"ReadAction","target":["https:\/\/blogdacondessa.com.br\/blog\/politica\/o-programa-ser-mulher-presta-um-atendimento-de-verdade-as-mulheres-vitimas-de-violencia\/"]}]},{"@type":"ImageObject","inLanguage":"pt-BR","@id":"https:\/\/blogdacondessa.com.br\/blog\/politica\/o-programa-ser-mulher-presta-um-atendimento-de-verdade-as-mulheres-vitimas-de-violencia\/#primaryimage","url":"https:\/\/blogdacondessa.com.br\/blog\/wp-content\/uploads\/2023\/03\/margareti-buzetti.jpg","contentUrl":"https:\/\/blogdacondessa.com.br\/blog\/wp-content\/uploads\/2023\/03\/margareti-buzetti.jpg","width":855,"height":570},{"@type":"BreadcrumbList","@id":"https:\/\/blogdacondessa.com.br\/blog\/politica\/o-programa-ser-mulher-presta-um-atendimento-de-verdade-as-mulheres-vitimas-de-violencia\/#breadcrumb","itemListElement":[{"@type":"ListItem","position":1,"name":"In\u00edcio","item":"https:\/\/blogdacondessa.com.br\/blog\/"},{"@type":"ListItem","position":2,"name":"\u201cO programa SER Mulher presta um atendimento de verdade \u00e0s mulheres v\u00edtimas de viol\u00eancia\u201d"}]},{"@type":"WebSite","@id":"https:\/\/blogdacondessa.com.br\/blog\/#website","url":"https:\/\/blogdacondessa.com.br\/blog\/","name":"Blog da Condessa","description":"Com Shirley de Souza O\u2019Campos","potentialAction":[{"@type":"SearchAction","target":{"@type":"EntryPoint","urlTemplate":"https:\/\/blogdacondessa.com.br\/blog\/?s={search_term_string}"},"query-input":{"@type":"PropertyValueSpecification","valueRequired":true,"valueName":"search_term_string"}}],"inLanguage":"pt-BR"},{"@type":"Person","@id":"https:\/\/blogdacondessa.com.br\/blog\/#\/schema\/person\/1d667ff8b785195b568677489d266035","name":"Blog da Condessa","image":{"@type":"ImageObject","inLanguage":"pt-BR","@id":"https:\/\/secure.gravatar.com\/avatar\/377c0eb8b4ad2bfc25461b41564b5971e721ca34a57642868fc7b0c8ac7b52c5?s=96&d=mm&r=g","url":"https:\/\/secure.gravatar.com\/avatar\/377c0eb8b4ad2bfc25461b41564b5971e721ca34a57642868fc7b0c8ac7b52c5?s=96&d=mm&r=g","contentUrl":"https:\/\/secure.gravatar.com\/avatar\/377c0eb8b4ad2bfc25461b41564b5971e721ca34a57642868fc7b0c8ac7b52c5?s=96&d=mm&r=g","caption":"Blog da Condessa"},"url":"https:\/\/blogdacondessa.com.br\/blog\/author\/beatriz\/"}]}},"_links":{"self":[{"href":"https:\/\/blogdacondessa.com.br\/blog\/wp-json\/wp\/v2\/posts\/6471","targetHints":{"allow":["GET"]}}],"collection":[{"href":"https:\/\/blogdacondessa.com.br\/blog\/wp-json\/wp\/v2\/posts"}],"about":[{"href":"https:\/\/blogdacondessa.com.br\/blog\/wp-json\/wp\/v2\/types\/post"}],"author":[{"embeddable":true,"href":"https:\/\/blogdacondessa.com.br\/blog\/wp-json\/wp\/v2\/users\/2"}],"replies":[{"embeddable":true,"href":"https:\/\/blogdacondessa.com.br\/blog\/wp-json\/wp\/v2\/comments?post=6471"}],"version-history":[{"count":0,"href":"https:\/\/blogdacondessa.com.br\/blog\/wp-json\/wp\/v2\/posts\/6471\/revisions"}],"wp:featuredmedia":[{"embeddable":true,"href":"https:\/\/blogdacondessa.com.br\/blog\/wp-json\/wp\/v2\/media\/6472"}],"wp:attachment":[{"href":"https:\/\/blogdacondessa.com.br\/blog\/wp-json\/wp\/v2\/media?parent=6471"}],"wp:term":[{"taxonomy":"category","embeddable":true,"href":"https:\/\/blogdacondessa.com.br\/blog\/wp-json\/wp\/v2\/categories?post=6471"},{"taxonomy":"post_tag","embeddable":true,"href":"https:\/\/blogdacondessa.com.br\/blog\/wp-json\/wp\/v2\/tags?post=6471"}],"curies":[{"name":"wp","href":"https:\/\/api.w.org\/{rel}","templated":true}]}}