{"id":6437,"date":"2023-02-28T05:00:06","date_gmt":"2023-02-28T09:00:06","guid":{"rendered":"http:\/\/blogdacondessa.com.br\/?p=6437"},"modified":"2023-02-27T12:32:11","modified_gmt":"2023-02-27T16:32:11","slug":"a-palavra-de-ordem-no-mundo-e-seguranca-alimentar","status":"publish","type":"post","link":"https:\/\/blogdacondessa.com.br\/blog\/institucional\/a-palavra-de-ordem-no-mundo-e-seguranca-alimentar\/","title":{"rendered":"\u201cA palavra de ordem no mundo \u00e9 seguran\u00e7a alimentar\u201d"},"content":{"rendered":"<p>Cuiab\u00e1 ser\u00e1 sede do II Congresso Ambiental dos Tribunais de Contas: Desenvolvimento e Sustentabilidade, que ser\u00e1 realizado de 22 a 25 de maio. O an\u00fancio foi feito pelo presidente da Comiss\u00e3o Permanente de Meio Ambiente e Sustentabilidade do Tribunal de Contas de Mato Grosso (TCE-MT), conselheiro S\u00e9rgio Ricardo, durante a primeira reuni\u00e3o nacional de trabalho, promovida no \u00faltimo dia 23, com a presen\u00e7a do senador Wellington Fagundes e representantes de institui\u00e7\u00f5es de ensino e pesquisa.<\/p>\n<p>\u201cMato Grosso \u00e9 um estado que polui, mas \u00e9 um estado produtivo, produz comida para o mundo. Ent\u00e3o, vamos convidar o mundo para conhecer Mato Grosso, entender bem o que \u00e9 Mato Grosso. Vamos falar de degrada\u00e7\u00e3o, de polui\u00e7\u00e3o, mas tamb\u00e9m de quem produz, de quem cuida, de quem preserva. Nosso estado \u00e9 a \u00faltima fronteira de expans\u00e3o agr\u00edcola do Brasil. \u00c9 para c\u00e1 que vem o desenvolvimento, o crescimento est\u00e1 aqui, e temos que ter aten\u00e7\u00e3o total. Ent\u00e3o, vamos envolver todos os atores para buscarmos solu\u00e7\u00f5es para Mato Grosso e para o Brasil&#8221;, declarou o conselheiro.<\/p>\n<p>Na oportunidade, S\u00e9rgio Ricardo ressaltou a import\u00e2ncia do debate no estado e convidou o senador Wellington Fagundes, que tem um grande envolvimento na \u00e1rea ambiental, para ser parceiro na organiza\u00e7\u00e3o e realiza\u00e7\u00e3o do evento. \u201cEssa \u00e9 uma discuss\u00e3o voltada para quem somos n\u00f3s no Brasil, quem \u00e9 Mato Grosso no mundo. Qual \u00e9 a nossa responsabilidade, como podemos ajudar na seguran\u00e7a alimentar do mundo. N\u00f3s vivemos aqui, temos que discutir as nossas quest\u00f5es, temos que discutir a nossa Amaz\u00f4nia, o nosso Cerrado e o nosso Pantanal e n\u00f3s estamos fazendo isso, estamos fazendo a li\u00e7\u00e3o de casa. Todos os envolvidos estar\u00e3o presentes nessa grandiosa discuss\u00e3o. \u00c9 dos resultados dessa discuss\u00e3o que depende as nossas vidas\u201d.<\/p>\n<p>O senador por Mato Grosso fez quest\u00e3o de elogiar a a\u00e7\u00e3o pioneira do conselheiro junto aos Tribunais de Contas do Brasil. \u201cTrazer essa discuss\u00e3o para o estado que mais produz alimentos \u00e9 extremamente importante, pois a palavra de ordem no mundo \u00e9 seguran\u00e7a alimentar. Vamos debater produ\u00e7\u00e3o com sustentabilidade. N\u00f3s exportamos para o mundo inteiro e temos capacidade de multiplicar muito ainda essa produ\u00e7\u00e3o e para isso temos que ter a ci\u00eancia, a tecnologia, acompanhando a capacita\u00e7\u00e3o do nosso trabalhador. N\u00f3s temos riquezas naturais ainda pouco exploradas, que podem trazer produ\u00e7\u00e3o e tecnologia para que seja feita com sustentabilidade, pois hoje o mundo exige o respeito ao meio ambiente\u201d.<\/p>\n<p>Representando o Instituto Nacional de \u00c1reas \u00damidas (Inau), C\u00e1tia Nunes, que participou do encontro de forma virtual, tamb\u00e9m parabenizou a iniciativa do TCE-MT. \u201cEssa \u00e9 uma oportunidade \u00edmpar para mostrar a realidade do estado, pois podemos ir na contram\u00e3o internacional, que traz uma imagem negativa. Oportunidade de as partes dialogarem sobre como produzir de forma sustent\u00e1vel. Mostrar para fora que pensamos sim em desenvolvimento e sustentabilidade\u201d.<\/p>\n<p><strong>Comunidade Acad\u00eamica<\/strong><\/p>\n<p>A reuni\u00e3o de trabalho contou com a participa\u00e7\u00e3o de representantes da comunidade acad\u00eamica do estado, a exemplo do reitor da Universidade Federal de Mato Grosso (UFMT), Evandro Soares, que ressaltou a parceria com o TCE-MT.<\/p>\n<p>\u201cMais uma vez vamos estar juntos e ajudar a organizar esse trabalho magn\u00edfico, levando, de forma pedag\u00f3gica, as quest\u00f5es de desenvolvimento e da sustentabilidade do estado. Vamos colaborar, juntamente com as outras institui\u00e7\u00f5es de ensino, com o arcabou\u00e7o cient\u00edfico, t\u00e9cnico e a expertise na \u00e1rea para ajudar a enriquecer essa discuss\u00e3o, nessa dial\u00e9tica, aprendendo, ensinando e desenvolvendo o estado de Mato Grosso\u201d, declarou.<\/p>\n<p>O pr\u00f3-reitor de extens\u00e3o do Instituto Federal de Mato Grosso (IFMT), Marcos Taques, falou da import\u00e2ncia da participa\u00e7\u00e3o no debate. \u201cMuito nos orgulha participar desse grandioso evento, em que vamos poder falar um pouco, n\u00e3o s\u00f3 para a academia, mas principalmente para a sociedade. Ver o Tribunal de Contas fazer esse tipo de debate \u00e9 muito empolgante\u201d.<\/p>\n<p>Assessor especial da Universidade Federal de Rondon\u00f3polis (UFR), Heimsten Leal, destacou a relev\u00e2ncia da aproxima\u00e7\u00e3o da academia com o Tribunal de Contas. \u201cA comunidade acad\u00eamica est\u00e1 envolvida nisso como formadora de recursos humanos, desenvolvedora de ensino, pesquisa, extens\u00e3o e inova\u00e7\u00e3o e s\u00f3 vem a contribuir para que este evento propagar esse conhecimento nos pr\u00f3ximos anos\u201d.<\/p>\n<p>Na ocasi\u00e3o, foi formada a comiss\u00e3o que ser\u00e1 respons\u00e1vel pela organiza\u00e7\u00e3o do congresso, que contar\u00e1 com representantes do TCE-MT, do Congresso Nacional e da comunidade acad\u00eamica.<\/p>\n<p>&nbsp;<\/p>\n<p>&nbsp;<\/p>\n","protected":false},"excerpt":{"rendered":"<p>Cuiab\u00e1 ser\u00e1 sede do II Congresso Ambiental dos Tribunais de Contas: Desenvolvimento e Sustentabilidade, que ser\u00e1 realizado de 22 a 25 de maio. O an\u00fancio foi feito pelo presidente da Comiss\u00e3o Permanente de Meio Ambiente e Sustentabilidade do Tribunal de Contas de Mato Grosso (TCE-MT), conselheiro S\u00e9rgio Ricardo, durante a primeira reuni\u00e3o nacional de trabalho, [&hellip;]<\/p>\n","protected":false},"author":2,"featured_media":6438,"comment_status":"closed","ping_status":"closed","sticky":false,"template":"","format":"standard","meta":{"iawp_total_views":0,"footnotes":""},"categories":[13],"tags":[],"class_list":["post-6437","post","type-post","status-publish","format-standard","has-post-thumbnail","hentry","category-institucional"],"yoast_head":"<!-- This site is optimized with the Yoast SEO plugin v27.3 - https:\/\/yoast.com\/product\/yoast-seo-wordpress\/ -->\n<title>\u201cA palavra de ordem no mundo \u00e9 seguran\u00e7a alimentar\u201d &#8902; Blog da Condessa<\/title>\n<meta name=\"robots\" content=\"index, follow, max-snippet:-1, max-image-preview:large, max-video-preview:-1\" \/>\n<link rel=\"canonical\" href=\"https:\/\/blogdacondessa.com.br\/blog\/institucional\/a-palavra-de-ordem-no-mundo-e-seguranca-alimentar\/\" \/>\n<meta property=\"og:locale\" content=\"pt_BR\" \/>\n<meta property=\"og:type\" content=\"article\" \/>\n<meta property=\"og:title\" content=\"\u201cA palavra de ordem no mundo \u00e9 seguran\u00e7a alimentar\u201d &#8902; Blog da Condessa\" \/>\n<meta property=\"og:description\" content=\"Cuiab\u00e1 ser\u00e1 sede do II Congresso Ambiental dos Tribunais de Contas: Desenvolvimento e Sustentabilidade, que ser\u00e1 realizado de 22 a 25 de maio. O an\u00fancio foi feito pelo presidente da Comiss\u00e3o Permanente de Meio Ambiente e Sustentabilidade do Tribunal de Contas de Mato Grosso (TCE-MT), conselheiro S\u00e9rgio Ricardo, durante a primeira reuni\u00e3o nacional de trabalho, [&hellip;]\" \/>\n<meta property=\"og:url\" content=\"https:\/\/blogdacondessa.com.br\/blog\/institucional\/a-palavra-de-ordem-no-mundo-e-seguranca-alimentar\/\" \/>\n<meta property=\"og:site_name\" content=\"Blog da Condessa\" \/>\n<meta property=\"article:published_time\" content=\"2023-02-28T09:00:06+00:00\" \/>\n<meta property=\"og:image\" content=\"https:\/\/blogdacondessa.com.br\/blog\/wp-content\/uploads\/2023\/02\/TCE-MT-1.jpg\" \/>\n\t<meta property=\"og:image:width\" content=\"2480\" \/>\n\t<meta property=\"og:image:height\" content=\"1654\" \/>\n\t<meta property=\"og:image:type\" content=\"image\/jpeg\" \/>\n<meta name=\"author\" content=\"Blog da Condessa\" \/>\n<meta name=\"twitter:card\" content=\"summary_large_image\" \/>\n<meta name=\"twitter:label1\" content=\"Escrito por\" \/>\n\t<meta name=\"twitter:data1\" content=\"Blog da Condessa\" \/>\n\t<meta name=\"twitter:label2\" content=\"Est. tempo de leitura\" \/>\n\t<meta name=\"twitter:data2\" content=\"4 minutos\" \/>\n<script type=\"application\/ld+json\" class=\"yoast-schema-graph\">{\"@context\":\"https:\\\/\\\/schema.org\",\"@graph\":[{\"@type\":\"Article\",\"@id\":\"https:\\\/\\\/blogdacondessa.com.br\\\/blog\\\/institucional\\\/a-palavra-de-ordem-no-mundo-e-seguranca-alimentar\\\/#article\",\"isPartOf\":{\"@id\":\"https:\\\/\\\/blogdacondessa.com.br\\\/blog\\\/institucional\\\/a-palavra-de-ordem-no-mundo-e-seguranca-alimentar\\\/\"},\"author\":{\"name\":\"Blog da Condessa\",\"@id\":\"https:\\\/\\\/blogdacondessa.com.br\\\/blog\\\/#\\\/schema\\\/person\\\/1d667ff8b785195b568677489d266035\"},\"headline\":\"\u201cA palavra de ordem no mundo \u00e9 seguran\u00e7a alimentar\u201d\",\"datePublished\":\"2023-02-28T09:00:06+00:00\",\"mainEntityOfPage\":{\"@id\":\"https:\\\/\\\/blogdacondessa.com.br\\\/blog\\\/institucional\\\/a-palavra-de-ordem-no-mundo-e-seguranca-alimentar\\\/\"},\"wordCount\":770,\"image\":{\"@id\":\"https:\\\/\\\/blogdacondessa.com.br\\\/blog\\\/institucional\\\/a-palavra-de-ordem-no-mundo-e-seguranca-alimentar\\\/#primaryimage\"},\"thumbnailUrl\":\"https:\\\/\\\/blogdacondessa.com.br\\\/blog\\\/wp-content\\\/uploads\\\/2023\\\/02\\\/TCE-MT-1.jpg\",\"articleSection\":[\"Institucional\"],\"inLanguage\":\"pt-BR\"},{\"@type\":\"WebPage\",\"@id\":\"https:\\\/\\\/blogdacondessa.com.br\\\/blog\\\/institucional\\\/a-palavra-de-ordem-no-mundo-e-seguranca-alimentar\\\/\",\"url\":\"https:\\\/\\\/blogdacondessa.com.br\\\/blog\\\/institucional\\\/a-palavra-de-ordem-no-mundo-e-seguranca-alimentar\\\/\",\"name\":\"\u201cA palavra de ordem no mundo \u00e9 seguran\u00e7a alimentar\u201d &#8902; Blog da Condessa\",\"isPartOf\":{\"@id\":\"https:\\\/\\\/blogdacondessa.com.br\\\/blog\\\/#website\"},\"primaryImageOfPage\":{\"@id\":\"https:\\\/\\\/blogdacondessa.com.br\\\/blog\\\/institucional\\\/a-palavra-de-ordem-no-mundo-e-seguranca-alimentar\\\/#primaryimage\"},\"image\":{\"@id\":\"https:\\\/\\\/blogdacondessa.com.br\\\/blog\\\/institucional\\\/a-palavra-de-ordem-no-mundo-e-seguranca-alimentar\\\/#primaryimage\"},\"thumbnailUrl\":\"https:\\\/\\\/blogdacondessa.com.br\\\/blog\\\/wp-content\\\/uploads\\\/2023\\\/02\\\/TCE-MT-1.jpg\",\"datePublished\":\"2023-02-28T09:00:06+00:00\",\"author\":{\"@id\":\"https:\\\/\\\/blogdacondessa.com.br\\\/blog\\\/#\\\/schema\\\/person\\\/1d667ff8b785195b568677489d266035\"},\"breadcrumb\":{\"@id\":\"https:\\\/\\\/blogdacondessa.com.br\\\/blog\\\/institucional\\\/a-palavra-de-ordem-no-mundo-e-seguranca-alimentar\\\/#breadcrumb\"},\"inLanguage\":\"pt-BR\",\"potentialAction\":[{\"@type\":\"ReadAction\",\"target\":[\"https:\\\/\\\/blogdacondessa.com.br\\\/blog\\\/institucional\\\/a-palavra-de-ordem-no-mundo-e-seguranca-alimentar\\\/\"]}]},{\"@type\":\"ImageObject\",\"inLanguage\":\"pt-BR\",\"@id\":\"https:\\\/\\\/blogdacondessa.com.br\\\/blog\\\/institucional\\\/a-palavra-de-ordem-no-mundo-e-seguranca-alimentar\\\/#primaryimage\",\"url\":\"https:\\\/\\\/blogdacondessa.com.br\\\/blog\\\/wp-content\\\/uploads\\\/2023\\\/02\\\/TCE-MT-1.jpg\",\"contentUrl\":\"https:\\\/\\\/blogdacondessa.com.br\\\/blog\\\/wp-content\\\/uploads\\\/2023\\\/02\\\/TCE-MT-1.jpg\",\"width\":2480,\"height\":1654,\"caption\":\"Foto: Assessoria\"},{\"@type\":\"BreadcrumbList\",\"@id\":\"https:\\\/\\\/blogdacondessa.com.br\\\/blog\\\/institucional\\\/a-palavra-de-ordem-no-mundo-e-seguranca-alimentar\\\/#breadcrumb\",\"itemListElement\":[{\"@type\":\"ListItem\",\"position\":1,\"name\":\"In\u00edcio\",\"item\":\"https:\\\/\\\/blogdacondessa.com.br\\\/blog\\\/\"},{\"@type\":\"ListItem\",\"position\":2,\"name\":\"\u201cA palavra de ordem no mundo \u00e9 seguran\u00e7a alimentar\u201d\"}]},{\"@type\":\"WebSite\",\"@id\":\"https:\\\/\\\/blogdacondessa.com.br\\\/blog\\\/#website\",\"url\":\"https:\\\/\\\/blogdacondessa.com.br\\\/blog\\\/\",\"name\":\"Blog da Condessa\",\"description\":\"Com Shirley de Souza O\u2019Campos\",\"potentialAction\":[{\"@type\":\"SearchAction\",\"target\":{\"@type\":\"EntryPoint\",\"urlTemplate\":\"https:\\\/\\\/blogdacondessa.com.br\\\/blog\\\/?s={search_term_string}\"},\"query-input\":{\"@type\":\"PropertyValueSpecification\",\"valueRequired\":true,\"valueName\":\"search_term_string\"}}],\"inLanguage\":\"pt-BR\"},{\"@type\":\"Person\",\"@id\":\"https:\\\/\\\/blogdacondessa.com.br\\\/blog\\\/#\\\/schema\\\/person\\\/1d667ff8b785195b568677489d266035\",\"name\":\"Blog da Condessa\",\"image\":{\"@type\":\"ImageObject\",\"inLanguage\":\"pt-BR\",\"@id\":\"https:\\\/\\\/secure.gravatar.com\\\/avatar\\\/377c0eb8b4ad2bfc25461b41564b5971e721ca34a57642868fc7b0c8ac7b52c5?s=96&d=mm&r=g\",\"url\":\"https:\\\/\\\/secure.gravatar.com\\\/avatar\\\/377c0eb8b4ad2bfc25461b41564b5971e721ca34a57642868fc7b0c8ac7b52c5?s=96&d=mm&r=g\",\"contentUrl\":\"https:\\\/\\\/secure.gravatar.com\\\/avatar\\\/377c0eb8b4ad2bfc25461b41564b5971e721ca34a57642868fc7b0c8ac7b52c5?s=96&d=mm&r=g\",\"caption\":\"Blog da Condessa\"},\"url\":\"https:\\\/\\\/blogdacondessa.com.br\\\/blog\\\/author\\\/beatriz\\\/\"}]}<\/script>\n<!-- \/ Yoast SEO plugin. -->","yoast_head_json":{"title":"\u201cA palavra de ordem no mundo \u00e9 seguran\u00e7a alimentar\u201d &#8902; Blog da Condessa","robots":{"index":"index","follow":"follow","max-snippet":"max-snippet:-1","max-image-preview":"max-image-preview:large","max-video-preview":"max-video-preview:-1"},"canonical":"https:\/\/blogdacondessa.com.br\/blog\/institucional\/a-palavra-de-ordem-no-mundo-e-seguranca-alimentar\/","og_locale":"pt_BR","og_type":"article","og_title":"\u201cA palavra de ordem no mundo \u00e9 seguran\u00e7a alimentar\u201d &#8902; Blog da Condessa","og_description":"Cuiab\u00e1 ser\u00e1 sede do II Congresso Ambiental dos Tribunais de Contas: Desenvolvimento e Sustentabilidade, que ser\u00e1 realizado de 22 a 25 de maio. O an\u00fancio foi feito pelo presidente da Comiss\u00e3o Permanente de Meio Ambiente e Sustentabilidade do Tribunal de Contas de Mato Grosso (TCE-MT), conselheiro S\u00e9rgio Ricardo, durante a primeira reuni\u00e3o nacional de trabalho, [&hellip;]","og_url":"https:\/\/blogdacondessa.com.br\/blog\/institucional\/a-palavra-de-ordem-no-mundo-e-seguranca-alimentar\/","og_site_name":"Blog da Condessa","article_published_time":"2023-02-28T09:00:06+00:00","og_image":[{"width":2480,"height":1654,"url":"https:\/\/blogdacondessa.com.br\/blog\/wp-content\/uploads\/2023\/02\/TCE-MT-1.jpg","type":"image\/jpeg"}],"author":"Blog da Condessa","twitter_card":"summary_large_image","twitter_misc":{"Escrito por":"Blog da Condessa","Est. tempo de leitura":"4 minutos"},"schema":{"@context":"https:\/\/schema.org","@graph":[{"@type":"Article","@id":"https:\/\/blogdacondessa.com.br\/blog\/institucional\/a-palavra-de-ordem-no-mundo-e-seguranca-alimentar\/#article","isPartOf":{"@id":"https:\/\/blogdacondessa.com.br\/blog\/institucional\/a-palavra-de-ordem-no-mundo-e-seguranca-alimentar\/"},"author":{"name":"Blog da Condessa","@id":"https:\/\/blogdacondessa.com.br\/blog\/#\/schema\/person\/1d667ff8b785195b568677489d266035"},"headline":"\u201cA palavra de ordem no mundo \u00e9 seguran\u00e7a alimentar\u201d","datePublished":"2023-02-28T09:00:06+00:00","mainEntityOfPage":{"@id":"https:\/\/blogdacondessa.com.br\/blog\/institucional\/a-palavra-de-ordem-no-mundo-e-seguranca-alimentar\/"},"wordCount":770,"image":{"@id":"https:\/\/blogdacondessa.com.br\/blog\/institucional\/a-palavra-de-ordem-no-mundo-e-seguranca-alimentar\/#primaryimage"},"thumbnailUrl":"https:\/\/blogdacondessa.com.br\/blog\/wp-content\/uploads\/2023\/02\/TCE-MT-1.jpg","articleSection":["Institucional"],"inLanguage":"pt-BR"},{"@type":"WebPage","@id":"https:\/\/blogdacondessa.com.br\/blog\/institucional\/a-palavra-de-ordem-no-mundo-e-seguranca-alimentar\/","url":"https:\/\/blogdacondessa.com.br\/blog\/institucional\/a-palavra-de-ordem-no-mundo-e-seguranca-alimentar\/","name":"\u201cA palavra de ordem no mundo \u00e9 seguran\u00e7a alimentar\u201d &#8902; Blog da Condessa","isPartOf":{"@id":"https:\/\/blogdacondessa.com.br\/blog\/#website"},"primaryImageOfPage":{"@id":"https:\/\/blogdacondessa.com.br\/blog\/institucional\/a-palavra-de-ordem-no-mundo-e-seguranca-alimentar\/#primaryimage"},"image":{"@id":"https:\/\/blogdacondessa.com.br\/blog\/institucional\/a-palavra-de-ordem-no-mundo-e-seguranca-alimentar\/#primaryimage"},"thumbnailUrl":"https:\/\/blogdacondessa.com.br\/blog\/wp-content\/uploads\/2023\/02\/TCE-MT-1.jpg","datePublished":"2023-02-28T09:00:06+00:00","author":{"@id":"https:\/\/blogdacondessa.com.br\/blog\/#\/schema\/person\/1d667ff8b785195b568677489d266035"},"breadcrumb":{"@id":"https:\/\/blogdacondessa.com.br\/blog\/institucional\/a-palavra-de-ordem-no-mundo-e-seguranca-alimentar\/#breadcrumb"},"inLanguage":"pt-BR","potentialAction":[{"@type":"ReadAction","target":["https:\/\/blogdacondessa.com.br\/blog\/institucional\/a-palavra-de-ordem-no-mundo-e-seguranca-alimentar\/"]}]},{"@type":"ImageObject","inLanguage":"pt-BR","@id":"https:\/\/blogdacondessa.com.br\/blog\/institucional\/a-palavra-de-ordem-no-mundo-e-seguranca-alimentar\/#primaryimage","url":"https:\/\/blogdacondessa.com.br\/blog\/wp-content\/uploads\/2023\/02\/TCE-MT-1.jpg","contentUrl":"https:\/\/blogdacondessa.com.br\/blog\/wp-content\/uploads\/2023\/02\/TCE-MT-1.jpg","width":2480,"height":1654,"caption":"Foto: Assessoria"},{"@type":"BreadcrumbList","@id":"https:\/\/blogdacondessa.com.br\/blog\/institucional\/a-palavra-de-ordem-no-mundo-e-seguranca-alimentar\/#breadcrumb","itemListElement":[{"@type":"ListItem","position":1,"name":"In\u00edcio","item":"https:\/\/blogdacondessa.com.br\/blog\/"},{"@type":"ListItem","position":2,"name":"\u201cA palavra de ordem no mundo \u00e9 seguran\u00e7a alimentar\u201d"}]},{"@type":"WebSite","@id":"https:\/\/blogdacondessa.com.br\/blog\/#website","url":"https:\/\/blogdacondessa.com.br\/blog\/","name":"Blog da Condessa","description":"Com Shirley de Souza O\u2019Campos","potentialAction":[{"@type":"SearchAction","target":{"@type":"EntryPoint","urlTemplate":"https:\/\/blogdacondessa.com.br\/blog\/?s={search_term_string}"},"query-input":{"@type":"PropertyValueSpecification","valueRequired":true,"valueName":"search_term_string"}}],"inLanguage":"pt-BR"},{"@type":"Person","@id":"https:\/\/blogdacondessa.com.br\/blog\/#\/schema\/person\/1d667ff8b785195b568677489d266035","name":"Blog da Condessa","image":{"@type":"ImageObject","inLanguage":"pt-BR","@id":"https:\/\/secure.gravatar.com\/avatar\/377c0eb8b4ad2bfc25461b41564b5971e721ca34a57642868fc7b0c8ac7b52c5?s=96&d=mm&r=g","url":"https:\/\/secure.gravatar.com\/avatar\/377c0eb8b4ad2bfc25461b41564b5971e721ca34a57642868fc7b0c8ac7b52c5?s=96&d=mm&r=g","contentUrl":"https:\/\/secure.gravatar.com\/avatar\/377c0eb8b4ad2bfc25461b41564b5971e721ca34a57642868fc7b0c8ac7b52c5?s=96&d=mm&r=g","caption":"Blog da Condessa"},"url":"https:\/\/blogdacondessa.com.br\/blog\/author\/beatriz\/"}]}},"_links":{"self":[{"href":"https:\/\/blogdacondessa.com.br\/blog\/wp-json\/wp\/v2\/posts\/6437","targetHints":{"allow":["GET"]}}],"collection":[{"href":"https:\/\/blogdacondessa.com.br\/blog\/wp-json\/wp\/v2\/posts"}],"about":[{"href":"https:\/\/blogdacondessa.com.br\/blog\/wp-json\/wp\/v2\/types\/post"}],"author":[{"embeddable":true,"href":"https:\/\/blogdacondessa.com.br\/blog\/wp-json\/wp\/v2\/users\/2"}],"replies":[{"embeddable":true,"href":"https:\/\/blogdacondessa.com.br\/blog\/wp-json\/wp\/v2\/comments?post=6437"}],"version-history":[{"count":0,"href":"https:\/\/blogdacondessa.com.br\/blog\/wp-json\/wp\/v2\/posts\/6437\/revisions"}],"wp:featuredmedia":[{"embeddable":true,"href":"https:\/\/blogdacondessa.com.br\/blog\/wp-json\/wp\/v2\/media\/6438"}],"wp:attachment":[{"href":"https:\/\/blogdacondessa.com.br\/blog\/wp-json\/wp\/v2\/media?parent=6437"}],"wp:term":[{"taxonomy":"category","embeddable":true,"href":"https:\/\/blogdacondessa.com.br\/blog\/wp-json\/wp\/v2\/categories?post=6437"},{"taxonomy":"post_tag","embeddable":true,"href":"https:\/\/blogdacondessa.com.br\/blog\/wp-json\/wp\/v2\/tags?post=6437"}],"curies":[{"name":"wp","href":"https:\/\/api.w.org\/{rel}","templated":true}]}}