{"id":6384,"date":"2023-02-20T14:14:25","date_gmt":"2023-02-20T18:14:25","guid":{"rendered":"http:\/\/blogdacondessa.com.br\/?p=6384"},"modified":"2023-02-20T14:14:25","modified_gmt":"2023-02-20T18:14:25","slug":"o-objetivo-e-acolher-e-amparar-a-realizacao-de-projetos-de-pesquisa-cientifica-e-inovacao-tecnologica","status":"publish","type":"post","link":"https:\/\/blogdacondessa.com.br\/blog\/educacao\/o-objetivo-e-acolher-e-amparar-a-realizacao-de-projetos-de-pesquisa-cientifica-e-inovacao-tecnologica\/","title":{"rendered":"\u201cO objetivo \u00e9 acolher e amparar a realiza\u00e7\u00e3o de projetos de pesquisa cient\u00edfica e inova\u00e7\u00e3o tecnol\u00f3gica \u201c"},"content":{"rendered":"<p>Professores e estudantes da rede estadual de educa\u00e7\u00e3o b\u00e1sica poder\u00e3o inscrever at\u00e9 o dia 17 de mar\u00e7o propostas com voca\u00e7\u00e3o para a pesquisa, desenvolvimento tecnol\u00f3gico e inova\u00e7\u00e3o nas escolas p\u00fablicas de Mato Grosso por meio do Programa Pesquisa e Inova\u00e7\u00e3o na Escola (PIE). Ser\u00e3o fomentadas 100 propostas.<\/p>\n<p>O edital do\u00a0programa foi\u00a0assinado pelos secret\u00e1rios de Ci\u00eancia, Tecnologia e Inova\u00e7\u00e3o,\u00a0Allan Kardec, Educa\u00e7\u00e3o, Allan Porto e\u00a0o presidente da Funda\u00e7\u00e3o de Amparo \u00e0 Pesquisa no Estado de Mato Grosso (Fapemat), Marcos de S\u00e1, no \u00faltimo dia 9, na Secretaria de Educa\u00e7\u00e3o (Seduc-MT), em Cuiab\u00e1.<\/p>\n<p>Ser\u00e3o investidos R$ 1.911.000,00 no programa, sendo\u00a0R$ 19.110,00 por proposta aprovada.\u00a0Poder\u00e3o coordenar e submeter propostas profissionais que tenham titula\u00e7\u00e3o m\u00ednima de gradua\u00e7\u00e3o, que possuam v\u00ednculo estatut\u00e1rio ou celetista com a Seduc-MT, que atuem na escola onde o projeto ser\u00e1 executado, que tenha curr\u00edculo atualizado na plataforma Lattes e no\u00a0SIGFAPEMAT, al\u00e9m de ser respons\u00e1vel pela administra\u00e7\u00e3o financeira e t\u00e9cnica da pesquisa.\u00a0Cada respons\u00e1vel\u00a0poder\u00e1 participar com\u00a0apenas uma proposta neste edital.<\/p>\n<p>O prazo para execu\u00e7\u00e3o dos projetos \u00e9 de at\u00e9 12 meses, contado a partir da data de assinatura do termo de concess\u00e3o de aux\u00edlio. O recurso investido ser\u00e1 por edital descentralizado da Fapemat.\u00a0As inscri\u00e7\u00f5es dos professores proponentes podem ser feitas na plataforma SIGFAPEMAT,\u00a0neste link.<\/p>\n<p><strong><em>Os projetos pesquisa e inova\u00e7\u00e3o na escola estar\u00e3o distribu\u00eddos em todas as Diretoria Regional de Educa\u00e7\u00e3o (DRE) do estado da seguinte maneira:<br \/>\n<\/em><\/strong>Cada projeto a ser inscrito deve prever tr\u00eas bolsas de Inicia\u00e7\u00e3o Cientifica Junior \u2013 ICJr, com vig\u00eancia de at\u00e9 seis\u00a0meses, destinadas a alunos do 8\u00ba ou 9\u00ba ano do Ensino Fundamental, ou do 1\u00ba, 2\u00ba, e 3\u00b0 anos do Ensino M\u00e9dio, regularmente matriculado na rede p\u00fablica estadual de educa\u00e7\u00e3o.<\/p>\n<p><strong>\u00a0Crit\u00e9rios<\/strong><\/p>\n<p>As propostas podem ser feitas nas \u00e1reas de Letras e Linguagens, Agr\u00e1rias, Humanas e Sociais, Biol\u00f3gicas, Exatas e Engenharia, e Bem-Estar e Sa\u00fade. Entre os crit\u00e9rios previstos no edital est\u00e3o a caracteriza\u00e7\u00e3o do projeto como pesquisa ou inova\u00e7\u00e3o tecnol\u00f3gica (04 pontos), potencial do impacto do projeto na melhoria do ensino (03 pontos), coer\u00eancia e exequibilidade (02 pontos).<\/p>\n<p>O secret\u00e1rio de Ci\u00eancia, Tecnologia e Inova\u00e7\u00e3o, Allan Kardec Benitez, explicou que a proposta precisa trazer algo para mudar a sociedade e o que queremos na comunidade escolar. &#8220;\u00c9 preciso qualificar a proposta. Ela precisa ser muito boa&#8221;, refor\u00e7ou Allan Kardec.<\/p>\n<p>O presidente da Fapemat, Marcos de S\u00e1, disse que o projeto \u00e9 uma cultura a ser implantada nas escolas para que os jovens e adolescentes possam ser estimulados a ser um pesquisador no futuro. \u201cO objetivo\u00a0\u00e9 acolher e amparar a realiza\u00e7\u00e3o de projetos de pesquisa cient\u00edfica e inova\u00e7\u00e3o tecnol\u00f3gica por professores e alunos de escolas p\u00fablicas estaduais de Mato Grosso\u201d, ponderou.<\/p>\n<p>\u201cA primeira edi\u00e7\u00e3o foi um sucesso e vamos repeti-la. Uma parceria que veio para valorizar e acompanhar os projetos de pesquisa e inova\u00e7\u00e3o desenvolvidos pelos professores e estudantes da rede estadual de ensino. \u00c9 uma oportunidade que far\u00e1 a diferen\u00e7a na vida profissional dos nossos educadores\u201d, afirmou o secret\u00e1rio, secret\u00e1rio de Estado de Educa\u00e7\u00e3o, Alan Porto, sobre a relev\u00e2ncia do projeto.<\/p>\n<p>As orienta\u00e7\u00f5es para o edital feitas pela Fapemat est\u00e3o\u00a0neste link. Para ler o conte\u00fado\u00a0completo do Edital FAPEMAT N\u00ba 003\/2023 do Programa Pesquisa e Inova\u00e7\u00e3o na Escola\u00a0\u00e9 s\u00f3 clicar no endere\u00e7o:\u00a0http:\/\/www.fapemat.mt.gov.br\/-\/23518512-edital-fapemat-n-.-003\/2023-programa-pesquisa-e-inovacao-na-escola-pie.<\/p>\n<p>&nbsp;<\/p>\n","protected":false},"excerpt":{"rendered":"<p>Professores e estudantes da rede estadual de educa\u00e7\u00e3o b\u00e1sica poder\u00e3o inscrever at\u00e9 o dia 17 de mar\u00e7o propostas com voca\u00e7\u00e3o para a pesquisa, desenvolvimento tecnol\u00f3gico e inova\u00e7\u00e3o nas escolas p\u00fablicas de Mato Grosso por meio do Programa Pesquisa e Inova\u00e7\u00e3o na Escola (PIE). Ser\u00e3o fomentadas 100 propostas. O edital do\u00a0programa foi\u00a0assinado pelos secret\u00e1rios de Ci\u00eancia, [&hellip;]<\/p>\n","protected":false},"author":2,"featured_media":6385,"comment_status":"closed","ping_status":"closed","sticky":false,"template":"","format":"standard","meta":{"iawp_total_views":0,"footnotes":""},"categories":[20],"tags":[],"class_list":["post-6384","post","type-post","status-publish","format-standard","has-post-thumbnail","hentry","category-educacao"],"yoast_head":"<!-- This site is optimized with the Yoast SEO plugin v27.3 - https:\/\/yoast.com\/product\/yoast-seo-wordpress\/ -->\n<title>\u201cO objetivo \u00e9 acolher e amparar a realiza\u00e7\u00e3o de projetos de pesquisa cient\u00edfica e inova\u00e7\u00e3o tecnol\u00f3gica \u201c &#8902; Blog da Condessa<\/title>\n<meta name=\"robots\" content=\"index, follow, max-snippet:-1, max-image-preview:large, max-video-preview:-1\" \/>\n<link rel=\"canonical\" href=\"https:\/\/blogdacondessa.com.br\/blog\/educacao\/o-objetivo-e-acolher-e-amparar-a-realizacao-de-projetos-de-pesquisa-cientifica-e-inovacao-tecnologica\/\" \/>\n<meta property=\"og:locale\" content=\"pt_BR\" \/>\n<meta property=\"og:type\" content=\"article\" \/>\n<meta property=\"og:title\" content=\"\u201cO objetivo \u00e9 acolher e amparar a realiza\u00e7\u00e3o de projetos de pesquisa cient\u00edfica e inova\u00e7\u00e3o tecnol\u00f3gica \u201c &#8902; Blog da Condessa\" \/>\n<meta property=\"og:description\" content=\"Professores e estudantes da rede estadual de educa\u00e7\u00e3o b\u00e1sica poder\u00e3o inscrever at\u00e9 o dia 17 de mar\u00e7o propostas com voca\u00e7\u00e3o para a pesquisa, desenvolvimento tecnol\u00f3gico e inova\u00e7\u00e3o nas escolas p\u00fablicas de Mato Grosso por meio do Programa Pesquisa e Inova\u00e7\u00e3o na Escola (PIE). Ser\u00e3o fomentadas 100 propostas. O edital do\u00a0programa foi\u00a0assinado pelos secret\u00e1rios de Ci\u00eancia, [&hellip;]\" \/>\n<meta property=\"og:url\" content=\"https:\/\/blogdacondessa.com.br\/blog\/educacao\/o-objetivo-e-acolher-e-amparar-a-realizacao-de-projetos-de-pesquisa-cientifica-e-inovacao-tecnologica\/\" \/>\n<meta property=\"og:site_name\" content=\"Blog da Condessa\" \/>\n<meta property=\"article:published_time\" content=\"2023-02-20T18:14:25+00:00\" \/>\n<meta property=\"og:image\" content=\"https:\/\/blogdacondessa.com.br\/blog\/wp-content\/uploads\/2023\/02\/inovacao-tecnologica.jpg\" \/>\n\t<meta property=\"og:image:width\" content=\"1024\" \/>\n\t<meta property=\"og:image:height\" content=\"1024\" \/>\n\t<meta property=\"og:image:type\" content=\"image\/jpeg\" \/>\n<meta name=\"author\" content=\"Blog da Condessa\" \/>\n<meta name=\"twitter:card\" content=\"summary_large_image\" \/>\n<meta name=\"twitter:label1\" content=\"Escrito por\" \/>\n\t<meta name=\"twitter:data1\" content=\"Blog da Condessa\" \/>\n\t<meta name=\"twitter:label2\" content=\"Est. tempo de leitura\" \/>\n\t<meta name=\"twitter:data2\" content=\"3 minutos\" \/>\n<script type=\"application\/ld+json\" class=\"yoast-schema-graph\">{\"@context\":\"https:\\\/\\\/schema.org\",\"@graph\":[{\"@type\":\"Article\",\"@id\":\"https:\\\/\\\/blogdacondessa.com.br\\\/blog\\\/educacao\\\/o-objetivo-e-acolher-e-amparar-a-realizacao-de-projetos-de-pesquisa-cientifica-e-inovacao-tecnologica\\\/#article\",\"isPartOf\":{\"@id\":\"https:\\\/\\\/blogdacondessa.com.br\\\/blog\\\/educacao\\\/o-objetivo-e-acolher-e-amparar-a-realizacao-de-projetos-de-pesquisa-cientifica-e-inovacao-tecnologica\\\/\"},\"author\":{\"name\":\"Blog da Condessa\",\"@id\":\"https:\\\/\\\/blogdacondessa.com.br\\\/blog\\\/#\\\/schema\\\/person\\\/1d667ff8b785195b568677489d266035\"},\"headline\":\"\u201cO objetivo \u00e9 acolher e amparar a realiza\u00e7\u00e3o de projetos de pesquisa cient\u00edfica e inova\u00e7\u00e3o tecnol\u00f3gica \u201c\",\"datePublished\":\"2023-02-20T18:14:25+00:00\",\"mainEntityOfPage\":{\"@id\":\"https:\\\/\\\/blogdacondessa.com.br\\\/blog\\\/educacao\\\/o-objetivo-e-acolher-e-amparar-a-realizacao-de-projetos-de-pesquisa-cientifica-e-inovacao-tecnologica\\\/\"},\"wordCount\":621,\"image\":{\"@id\":\"https:\\\/\\\/blogdacondessa.com.br\\\/blog\\\/educacao\\\/o-objetivo-e-acolher-e-amparar-a-realizacao-de-projetos-de-pesquisa-cientifica-e-inovacao-tecnologica\\\/#primaryimage\"},\"thumbnailUrl\":\"https:\\\/\\\/blogdacondessa.com.br\\\/blog\\\/wp-content\\\/uploads\\\/2023\\\/02\\\/inovacao-tecnologica.jpg\",\"articleSection\":[\"Educa\u00e7\u00e3o\"],\"inLanguage\":\"pt-BR\"},{\"@type\":\"WebPage\",\"@id\":\"https:\\\/\\\/blogdacondessa.com.br\\\/blog\\\/educacao\\\/o-objetivo-e-acolher-e-amparar-a-realizacao-de-projetos-de-pesquisa-cientifica-e-inovacao-tecnologica\\\/\",\"url\":\"https:\\\/\\\/blogdacondessa.com.br\\\/blog\\\/educacao\\\/o-objetivo-e-acolher-e-amparar-a-realizacao-de-projetos-de-pesquisa-cientifica-e-inovacao-tecnologica\\\/\",\"name\":\"\u201cO objetivo \u00e9 acolher e amparar a realiza\u00e7\u00e3o de projetos de pesquisa cient\u00edfica e inova\u00e7\u00e3o tecnol\u00f3gica \u201c &#8902; Blog da Condessa\",\"isPartOf\":{\"@id\":\"https:\\\/\\\/blogdacondessa.com.br\\\/blog\\\/#website\"},\"primaryImageOfPage\":{\"@id\":\"https:\\\/\\\/blogdacondessa.com.br\\\/blog\\\/educacao\\\/o-objetivo-e-acolher-e-amparar-a-realizacao-de-projetos-de-pesquisa-cientifica-e-inovacao-tecnologica\\\/#primaryimage\"},\"image\":{\"@id\":\"https:\\\/\\\/blogdacondessa.com.br\\\/blog\\\/educacao\\\/o-objetivo-e-acolher-e-amparar-a-realizacao-de-projetos-de-pesquisa-cientifica-e-inovacao-tecnologica\\\/#primaryimage\"},\"thumbnailUrl\":\"https:\\\/\\\/blogdacondessa.com.br\\\/blog\\\/wp-content\\\/uploads\\\/2023\\\/02\\\/inovacao-tecnologica.jpg\",\"datePublished\":\"2023-02-20T18:14:25+00:00\",\"author\":{\"@id\":\"https:\\\/\\\/blogdacondessa.com.br\\\/blog\\\/#\\\/schema\\\/person\\\/1d667ff8b785195b568677489d266035\"},\"breadcrumb\":{\"@id\":\"https:\\\/\\\/blogdacondessa.com.br\\\/blog\\\/educacao\\\/o-objetivo-e-acolher-e-amparar-a-realizacao-de-projetos-de-pesquisa-cientifica-e-inovacao-tecnologica\\\/#breadcrumb\"},\"inLanguage\":\"pt-BR\",\"potentialAction\":[{\"@type\":\"ReadAction\",\"target\":[\"https:\\\/\\\/blogdacondessa.com.br\\\/blog\\\/educacao\\\/o-objetivo-e-acolher-e-amparar-a-realizacao-de-projetos-de-pesquisa-cientifica-e-inovacao-tecnologica\\\/\"]}]},{\"@type\":\"ImageObject\",\"inLanguage\":\"pt-BR\",\"@id\":\"https:\\\/\\\/blogdacondessa.com.br\\\/blog\\\/educacao\\\/o-objetivo-e-acolher-e-amparar-a-realizacao-de-projetos-de-pesquisa-cientifica-e-inovacao-tecnologica\\\/#primaryimage\",\"url\":\"https:\\\/\\\/blogdacondessa.com.br\\\/blog\\\/wp-content\\\/uploads\\\/2023\\\/02\\\/inovacao-tecnologica.jpg\",\"contentUrl\":\"https:\\\/\\\/blogdacondessa.com.br\\\/blog\\\/wp-content\\\/uploads\\\/2023\\\/02\\\/inovacao-tecnologica.jpg\",\"width\":1024,\"height\":1024,\"caption\":\"Foto por: DTC\\\/Fap\"},{\"@type\":\"BreadcrumbList\",\"@id\":\"https:\\\/\\\/blogdacondessa.com.br\\\/blog\\\/educacao\\\/o-objetivo-e-acolher-e-amparar-a-realizacao-de-projetos-de-pesquisa-cientifica-e-inovacao-tecnologica\\\/#breadcrumb\",\"itemListElement\":[{\"@type\":\"ListItem\",\"position\":1,\"name\":\"In\u00edcio\",\"item\":\"https:\\\/\\\/blogdacondessa.com.br\\\/blog\\\/\"},{\"@type\":\"ListItem\",\"position\":2,\"name\":\"\u201cO objetivo \u00e9 acolher e amparar a realiza\u00e7\u00e3o de projetos de pesquisa cient\u00edfica e inova\u00e7\u00e3o tecnol\u00f3gica \u201c\"}]},{\"@type\":\"WebSite\",\"@id\":\"https:\\\/\\\/blogdacondessa.com.br\\\/blog\\\/#website\",\"url\":\"https:\\\/\\\/blogdacondessa.com.br\\\/blog\\\/\",\"name\":\"Blog da Condessa\",\"description\":\"Com Shirley de Souza O\u2019Campos\",\"potentialAction\":[{\"@type\":\"SearchAction\",\"target\":{\"@type\":\"EntryPoint\",\"urlTemplate\":\"https:\\\/\\\/blogdacondessa.com.br\\\/blog\\\/?s={search_term_string}\"},\"query-input\":{\"@type\":\"PropertyValueSpecification\",\"valueRequired\":true,\"valueName\":\"search_term_string\"}}],\"inLanguage\":\"pt-BR\"},{\"@type\":\"Person\",\"@id\":\"https:\\\/\\\/blogdacondessa.com.br\\\/blog\\\/#\\\/schema\\\/person\\\/1d667ff8b785195b568677489d266035\",\"name\":\"Blog da Condessa\",\"image\":{\"@type\":\"ImageObject\",\"inLanguage\":\"pt-BR\",\"@id\":\"https:\\\/\\\/secure.gravatar.com\\\/avatar\\\/377c0eb8b4ad2bfc25461b41564b5971e721ca34a57642868fc7b0c8ac7b52c5?s=96&d=mm&r=g\",\"url\":\"https:\\\/\\\/secure.gravatar.com\\\/avatar\\\/377c0eb8b4ad2bfc25461b41564b5971e721ca34a57642868fc7b0c8ac7b52c5?s=96&d=mm&r=g\",\"contentUrl\":\"https:\\\/\\\/secure.gravatar.com\\\/avatar\\\/377c0eb8b4ad2bfc25461b41564b5971e721ca34a57642868fc7b0c8ac7b52c5?s=96&d=mm&r=g\",\"caption\":\"Blog da Condessa\"},\"url\":\"https:\\\/\\\/blogdacondessa.com.br\\\/blog\\\/author\\\/beatriz\\\/\"}]}<\/script>\n<!-- \/ Yoast SEO plugin. -->","yoast_head_json":{"title":"\u201cO objetivo \u00e9 acolher e amparar a realiza\u00e7\u00e3o de projetos de pesquisa cient\u00edfica e inova\u00e7\u00e3o tecnol\u00f3gica \u201c &#8902; Blog da Condessa","robots":{"index":"index","follow":"follow","max-snippet":"max-snippet:-1","max-image-preview":"max-image-preview:large","max-video-preview":"max-video-preview:-1"},"canonical":"https:\/\/blogdacondessa.com.br\/blog\/educacao\/o-objetivo-e-acolher-e-amparar-a-realizacao-de-projetos-de-pesquisa-cientifica-e-inovacao-tecnologica\/","og_locale":"pt_BR","og_type":"article","og_title":"\u201cO objetivo \u00e9 acolher e amparar a realiza\u00e7\u00e3o de projetos de pesquisa cient\u00edfica e inova\u00e7\u00e3o tecnol\u00f3gica \u201c &#8902; Blog da Condessa","og_description":"Professores e estudantes da rede estadual de educa\u00e7\u00e3o b\u00e1sica poder\u00e3o inscrever at\u00e9 o dia 17 de mar\u00e7o propostas com voca\u00e7\u00e3o para a pesquisa, desenvolvimento tecnol\u00f3gico e inova\u00e7\u00e3o nas escolas p\u00fablicas de Mato Grosso por meio do Programa Pesquisa e Inova\u00e7\u00e3o na Escola (PIE). Ser\u00e3o fomentadas 100 propostas. O edital do\u00a0programa foi\u00a0assinado pelos secret\u00e1rios de Ci\u00eancia, [&hellip;]","og_url":"https:\/\/blogdacondessa.com.br\/blog\/educacao\/o-objetivo-e-acolher-e-amparar-a-realizacao-de-projetos-de-pesquisa-cientifica-e-inovacao-tecnologica\/","og_site_name":"Blog da Condessa","article_published_time":"2023-02-20T18:14:25+00:00","og_image":[{"width":1024,"height":1024,"url":"https:\/\/blogdacondessa.com.br\/blog\/wp-content\/uploads\/2023\/02\/inovacao-tecnologica.jpg","type":"image\/jpeg"}],"author":"Blog da Condessa","twitter_card":"summary_large_image","twitter_misc":{"Escrito por":"Blog da Condessa","Est. tempo de leitura":"3 minutos"},"schema":{"@context":"https:\/\/schema.org","@graph":[{"@type":"Article","@id":"https:\/\/blogdacondessa.com.br\/blog\/educacao\/o-objetivo-e-acolher-e-amparar-a-realizacao-de-projetos-de-pesquisa-cientifica-e-inovacao-tecnologica\/#article","isPartOf":{"@id":"https:\/\/blogdacondessa.com.br\/blog\/educacao\/o-objetivo-e-acolher-e-amparar-a-realizacao-de-projetos-de-pesquisa-cientifica-e-inovacao-tecnologica\/"},"author":{"name":"Blog da Condessa","@id":"https:\/\/blogdacondessa.com.br\/blog\/#\/schema\/person\/1d667ff8b785195b568677489d266035"},"headline":"\u201cO objetivo \u00e9 acolher e amparar a realiza\u00e7\u00e3o de projetos de pesquisa cient\u00edfica e inova\u00e7\u00e3o tecnol\u00f3gica \u201c","datePublished":"2023-02-20T18:14:25+00:00","mainEntityOfPage":{"@id":"https:\/\/blogdacondessa.com.br\/blog\/educacao\/o-objetivo-e-acolher-e-amparar-a-realizacao-de-projetos-de-pesquisa-cientifica-e-inovacao-tecnologica\/"},"wordCount":621,"image":{"@id":"https:\/\/blogdacondessa.com.br\/blog\/educacao\/o-objetivo-e-acolher-e-amparar-a-realizacao-de-projetos-de-pesquisa-cientifica-e-inovacao-tecnologica\/#primaryimage"},"thumbnailUrl":"https:\/\/blogdacondessa.com.br\/blog\/wp-content\/uploads\/2023\/02\/inovacao-tecnologica.jpg","articleSection":["Educa\u00e7\u00e3o"],"inLanguage":"pt-BR"},{"@type":"WebPage","@id":"https:\/\/blogdacondessa.com.br\/blog\/educacao\/o-objetivo-e-acolher-e-amparar-a-realizacao-de-projetos-de-pesquisa-cientifica-e-inovacao-tecnologica\/","url":"https:\/\/blogdacondessa.com.br\/blog\/educacao\/o-objetivo-e-acolher-e-amparar-a-realizacao-de-projetos-de-pesquisa-cientifica-e-inovacao-tecnologica\/","name":"\u201cO objetivo \u00e9 acolher e amparar a realiza\u00e7\u00e3o de projetos de pesquisa cient\u00edfica e inova\u00e7\u00e3o tecnol\u00f3gica \u201c &#8902; Blog da Condessa","isPartOf":{"@id":"https:\/\/blogdacondessa.com.br\/blog\/#website"},"primaryImageOfPage":{"@id":"https:\/\/blogdacondessa.com.br\/blog\/educacao\/o-objetivo-e-acolher-e-amparar-a-realizacao-de-projetos-de-pesquisa-cientifica-e-inovacao-tecnologica\/#primaryimage"},"image":{"@id":"https:\/\/blogdacondessa.com.br\/blog\/educacao\/o-objetivo-e-acolher-e-amparar-a-realizacao-de-projetos-de-pesquisa-cientifica-e-inovacao-tecnologica\/#primaryimage"},"thumbnailUrl":"https:\/\/blogdacondessa.com.br\/blog\/wp-content\/uploads\/2023\/02\/inovacao-tecnologica.jpg","datePublished":"2023-02-20T18:14:25+00:00","author":{"@id":"https:\/\/blogdacondessa.com.br\/blog\/#\/schema\/person\/1d667ff8b785195b568677489d266035"},"breadcrumb":{"@id":"https:\/\/blogdacondessa.com.br\/blog\/educacao\/o-objetivo-e-acolher-e-amparar-a-realizacao-de-projetos-de-pesquisa-cientifica-e-inovacao-tecnologica\/#breadcrumb"},"inLanguage":"pt-BR","potentialAction":[{"@type":"ReadAction","target":["https:\/\/blogdacondessa.com.br\/blog\/educacao\/o-objetivo-e-acolher-e-amparar-a-realizacao-de-projetos-de-pesquisa-cientifica-e-inovacao-tecnologica\/"]}]},{"@type":"ImageObject","inLanguage":"pt-BR","@id":"https:\/\/blogdacondessa.com.br\/blog\/educacao\/o-objetivo-e-acolher-e-amparar-a-realizacao-de-projetos-de-pesquisa-cientifica-e-inovacao-tecnologica\/#primaryimage","url":"https:\/\/blogdacondessa.com.br\/blog\/wp-content\/uploads\/2023\/02\/inovacao-tecnologica.jpg","contentUrl":"https:\/\/blogdacondessa.com.br\/blog\/wp-content\/uploads\/2023\/02\/inovacao-tecnologica.jpg","width":1024,"height":1024,"caption":"Foto por: DTC\/Fap"},{"@type":"BreadcrumbList","@id":"https:\/\/blogdacondessa.com.br\/blog\/educacao\/o-objetivo-e-acolher-e-amparar-a-realizacao-de-projetos-de-pesquisa-cientifica-e-inovacao-tecnologica\/#breadcrumb","itemListElement":[{"@type":"ListItem","position":1,"name":"In\u00edcio","item":"https:\/\/blogdacondessa.com.br\/blog\/"},{"@type":"ListItem","position":2,"name":"\u201cO objetivo \u00e9 acolher e amparar a realiza\u00e7\u00e3o de projetos de pesquisa cient\u00edfica e inova\u00e7\u00e3o tecnol\u00f3gica \u201c"}]},{"@type":"WebSite","@id":"https:\/\/blogdacondessa.com.br\/blog\/#website","url":"https:\/\/blogdacondessa.com.br\/blog\/","name":"Blog da Condessa","description":"Com Shirley de Souza O\u2019Campos","potentialAction":[{"@type":"SearchAction","target":{"@type":"EntryPoint","urlTemplate":"https:\/\/blogdacondessa.com.br\/blog\/?s={search_term_string}"},"query-input":{"@type":"PropertyValueSpecification","valueRequired":true,"valueName":"search_term_string"}}],"inLanguage":"pt-BR"},{"@type":"Person","@id":"https:\/\/blogdacondessa.com.br\/blog\/#\/schema\/person\/1d667ff8b785195b568677489d266035","name":"Blog da Condessa","image":{"@type":"ImageObject","inLanguage":"pt-BR","@id":"https:\/\/secure.gravatar.com\/avatar\/377c0eb8b4ad2bfc25461b41564b5971e721ca34a57642868fc7b0c8ac7b52c5?s=96&d=mm&r=g","url":"https:\/\/secure.gravatar.com\/avatar\/377c0eb8b4ad2bfc25461b41564b5971e721ca34a57642868fc7b0c8ac7b52c5?s=96&d=mm&r=g","contentUrl":"https:\/\/secure.gravatar.com\/avatar\/377c0eb8b4ad2bfc25461b41564b5971e721ca34a57642868fc7b0c8ac7b52c5?s=96&d=mm&r=g","caption":"Blog da Condessa"},"url":"https:\/\/blogdacondessa.com.br\/blog\/author\/beatriz\/"}]}},"_links":{"self":[{"href":"https:\/\/blogdacondessa.com.br\/blog\/wp-json\/wp\/v2\/posts\/6384","targetHints":{"allow":["GET"]}}],"collection":[{"href":"https:\/\/blogdacondessa.com.br\/blog\/wp-json\/wp\/v2\/posts"}],"about":[{"href":"https:\/\/blogdacondessa.com.br\/blog\/wp-json\/wp\/v2\/types\/post"}],"author":[{"embeddable":true,"href":"https:\/\/blogdacondessa.com.br\/blog\/wp-json\/wp\/v2\/users\/2"}],"replies":[{"embeddable":true,"href":"https:\/\/blogdacondessa.com.br\/blog\/wp-json\/wp\/v2\/comments?post=6384"}],"version-history":[{"count":0,"href":"https:\/\/blogdacondessa.com.br\/blog\/wp-json\/wp\/v2\/posts\/6384\/revisions"}],"wp:featuredmedia":[{"embeddable":true,"href":"https:\/\/blogdacondessa.com.br\/blog\/wp-json\/wp\/v2\/media\/6385"}],"wp:attachment":[{"href":"https:\/\/blogdacondessa.com.br\/blog\/wp-json\/wp\/v2\/media?parent=6384"}],"wp:term":[{"taxonomy":"category","embeddable":true,"href":"https:\/\/blogdacondessa.com.br\/blog\/wp-json\/wp\/v2\/categories?post=6384"},{"taxonomy":"post_tag","embeddable":true,"href":"https:\/\/blogdacondessa.com.br\/blog\/wp-json\/wp\/v2\/tags?post=6384"}],"curies":[{"name":"wp","href":"https:\/\/api.w.org\/{rel}","templated":true}]}}