{"id":6359,"date":"2023-02-18T05:00:48","date_gmt":"2023-02-18T09:00:48","guid":{"rendered":"http:\/\/blogdacondessa.com.br\/?p=6359"},"modified":"2023-02-17T11:40:33","modified_gmt":"2023-02-17T15:40:33","slug":"pre-enem-digitl-mt","status":"publish","type":"post","link":"https:\/\/blogdacondessa.com.br\/blog\/educacao\/pre-enem-digitl-mt\/","title":{"rendered":"Pr\u00e9-Enem Digit@l MT"},"content":{"rendered":"<p>O prazo de inscri\u00e7\u00f5es para\u00a0os estudantes\u00a0se inscreverem no\u00a0Pr\u00e9-Enem Digit@l MT, oferecido gratuitamente pelo Governo de Mato Grosso, foi prorrogado at\u00e9 o pr\u00f3ximo dia 24, em raz\u00e3o do feriado de\u00a0carnaval. O cursinho \u00e9 destinado aos estudantes matriculados no 3\u00ba ano do ensino m\u00e9dio e do 2\u00ba ano da Educa\u00e7\u00e3o de Jovens e Adultos (EJA), na\u00a0rede estadual de ensino, para se prepararem\u00a0para o Exame Nacional do Ensino M\u00e9dio (Enem).<\/p>\n<p>Inicialmente, o prazo estava previsto para terminar nesta sexta-feira (17).<\/p>\n<p>S\u00e3o oferecidas 10 mil vagas, mas a coordenadora do Ensino M\u00e9dio da Secretaria de Estado de Educa\u00e7\u00e3o (Seduc-MT), Andrea Melo, alerta que restam poucas. \u201cO estudante precisa procurar a\u00a0secretaria da sua escola e manifestar interesse em\u00a0participar do pr\u00e9-Enem. Feito isso, a inscri\u00e7\u00e3o ser\u00e1\u00a0formalizada pela pr\u00f3pria escola na Diretoria Regional de Educa\u00e7\u00e3o (DRE)\u00a0de cada polo\u201d, explica.<\/p>\n<p>Cada inscrito vai\u00a0receber\u00a0um kit com 16 livros com\u00a0todo o conte\u00fado curricular do Enem, al\u00e9m de cadernos com exerc\u00edcios simulados. O material did\u00e1tico foi elaborado de acordo com\u00a0contexto atual. Portanto, os livros foram estruturados com o objetivo de auxiliar aqueles que desejam obter sucesso no Enem.<\/p>\n<p>Andrea refor\u00e7a que os livros\u00a0entregues aos estudantes\u00a0contemplam todas as 90 quest\u00f5es do Enem, divididas em quatro \u00e1reas de conhecimento: Linguagens e suas Tecnologias, Ci\u00eancias Humanas e Sociais Aplicadas, Ci\u00eancias da Natureza e suas Tecnologias, Matem\u00e1tica e suas Tecnologias. O material did\u00e1tico tem um\u00a0QR Code em cada cap\u00edtulo, o qual d\u00e1 acesso \u00e0s aulas gravadas. \u201cQuando o estudante faz a inscri\u00e7\u00e3o, a primeira informa\u00e7\u00e3o que ele quer saber \u00e9\u00a0onde retirar o kit de livros, pois\u00a0o material \u00e9 completo, atual e de f\u00e1cil compreens\u00e3o\u201d.<\/p>\n<p>A distribui\u00e7\u00e3o dos kits de livros \u00e9 feita pelas Diretorias Regionais de Educa\u00e7\u00e3o (DREs) e as atividades come\u00e7am no dia 20 de mar\u00e7o nas escolas ou espa\u00e7os designados por cada uma das 15 diretorias. As aulas ser\u00e3o ministradas\u00a0em um per\u00edodo que n\u00e3o interfira na rotina das escolas. O objetivo \u00e9 fazer com que o estudante desenvolva habilidades para ter\u00a0sucesso no Enem.<\/p>\n<p>As aulas presenciais ser\u00e3o desenvolvidas em Alta Floresta, Barra do Gar\u00e7as, C\u00e1ceres, Confresa, Cuiab\u00e1, Diamantino, Nova Mutum, Ju\u00edna, Matup\u00e1, Pontes e Lacerda, Primavera do Leste, Quer\u00eancia, Rondon\u00f3polis, Sinop, Tangar\u00e1 da Serra e V\u00e1rzea Grande.<\/p>\n<p>\u00c9 preciso ficar de olho, tamb\u00e9m, no prazo de inscri\u00e7\u00e3o do Enem 2023, que ter\u00e1 in\u00edcio no dia 8 de maio e vai at\u00e9 o dia 19 do mesmo m\u00eas. A aplica\u00e7\u00e3o do exame ser\u00e1 nos dias 5 e 12 de novembro. Com a nota do Enem, o estudante pode concorrer a vagas em universidades p\u00fablicas e privadas de todo o Brasil.<\/p>\n<p>&nbsp;<\/p>\n","protected":false},"excerpt":{"rendered":"<p>O prazo de inscri\u00e7\u00f5es para\u00a0os estudantes\u00a0se inscreverem no\u00a0Pr\u00e9-Enem Digit@l MT, oferecido gratuitamente pelo Governo de Mato Grosso, foi prorrogado at\u00e9 o pr\u00f3ximo dia 24, em raz\u00e3o do feriado de\u00a0carnaval. O cursinho \u00e9 destinado aos estudantes matriculados no 3\u00ba ano do ensino m\u00e9dio e do 2\u00ba ano da Educa\u00e7\u00e3o de Jovens e Adultos (EJA), na\u00a0rede estadual [&hellip;]<\/p>\n","protected":false},"author":2,"featured_media":6360,"comment_status":"closed","ping_status":"closed","sticky":false,"template":"","format":"standard","meta":{"iawp_total_views":0,"footnotes":""},"categories":[20],"tags":[],"class_list":["post-6359","post","type-post","status-publish","format-standard","has-post-thumbnail","hentry","category-educacao"],"yoast_head":"<!-- This site is optimized with the Yoast SEO plugin v27.3 - https:\/\/yoast.com\/product\/yoast-seo-wordpress\/ -->\n<title>Pr\u00e9-Enem Digit@l MT &#8902; Blog da Condessa<\/title>\n<meta name=\"robots\" content=\"index, follow, max-snippet:-1, max-image-preview:large, max-video-preview:-1\" \/>\n<link rel=\"canonical\" href=\"https:\/\/blogdacondessa.com.br\/blog\/educacao\/pre-enem-digitl-mt\/\" \/>\n<meta property=\"og:locale\" content=\"pt_BR\" \/>\n<meta property=\"og:type\" content=\"article\" \/>\n<meta property=\"og:title\" content=\"Pr\u00e9-Enem Digit@l MT &#8902; Blog da Condessa\" \/>\n<meta property=\"og:description\" content=\"O prazo de inscri\u00e7\u00f5es para\u00a0os estudantes\u00a0se inscreverem no\u00a0Pr\u00e9-Enem Digit@l MT, oferecido gratuitamente pelo Governo de Mato Grosso, foi prorrogado at\u00e9 o pr\u00f3ximo dia 24, em raz\u00e3o do feriado de\u00a0carnaval. O cursinho \u00e9 destinado aos estudantes matriculados no 3\u00ba ano do ensino m\u00e9dio e do 2\u00ba ano da Educa\u00e7\u00e3o de Jovens e Adultos (EJA), na\u00a0rede estadual [&hellip;]\" \/>\n<meta property=\"og:url\" content=\"https:\/\/blogdacondessa.com.br\/blog\/educacao\/pre-enem-digitl-mt\/\" \/>\n<meta property=\"og:site_name\" content=\"Blog da Condessa\" \/>\n<meta property=\"article:published_time\" content=\"2023-02-18T09:00:48+00:00\" \/>\n<meta property=\"og:image\" content=\"https:\/\/blogdacondessa.com.br\/blog\/wp-content\/uploads\/2023\/02\/enem-digital-MT.jpg\" \/>\n\t<meta property=\"og:image:width\" content=\"1024\" \/>\n\t<meta property=\"og:image:height\" content=\"768\" \/>\n\t<meta property=\"og:image:type\" content=\"image\/jpeg\" \/>\n<meta name=\"author\" content=\"Blog da Condessa\" \/>\n<meta name=\"twitter:card\" content=\"summary_large_image\" \/>\n<meta name=\"twitter:label1\" content=\"Escrito por\" \/>\n\t<meta name=\"twitter:data1\" content=\"Blog da Condessa\" \/>\n\t<meta name=\"twitter:label2\" content=\"Est. tempo de leitura\" \/>\n\t<meta name=\"twitter:data2\" content=\"3 minutos\" \/>\n<script type=\"application\/ld+json\" class=\"yoast-schema-graph\">{\"@context\":\"https:\\\/\\\/schema.org\",\"@graph\":[{\"@type\":\"Article\",\"@id\":\"https:\\\/\\\/blogdacondessa.com.br\\\/blog\\\/educacao\\\/pre-enem-digitl-mt\\\/#article\",\"isPartOf\":{\"@id\":\"https:\\\/\\\/blogdacondessa.com.br\\\/blog\\\/educacao\\\/pre-enem-digitl-mt\\\/\"},\"author\":{\"name\":\"Blog da Condessa\",\"@id\":\"https:\\\/\\\/blogdacondessa.com.br\\\/blog\\\/#\\\/schema\\\/person\\\/1d667ff8b785195b568677489d266035\"},\"headline\":\"Pr\u00e9-Enem Digit@l MT\",\"datePublished\":\"2023-02-18T09:00:48+00:00\",\"mainEntityOfPage\":{\"@id\":\"https:\\\/\\\/blogdacondessa.com.br\\\/blog\\\/educacao\\\/pre-enem-digitl-mt\\\/\"},\"wordCount\":474,\"image\":{\"@id\":\"https:\\\/\\\/blogdacondessa.com.br\\\/blog\\\/educacao\\\/pre-enem-digitl-mt\\\/#primaryimage\"},\"thumbnailUrl\":\"https:\\\/\\\/blogdacondessa.com.br\\\/blog\\\/wp-content\\\/uploads\\\/2023\\\/02\\\/enem-digital-MT.jpg\",\"articleSection\":[\"Educa\u00e7\u00e3o\"],\"inLanguage\":\"pt-BR\"},{\"@type\":\"WebPage\",\"@id\":\"https:\\\/\\\/blogdacondessa.com.br\\\/blog\\\/educacao\\\/pre-enem-digitl-mt\\\/\",\"url\":\"https:\\\/\\\/blogdacondessa.com.br\\\/blog\\\/educacao\\\/pre-enem-digitl-mt\\\/\",\"name\":\"Pr\u00e9-Enem Digit@l MT &#8902; Blog da Condessa\",\"isPartOf\":{\"@id\":\"https:\\\/\\\/blogdacondessa.com.br\\\/blog\\\/#website\"},\"primaryImageOfPage\":{\"@id\":\"https:\\\/\\\/blogdacondessa.com.br\\\/blog\\\/educacao\\\/pre-enem-digitl-mt\\\/#primaryimage\"},\"image\":{\"@id\":\"https:\\\/\\\/blogdacondessa.com.br\\\/blog\\\/educacao\\\/pre-enem-digitl-mt\\\/#primaryimage\"},\"thumbnailUrl\":\"https:\\\/\\\/blogdacondessa.com.br\\\/blog\\\/wp-content\\\/uploads\\\/2023\\\/02\\\/enem-digital-MT.jpg\",\"datePublished\":\"2023-02-18T09:00:48+00:00\",\"author\":{\"@id\":\"https:\\\/\\\/blogdacondessa.com.br\\\/blog\\\/#\\\/schema\\\/person\\\/1d667ff8b785195b568677489d266035\"},\"breadcrumb\":{\"@id\":\"https:\\\/\\\/blogdacondessa.com.br\\\/blog\\\/educacao\\\/pre-enem-digitl-mt\\\/#breadcrumb\"},\"inLanguage\":\"pt-BR\",\"potentialAction\":[{\"@type\":\"ReadAction\",\"target\":[\"https:\\\/\\\/blogdacondessa.com.br\\\/blog\\\/educacao\\\/pre-enem-digitl-mt\\\/\"]}]},{\"@type\":\"ImageObject\",\"inLanguage\":\"pt-BR\",\"@id\":\"https:\\\/\\\/blogdacondessa.com.br\\\/blog\\\/educacao\\\/pre-enem-digitl-mt\\\/#primaryimage\",\"url\":\"https:\\\/\\\/blogdacondessa.com.br\\\/blog\\\/wp-content\\\/uploads\\\/2023\\\/02\\\/enem-digital-MT.jpg\",\"contentUrl\":\"https:\\\/\\\/blogdacondessa.com.br\\\/blog\\\/wp-content\\\/uploads\\\/2023\\\/02\\\/enem-digital-MT.jpg\",\"width\":1024,\"height\":768,\"caption\":\"Foto: Wesley Rodrigues\"},{\"@type\":\"BreadcrumbList\",\"@id\":\"https:\\\/\\\/blogdacondessa.com.br\\\/blog\\\/educacao\\\/pre-enem-digitl-mt\\\/#breadcrumb\",\"itemListElement\":[{\"@type\":\"ListItem\",\"position\":1,\"name\":\"In\u00edcio\",\"item\":\"https:\\\/\\\/blogdacondessa.com.br\\\/blog\\\/\"},{\"@type\":\"ListItem\",\"position\":2,\"name\":\"Pr\u00e9-Enem Digit@l MT\"}]},{\"@type\":\"WebSite\",\"@id\":\"https:\\\/\\\/blogdacondessa.com.br\\\/blog\\\/#website\",\"url\":\"https:\\\/\\\/blogdacondessa.com.br\\\/blog\\\/\",\"name\":\"Blog da Condessa\",\"description\":\"Com Shirley de Souza O\u2019Campos\",\"potentialAction\":[{\"@type\":\"SearchAction\",\"target\":{\"@type\":\"EntryPoint\",\"urlTemplate\":\"https:\\\/\\\/blogdacondessa.com.br\\\/blog\\\/?s={search_term_string}\"},\"query-input\":{\"@type\":\"PropertyValueSpecification\",\"valueRequired\":true,\"valueName\":\"search_term_string\"}}],\"inLanguage\":\"pt-BR\"},{\"@type\":\"Person\",\"@id\":\"https:\\\/\\\/blogdacondessa.com.br\\\/blog\\\/#\\\/schema\\\/person\\\/1d667ff8b785195b568677489d266035\",\"name\":\"Blog da Condessa\",\"image\":{\"@type\":\"ImageObject\",\"inLanguage\":\"pt-BR\",\"@id\":\"https:\\\/\\\/secure.gravatar.com\\\/avatar\\\/377c0eb8b4ad2bfc25461b41564b5971e721ca34a57642868fc7b0c8ac7b52c5?s=96&d=mm&r=g\",\"url\":\"https:\\\/\\\/secure.gravatar.com\\\/avatar\\\/377c0eb8b4ad2bfc25461b41564b5971e721ca34a57642868fc7b0c8ac7b52c5?s=96&d=mm&r=g\",\"contentUrl\":\"https:\\\/\\\/secure.gravatar.com\\\/avatar\\\/377c0eb8b4ad2bfc25461b41564b5971e721ca34a57642868fc7b0c8ac7b52c5?s=96&d=mm&r=g\",\"caption\":\"Blog da Condessa\"},\"url\":\"https:\\\/\\\/blogdacondessa.com.br\\\/blog\\\/author\\\/beatriz\\\/\"}]}<\/script>\n<!-- \/ Yoast SEO plugin. -->","yoast_head_json":{"title":"Pr\u00e9-Enem Digit@l MT &#8902; Blog da Condessa","robots":{"index":"index","follow":"follow","max-snippet":"max-snippet:-1","max-image-preview":"max-image-preview:large","max-video-preview":"max-video-preview:-1"},"canonical":"https:\/\/blogdacondessa.com.br\/blog\/educacao\/pre-enem-digitl-mt\/","og_locale":"pt_BR","og_type":"article","og_title":"Pr\u00e9-Enem Digit@l MT &#8902; Blog da Condessa","og_description":"O prazo de inscri\u00e7\u00f5es para\u00a0os estudantes\u00a0se inscreverem no\u00a0Pr\u00e9-Enem Digit@l MT, oferecido gratuitamente pelo Governo de Mato Grosso, foi prorrogado at\u00e9 o pr\u00f3ximo dia 24, em raz\u00e3o do feriado de\u00a0carnaval. O cursinho \u00e9 destinado aos estudantes matriculados no 3\u00ba ano do ensino m\u00e9dio e do 2\u00ba ano da Educa\u00e7\u00e3o de Jovens e Adultos (EJA), na\u00a0rede estadual [&hellip;]","og_url":"https:\/\/blogdacondessa.com.br\/blog\/educacao\/pre-enem-digitl-mt\/","og_site_name":"Blog da Condessa","article_published_time":"2023-02-18T09:00:48+00:00","og_image":[{"width":1024,"height":768,"url":"https:\/\/blogdacondessa.com.br\/blog\/wp-content\/uploads\/2023\/02\/enem-digital-MT.jpg","type":"image\/jpeg"}],"author":"Blog da Condessa","twitter_card":"summary_large_image","twitter_misc":{"Escrito por":"Blog da Condessa","Est. tempo de leitura":"3 minutos"},"schema":{"@context":"https:\/\/schema.org","@graph":[{"@type":"Article","@id":"https:\/\/blogdacondessa.com.br\/blog\/educacao\/pre-enem-digitl-mt\/#article","isPartOf":{"@id":"https:\/\/blogdacondessa.com.br\/blog\/educacao\/pre-enem-digitl-mt\/"},"author":{"name":"Blog da Condessa","@id":"https:\/\/blogdacondessa.com.br\/blog\/#\/schema\/person\/1d667ff8b785195b568677489d266035"},"headline":"Pr\u00e9-Enem Digit@l MT","datePublished":"2023-02-18T09:00:48+00:00","mainEntityOfPage":{"@id":"https:\/\/blogdacondessa.com.br\/blog\/educacao\/pre-enem-digitl-mt\/"},"wordCount":474,"image":{"@id":"https:\/\/blogdacondessa.com.br\/blog\/educacao\/pre-enem-digitl-mt\/#primaryimage"},"thumbnailUrl":"https:\/\/blogdacondessa.com.br\/blog\/wp-content\/uploads\/2023\/02\/enem-digital-MT.jpg","articleSection":["Educa\u00e7\u00e3o"],"inLanguage":"pt-BR"},{"@type":"WebPage","@id":"https:\/\/blogdacondessa.com.br\/blog\/educacao\/pre-enem-digitl-mt\/","url":"https:\/\/blogdacondessa.com.br\/blog\/educacao\/pre-enem-digitl-mt\/","name":"Pr\u00e9-Enem Digit@l MT &#8902; Blog da Condessa","isPartOf":{"@id":"https:\/\/blogdacondessa.com.br\/blog\/#website"},"primaryImageOfPage":{"@id":"https:\/\/blogdacondessa.com.br\/blog\/educacao\/pre-enem-digitl-mt\/#primaryimage"},"image":{"@id":"https:\/\/blogdacondessa.com.br\/blog\/educacao\/pre-enem-digitl-mt\/#primaryimage"},"thumbnailUrl":"https:\/\/blogdacondessa.com.br\/blog\/wp-content\/uploads\/2023\/02\/enem-digital-MT.jpg","datePublished":"2023-02-18T09:00:48+00:00","author":{"@id":"https:\/\/blogdacondessa.com.br\/blog\/#\/schema\/person\/1d667ff8b785195b568677489d266035"},"breadcrumb":{"@id":"https:\/\/blogdacondessa.com.br\/blog\/educacao\/pre-enem-digitl-mt\/#breadcrumb"},"inLanguage":"pt-BR","potentialAction":[{"@type":"ReadAction","target":["https:\/\/blogdacondessa.com.br\/blog\/educacao\/pre-enem-digitl-mt\/"]}]},{"@type":"ImageObject","inLanguage":"pt-BR","@id":"https:\/\/blogdacondessa.com.br\/blog\/educacao\/pre-enem-digitl-mt\/#primaryimage","url":"https:\/\/blogdacondessa.com.br\/blog\/wp-content\/uploads\/2023\/02\/enem-digital-MT.jpg","contentUrl":"https:\/\/blogdacondessa.com.br\/blog\/wp-content\/uploads\/2023\/02\/enem-digital-MT.jpg","width":1024,"height":768,"caption":"Foto: Wesley Rodrigues"},{"@type":"BreadcrumbList","@id":"https:\/\/blogdacondessa.com.br\/blog\/educacao\/pre-enem-digitl-mt\/#breadcrumb","itemListElement":[{"@type":"ListItem","position":1,"name":"In\u00edcio","item":"https:\/\/blogdacondessa.com.br\/blog\/"},{"@type":"ListItem","position":2,"name":"Pr\u00e9-Enem Digit@l MT"}]},{"@type":"WebSite","@id":"https:\/\/blogdacondessa.com.br\/blog\/#website","url":"https:\/\/blogdacondessa.com.br\/blog\/","name":"Blog da Condessa","description":"Com Shirley de Souza O\u2019Campos","potentialAction":[{"@type":"SearchAction","target":{"@type":"EntryPoint","urlTemplate":"https:\/\/blogdacondessa.com.br\/blog\/?s={search_term_string}"},"query-input":{"@type":"PropertyValueSpecification","valueRequired":true,"valueName":"search_term_string"}}],"inLanguage":"pt-BR"},{"@type":"Person","@id":"https:\/\/blogdacondessa.com.br\/blog\/#\/schema\/person\/1d667ff8b785195b568677489d266035","name":"Blog da Condessa","image":{"@type":"ImageObject","inLanguage":"pt-BR","@id":"https:\/\/secure.gravatar.com\/avatar\/377c0eb8b4ad2bfc25461b41564b5971e721ca34a57642868fc7b0c8ac7b52c5?s=96&d=mm&r=g","url":"https:\/\/secure.gravatar.com\/avatar\/377c0eb8b4ad2bfc25461b41564b5971e721ca34a57642868fc7b0c8ac7b52c5?s=96&d=mm&r=g","contentUrl":"https:\/\/secure.gravatar.com\/avatar\/377c0eb8b4ad2bfc25461b41564b5971e721ca34a57642868fc7b0c8ac7b52c5?s=96&d=mm&r=g","caption":"Blog da Condessa"},"url":"https:\/\/blogdacondessa.com.br\/blog\/author\/beatriz\/"}]}},"_links":{"self":[{"href":"https:\/\/blogdacondessa.com.br\/blog\/wp-json\/wp\/v2\/posts\/6359","targetHints":{"allow":["GET"]}}],"collection":[{"href":"https:\/\/blogdacondessa.com.br\/blog\/wp-json\/wp\/v2\/posts"}],"about":[{"href":"https:\/\/blogdacondessa.com.br\/blog\/wp-json\/wp\/v2\/types\/post"}],"author":[{"embeddable":true,"href":"https:\/\/blogdacondessa.com.br\/blog\/wp-json\/wp\/v2\/users\/2"}],"replies":[{"embeddable":true,"href":"https:\/\/blogdacondessa.com.br\/blog\/wp-json\/wp\/v2\/comments?post=6359"}],"version-history":[{"count":0,"href":"https:\/\/blogdacondessa.com.br\/blog\/wp-json\/wp\/v2\/posts\/6359\/revisions"}],"wp:featuredmedia":[{"embeddable":true,"href":"https:\/\/blogdacondessa.com.br\/blog\/wp-json\/wp\/v2\/media\/6360"}],"wp:attachment":[{"href":"https:\/\/blogdacondessa.com.br\/blog\/wp-json\/wp\/v2\/media?parent=6359"}],"wp:term":[{"taxonomy":"category","embeddable":true,"href":"https:\/\/blogdacondessa.com.br\/blog\/wp-json\/wp\/v2\/categories?post=6359"},{"taxonomy":"post_tag","embeddable":true,"href":"https:\/\/blogdacondessa.com.br\/blog\/wp-json\/wp\/v2\/tags?post=6359"}],"curies":[{"name":"wp","href":"https:\/\/api.w.org\/{rel}","templated":true}]}}