{"id":6307,"date":"2023-02-12T05:00:42","date_gmt":"2023-02-12T09:00:42","guid":{"rendered":"http:\/\/blogdacondessa.com.br\/?p=6307"},"modified":"2023-02-11T18:25:24","modified_gmt":"2023-02-11T22:25:24","slug":"os-superidosos-com-superneuronios-por-que-algumas-pessoas-desafiam-a-passagem-do-tempo","status":"publish","type":"post","link":"https:\/\/blogdacondessa.com.br\/blog\/mundo\/os-superidosos-com-superneuronios-por-que-algumas-pessoas-desafiam-a-passagem-do-tempo\/","title":{"rendered":"Os superidosos com superneur\u00f4nios: por que algumas pessoas desafiam a passagem do tempo"},"content":{"rendered":"<p>A fonte da juventude eterna \u2014 com a vitalidade e acuidade intelectual associadas a um c\u00e9rebro jovem \u2014 \u00e9 um desejo universal que se materializa em conceitos recorrentes como o Santo Graal ou a pedra filosofal. Para al\u00e9m deste desejo humano, a exist\u00eancia dos chamados &#8220;superidosos&#8221; representa um desafio e uma oportunidade para compreender a raiz da sa\u00fade cerebral e do envelhecimento saud\u00e1vel.<\/p>\n<p><strong>Octogen\u00e1rios com c\u00e9rebros de 50 anos<\/strong><\/p>\n<p>O superidosos s\u00e3o pessoas com mais de 80 anos que mant\u00eam caracter\u00edsticas f\u00edsicas e cognitivas de um adulto 20 a 30 anos mais jovem.<\/p>\n<p>Mas o que os torna t\u00e3o resistentes \u00e0 deteriora\u00e7\u00e3o cerebral? Pesquisas recentes revelaram novos dados sobre os mecanismos moleculares e celulares que podem estar envolvidos no inevit\u00e1vel e irrevers\u00edvel processo de envelhecimento. Nos profundar nos mecanismos gen\u00e9ticos da longevidade e na sua manifesta\u00e7\u00e3o no organismo (fen\u00f3tipo), nos permite focar nos h\u00e1bitos de vida (alimenta\u00e7\u00e3o, pr\u00e1tica de exerc\u00edcio f\u00edsico, atividade cognitiva, etc.) como fatores-chave que fazem pender a balan\u00e7a para um envelhecimento saud\u00e1vel ou patol\u00f3gico. O fen\u00f4meno que nos permite modificar nosso destino gen\u00e9tico \u00e9 a epigen\u00e9tica.<\/p>\n<p>Os mecanismos epigen\u00e9ticos s\u00e3o modifica\u00e7\u00f5es qu\u00edmicas no DNA produzidas por mudan\u00e7as no ambiente (f\u00edsico ou cognitivo) e que modulam a express\u00e3o dos nossos genes. Desta maneira, nosso suposto destino na forma de informa\u00e7\u00e3o gen\u00e9tica pode ser reescrito \u2014 assim como pontuamos um texto \u2014 pelas a\u00e7\u00f5es de nossa vida cotidiana. E, al\u00e9m disso, podem ser herdados por nossos descendentes. Mas vamos ver o que acontece com nosso c\u00e9rebro ao longo da vida.<\/p>\n<p><strong>Um \u00f3rg\u00e3o de matura\u00e7\u00e3o lenta<\/strong><\/p>\n<p>Diferentemente de outras esp\u00e9cies, o c\u00e9rebro humano ainda deve se desenvolver ap\u00f3s o nascimento. \u00c9 um processo lento, que come\u00e7a na concep\u00e7\u00e3o e n\u00e3o termina at\u00e9 a morte, embora atinja a maturidade aproximadamente entre os 20 e 24 anos. Como sabemos, nosso \u00f3rg\u00e3o pensante \u00e9 formado por neur\u00f4nios conectados entre si e outras c\u00e9lulas nervosas que servem de suporte e defesa (os astr\u00f3citos e a micr\u00f3glia).<\/p>\n<p>Temos cerca de 10 trilh\u00f5es de neur\u00f4nios que funcionam como uma grande rede de informa\u00e7\u00f5es, armazenamento e gerenciamento da nossa vida cotidiana. Garantir sua integridade requer mecanismos de prote\u00e7\u00e3o e regenera\u00e7\u00e3o. At\u00e9 alguns anos atr\u00e1s, acreditava-se que, uma vez atingida a maturidade cerebral, n\u00e3o havia mecanismos para substituir neur\u00f4nios e reparar conex\u00f5es perdidas. N\u00e3o poderia estar mais longe da realidade: hoje sabemos que o c\u00e9rebro tem \u00e1reas espec\u00edficas (nichos) em que c\u00e9lulas progenitoras (c\u00e9lulas-tronco) podem ajudar a reparar ou substituir neur\u00f4nios que degeneram ou s\u00e3o danificados. A exist\u00eancia de mecanismos de prote\u00e7\u00e3o n\u00e3o impede que esses nichos progenitores deixem de repor neur\u00f4nios com a idade. Por isso, o c\u00e9rebro de uma pessoa idosa tem menos capacidade de regenera\u00e7\u00e3o, o que se traduz em uma diminui\u00e7\u00e3o da capacidade cognitiva.<\/p>\n<p>De qualquer forma, as pessoas s\u00f3 costumam sofrer um decl\u00ednio cognitivo grave quando a perda de neur\u00f4nios \u00e9 muito elevada devido a uma doen\u00e7a degenerativa, como o Alzheimer. O surpreendente \u00e9 que essa perda inexor\u00e1vel n\u00e3o implica em altera\u00e7\u00f5es graves na qualidade de vida dos superidosos, o que aumenta sua resili\u00eancia e reserva cognitiva.<\/p>\n<p>Chamamos de reserva cognitiva a capacidade do nosso sistema nervoso central de equilibrar e otimizar seu funcionamento para enfrentar doen\u00e7as neurodegenerativas. Esta capacidade tamb\u00e9m est\u00e1 associada a fatores como a atividade intelectual: ler, escrever e socializar.<\/p>\n<p><strong>De onde vem o superpoder dos superidosos?<\/strong><\/p>\n<p>Parece que os superidosos compartilham h\u00e1bitos semelhantes: eles se mant\u00eam fisicamente ativos, tendem a ser positivos, desafiam seu c\u00e9rebro e aprendem algo novo todos os dias. Muitos continuam trabalhando at\u00e9 os 80 anos. Al\u00e9m disso, evid\u00eancias cient\u00edficas destacam a import\u00e2ncia de permanecermos socialmente engajados \u00e0 medida que envelhecemos. Atividades como visitar familiares e amigos, ser volunt\u00e1rio em uma organiza\u00e7\u00e3o e sair para diferentes eventos foram associadas a uma melhor fun\u00e7\u00e3o cognitiva. Em contrapartida, uma baixa participa\u00e7\u00e3o social em idades avan\u00e7adas implica um maior risco de dem\u00eancia. Tudo isso respalda a ideia de que o ambiente \u00e9 um fator importante em nosso envelhecimento.<\/p>\n<p><strong>Neur\u00f4nios de alto desempenho<\/strong><\/p>\n<p>Por outro lado, um estudo recente mostra que os superidosos possuem um grupo de neur\u00f4nios maior do que o normal em uma estrutura cerebral envolvida na preserva\u00e7\u00e3o da mem\u00f3ria (camada 2 do c\u00f3rtex cerebral entorrinal). Essas c\u00e9lulas nervosas poderiam estar relacionadas ao conceito de reserva cognitiva. A pesquisa indica que essa caracter\u00edstica do superidoso n\u00e3o \u00e9 observada em pessoas da mesma idade com decl\u00ednio cognitivo, tampouco em indiv\u00edduos entre 60 e 65 anos que come\u00e7am a apresentar lapsos de mem\u00f3ria. Al\u00e9m disso, \u00e9 significativo que esta \u00e1rea do c\u00e9rebro seja uma das mais afetadas pelo decl\u00ednio neuronal que caracteriza o Alzheimer. Os cientistas tamb\u00e9m observaram que esses superneur\u00f4nios n\u00e3o apresentam as caracter\u00edsticas pr\u00f3prias do envelhecimento em doen\u00e7as neurodegenerativas como o Alzheimer. Nesse caso, o ac\u00famulo anormal de prote\u00ednas (tau e beta-amiloide) no tecido cerebral causa a morte dos neur\u00f4nios. Tudo isso explicaria por que a degenera\u00e7\u00e3o neuronal n\u00e3o acontece nos superidosos \u2014 ou pelo menos n\u00e3o no ritmo t\u00edpico de uma pessoa idosa \u2014 e por que eles mant\u00eam as habilidades cognitivas de uma pessoa 20 ou 30 anos mais jovem.<\/p>\n<p>A descoberta dos superneur\u00f4nios tamb\u00e9m levanta a seguinte quest\u00e3o: se podemos favorecer seu aparecimento durante o neurodesenvolvimento ou na inf\u00e2ncia. A combina\u00e7\u00e3o de ambos os fatores \u2014 a pr\u00e1tica de h\u00e1bitos sociais saud\u00e1veis \u200b\u200be a exist\u00eancia de c\u00e9lulas nervosas excepcionais \u2014 abre as portas para que haja alguma influ\u00eancia em nossos genes herdados por meio de mudan\u00e7as epigen\u00e9ticas. Tamb\u00e9m seria interessante saber se os neur\u00f4nios XL poderiam constituir \u2014 por presen\u00e7a ou aus\u00eancia \u2014 um marcador do Alzheimer e de outras dem\u00eancias, tanto da sua progress\u00e3o quanto da resposta a terapias. E, por fim, se serviriam de alvo para encontrar novos tratamentos.<\/p>\n<p><em>* Merc\u00e8 Pall\u00e0s Lliberia \u00e9 professora especializada em neurofarmacologia, envelhecimento e Alzheimer na Universidade de Barcelona, na Espanha.<\/em><\/p>\n<p><em>*Christian Gri\u00f1\u00e1n-Ferr\u00e9 \u00e9 professor e pesquisador especializado em envelhecimento e Alzheimer na Universidade de Barcelona.<\/em><\/p>\n<p>&nbsp;<\/p>\n","protected":false},"excerpt":{"rendered":"<p>A fonte da juventude eterna \u2014 com a vitalidade e acuidade intelectual associadas a um c\u00e9rebro jovem \u2014 \u00e9 um desejo universal que se materializa em conceitos recorrentes como o Santo Graal ou a pedra filosofal. Para al\u00e9m deste desejo humano, a exist\u00eancia dos chamados &#8220;superidosos&#8221; representa um desafio e uma oportunidade para compreender a [&hellip;]<\/p>\n","protected":false},"author":2,"featured_media":6308,"comment_status":"closed","ping_status":"closed","sticky":false,"template":"","format":"standard","meta":{"iawp_total_views":0,"footnotes":""},"categories":[6],"tags":[],"class_list":["post-6307","post","type-post","status-publish","format-standard","has-post-thumbnail","hentry","category-mundo"],"yoast_head":"<!-- This site is optimized with the Yoast SEO plugin v27.3 - https:\/\/yoast.com\/product\/yoast-seo-wordpress\/ -->\n<title>Os superidosos com superneur\u00f4nios: por que algumas pessoas desafiam a passagem do tempo &#8902; Blog da Condessa<\/title>\n<meta name=\"robots\" content=\"index, follow, max-snippet:-1, max-image-preview:large, max-video-preview:-1\" \/>\n<link rel=\"canonical\" href=\"https:\/\/blogdacondessa.com.br\/blog\/mundo\/os-superidosos-com-superneuronios-por-que-algumas-pessoas-desafiam-a-passagem-do-tempo\/\" \/>\n<meta property=\"og:locale\" content=\"pt_BR\" \/>\n<meta property=\"og:type\" content=\"article\" \/>\n<meta property=\"og:title\" content=\"Os superidosos com superneur\u00f4nios: por que algumas pessoas desafiam a passagem do tempo &#8902; Blog da Condessa\" \/>\n<meta property=\"og:description\" content=\"A fonte da juventude eterna \u2014 com a vitalidade e acuidade intelectual associadas a um c\u00e9rebro jovem \u2014 \u00e9 um desejo universal que se materializa em conceitos recorrentes como o Santo Graal ou a pedra filosofal. Para al\u00e9m deste desejo humano, a exist\u00eancia dos chamados &#8220;superidosos&#8221; representa um desafio e uma oportunidade para compreender a [&hellip;]\" \/>\n<meta property=\"og:url\" content=\"https:\/\/blogdacondessa.com.br\/blog\/mundo\/os-superidosos-com-superneuronios-por-que-algumas-pessoas-desafiam-a-passagem-do-tempo\/\" \/>\n<meta property=\"og:site_name\" content=\"Blog da Condessa\" \/>\n<meta property=\"article:published_time\" content=\"2023-02-12T09:00:42+00:00\" \/>\n<meta property=\"og:image\" content=\"https:\/\/blogdacondessa.com.br\/blog\/wp-content\/uploads\/2023\/02\/SUPERIDOSOS.jpg\" \/>\n\t<meta property=\"og:image:width\" content=\"800\" \/>\n\t<meta property=\"og:image:height\" content=\"450\" \/>\n\t<meta property=\"og:image:type\" content=\"image\/jpeg\" \/>\n<meta name=\"author\" content=\"Blog da Condessa\" \/>\n<meta name=\"twitter:card\" content=\"summary_large_image\" \/>\n<meta name=\"twitter:label1\" content=\"Escrito por\" \/>\n\t<meta name=\"twitter:data1\" content=\"Blog da Condessa\" \/>\n\t<meta name=\"twitter:label2\" content=\"Est. tempo de leitura\" \/>\n\t<meta name=\"twitter:data2\" content=\"6 minutos\" \/>\n<script type=\"application\/ld+json\" class=\"yoast-schema-graph\">{\"@context\":\"https:\\\/\\\/schema.org\",\"@graph\":[{\"@type\":\"Article\",\"@id\":\"https:\\\/\\\/blogdacondessa.com.br\\\/blog\\\/mundo\\\/os-superidosos-com-superneuronios-por-que-algumas-pessoas-desafiam-a-passagem-do-tempo\\\/#article\",\"isPartOf\":{\"@id\":\"https:\\\/\\\/blogdacondessa.com.br\\\/blog\\\/mundo\\\/os-superidosos-com-superneuronios-por-que-algumas-pessoas-desafiam-a-passagem-do-tempo\\\/\"},\"author\":{\"name\":\"Blog da Condessa\",\"@id\":\"https:\\\/\\\/blogdacondessa.com.br\\\/blog\\\/#\\\/schema\\\/person\\\/1d667ff8b785195b568677489d266035\"},\"headline\":\"Os superidosos com superneur\u00f4nios: por que algumas pessoas desafiam a passagem do tempo\",\"datePublished\":\"2023-02-12T09:00:42+00:00\",\"mainEntityOfPage\":{\"@id\":\"https:\\\/\\\/blogdacondessa.com.br\\\/blog\\\/mundo\\\/os-superidosos-com-superneuronios-por-que-algumas-pessoas-desafiam-a-passagem-do-tempo\\\/\"},\"wordCount\":1096,\"image\":{\"@id\":\"https:\\\/\\\/blogdacondessa.com.br\\\/blog\\\/mundo\\\/os-superidosos-com-superneuronios-por-que-algumas-pessoas-desafiam-a-passagem-do-tempo\\\/#primaryimage\"},\"thumbnailUrl\":\"https:\\\/\\\/blogdacondessa.com.br\\\/blog\\\/wp-content\\\/uploads\\\/2023\\\/02\\\/SUPERIDOSOS.jpg\",\"articleSection\":[\"Mundo\"],\"inLanguage\":\"pt-BR\"},{\"@type\":\"WebPage\",\"@id\":\"https:\\\/\\\/blogdacondessa.com.br\\\/blog\\\/mundo\\\/os-superidosos-com-superneuronios-por-que-algumas-pessoas-desafiam-a-passagem-do-tempo\\\/\",\"url\":\"https:\\\/\\\/blogdacondessa.com.br\\\/blog\\\/mundo\\\/os-superidosos-com-superneuronios-por-que-algumas-pessoas-desafiam-a-passagem-do-tempo\\\/\",\"name\":\"Os superidosos com superneur\u00f4nios: por que algumas pessoas desafiam a passagem do tempo &#8902; Blog da Condessa\",\"isPartOf\":{\"@id\":\"https:\\\/\\\/blogdacondessa.com.br\\\/blog\\\/#website\"},\"primaryImageOfPage\":{\"@id\":\"https:\\\/\\\/blogdacondessa.com.br\\\/blog\\\/mundo\\\/os-superidosos-com-superneuronios-por-que-algumas-pessoas-desafiam-a-passagem-do-tempo\\\/#primaryimage\"},\"image\":{\"@id\":\"https:\\\/\\\/blogdacondessa.com.br\\\/blog\\\/mundo\\\/os-superidosos-com-superneuronios-por-que-algumas-pessoas-desafiam-a-passagem-do-tempo\\\/#primaryimage\"},\"thumbnailUrl\":\"https:\\\/\\\/blogdacondessa.com.br\\\/blog\\\/wp-content\\\/uploads\\\/2023\\\/02\\\/SUPERIDOSOS.jpg\",\"datePublished\":\"2023-02-12T09:00:42+00:00\",\"author\":{\"@id\":\"https:\\\/\\\/blogdacondessa.com.br\\\/blog\\\/#\\\/schema\\\/person\\\/1d667ff8b785195b568677489d266035\"},\"breadcrumb\":{\"@id\":\"https:\\\/\\\/blogdacondessa.com.br\\\/blog\\\/mundo\\\/os-superidosos-com-superneuronios-por-que-algumas-pessoas-desafiam-a-passagem-do-tempo\\\/#breadcrumb\"},\"inLanguage\":\"pt-BR\",\"potentialAction\":[{\"@type\":\"ReadAction\",\"target\":[\"https:\\\/\\\/blogdacondessa.com.br\\\/blog\\\/mundo\\\/os-superidosos-com-superneuronios-por-que-algumas-pessoas-desafiam-a-passagem-do-tempo\\\/\"]}]},{\"@type\":\"ImageObject\",\"inLanguage\":\"pt-BR\",\"@id\":\"https:\\\/\\\/blogdacondessa.com.br\\\/blog\\\/mundo\\\/os-superidosos-com-superneuronios-por-que-algumas-pessoas-desafiam-a-passagem-do-tempo\\\/#primaryimage\",\"url\":\"https:\\\/\\\/blogdacondessa.com.br\\\/blog\\\/wp-content\\\/uploads\\\/2023\\\/02\\\/SUPERIDOSOS.jpg\",\"contentUrl\":\"https:\\\/\\\/blogdacondessa.com.br\\\/blog\\\/wp-content\\\/uploads\\\/2023\\\/02\\\/SUPERIDOSOS.jpg\",\"width\":800,\"height\":450,\"caption\":\"Foto: Getty Imagens\"},{\"@type\":\"BreadcrumbList\",\"@id\":\"https:\\\/\\\/blogdacondessa.com.br\\\/blog\\\/mundo\\\/os-superidosos-com-superneuronios-por-que-algumas-pessoas-desafiam-a-passagem-do-tempo\\\/#breadcrumb\",\"itemListElement\":[{\"@type\":\"ListItem\",\"position\":1,\"name\":\"In\u00edcio\",\"item\":\"https:\\\/\\\/blogdacondessa.com.br\\\/blog\\\/\"},{\"@type\":\"ListItem\",\"position\":2,\"name\":\"Os superidosos com superneur\u00f4nios: por que algumas pessoas desafiam a passagem do tempo\"}]},{\"@type\":\"WebSite\",\"@id\":\"https:\\\/\\\/blogdacondessa.com.br\\\/blog\\\/#website\",\"url\":\"https:\\\/\\\/blogdacondessa.com.br\\\/blog\\\/\",\"name\":\"Blog da Condessa\",\"description\":\"Com Shirley de Souza O\u2019Campos\",\"potentialAction\":[{\"@type\":\"SearchAction\",\"target\":{\"@type\":\"EntryPoint\",\"urlTemplate\":\"https:\\\/\\\/blogdacondessa.com.br\\\/blog\\\/?s={search_term_string}\"},\"query-input\":{\"@type\":\"PropertyValueSpecification\",\"valueRequired\":true,\"valueName\":\"search_term_string\"}}],\"inLanguage\":\"pt-BR\"},{\"@type\":\"Person\",\"@id\":\"https:\\\/\\\/blogdacondessa.com.br\\\/blog\\\/#\\\/schema\\\/person\\\/1d667ff8b785195b568677489d266035\",\"name\":\"Blog da Condessa\",\"image\":{\"@type\":\"ImageObject\",\"inLanguage\":\"pt-BR\",\"@id\":\"https:\\\/\\\/secure.gravatar.com\\\/avatar\\\/377c0eb8b4ad2bfc25461b41564b5971e721ca34a57642868fc7b0c8ac7b52c5?s=96&d=mm&r=g\",\"url\":\"https:\\\/\\\/secure.gravatar.com\\\/avatar\\\/377c0eb8b4ad2bfc25461b41564b5971e721ca34a57642868fc7b0c8ac7b52c5?s=96&d=mm&r=g\",\"contentUrl\":\"https:\\\/\\\/secure.gravatar.com\\\/avatar\\\/377c0eb8b4ad2bfc25461b41564b5971e721ca34a57642868fc7b0c8ac7b52c5?s=96&d=mm&r=g\",\"caption\":\"Blog da Condessa\"},\"url\":\"https:\\\/\\\/blogdacondessa.com.br\\\/blog\\\/author\\\/beatriz\\\/\"}]}<\/script>\n<!-- \/ Yoast SEO plugin. -->","yoast_head_json":{"title":"Os superidosos com superneur\u00f4nios: por que algumas pessoas desafiam a passagem do tempo &#8902; Blog da Condessa","robots":{"index":"index","follow":"follow","max-snippet":"max-snippet:-1","max-image-preview":"max-image-preview:large","max-video-preview":"max-video-preview:-1"},"canonical":"https:\/\/blogdacondessa.com.br\/blog\/mundo\/os-superidosos-com-superneuronios-por-que-algumas-pessoas-desafiam-a-passagem-do-tempo\/","og_locale":"pt_BR","og_type":"article","og_title":"Os superidosos com superneur\u00f4nios: por que algumas pessoas desafiam a passagem do tempo &#8902; Blog da Condessa","og_description":"A fonte da juventude eterna \u2014 com a vitalidade e acuidade intelectual associadas a um c\u00e9rebro jovem \u2014 \u00e9 um desejo universal que se materializa em conceitos recorrentes como o Santo Graal ou a pedra filosofal. Para al\u00e9m deste desejo humano, a exist\u00eancia dos chamados &#8220;superidosos&#8221; representa um desafio e uma oportunidade para compreender a [&hellip;]","og_url":"https:\/\/blogdacondessa.com.br\/blog\/mundo\/os-superidosos-com-superneuronios-por-que-algumas-pessoas-desafiam-a-passagem-do-tempo\/","og_site_name":"Blog da Condessa","article_published_time":"2023-02-12T09:00:42+00:00","og_image":[{"width":800,"height":450,"url":"https:\/\/blogdacondessa.com.br\/blog\/wp-content\/uploads\/2023\/02\/SUPERIDOSOS.jpg","type":"image\/jpeg"}],"author":"Blog da Condessa","twitter_card":"summary_large_image","twitter_misc":{"Escrito por":"Blog da Condessa","Est. tempo de leitura":"6 minutos"},"schema":{"@context":"https:\/\/schema.org","@graph":[{"@type":"Article","@id":"https:\/\/blogdacondessa.com.br\/blog\/mundo\/os-superidosos-com-superneuronios-por-que-algumas-pessoas-desafiam-a-passagem-do-tempo\/#article","isPartOf":{"@id":"https:\/\/blogdacondessa.com.br\/blog\/mundo\/os-superidosos-com-superneuronios-por-que-algumas-pessoas-desafiam-a-passagem-do-tempo\/"},"author":{"name":"Blog da Condessa","@id":"https:\/\/blogdacondessa.com.br\/blog\/#\/schema\/person\/1d667ff8b785195b568677489d266035"},"headline":"Os superidosos com superneur\u00f4nios: por que algumas pessoas desafiam a passagem do tempo","datePublished":"2023-02-12T09:00:42+00:00","mainEntityOfPage":{"@id":"https:\/\/blogdacondessa.com.br\/blog\/mundo\/os-superidosos-com-superneuronios-por-que-algumas-pessoas-desafiam-a-passagem-do-tempo\/"},"wordCount":1096,"image":{"@id":"https:\/\/blogdacondessa.com.br\/blog\/mundo\/os-superidosos-com-superneuronios-por-que-algumas-pessoas-desafiam-a-passagem-do-tempo\/#primaryimage"},"thumbnailUrl":"https:\/\/blogdacondessa.com.br\/blog\/wp-content\/uploads\/2023\/02\/SUPERIDOSOS.jpg","articleSection":["Mundo"],"inLanguage":"pt-BR"},{"@type":"WebPage","@id":"https:\/\/blogdacondessa.com.br\/blog\/mundo\/os-superidosos-com-superneuronios-por-que-algumas-pessoas-desafiam-a-passagem-do-tempo\/","url":"https:\/\/blogdacondessa.com.br\/blog\/mundo\/os-superidosos-com-superneuronios-por-que-algumas-pessoas-desafiam-a-passagem-do-tempo\/","name":"Os superidosos com superneur\u00f4nios: por que algumas pessoas desafiam a passagem do tempo &#8902; Blog da Condessa","isPartOf":{"@id":"https:\/\/blogdacondessa.com.br\/blog\/#website"},"primaryImageOfPage":{"@id":"https:\/\/blogdacondessa.com.br\/blog\/mundo\/os-superidosos-com-superneuronios-por-que-algumas-pessoas-desafiam-a-passagem-do-tempo\/#primaryimage"},"image":{"@id":"https:\/\/blogdacondessa.com.br\/blog\/mundo\/os-superidosos-com-superneuronios-por-que-algumas-pessoas-desafiam-a-passagem-do-tempo\/#primaryimage"},"thumbnailUrl":"https:\/\/blogdacondessa.com.br\/blog\/wp-content\/uploads\/2023\/02\/SUPERIDOSOS.jpg","datePublished":"2023-02-12T09:00:42+00:00","author":{"@id":"https:\/\/blogdacondessa.com.br\/blog\/#\/schema\/person\/1d667ff8b785195b568677489d266035"},"breadcrumb":{"@id":"https:\/\/blogdacondessa.com.br\/blog\/mundo\/os-superidosos-com-superneuronios-por-que-algumas-pessoas-desafiam-a-passagem-do-tempo\/#breadcrumb"},"inLanguage":"pt-BR","potentialAction":[{"@type":"ReadAction","target":["https:\/\/blogdacondessa.com.br\/blog\/mundo\/os-superidosos-com-superneuronios-por-que-algumas-pessoas-desafiam-a-passagem-do-tempo\/"]}]},{"@type":"ImageObject","inLanguage":"pt-BR","@id":"https:\/\/blogdacondessa.com.br\/blog\/mundo\/os-superidosos-com-superneuronios-por-que-algumas-pessoas-desafiam-a-passagem-do-tempo\/#primaryimage","url":"https:\/\/blogdacondessa.com.br\/blog\/wp-content\/uploads\/2023\/02\/SUPERIDOSOS.jpg","contentUrl":"https:\/\/blogdacondessa.com.br\/blog\/wp-content\/uploads\/2023\/02\/SUPERIDOSOS.jpg","width":800,"height":450,"caption":"Foto: Getty Imagens"},{"@type":"BreadcrumbList","@id":"https:\/\/blogdacondessa.com.br\/blog\/mundo\/os-superidosos-com-superneuronios-por-que-algumas-pessoas-desafiam-a-passagem-do-tempo\/#breadcrumb","itemListElement":[{"@type":"ListItem","position":1,"name":"In\u00edcio","item":"https:\/\/blogdacondessa.com.br\/blog\/"},{"@type":"ListItem","position":2,"name":"Os superidosos com superneur\u00f4nios: por que algumas pessoas desafiam a passagem do tempo"}]},{"@type":"WebSite","@id":"https:\/\/blogdacondessa.com.br\/blog\/#website","url":"https:\/\/blogdacondessa.com.br\/blog\/","name":"Blog da Condessa","description":"Com Shirley de Souza O\u2019Campos","potentialAction":[{"@type":"SearchAction","target":{"@type":"EntryPoint","urlTemplate":"https:\/\/blogdacondessa.com.br\/blog\/?s={search_term_string}"},"query-input":{"@type":"PropertyValueSpecification","valueRequired":true,"valueName":"search_term_string"}}],"inLanguage":"pt-BR"},{"@type":"Person","@id":"https:\/\/blogdacondessa.com.br\/blog\/#\/schema\/person\/1d667ff8b785195b568677489d266035","name":"Blog da Condessa","image":{"@type":"ImageObject","inLanguage":"pt-BR","@id":"https:\/\/secure.gravatar.com\/avatar\/377c0eb8b4ad2bfc25461b41564b5971e721ca34a57642868fc7b0c8ac7b52c5?s=96&d=mm&r=g","url":"https:\/\/secure.gravatar.com\/avatar\/377c0eb8b4ad2bfc25461b41564b5971e721ca34a57642868fc7b0c8ac7b52c5?s=96&d=mm&r=g","contentUrl":"https:\/\/secure.gravatar.com\/avatar\/377c0eb8b4ad2bfc25461b41564b5971e721ca34a57642868fc7b0c8ac7b52c5?s=96&d=mm&r=g","caption":"Blog da Condessa"},"url":"https:\/\/blogdacondessa.com.br\/blog\/author\/beatriz\/"}]}},"_links":{"self":[{"href":"https:\/\/blogdacondessa.com.br\/blog\/wp-json\/wp\/v2\/posts\/6307","targetHints":{"allow":["GET"]}}],"collection":[{"href":"https:\/\/blogdacondessa.com.br\/blog\/wp-json\/wp\/v2\/posts"}],"about":[{"href":"https:\/\/blogdacondessa.com.br\/blog\/wp-json\/wp\/v2\/types\/post"}],"author":[{"embeddable":true,"href":"https:\/\/blogdacondessa.com.br\/blog\/wp-json\/wp\/v2\/users\/2"}],"replies":[{"embeddable":true,"href":"https:\/\/blogdacondessa.com.br\/blog\/wp-json\/wp\/v2\/comments?post=6307"}],"version-history":[{"count":0,"href":"https:\/\/blogdacondessa.com.br\/blog\/wp-json\/wp\/v2\/posts\/6307\/revisions"}],"wp:featuredmedia":[{"embeddable":true,"href":"https:\/\/blogdacondessa.com.br\/blog\/wp-json\/wp\/v2\/media\/6308"}],"wp:attachment":[{"href":"https:\/\/blogdacondessa.com.br\/blog\/wp-json\/wp\/v2\/media?parent=6307"}],"wp:term":[{"taxonomy":"category","embeddable":true,"href":"https:\/\/blogdacondessa.com.br\/blog\/wp-json\/wp\/v2\/categories?post=6307"},{"taxonomy":"post_tag","embeddable":true,"href":"https:\/\/blogdacondessa.com.br\/blog\/wp-json\/wp\/v2\/tags?post=6307"}],"curies":[{"name":"wp","href":"https:\/\/api.w.org\/{rel}","templated":true}]}}