{"id":6301,"date":"2023-02-12T05:00:06","date_gmt":"2023-02-12T09:00:06","guid":{"rendered":"http:\/\/blogdacondessa.com.br\/?p=6301"},"modified":"2023-02-11T15:38:35","modified_gmt":"2023-02-11T19:38:35","slug":"a-relevancia-e-o-comprometimento-do-tce-mt-com-o-controle-externo-brasileiro","status":"publish","type":"post","link":"https:\/\/blogdacondessa.com.br\/blog\/institucional\/a-relevancia-e-o-comprometimento-do-tce-mt-com-o-controle-externo-brasileiro\/","title":{"rendered":"A relev\u00e2ncia e o comprometimento do TCE-MT com o controle externo brasileiro"},"content":{"rendered":"<p>Em visita a Mato Grosso, o vice-presidente executivo da Associa\u00e7\u00e3o dos Membros dos Tribunais de Contas do Brasil (Atricon), conselheiro Edilson de Souza Silva, fez quest\u00e3o de ressaltar a relev\u00e2ncia, import\u00e2ncia e comprometimento do Tribunal de Contas de Mato Grosso (TCE-MT) com o controle externo brasileiro.<\/p>\n<p>Na oportunidade,\u00a0al\u00e9m de participar da sess\u00e3o especial de entrega dos selos de qualidade em transpar\u00eancia p\u00fablica, o vice-presidente da Atricon se reuniu com o conselheiro-presidente, Jos\u00e9 Carlos Novelli, em busca de parceria para levar \u00e0 Associa\u00e7\u00e3o Nacional a\u00e7\u00f5es inovadoras que est\u00e3o sendo desenvolvidas pela Corte de Contas mato-grossense.<\/p>\n<p>Como exemplo, destacou as mesas t\u00e9cnicas, as parcerias com os munic\u00edpios e a implanta\u00e7\u00e3o do primeiro C\u00f3digo de Processo de Controle Externo. \u201cN\u00f3s temos visto um alavancar de a\u00e7\u00f5es inovadoras, com resultados efetivos, r\u00e1pidos para a sociedade. Isso \u00e9 m\u00e9rito do Tribunal de Contas de Mato Grosso\u201d.<\/p>\n<p>Edilson de Souza Silva salientou que os conselheiros que comp\u00f5em o TCE-MT sempre ajudaram no fortalecimento do controle externo brasileiro. \u201cA uni\u00e3o, o arrojamento, a bravura e a coragem da Corte mato-grossense est\u00e3o irradiando seus efeitos Brasil a fora. O TCE-MT \u00e9 exemplo para o Brasil, aqui se inova, aqui se multiplica, voc\u00eas s\u00e3o incans\u00e1veis\u201d, declarou.<\/p>\n<p>Durante a sess\u00e3o especial, o vice-presidente executivo tamb\u00e9m fez quest\u00e3o de destacar publicamente o protagonismo hist\u00f3rico do Tribunal de Contas de Mato Grosso. \u201cRevisitemos o passado. Na gest\u00e3o do conselheiro Antonio Joaquim \u00e0 frente da Atricon, criou-se e desenvolveu-se a\u00e7\u00f5es institucionais. Ele cuidou do procedimento institucional de fortalecimento do sistema de controle externo brasileiro e, assim, nasceu uma Associa\u00e7\u00e3o de membros diferente, voltada para o interesse e defesa da coisa p\u00fablica\u201d.<\/p>\n<p>Conforme o conselheiro, na \u00e9poca foi criada e institucionalizada uma ferramenta chamada GATC, que se transformou no Marco de Medi\u00e7\u00e3o de Desempenho dos Tribunais de Contas do Brasil (MMD-TC). \u201cEssa ferramenta trouxe uma nova realidade para o controle, um nivelamento. Hoje, essa ferramenta n\u00e3o pertence mais \u00e0 Atricon ou aos tribunais de contas, pertence ao povo, que n\u00e3o abre m\u00e3o dela na aferi\u00e7\u00e3o do desempenho de cada Corte. Essa semente foi plantada pelo TCE de Mato Grosso\u201d.<\/p>\n<p>No TCE-MT, continuou o vice-presidente executivo, se sonhava um Brasil diferente. \u201cMato Grosso queria realizar o Brasil da Constitui\u00e7\u00e3o: eficiente, efetivo, transparente, probo, comprometido com aquele que est\u00e1 l\u00e1 na ponta e assim continua o sendo. O Radar Transpar\u00eancia, que estamos lan\u00e7ando agora, tamb\u00e9m foi gestado, criado e \u00e9 mantido pelo TCE-MT para o Brasil. N\u00e3o ser\u00e1 de Mato Grosso, que teve a ideia, nem da Atricon, que aceitou o desafio, mas do povo brasileiro. \u00c9 uma ferramenta de cidadania\u201d.<\/p>\n<p>&nbsp;<\/p>\n","protected":false},"excerpt":{"rendered":"<p>Em visita a Mato Grosso, o vice-presidente executivo da Associa\u00e7\u00e3o dos Membros dos Tribunais de Contas do Brasil (Atricon), conselheiro Edilson de Souza Silva, fez quest\u00e3o de ressaltar a relev\u00e2ncia, import\u00e2ncia e comprometimento do Tribunal de Contas de Mato Grosso (TCE-MT) com o controle externo brasileiro. Na oportunidade,\u00a0al\u00e9m de participar da sess\u00e3o especial de entrega [&hellip;]<\/p>\n","protected":false},"author":2,"featured_media":6302,"comment_status":"closed","ping_status":"closed","sticky":false,"template":"","format":"standard","meta":{"iawp_total_views":2,"footnotes":""},"categories":[13],"tags":[],"class_list":["post-6301","post","type-post","status-publish","format-standard","has-post-thumbnail","hentry","category-institucional"],"yoast_head":"<!-- This site is optimized with the Yoast SEO plugin v27.3 - https:\/\/yoast.com\/product\/yoast-seo-wordpress\/ -->\n<title>A relev\u00e2ncia e o comprometimento do TCE-MT com o controle externo brasileiro &#8902; Blog da Condessa<\/title>\n<meta name=\"robots\" content=\"index, follow, max-snippet:-1, max-image-preview:large, max-video-preview:-1\" \/>\n<link rel=\"canonical\" href=\"https:\/\/blogdacondessa.com.br\/blog\/institucional\/a-relevancia-e-o-comprometimento-do-tce-mt-com-o-controle-externo-brasileiro\/\" \/>\n<meta property=\"og:locale\" content=\"pt_BR\" \/>\n<meta property=\"og:type\" content=\"article\" \/>\n<meta property=\"og:title\" content=\"A relev\u00e2ncia e o comprometimento do TCE-MT com o controle externo brasileiro &#8902; Blog da Condessa\" \/>\n<meta property=\"og:description\" content=\"Em visita a Mato Grosso, o vice-presidente executivo da Associa\u00e7\u00e3o dos Membros dos Tribunais de Contas do Brasil (Atricon), conselheiro Edilson de Souza Silva, fez quest\u00e3o de ressaltar a relev\u00e2ncia, import\u00e2ncia e comprometimento do Tribunal de Contas de Mato Grosso (TCE-MT) com o controle externo brasileiro. Na oportunidade,\u00a0al\u00e9m de participar da sess\u00e3o especial de entrega [&hellip;]\" \/>\n<meta property=\"og:url\" content=\"https:\/\/blogdacondessa.com.br\/blog\/institucional\/a-relevancia-e-o-comprometimento-do-tce-mt-com-o-controle-externo-brasileiro\/\" \/>\n<meta property=\"og:site_name\" content=\"Blog da Condessa\" \/>\n<meta property=\"article:published_time\" content=\"2023-02-12T09:00:06+00:00\" \/>\n<meta property=\"og:image\" content=\"https:\/\/blogdacondessa.com.br\/blog\/wp-content\/uploads\/2023\/02\/ATRICON-certa.jpg\" \/>\n\t<meta property=\"og:image:width\" content=\"365\" \/>\n\t<meta property=\"og:image:height\" content=\"243\" \/>\n\t<meta property=\"og:image:type\" content=\"image\/jpeg\" \/>\n<meta name=\"author\" content=\"Blog da Condessa\" \/>\n<meta name=\"twitter:card\" content=\"summary_large_image\" \/>\n<meta name=\"twitter:label1\" content=\"Escrito por\" \/>\n\t<meta name=\"twitter:data1\" content=\"Blog da Condessa\" \/>\n\t<meta name=\"twitter:label2\" content=\"Est. tempo de leitura\" \/>\n\t<meta name=\"twitter:data2\" content=\"3 minutos\" \/>\n<script type=\"application\/ld+json\" class=\"yoast-schema-graph\">{\"@context\":\"https:\\\/\\\/schema.org\",\"@graph\":[{\"@type\":\"Article\",\"@id\":\"https:\\\/\\\/blogdacondessa.com.br\\\/blog\\\/institucional\\\/a-relevancia-e-o-comprometimento-do-tce-mt-com-o-controle-externo-brasileiro\\\/#article\",\"isPartOf\":{\"@id\":\"https:\\\/\\\/blogdacondessa.com.br\\\/blog\\\/institucional\\\/a-relevancia-e-o-comprometimento-do-tce-mt-com-o-controle-externo-brasileiro\\\/\"},\"author\":{\"name\":\"Blog da Condessa\",\"@id\":\"https:\\\/\\\/blogdacondessa.com.br\\\/blog\\\/#\\\/schema\\\/person\\\/1d667ff8b785195b568677489d266035\"},\"headline\":\"A relev\u00e2ncia e o comprometimento do TCE-MT com o controle externo brasileiro\",\"datePublished\":\"2023-02-12T09:00:06+00:00\",\"mainEntityOfPage\":{\"@id\":\"https:\\\/\\\/blogdacondessa.com.br\\\/blog\\\/institucional\\\/a-relevancia-e-o-comprometimento-do-tce-mt-com-o-controle-externo-brasileiro\\\/\"},\"wordCount\":476,\"image\":{\"@id\":\"https:\\\/\\\/blogdacondessa.com.br\\\/blog\\\/institucional\\\/a-relevancia-e-o-comprometimento-do-tce-mt-com-o-controle-externo-brasileiro\\\/#primaryimage\"},\"thumbnailUrl\":\"https:\\\/\\\/blogdacondessa.com.br\\\/blog\\\/wp-content\\\/uploads\\\/2023\\\/02\\\/ATRICON-certa.jpg\",\"articleSection\":[\"Institucional\"],\"inLanguage\":\"pt-BR\"},{\"@type\":\"WebPage\",\"@id\":\"https:\\\/\\\/blogdacondessa.com.br\\\/blog\\\/institucional\\\/a-relevancia-e-o-comprometimento-do-tce-mt-com-o-controle-externo-brasileiro\\\/\",\"url\":\"https:\\\/\\\/blogdacondessa.com.br\\\/blog\\\/institucional\\\/a-relevancia-e-o-comprometimento-do-tce-mt-com-o-controle-externo-brasileiro\\\/\",\"name\":\"A relev\u00e2ncia e o comprometimento do TCE-MT com o controle externo brasileiro &#8902; Blog da Condessa\",\"isPartOf\":{\"@id\":\"https:\\\/\\\/blogdacondessa.com.br\\\/blog\\\/#website\"},\"primaryImageOfPage\":{\"@id\":\"https:\\\/\\\/blogdacondessa.com.br\\\/blog\\\/institucional\\\/a-relevancia-e-o-comprometimento-do-tce-mt-com-o-controle-externo-brasileiro\\\/#primaryimage\"},\"image\":{\"@id\":\"https:\\\/\\\/blogdacondessa.com.br\\\/blog\\\/institucional\\\/a-relevancia-e-o-comprometimento-do-tce-mt-com-o-controle-externo-brasileiro\\\/#primaryimage\"},\"thumbnailUrl\":\"https:\\\/\\\/blogdacondessa.com.br\\\/blog\\\/wp-content\\\/uploads\\\/2023\\\/02\\\/ATRICON-certa.jpg\",\"datePublished\":\"2023-02-12T09:00:06+00:00\",\"author\":{\"@id\":\"https:\\\/\\\/blogdacondessa.com.br\\\/blog\\\/#\\\/schema\\\/person\\\/1d667ff8b785195b568677489d266035\"},\"breadcrumb\":{\"@id\":\"https:\\\/\\\/blogdacondessa.com.br\\\/blog\\\/institucional\\\/a-relevancia-e-o-comprometimento-do-tce-mt-com-o-controle-externo-brasileiro\\\/#breadcrumb\"},\"inLanguage\":\"pt-BR\",\"potentialAction\":[{\"@type\":\"ReadAction\",\"target\":[\"https:\\\/\\\/blogdacondessa.com.br\\\/blog\\\/institucional\\\/a-relevancia-e-o-comprometimento-do-tce-mt-com-o-controle-externo-brasileiro\\\/\"]}]},{\"@type\":\"ImageObject\",\"inLanguage\":\"pt-BR\",\"@id\":\"https:\\\/\\\/blogdacondessa.com.br\\\/blog\\\/institucional\\\/a-relevancia-e-o-comprometimento-do-tce-mt-com-o-controle-externo-brasileiro\\\/#primaryimage\",\"url\":\"https:\\\/\\\/blogdacondessa.com.br\\\/blog\\\/wp-content\\\/uploads\\\/2023\\\/02\\\/ATRICON-certa.jpg\",\"contentUrl\":\"https:\\\/\\\/blogdacondessa.com.br\\\/blog\\\/wp-content\\\/uploads\\\/2023\\\/02\\\/ATRICON-certa.jpg\",\"width\":365,\"height\":243,\"caption\":\"Foto: Tony Ribeiro\\\/TCE-MT\"},{\"@type\":\"BreadcrumbList\",\"@id\":\"https:\\\/\\\/blogdacondessa.com.br\\\/blog\\\/institucional\\\/a-relevancia-e-o-comprometimento-do-tce-mt-com-o-controle-externo-brasileiro\\\/#breadcrumb\",\"itemListElement\":[{\"@type\":\"ListItem\",\"position\":1,\"name\":\"In\u00edcio\",\"item\":\"https:\\\/\\\/blogdacondessa.com.br\\\/blog\\\/\"},{\"@type\":\"ListItem\",\"position\":2,\"name\":\"A relev\u00e2ncia e o comprometimento do TCE-MT com o controle externo brasileiro\"}]},{\"@type\":\"WebSite\",\"@id\":\"https:\\\/\\\/blogdacondessa.com.br\\\/blog\\\/#website\",\"url\":\"https:\\\/\\\/blogdacondessa.com.br\\\/blog\\\/\",\"name\":\"Blog da Condessa\",\"description\":\"Com Shirley de Souza O\u2019Campos\",\"potentialAction\":[{\"@type\":\"SearchAction\",\"target\":{\"@type\":\"EntryPoint\",\"urlTemplate\":\"https:\\\/\\\/blogdacondessa.com.br\\\/blog\\\/?s={search_term_string}\"},\"query-input\":{\"@type\":\"PropertyValueSpecification\",\"valueRequired\":true,\"valueName\":\"search_term_string\"}}],\"inLanguage\":\"pt-BR\"},{\"@type\":\"Person\",\"@id\":\"https:\\\/\\\/blogdacondessa.com.br\\\/blog\\\/#\\\/schema\\\/person\\\/1d667ff8b785195b568677489d266035\",\"name\":\"Blog da Condessa\",\"image\":{\"@type\":\"ImageObject\",\"inLanguage\":\"pt-BR\",\"@id\":\"https:\\\/\\\/secure.gravatar.com\\\/avatar\\\/377c0eb8b4ad2bfc25461b41564b5971e721ca34a57642868fc7b0c8ac7b52c5?s=96&d=mm&r=g\",\"url\":\"https:\\\/\\\/secure.gravatar.com\\\/avatar\\\/377c0eb8b4ad2bfc25461b41564b5971e721ca34a57642868fc7b0c8ac7b52c5?s=96&d=mm&r=g\",\"contentUrl\":\"https:\\\/\\\/secure.gravatar.com\\\/avatar\\\/377c0eb8b4ad2bfc25461b41564b5971e721ca34a57642868fc7b0c8ac7b52c5?s=96&d=mm&r=g\",\"caption\":\"Blog da Condessa\"},\"url\":\"https:\\\/\\\/blogdacondessa.com.br\\\/blog\\\/author\\\/beatriz\\\/\"}]}<\/script>\n<!-- \/ Yoast SEO plugin. -->","yoast_head_json":{"title":"A relev\u00e2ncia e o comprometimento do TCE-MT com o controle externo brasileiro &#8902; Blog da Condessa","robots":{"index":"index","follow":"follow","max-snippet":"max-snippet:-1","max-image-preview":"max-image-preview:large","max-video-preview":"max-video-preview:-1"},"canonical":"https:\/\/blogdacondessa.com.br\/blog\/institucional\/a-relevancia-e-o-comprometimento-do-tce-mt-com-o-controle-externo-brasileiro\/","og_locale":"pt_BR","og_type":"article","og_title":"A relev\u00e2ncia e o comprometimento do TCE-MT com o controle externo brasileiro &#8902; Blog da Condessa","og_description":"Em visita a Mato Grosso, o vice-presidente executivo da Associa\u00e7\u00e3o dos Membros dos Tribunais de Contas do Brasil (Atricon), conselheiro Edilson de Souza Silva, fez quest\u00e3o de ressaltar a relev\u00e2ncia, import\u00e2ncia e comprometimento do Tribunal de Contas de Mato Grosso (TCE-MT) com o controle externo brasileiro. Na oportunidade,\u00a0al\u00e9m de participar da sess\u00e3o especial de entrega [&hellip;]","og_url":"https:\/\/blogdacondessa.com.br\/blog\/institucional\/a-relevancia-e-o-comprometimento-do-tce-mt-com-o-controle-externo-brasileiro\/","og_site_name":"Blog da Condessa","article_published_time":"2023-02-12T09:00:06+00:00","og_image":[{"width":365,"height":243,"url":"https:\/\/blogdacondessa.com.br\/blog\/wp-content\/uploads\/2023\/02\/ATRICON-certa.jpg","type":"image\/jpeg"}],"author":"Blog da Condessa","twitter_card":"summary_large_image","twitter_misc":{"Escrito por":"Blog da Condessa","Est. tempo de leitura":"3 minutos"},"schema":{"@context":"https:\/\/schema.org","@graph":[{"@type":"Article","@id":"https:\/\/blogdacondessa.com.br\/blog\/institucional\/a-relevancia-e-o-comprometimento-do-tce-mt-com-o-controle-externo-brasileiro\/#article","isPartOf":{"@id":"https:\/\/blogdacondessa.com.br\/blog\/institucional\/a-relevancia-e-o-comprometimento-do-tce-mt-com-o-controle-externo-brasileiro\/"},"author":{"name":"Blog da Condessa","@id":"https:\/\/blogdacondessa.com.br\/blog\/#\/schema\/person\/1d667ff8b785195b568677489d266035"},"headline":"A relev\u00e2ncia e o comprometimento do TCE-MT com o controle externo brasileiro","datePublished":"2023-02-12T09:00:06+00:00","mainEntityOfPage":{"@id":"https:\/\/blogdacondessa.com.br\/blog\/institucional\/a-relevancia-e-o-comprometimento-do-tce-mt-com-o-controle-externo-brasileiro\/"},"wordCount":476,"image":{"@id":"https:\/\/blogdacondessa.com.br\/blog\/institucional\/a-relevancia-e-o-comprometimento-do-tce-mt-com-o-controle-externo-brasileiro\/#primaryimage"},"thumbnailUrl":"https:\/\/blogdacondessa.com.br\/blog\/wp-content\/uploads\/2023\/02\/ATRICON-certa.jpg","articleSection":["Institucional"],"inLanguage":"pt-BR"},{"@type":"WebPage","@id":"https:\/\/blogdacondessa.com.br\/blog\/institucional\/a-relevancia-e-o-comprometimento-do-tce-mt-com-o-controle-externo-brasileiro\/","url":"https:\/\/blogdacondessa.com.br\/blog\/institucional\/a-relevancia-e-o-comprometimento-do-tce-mt-com-o-controle-externo-brasileiro\/","name":"A relev\u00e2ncia e o comprometimento do TCE-MT com o controle externo brasileiro &#8902; Blog da Condessa","isPartOf":{"@id":"https:\/\/blogdacondessa.com.br\/blog\/#website"},"primaryImageOfPage":{"@id":"https:\/\/blogdacondessa.com.br\/blog\/institucional\/a-relevancia-e-o-comprometimento-do-tce-mt-com-o-controle-externo-brasileiro\/#primaryimage"},"image":{"@id":"https:\/\/blogdacondessa.com.br\/blog\/institucional\/a-relevancia-e-o-comprometimento-do-tce-mt-com-o-controle-externo-brasileiro\/#primaryimage"},"thumbnailUrl":"https:\/\/blogdacondessa.com.br\/blog\/wp-content\/uploads\/2023\/02\/ATRICON-certa.jpg","datePublished":"2023-02-12T09:00:06+00:00","author":{"@id":"https:\/\/blogdacondessa.com.br\/blog\/#\/schema\/person\/1d667ff8b785195b568677489d266035"},"breadcrumb":{"@id":"https:\/\/blogdacondessa.com.br\/blog\/institucional\/a-relevancia-e-o-comprometimento-do-tce-mt-com-o-controle-externo-brasileiro\/#breadcrumb"},"inLanguage":"pt-BR","potentialAction":[{"@type":"ReadAction","target":["https:\/\/blogdacondessa.com.br\/blog\/institucional\/a-relevancia-e-o-comprometimento-do-tce-mt-com-o-controle-externo-brasileiro\/"]}]},{"@type":"ImageObject","inLanguage":"pt-BR","@id":"https:\/\/blogdacondessa.com.br\/blog\/institucional\/a-relevancia-e-o-comprometimento-do-tce-mt-com-o-controle-externo-brasileiro\/#primaryimage","url":"https:\/\/blogdacondessa.com.br\/blog\/wp-content\/uploads\/2023\/02\/ATRICON-certa.jpg","contentUrl":"https:\/\/blogdacondessa.com.br\/blog\/wp-content\/uploads\/2023\/02\/ATRICON-certa.jpg","width":365,"height":243,"caption":"Foto: Tony Ribeiro\/TCE-MT"},{"@type":"BreadcrumbList","@id":"https:\/\/blogdacondessa.com.br\/blog\/institucional\/a-relevancia-e-o-comprometimento-do-tce-mt-com-o-controle-externo-brasileiro\/#breadcrumb","itemListElement":[{"@type":"ListItem","position":1,"name":"In\u00edcio","item":"https:\/\/blogdacondessa.com.br\/blog\/"},{"@type":"ListItem","position":2,"name":"A relev\u00e2ncia e o comprometimento do TCE-MT com o controle externo brasileiro"}]},{"@type":"WebSite","@id":"https:\/\/blogdacondessa.com.br\/blog\/#website","url":"https:\/\/blogdacondessa.com.br\/blog\/","name":"Blog da Condessa","description":"Com Shirley de Souza O\u2019Campos","potentialAction":[{"@type":"SearchAction","target":{"@type":"EntryPoint","urlTemplate":"https:\/\/blogdacondessa.com.br\/blog\/?s={search_term_string}"},"query-input":{"@type":"PropertyValueSpecification","valueRequired":true,"valueName":"search_term_string"}}],"inLanguage":"pt-BR"},{"@type":"Person","@id":"https:\/\/blogdacondessa.com.br\/blog\/#\/schema\/person\/1d667ff8b785195b568677489d266035","name":"Blog da Condessa","image":{"@type":"ImageObject","inLanguage":"pt-BR","@id":"https:\/\/secure.gravatar.com\/avatar\/377c0eb8b4ad2bfc25461b41564b5971e721ca34a57642868fc7b0c8ac7b52c5?s=96&d=mm&r=g","url":"https:\/\/secure.gravatar.com\/avatar\/377c0eb8b4ad2bfc25461b41564b5971e721ca34a57642868fc7b0c8ac7b52c5?s=96&d=mm&r=g","contentUrl":"https:\/\/secure.gravatar.com\/avatar\/377c0eb8b4ad2bfc25461b41564b5971e721ca34a57642868fc7b0c8ac7b52c5?s=96&d=mm&r=g","caption":"Blog da Condessa"},"url":"https:\/\/blogdacondessa.com.br\/blog\/author\/beatriz\/"}]}},"_links":{"self":[{"href":"https:\/\/blogdacondessa.com.br\/blog\/wp-json\/wp\/v2\/posts\/6301","targetHints":{"allow":["GET"]}}],"collection":[{"href":"https:\/\/blogdacondessa.com.br\/blog\/wp-json\/wp\/v2\/posts"}],"about":[{"href":"https:\/\/blogdacondessa.com.br\/blog\/wp-json\/wp\/v2\/types\/post"}],"author":[{"embeddable":true,"href":"https:\/\/blogdacondessa.com.br\/blog\/wp-json\/wp\/v2\/users\/2"}],"replies":[{"embeddable":true,"href":"https:\/\/blogdacondessa.com.br\/blog\/wp-json\/wp\/v2\/comments?post=6301"}],"version-history":[{"count":0,"href":"https:\/\/blogdacondessa.com.br\/blog\/wp-json\/wp\/v2\/posts\/6301\/revisions"}],"wp:featuredmedia":[{"embeddable":true,"href":"https:\/\/blogdacondessa.com.br\/blog\/wp-json\/wp\/v2\/media\/6302"}],"wp:attachment":[{"href":"https:\/\/blogdacondessa.com.br\/blog\/wp-json\/wp\/v2\/media?parent=6301"}],"wp:term":[{"taxonomy":"category","embeddable":true,"href":"https:\/\/blogdacondessa.com.br\/blog\/wp-json\/wp\/v2\/categories?post=6301"},{"taxonomy":"post_tag","embeddable":true,"href":"https:\/\/blogdacondessa.com.br\/blog\/wp-json\/wp\/v2\/tags?post=6301"}],"curies":[{"name":"wp","href":"https:\/\/api.w.org\/{rel}","templated":true}]}}