{"id":6234,"date":"2023-02-04T05:00:35","date_gmt":"2023-02-04T09:00:35","guid":{"rendered":"http:\/\/blogdacondessa.com.br\/?p=6234"},"modified":"2023-02-03T13:38:47","modified_gmt":"2023-02-03T17:38:47","slug":"o-abre-alas-au-au-au","status":"publish","type":"post","link":"https:\/\/blogdacondessa.com.br\/blog\/geral\/o-abre-alas-au-au-au\/","title":{"rendered":"&#8230;\u00d4 Abre Alas&#8230;au au au"},"content":{"rendered":"<p>Com o\u00a0carnaval\u00a0\u00a0chegando, muitas pessoas j\u00e1 est\u00e3o fazendo planos para aproveitar da melhor forma poss\u00edvel os dias de folia. Muitas pretendem passar ao lado dos\u00a0animais de estima\u00e7\u00e3o.\u00a0Para que\u00a0a divers\u00e3o com o animalzinho de estima\u00e7\u00e3o seja segura\u00a0, o mais indicado \u00e9 lev\u00e1-lo a\u00a0eventos\u00a0de carnaval feitos especialmente para eles.<\/p>\n<p>O \u2018BloC\u00e3o\u2019 &#8211; bloquinho\u00a0voltado para os pets &#8211; \u00a0acontece no dia 12 de fevereiro (Domingo) , na parada 08 de Abril (Chopp\u00e3o) das 15h \u00e0s 21h, em Cuiab\u00e1. \u201cDivers\u00e3o garantida para toda a fam\u00edlia\u201d, frisou Adelisa Arruda Siqueira \u2013 organizadora do evento.<\/p>\n<p>De acordo com ela, a ideia \u00e9 antiga. \u201cEu j\u00e1 vinha articulando junto a Associa\u00e7\u00e3o da qual fa\u00e7o parte, a \u2018\u00c9 o bicho MT\u2019. O prop\u00f3sito \u00e9 de uma maneira divertida chamar a aten\u00e7\u00e3o para causa animal. Os pets hoje fazem parte da nossa fam\u00edlia. Ent\u00e3o, porque n\u00e3o um bloco para todos\u201d, indaga Adelisa.<\/p>\n<p>Um evento tanto para os donos quanto para os bichos de estima\u00e7\u00e3o. Ou seja, n\u00e3o \u00e9 s\u00f3 a crian\u00e7ada que vai cair na folia neste\u00a0Carnaval, mas os pets tamb\u00e9m.<\/p>\n<p>\u201cO acesso \u00e0 pra\u00e7a e ao evento \u00e9 gratuito e quem quiser adquirir o abad\u00e1 e ajudar animais resgatados o valor \u00e9 R$ 80,00 adulto e R$ 60,00 infantil\u201d, disse a organizadora.<\/p>\n<p>J\u00e1 a renda adquirida pela venda dos abad\u00e1s \u00e9 100% destinada \u00e0 causa animal.<\/p>\n<p>Haver\u00e1 tamb\u00e9m um concurso de fantasias.\u00a0\u201cOs cachorros fantasiados concorrer\u00e3o a pr\u00eamios\u201d, observou Adelisa.<\/p>\n<p>A orienta\u00e7\u00e3o \u00e9 levar coleira, \u00e1gua, saquinhos para necessidades especiais e outros itens, pois cada um ser\u00e1 respons\u00e1vel por cuidar do seu bichinho durante o bloco. \u00a0\u201cPedimos que donos levem saquinhos para as necessidades e que cachorros de grande porte obrigatoriamente dever\u00e3o estar de focinheira para ter acesso ao evento\u201d, finalizou.<\/p>\n<p>Informa\u00e7\u00f5es: 65 98114 8945<\/p>\n<p>&nbsp;<\/p>\n","protected":false},"excerpt":{"rendered":"<p>Com o\u00a0carnaval\u00a0\u00a0chegando, muitas pessoas j\u00e1 est\u00e3o fazendo planos para aproveitar da melhor forma poss\u00edvel os dias de folia. Muitas pretendem passar ao lado dos\u00a0animais de estima\u00e7\u00e3o.\u00a0Para que\u00a0a divers\u00e3o com o animalzinho de estima\u00e7\u00e3o seja segura\u00a0, o mais indicado \u00e9 lev\u00e1-lo a\u00a0eventos\u00a0de carnaval feitos especialmente para eles. O \u2018BloC\u00e3o\u2019 &#8211; bloquinho\u00a0voltado para os pets &#8211; \u00a0acontece [&hellip;]<\/p>\n","protected":false},"author":2,"featured_media":6235,"comment_status":"closed","ping_status":"closed","sticky":false,"template":"","format":"standard","meta":{"iawp_total_views":0,"footnotes":""},"categories":[16],"tags":[],"class_list":["post-6234","post","type-post","status-publish","format-standard","has-post-thumbnail","hentry","category-geral"],"yoast_head":"<!-- This site is optimized with the Yoast SEO plugin v27.3 - https:\/\/yoast.com\/product\/yoast-seo-wordpress\/ -->\n<title>...\u00d4 Abre Alas...au au au &#8902; Blog da Condessa<\/title>\n<meta name=\"robots\" content=\"index, follow, max-snippet:-1, max-image-preview:large, max-video-preview:-1\" \/>\n<link rel=\"canonical\" href=\"https:\/\/blogdacondessa.com.br\/blog\/geral\/o-abre-alas-au-au-au\/\" \/>\n<meta property=\"og:locale\" content=\"pt_BR\" \/>\n<meta property=\"og:type\" content=\"article\" \/>\n<meta property=\"og:title\" content=\"...\u00d4 Abre Alas...au au au &#8902; Blog da Condessa\" \/>\n<meta property=\"og:description\" content=\"Com o\u00a0carnaval\u00a0\u00a0chegando, muitas pessoas j\u00e1 est\u00e3o fazendo planos para aproveitar da melhor forma poss\u00edvel os dias de folia. Muitas pretendem passar ao lado dos\u00a0animais de estima\u00e7\u00e3o.\u00a0Para que\u00a0a divers\u00e3o com o animalzinho de estima\u00e7\u00e3o seja segura\u00a0, o mais indicado \u00e9 lev\u00e1-lo a\u00a0eventos\u00a0de carnaval feitos especialmente para eles. O \u2018BloC\u00e3o\u2019 &#8211; bloquinho\u00a0voltado para os pets &#8211; \u00a0acontece [&hellip;]\" \/>\n<meta property=\"og:url\" content=\"https:\/\/blogdacondessa.com.br\/blog\/geral\/o-abre-alas-au-au-au\/\" \/>\n<meta property=\"og:site_name\" content=\"Blog da Condessa\" \/>\n<meta property=\"article:published_time\" content=\"2023-02-04T09:00:35+00:00\" \/>\n<meta property=\"og:image\" content=\"https:\/\/blogdacondessa.com.br\/blog\/wp-content\/uploads\/2023\/02\/foto.jpg\" \/>\n\t<meta property=\"og:image:width\" content=\"640\" \/>\n\t<meta property=\"og:image:height\" content=\"692\" \/>\n\t<meta property=\"og:image:type\" content=\"image\/jpeg\" \/>\n<meta name=\"author\" content=\"Blog da Condessa\" \/>\n<meta name=\"twitter:card\" content=\"summary_large_image\" \/>\n<meta name=\"twitter:label1\" content=\"Escrito por\" \/>\n\t<meta name=\"twitter:data1\" content=\"Blog da Condessa\" \/>\n\t<meta name=\"twitter:label2\" content=\"Est. tempo de leitura\" \/>\n\t<meta name=\"twitter:data2\" content=\"2 minutos\" \/>\n<script type=\"application\/ld+json\" class=\"yoast-schema-graph\">{\"@context\":\"https:\\\/\\\/schema.org\",\"@graph\":[{\"@type\":\"Article\",\"@id\":\"https:\\\/\\\/blogdacondessa.com.br\\\/blog\\\/geral\\\/o-abre-alas-au-au-au\\\/#article\",\"isPartOf\":{\"@id\":\"https:\\\/\\\/blogdacondessa.com.br\\\/blog\\\/geral\\\/o-abre-alas-au-au-au\\\/\"},\"author\":{\"name\":\"Blog da Condessa\",\"@id\":\"https:\\\/\\\/blogdacondessa.com.br\\\/blog\\\/#\\\/schema\\\/person\\\/1d667ff8b785195b568677489d266035\"},\"headline\":\"&#8230;\u00d4 Abre Alas&#8230;au au au\",\"datePublished\":\"2023-02-04T09:00:35+00:00\",\"mainEntityOfPage\":{\"@id\":\"https:\\\/\\\/blogdacondessa.com.br\\\/blog\\\/geral\\\/o-abre-alas-au-au-au\\\/\"},\"wordCount\":310,\"image\":{\"@id\":\"https:\\\/\\\/blogdacondessa.com.br\\\/blog\\\/geral\\\/o-abre-alas-au-au-au\\\/#primaryimage\"},\"thumbnailUrl\":\"https:\\\/\\\/blogdacondessa.com.br\\\/blog\\\/wp-content\\\/uploads\\\/2023\\\/02\\\/foto.jpg\",\"articleSection\":[\"Variedades\"],\"inLanguage\":\"pt-BR\"},{\"@type\":\"WebPage\",\"@id\":\"https:\\\/\\\/blogdacondessa.com.br\\\/blog\\\/geral\\\/o-abre-alas-au-au-au\\\/\",\"url\":\"https:\\\/\\\/blogdacondessa.com.br\\\/blog\\\/geral\\\/o-abre-alas-au-au-au\\\/\",\"name\":\"...\u00d4 Abre Alas...au au au &#8902; Blog da Condessa\",\"isPartOf\":{\"@id\":\"https:\\\/\\\/blogdacondessa.com.br\\\/blog\\\/#website\"},\"primaryImageOfPage\":{\"@id\":\"https:\\\/\\\/blogdacondessa.com.br\\\/blog\\\/geral\\\/o-abre-alas-au-au-au\\\/#primaryimage\"},\"image\":{\"@id\":\"https:\\\/\\\/blogdacondessa.com.br\\\/blog\\\/geral\\\/o-abre-alas-au-au-au\\\/#primaryimage\"},\"thumbnailUrl\":\"https:\\\/\\\/blogdacondessa.com.br\\\/blog\\\/wp-content\\\/uploads\\\/2023\\\/02\\\/foto.jpg\",\"datePublished\":\"2023-02-04T09:00:35+00:00\",\"author\":{\"@id\":\"https:\\\/\\\/blogdacondessa.com.br\\\/blog\\\/#\\\/schema\\\/person\\\/1d667ff8b785195b568677489d266035\"},\"breadcrumb\":{\"@id\":\"https:\\\/\\\/blogdacondessa.com.br\\\/blog\\\/geral\\\/o-abre-alas-au-au-au\\\/#breadcrumb\"},\"inLanguage\":\"pt-BR\",\"potentialAction\":[{\"@type\":\"ReadAction\",\"target\":[\"https:\\\/\\\/blogdacondessa.com.br\\\/blog\\\/geral\\\/o-abre-alas-au-au-au\\\/\"]}]},{\"@type\":\"ImageObject\",\"inLanguage\":\"pt-BR\",\"@id\":\"https:\\\/\\\/blogdacondessa.com.br\\\/blog\\\/geral\\\/o-abre-alas-au-au-au\\\/#primaryimage\",\"url\":\"https:\\\/\\\/blogdacondessa.com.br\\\/blog\\\/wp-content\\\/uploads\\\/2023\\\/02\\\/foto.jpg\",\"contentUrl\":\"https:\\\/\\\/blogdacondessa.com.br\\\/blog\\\/wp-content\\\/uploads\\\/2023\\\/02\\\/foto.jpg\",\"width\":640,\"height\":692},{\"@type\":\"BreadcrumbList\",\"@id\":\"https:\\\/\\\/blogdacondessa.com.br\\\/blog\\\/geral\\\/o-abre-alas-au-au-au\\\/#breadcrumb\",\"itemListElement\":[{\"@type\":\"ListItem\",\"position\":1,\"name\":\"In\u00edcio\",\"item\":\"https:\\\/\\\/blogdacondessa.com.br\\\/blog\\\/\"},{\"@type\":\"ListItem\",\"position\":2,\"name\":\"&#8230;\u00d4 Abre Alas&#8230;au au au\"}]},{\"@type\":\"WebSite\",\"@id\":\"https:\\\/\\\/blogdacondessa.com.br\\\/blog\\\/#website\",\"url\":\"https:\\\/\\\/blogdacondessa.com.br\\\/blog\\\/\",\"name\":\"Blog da Condessa\",\"description\":\"Com Shirley de Souza O\u2019Campos\",\"potentialAction\":[{\"@type\":\"SearchAction\",\"target\":{\"@type\":\"EntryPoint\",\"urlTemplate\":\"https:\\\/\\\/blogdacondessa.com.br\\\/blog\\\/?s={search_term_string}\"},\"query-input\":{\"@type\":\"PropertyValueSpecification\",\"valueRequired\":true,\"valueName\":\"search_term_string\"}}],\"inLanguage\":\"pt-BR\"},{\"@type\":\"Person\",\"@id\":\"https:\\\/\\\/blogdacondessa.com.br\\\/blog\\\/#\\\/schema\\\/person\\\/1d667ff8b785195b568677489d266035\",\"name\":\"Blog da Condessa\",\"image\":{\"@type\":\"ImageObject\",\"inLanguage\":\"pt-BR\",\"@id\":\"https:\\\/\\\/secure.gravatar.com\\\/avatar\\\/377c0eb8b4ad2bfc25461b41564b5971e721ca34a57642868fc7b0c8ac7b52c5?s=96&d=mm&r=g\",\"url\":\"https:\\\/\\\/secure.gravatar.com\\\/avatar\\\/377c0eb8b4ad2bfc25461b41564b5971e721ca34a57642868fc7b0c8ac7b52c5?s=96&d=mm&r=g\",\"contentUrl\":\"https:\\\/\\\/secure.gravatar.com\\\/avatar\\\/377c0eb8b4ad2bfc25461b41564b5971e721ca34a57642868fc7b0c8ac7b52c5?s=96&d=mm&r=g\",\"caption\":\"Blog da Condessa\"},\"url\":\"https:\\\/\\\/blogdacondessa.com.br\\\/blog\\\/author\\\/beatriz\\\/\"}]}<\/script>\n<!-- \/ Yoast SEO plugin. -->","yoast_head_json":{"title":"...\u00d4 Abre Alas...au au au &#8902; Blog da Condessa","robots":{"index":"index","follow":"follow","max-snippet":"max-snippet:-1","max-image-preview":"max-image-preview:large","max-video-preview":"max-video-preview:-1"},"canonical":"https:\/\/blogdacondessa.com.br\/blog\/geral\/o-abre-alas-au-au-au\/","og_locale":"pt_BR","og_type":"article","og_title":"...\u00d4 Abre Alas...au au au &#8902; Blog da Condessa","og_description":"Com o\u00a0carnaval\u00a0\u00a0chegando, muitas pessoas j\u00e1 est\u00e3o fazendo planos para aproveitar da melhor forma poss\u00edvel os dias de folia. Muitas pretendem passar ao lado dos\u00a0animais de estima\u00e7\u00e3o.\u00a0Para que\u00a0a divers\u00e3o com o animalzinho de estima\u00e7\u00e3o seja segura\u00a0, o mais indicado \u00e9 lev\u00e1-lo a\u00a0eventos\u00a0de carnaval feitos especialmente para eles. O \u2018BloC\u00e3o\u2019 &#8211; bloquinho\u00a0voltado para os pets &#8211; \u00a0acontece [&hellip;]","og_url":"https:\/\/blogdacondessa.com.br\/blog\/geral\/o-abre-alas-au-au-au\/","og_site_name":"Blog da Condessa","article_published_time":"2023-02-04T09:00:35+00:00","og_image":[{"width":640,"height":692,"url":"https:\/\/blogdacondessa.com.br\/blog\/wp-content\/uploads\/2023\/02\/foto.jpg","type":"image\/jpeg"}],"author":"Blog da Condessa","twitter_card":"summary_large_image","twitter_misc":{"Escrito por":"Blog da Condessa","Est. tempo de leitura":"2 minutos"},"schema":{"@context":"https:\/\/schema.org","@graph":[{"@type":"Article","@id":"https:\/\/blogdacondessa.com.br\/blog\/geral\/o-abre-alas-au-au-au\/#article","isPartOf":{"@id":"https:\/\/blogdacondessa.com.br\/blog\/geral\/o-abre-alas-au-au-au\/"},"author":{"name":"Blog da Condessa","@id":"https:\/\/blogdacondessa.com.br\/blog\/#\/schema\/person\/1d667ff8b785195b568677489d266035"},"headline":"&#8230;\u00d4 Abre Alas&#8230;au au au","datePublished":"2023-02-04T09:00:35+00:00","mainEntityOfPage":{"@id":"https:\/\/blogdacondessa.com.br\/blog\/geral\/o-abre-alas-au-au-au\/"},"wordCount":310,"image":{"@id":"https:\/\/blogdacondessa.com.br\/blog\/geral\/o-abre-alas-au-au-au\/#primaryimage"},"thumbnailUrl":"https:\/\/blogdacondessa.com.br\/blog\/wp-content\/uploads\/2023\/02\/foto.jpg","articleSection":["Variedades"],"inLanguage":"pt-BR"},{"@type":"WebPage","@id":"https:\/\/blogdacondessa.com.br\/blog\/geral\/o-abre-alas-au-au-au\/","url":"https:\/\/blogdacondessa.com.br\/blog\/geral\/o-abre-alas-au-au-au\/","name":"...\u00d4 Abre Alas...au au au &#8902; Blog da Condessa","isPartOf":{"@id":"https:\/\/blogdacondessa.com.br\/blog\/#website"},"primaryImageOfPage":{"@id":"https:\/\/blogdacondessa.com.br\/blog\/geral\/o-abre-alas-au-au-au\/#primaryimage"},"image":{"@id":"https:\/\/blogdacondessa.com.br\/blog\/geral\/o-abre-alas-au-au-au\/#primaryimage"},"thumbnailUrl":"https:\/\/blogdacondessa.com.br\/blog\/wp-content\/uploads\/2023\/02\/foto.jpg","datePublished":"2023-02-04T09:00:35+00:00","author":{"@id":"https:\/\/blogdacondessa.com.br\/blog\/#\/schema\/person\/1d667ff8b785195b568677489d266035"},"breadcrumb":{"@id":"https:\/\/blogdacondessa.com.br\/blog\/geral\/o-abre-alas-au-au-au\/#breadcrumb"},"inLanguage":"pt-BR","potentialAction":[{"@type":"ReadAction","target":["https:\/\/blogdacondessa.com.br\/blog\/geral\/o-abre-alas-au-au-au\/"]}]},{"@type":"ImageObject","inLanguage":"pt-BR","@id":"https:\/\/blogdacondessa.com.br\/blog\/geral\/o-abre-alas-au-au-au\/#primaryimage","url":"https:\/\/blogdacondessa.com.br\/blog\/wp-content\/uploads\/2023\/02\/foto.jpg","contentUrl":"https:\/\/blogdacondessa.com.br\/blog\/wp-content\/uploads\/2023\/02\/foto.jpg","width":640,"height":692},{"@type":"BreadcrumbList","@id":"https:\/\/blogdacondessa.com.br\/blog\/geral\/o-abre-alas-au-au-au\/#breadcrumb","itemListElement":[{"@type":"ListItem","position":1,"name":"In\u00edcio","item":"https:\/\/blogdacondessa.com.br\/blog\/"},{"@type":"ListItem","position":2,"name":"&#8230;\u00d4 Abre Alas&#8230;au au au"}]},{"@type":"WebSite","@id":"https:\/\/blogdacondessa.com.br\/blog\/#website","url":"https:\/\/blogdacondessa.com.br\/blog\/","name":"Blog da Condessa","description":"Com Shirley de Souza O\u2019Campos","potentialAction":[{"@type":"SearchAction","target":{"@type":"EntryPoint","urlTemplate":"https:\/\/blogdacondessa.com.br\/blog\/?s={search_term_string}"},"query-input":{"@type":"PropertyValueSpecification","valueRequired":true,"valueName":"search_term_string"}}],"inLanguage":"pt-BR"},{"@type":"Person","@id":"https:\/\/blogdacondessa.com.br\/blog\/#\/schema\/person\/1d667ff8b785195b568677489d266035","name":"Blog da Condessa","image":{"@type":"ImageObject","inLanguage":"pt-BR","@id":"https:\/\/secure.gravatar.com\/avatar\/377c0eb8b4ad2bfc25461b41564b5971e721ca34a57642868fc7b0c8ac7b52c5?s=96&d=mm&r=g","url":"https:\/\/secure.gravatar.com\/avatar\/377c0eb8b4ad2bfc25461b41564b5971e721ca34a57642868fc7b0c8ac7b52c5?s=96&d=mm&r=g","contentUrl":"https:\/\/secure.gravatar.com\/avatar\/377c0eb8b4ad2bfc25461b41564b5971e721ca34a57642868fc7b0c8ac7b52c5?s=96&d=mm&r=g","caption":"Blog da Condessa"},"url":"https:\/\/blogdacondessa.com.br\/blog\/author\/beatriz\/"}]}},"_links":{"self":[{"href":"https:\/\/blogdacondessa.com.br\/blog\/wp-json\/wp\/v2\/posts\/6234","targetHints":{"allow":["GET"]}}],"collection":[{"href":"https:\/\/blogdacondessa.com.br\/blog\/wp-json\/wp\/v2\/posts"}],"about":[{"href":"https:\/\/blogdacondessa.com.br\/blog\/wp-json\/wp\/v2\/types\/post"}],"author":[{"embeddable":true,"href":"https:\/\/blogdacondessa.com.br\/blog\/wp-json\/wp\/v2\/users\/2"}],"replies":[{"embeddable":true,"href":"https:\/\/blogdacondessa.com.br\/blog\/wp-json\/wp\/v2\/comments?post=6234"}],"version-history":[{"count":0,"href":"https:\/\/blogdacondessa.com.br\/blog\/wp-json\/wp\/v2\/posts\/6234\/revisions"}],"wp:featuredmedia":[{"embeddable":true,"href":"https:\/\/blogdacondessa.com.br\/blog\/wp-json\/wp\/v2\/media\/6235"}],"wp:attachment":[{"href":"https:\/\/blogdacondessa.com.br\/blog\/wp-json\/wp\/v2\/media?parent=6234"}],"wp:term":[{"taxonomy":"category","embeddable":true,"href":"https:\/\/blogdacondessa.com.br\/blog\/wp-json\/wp\/v2\/categories?post=6234"},{"taxonomy":"post_tag","embeddable":true,"href":"https:\/\/blogdacondessa.com.br\/blog\/wp-json\/wp\/v2\/tags?post=6234"}],"curies":[{"name":"wp","href":"https:\/\/api.w.org\/{rel}","templated":true}]}}