{"id":6228,"date":"2023-02-04T05:00:35","date_gmt":"2023-02-04T09:00:35","guid":{"rendered":"http:\/\/blogdacondessa.com.br\/?p=6228"},"modified":"2023-02-03T12:46:52","modified_gmt":"2023-02-03T16:46:52","slug":"que-o-dialogo-pacifico-seja-nossa-principal-ferramenta-para-lutar-por-dias-melhores","status":"publish","type":"post","link":"https:\/\/blogdacondessa.com.br\/blog\/politica\/que-o-dialogo-pacifico-seja-nossa-principal-ferramenta-para-lutar-por-dias-melhores\/","title":{"rendered":"\u201cQue o di\u00e1logo pac\u00edfico seja nossa principal ferramenta para lutar por dias melhores\u201d"},"content":{"rendered":"<p>Com 23 votos favor\u00e1veis e apenas um contr\u00e1rio, o deputado estadual Eduardo Botelho (Uni\u00e3o Brasil), foi eleito na quarta-feira (1\/02), durante sess\u00e3o legislativa, presidente da nova Mesa Diretora da Assembleia Legislativa para o bi\u00eanio 2023\/2025. Em discurso no plen\u00e1rio, ap\u00f3s a elei\u00e7\u00e3o, o presidente da ALMT reafirmou o seu compromisso com o que classificou como a marca da gest\u00e3o no Parlamento. \u201cAssumo um novo mandato como presidente da Assembleia Legislativa e o fa\u00e7o reafirmando a marca da nossa gest\u00e3o: a independ\u00eancia deste Poder. Independ\u00eancia com responsabilidade e harmonia com os demais poderes. Independ\u00eancia para divergir, mas tamb\u00e9m para convergir em torno dos interesses maiores deste Estado\u201d, disse.<\/p>\n<p>\u201cAqui temos hist\u00f3rias e constru\u00edmos hist\u00f3rias, pois n\u00e3o faltamos ao nosso dever diante da mais terr\u00edvel crise deste s\u00e9culo, que foi a pandemia, al\u00e9m de diversos outros problemas. Cumprimos o nosso papel e demos a nossa contribui\u00e7\u00e3o. Modernizamos a casa, cortamos gastos, fizemos economia e votamos corajosamente medidas amargas, mas necess\u00e1rias \u00e0 supera\u00e7\u00e3o de obst\u00e1culos, sobretudo do ponto de vista fiscal. E gra\u00e7as a este esfor\u00e7o podemos afirmar que Mato Grosso hoje se encontra mais pr\u00f3spero em meio a tantos problemas vividos por muitos estados coirm\u00e3os e at\u00e9 no mundo\u201d, disse durante a sess\u00e3o.<\/p>\n<p>Eduardo Botelho, que vai presidir a Casa de Leis pela quarta vez consecutiva, tamb\u00e9m falou do compromisso de trabalhar em defesa da democracia. \u201cReafirmo meu compromisso de trabalhar em defesa da plena democracia. Como afirmou o Papa Francisco: n\u00e3o h\u00e1 democracia com fome, nem desenvolvimento com pobreza, nem justi\u00e7a na desigualdade. Esta gest\u00e3o continuar\u00e1 a fazer deste Parlamento em que n\u00e3o h\u00e1\u00a0vencidos\u00a0nem vencedores. Aqui h\u00e1 debates duros, defesa firme de posi\u00e7\u00f5es, conversas, convencimento e necessidade de votos\u201d.<\/p>\n<p>Botelho disse ser contra qualquer ato antidemocr\u00e1tico. \u201cSou contra e recha\u00e7o qualquer ato antidemocr\u00e1tico. Serei combatente fiel da nossa democracia e da Constitui\u00e7\u00e3o Federal e que o di\u00e1logo pac\u00edfico seja nossa principal ferramenta para lutar por dias melhores, respeitando sempre as diverg\u00eancias de pensamento\u201d.<\/p>\n<p>O presidente da AL quer um Legislativo cada vez mais atuante. \u201cVamos trabalhar para que este Legislativo nunca feche seus olhos aos direitos e ao respeito \u00e0s mulheres, as popula\u00e7\u00f5es quilombolas, aos negros, aos agricultores familiares, as popula\u00e7\u00f5es ind\u00edgenas e a todos aqueles que mais necessitam.\u00a0Que neste parlamento nenhum debate seja interditado, nenhuma voz seja calada, mas sim respeitada. Que nossas diferentes matrizes produtivas encontrem espa\u00e7o equ\u00e2nime na agenda pol\u00edtica de Mato Grosso\u201d.<\/p>\n<p>A chapa Assembleia Unida por Mato Grosso foi a \u00fanica inscrita para a elei\u00e7\u00e3o, e \u00e9 formada pelos deputados Eduardo Botelho (Uni\u00e3o Brasil), presidente; Max Russi (PSB), primeiro-secret\u00e1rio; Janaina Riva (MDB), primeira-vice-presidente;, Wilson Santos (PSD), segundo vice-presidente; Valdir Barranco (PT), segundo-secret\u00e1rio;\u00a0Gilberto Cattani (PL), terceiro-secret\u00e1rio; e Valmir Moretto (Republicanos), quarto-secret\u00e1rio.<\/p>\n<p>&nbsp;<\/p>\n<p>&nbsp;<\/p>\n","protected":false},"excerpt":{"rendered":"<p>Com 23 votos favor\u00e1veis e apenas um contr\u00e1rio, o deputado estadual Eduardo Botelho (Uni\u00e3o Brasil), foi eleito na quarta-feira (1\/02), durante sess\u00e3o legislativa, presidente da nova Mesa Diretora da Assembleia Legislativa para o bi\u00eanio 2023\/2025. Em discurso no plen\u00e1rio, ap\u00f3s a elei\u00e7\u00e3o, o presidente da ALMT reafirmou o seu compromisso com o que classificou como [&hellip;]<\/p>\n","protected":false},"author":2,"featured_media":6230,"comment_status":"closed","ping_status":"closed","sticky":false,"template":"","format":"standard","meta":{"iawp_total_views":1,"footnotes":""},"categories":[10],"tags":[],"class_list":["post-6228","post","type-post","status-publish","format-standard","has-post-thumbnail","hentry","category-politica"],"yoast_head":"<!-- This site is optimized with the Yoast SEO plugin v27.3 - https:\/\/yoast.com\/product\/yoast-seo-wordpress\/ -->\n<title>\u201cQue o di\u00e1logo pac\u00edfico seja nossa principal ferramenta para lutar por dias melhores\u201d &#8902; Blog da Condessa<\/title>\n<meta name=\"robots\" content=\"index, follow, max-snippet:-1, max-image-preview:large, max-video-preview:-1\" \/>\n<link rel=\"canonical\" href=\"https:\/\/blogdacondessa.com.br\/blog\/politica\/que-o-dialogo-pacifico-seja-nossa-principal-ferramenta-para-lutar-por-dias-melhores\/\" \/>\n<meta property=\"og:locale\" content=\"pt_BR\" \/>\n<meta property=\"og:type\" content=\"article\" \/>\n<meta property=\"og:title\" content=\"\u201cQue o di\u00e1logo pac\u00edfico seja nossa principal ferramenta para lutar por dias melhores\u201d &#8902; Blog da Condessa\" \/>\n<meta property=\"og:description\" content=\"Com 23 votos favor\u00e1veis e apenas um contr\u00e1rio, o deputado estadual Eduardo Botelho (Uni\u00e3o Brasil), foi eleito na quarta-feira (1\/02), durante sess\u00e3o legislativa, presidente da nova Mesa Diretora da Assembleia Legislativa para o bi\u00eanio 2023\/2025. Em discurso no plen\u00e1rio, ap\u00f3s a elei\u00e7\u00e3o, o presidente da ALMT reafirmou o seu compromisso com o que classificou como [&hellip;]\" \/>\n<meta property=\"og:url\" content=\"https:\/\/blogdacondessa.com.br\/blog\/politica\/que-o-dialogo-pacifico-seja-nossa-principal-ferramenta-para-lutar-por-dias-melhores\/\" \/>\n<meta property=\"og:site_name\" content=\"Blog da Condessa\" \/>\n<meta property=\"article:published_time\" content=\"2023-02-04T09:00:35+00:00\" \/>\n<meta property=\"og:image\" content=\"https:\/\/blogdacondessa.com.br\/blog\/wp-content\/uploads\/2023\/02\/BOTELHO.jpg\" \/>\n\t<meta property=\"og:image:width\" content=\"1300\" \/>\n\t<meta property=\"og:image:height\" content=\"826\" \/>\n\t<meta property=\"og:image:type\" content=\"image\/jpeg\" \/>\n<meta name=\"author\" content=\"Blog da Condessa\" \/>\n<meta name=\"twitter:card\" content=\"summary_large_image\" \/>\n<meta name=\"twitter:label1\" content=\"Escrito por\" \/>\n\t<meta name=\"twitter:data1\" content=\"Blog da Condessa\" \/>\n\t<meta name=\"twitter:label2\" content=\"Est. tempo de leitura\" \/>\n\t<meta name=\"twitter:data2\" content=\"3 minutos\" \/>\n<script type=\"application\/ld+json\" class=\"yoast-schema-graph\">{\"@context\":\"https:\\\/\\\/schema.org\",\"@graph\":[{\"@type\":\"Article\",\"@id\":\"https:\\\/\\\/blogdacondessa.com.br\\\/blog\\\/politica\\\/que-o-dialogo-pacifico-seja-nossa-principal-ferramenta-para-lutar-por-dias-melhores\\\/#article\",\"isPartOf\":{\"@id\":\"https:\\\/\\\/blogdacondessa.com.br\\\/blog\\\/politica\\\/que-o-dialogo-pacifico-seja-nossa-principal-ferramenta-para-lutar-por-dias-melhores\\\/\"},\"author\":{\"name\":\"Blog da Condessa\",\"@id\":\"https:\\\/\\\/blogdacondessa.com.br\\\/blog\\\/#\\\/schema\\\/person\\\/1d667ff8b785195b568677489d266035\"},\"headline\":\"\u201cQue o di\u00e1logo pac\u00edfico seja nossa principal ferramenta para lutar por dias melhores\u201d\",\"datePublished\":\"2023-02-04T09:00:35+00:00\",\"mainEntityOfPage\":{\"@id\":\"https:\\\/\\\/blogdacondessa.com.br\\\/blog\\\/politica\\\/que-o-dialogo-pacifico-seja-nossa-principal-ferramenta-para-lutar-por-dias-melhores\\\/\"},\"wordCount\":516,\"image\":{\"@id\":\"https:\\\/\\\/blogdacondessa.com.br\\\/blog\\\/politica\\\/que-o-dialogo-pacifico-seja-nossa-principal-ferramenta-para-lutar-por-dias-melhores\\\/#primaryimage\"},\"thumbnailUrl\":\"https:\\\/\\\/blogdacondessa.com.br\\\/blog\\\/wp-content\\\/uploads\\\/2023\\\/02\\\/BOTELHO.jpg\",\"articleSection\":[\"Pol\u00edtica\"],\"inLanguage\":\"pt-BR\"},{\"@type\":\"WebPage\",\"@id\":\"https:\\\/\\\/blogdacondessa.com.br\\\/blog\\\/politica\\\/que-o-dialogo-pacifico-seja-nossa-principal-ferramenta-para-lutar-por-dias-melhores\\\/\",\"url\":\"https:\\\/\\\/blogdacondessa.com.br\\\/blog\\\/politica\\\/que-o-dialogo-pacifico-seja-nossa-principal-ferramenta-para-lutar-por-dias-melhores\\\/\",\"name\":\"\u201cQue o di\u00e1logo pac\u00edfico seja nossa principal ferramenta para lutar por dias melhores\u201d &#8902; Blog da Condessa\",\"isPartOf\":{\"@id\":\"https:\\\/\\\/blogdacondessa.com.br\\\/blog\\\/#website\"},\"primaryImageOfPage\":{\"@id\":\"https:\\\/\\\/blogdacondessa.com.br\\\/blog\\\/politica\\\/que-o-dialogo-pacifico-seja-nossa-principal-ferramenta-para-lutar-por-dias-melhores\\\/#primaryimage\"},\"image\":{\"@id\":\"https:\\\/\\\/blogdacondessa.com.br\\\/blog\\\/politica\\\/que-o-dialogo-pacifico-seja-nossa-principal-ferramenta-para-lutar-por-dias-melhores\\\/#primaryimage\"},\"thumbnailUrl\":\"https:\\\/\\\/blogdacondessa.com.br\\\/blog\\\/wp-content\\\/uploads\\\/2023\\\/02\\\/BOTELHO.jpg\",\"datePublished\":\"2023-02-04T09:00:35+00:00\",\"author\":{\"@id\":\"https:\\\/\\\/blogdacondessa.com.br\\\/blog\\\/#\\\/schema\\\/person\\\/1d667ff8b785195b568677489d266035\"},\"breadcrumb\":{\"@id\":\"https:\\\/\\\/blogdacondessa.com.br\\\/blog\\\/politica\\\/que-o-dialogo-pacifico-seja-nossa-principal-ferramenta-para-lutar-por-dias-melhores\\\/#breadcrumb\"},\"inLanguage\":\"pt-BR\",\"potentialAction\":[{\"@type\":\"ReadAction\",\"target\":[\"https:\\\/\\\/blogdacondessa.com.br\\\/blog\\\/politica\\\/que-o-dialogo-pacifico-seja-nossa-principal-ferramenta-para-lutar-por-dias-melhores\\\/\"]}]},{\"@type\":\"ImageObject\",\"inLanguage\":\"pt-BR\",\"@id\":\"https:\\\/\\\/blogdacondessa.com.br\\\/blog\\\/politica\\\/que-o-dialogo-pacifico-seja-nossa-principal-ferramenta-para-lutar-por-dias-melhores\\\/#primaryimage\",\"url\":\"https:\\\/\\\/blogdacondessa.com.br\\\/blog\\\/wp-content\\\/uploads\\\/2023\\\/02\\\/BOTELHO.jpg\",\"contentUrl\":\"https:\\\/\\\/blogdacondessa.com.br\\\/blog\\\/wp-content\\\/uploads\\\/2023\\\/02\\\/BOTELHO.jpg\",\"width\":1300,\"height\":826,\"caption\":\"Foto: ANGELO VARELA \\\/ ALMT\"},{\"@type\":\"BreadcrumbList\",\"@id\":\"https:\\\/\\\/blogdacondessa.com.br\\\/blog\\\/politica\\\/que-o-dialogo-pacifico-seja-nossa-principal-ferramenta-para-lutar-por-dias-melhores\\\/#breadcrumb\",\"itemListElement\":[{\"@type\":\"ListItem\",\"position\":1,\"name\":\"In\u00edcio\",\"item\":\"https:\\\/\\\/blogdacondessa.com.br\\\/blog\\\/\"},{\"@type\":\"ListItem\",\"position\":2,\"name\":\"\u201cQue o di\u00e1logo pac\u00edfico seja nossa principal ferramenta para lutar por dias melhores\u201d\"}]},{\"@type\":\"WebSite\",\"@id\":\"https:\\\/\\\/blogdacondessa.com.br\\\/blog\\\/#website\",\"url\":\"https:\\\/\\\/blogdacondessa.com.br\\\/blog\\\/\",\"name\":\"Blog da Condessa\",\"description\":\"Com Shirley de Souza O\u2019Campos\",\"potentialAction\":[{\"@type\":\"SearchAction\",\"target\":{\"@type\":\"EntryPoint\",\"urlTemplate\":\"https:\\\/\\\/blogdacondessa.com.br\\\/blog\\\/?s={search_term_string}\"},\"query-input\":{\"@type\":\"PropertyValueSpecification\",\"valueRequired\":true,\"valueName\":\"search_term_string\"}}],\"inLanguage\":\"pt-BR\"},{\"@type\":\"Person\",\"@id\":\"https:\\\/\\\/blogdacondessa.com.br\\\/blog\\\/#\\\/schema\\\/person\\\/1d667ff8b785195b568677489d266035\",\"name\":\"Blog da Condessa\",\"image\":{\"@type\":\"ImageObject\",\"inLanguage\":\"pt-BR\",\"@id\":\"https:\\\/\\\/secure.gravatar.com\\\/avatar\\\/377c0eb8b4ad2bfc25461b41564b5971e721ca34a57642868fc7b0c8ac7b52c5?s=96&d=mm&r=g\",\"url\":\"https:\\\/\\\/secure.gravatar.com\\\/avatar\\\/377c0eb8b4ad2bfc25461b41564b5971e721ca34a57642868fc7b0c8ac7b52c5?s=96&d=mm&r=g\",\"contentUrl\":\"https:\\\/\\\/secure.gravatar.com\\\/avatar\\\/377c0eb8b4ad2bfc25461b41564b5971e721ca34a57642868fc7b0c8ac7b52c5?s=96&d=mm&r=g\",\"caption\":\"Blog da Condessa\"},\"url\":\"https:\\\/\\\/blogdacondessa.com.br\\\/blog\\\/author\\\/beatriz\\\/\"}]}<\/script>\n<!-- \/ Yoast SEO plugin. -->","yoast_head_json":{"title":"\u201cQue o di\u00e1logo pac\u00edfico seja nossa principal ferramenta para lutar por dias melhores\u201d &#8902; Blog da Condessa","robots":{"index":"index","follow":"follow","max-snippet":"max-snippet:-1","max-image-preview":"max-image-preview:large","max-video-preview":"max-video-preview:-1"},"canonical":"https:\/\/blogdacondessa.com.br\/blog\/politica\/que-o-dialogo-pacifico-seja-nossa-principal-ferramenta-para-lutar-por-dias-melhores\/","og_locale":"pt_BR","og_type":"article","og_title":"\u201cQue o di\u00e1logo pac\u00edfico seja nossa principal ferramenta para lutar por dias melhores\u201d &#8902; Blog da Condessa","og_description":"Com 23 votos favor\u00e1veis e apenas um contr\u00e1rio, o deputado estadual Eduardo Botelho (Uni\u00e3o Brasil), foi eleito na quarta-feira (1\/02), durante sess\u00e3o legislativa, presidente da nova Mesa Diretora da Assembleia Legislativa para o bi\u00eanio 2023\/2025. Em discurso no plen\u00e1rio, ap\u00f3s a elei\u00e7\u00e3o, o presidente da ALMT reafirmou o seu compromisso com o que classificou como [&hellip;]","og_url":"https:\/\/blogdacondessa.com.br\/blog\/politica\/que-o-dialogo-pacifico-seja-nossa-principal-ferramenta-para-lutar-por-dias-melhores\/","og_site_name":"Blog da Condessa","article_published_time":"2023-02-04T09:00:35+00:00","og_image":[{"width":1300,"height":826,"url":"https:\/\/blogdacondessa.com.br\/blog\/wp-content\/uploads\/2023\/02\/BOTELHO.jpg","type":"image\/jpeg"}],"author":"Blog da Condessa","twitter_card":"summary_large_image","twitter_misc":{"Escrito por":"Blog da Condessa","Est. tempo de leitura":"3 minutos"},"schema":{"@context":"https:\/\/schema.org","@graph":[{"@type":"Article","@id":"https:\/\/blogdacondessa.com.br\/blog\/politica\/que-o-dialogo-pacifico-seja-nossa-principal-ferramenta-para-lutar-por-dias-melhores\/#article","isPartOf":{"@id":"https:\/\/blogdacondessa.com.br\/blog\/politica\/que-o-dialogo-pacifico-seja-nossa-principal-ferramenta-para-lutar-por-dias-melhores\/"},"author":{"name":"Blog da Condessa","@id":"https:\/\/blogdacondessa.com.br\/blog\/#\/schema\/person\/1d667ff8b785195b568677489d266035"},"headline":"\u201cQue o di\u00e1logo pac\u00edfico seja nossa principal ferramenta para lutar por dias melhores\u201d","datePublished":"2023-02-04T09:00:35+00:00","mainEntityOfPage":{"@id":"https:\/\/blogdacondessa.com.br\/blog\/politica\/que-o-dialogo-pacifico-seja-nossa-principal-ferramenta-para-lutar-por-dias-melhores\/"},"wordCount":516,"image":{"@id":"https:\/\/blogdacondessa.com.br\/blog\/politica\/que-o-dialogo-pacifico-seja-nossa-principal-ferramenta-para-lutar-por-dias-melhores\/#primaryimage"},"thumbnailUrl":"https:\/\/blogdacondessa.com.br\/blog\/wp-content\/uploads\/2023\/02\/BOTELHO.jpg","articleSection":["Pol\u00edtica"],"inLanguage":"pt-BR"},{"@type":"WebPage","@id":"https:\/\/blogdacondessa.com.br\/blog\/politica\/que-o-dialogo-pacifico-seja-nossa-principal-ferramenta-para-lutar-por-dias-melhores\/","url":"https:\/\/blogdacondessa.com.br\/blog\/politica\/que-o-dialogo-pacifico-seja-nossa-principal-ferramenta-para-lutar-por-dias-melhores\/","name":"\u201cQue o di\u00e1logo pac\u00edfico seja nossa principal ferramenta para lutar por dias melhores\u201d &#8902; Blog da Condessa","isPartOf":{"@id":"https:\/\/blogdacondessa.com.br\/blog\/#website"},"primaryImageOfPage":{"@id":"https:\/\/blogdacondessa.com.br\/blog\/politica\/que-o-dialogo-pacifico-seja-nossa-principal-ferramenta-para-lutar-por-dias-melhores\/#primaryimage"},"image":{"@id":"https:\/\/blogdacondessa.com.br\/blog\/politica\/que-o-dialogo-pacifico-seja-nossa-principal-ferramenta-para-lutar-por-dias-melhores\/#primaryimage"},"thumbnailUrl":"https:\/\/blogdacondessa.com.br\/blog\/wp-content\/uploads\/2023\/02\/BOTELHO.jpg","datePublished":"2023-02-04T09:00:35+00:00","author":{"@id":"https:\/\/blogdacondessa.com.br\/blog\/#\/schema\/person\/1d667ff8b785195b568677489d266035"},"breadcrumb":{"@id":"https:\/\/blogdacondessa.com.br\/blog\/politica\/que-o-dialogo-pacifico-seja-nossa-principal-ferramenta-para-lutar-por-dias-melhores\/#breadcrumb"},"inLanguage":"pt-BR","potentialAction":[{"@type":"ReadAction","target":["https:\/\/blogdacondessa.com.br\/blog\/politica\/que-o-dialogo-pacifico-seja-nossa-principal-ferramenta-para-lutar-por-dias-melhores\/"]}]},{"@type":"ImageObject","inLanguage":"pt-BR","@id":"https:\/\/blogdacondessa.com.br\/blog\/politica\/que-o-dialogo-pacifico-seja-nossa-principal-ferramenta-para-lutar-por-dias-melhores\/#primaryimage","url":"https:\/\/blogdacondessa.com.br\/blog\/wp-content\/uploads\/2023\/02\/BOTELHO.jpg","contentUrl":"https:\/\/blogdacondessa.com.br\/blog\/wp-content\/uploads\/2023\/02\/BOTELHO.jpg","width":1300,"height":826,"caption":"Foto: ANGELO VARELA \/ ALMT"},{"@type":"BreadcrumbList","@id":"https:\/\/blogdacondessa.com.br\/blog\/politica\/que-o-dialogo-pacifico-seja-nossa-principal-ferramenta-para-lutar-por-dias-melhores\/#breadcrumb","itemListElement":[{"@type":"ListItem","position":1,"name":"In\u00edcio","item":"https:\/\/blogdacondessa.com.br\/blog\/"},{"@type":"ListItem","position":2,"name":"\u201cQue o di\u00e1logo pac\u00edfico seja nossa principal ferramenta para lutar por dias melhores\u201d"}]},{"@type":"WebSite","@id":"https:\/\/blogdacondessa.com.br\/blog\/#website","url":"https:\/\/blogdacondessa.com.br\/blog\/","name":"Blog da Condessa","description":"Com Shirley de Souza O\u2019Campos","potentialAction":[{"@type":"SearchAction","target":{"@type":"EntryPoint","urlTemplate":"https:\/\/blogdacondessa.com.br\/blog\/?s={search_term_string}"},"query-input":{"@type":"PropertyValueSpecification","valueRequired":true,"valueName":"search_term_string"}}],"inLanguage":"pt-BR"},{"@type":"Person","@id":"https:\/\/blogdacondessa.com.br\/blog\/#\/schema\/person\/1d667ff8b785195b568677489d266035","name":"Blog da Condessa","image":{"@type":"ImageObject","inLanguage":"pt-BR","@id":"https:\/\/secure.gravatar.com\/avatar\/377c0eb8b4ad2bfc25461b41564b5971e721ca34a57642868fc7b0c8ac7b52c5?s=96&d=mm&r=g","url":"https:\/\/secure.gravatar.com\/avatar\/377c0eb8b4ad2bfc25461b41564b5971e721ca34a57642868fc7b0c8ac7b52c5?s=96&d=mm&r=g","contentUrl":"https:\/\/secure.gravatar.com\/avatar\/377c0eb8b4ad2bfc25461b41564b5971e721ca34a57642868fc7b0c8ac7b52c5?s=96&d=mm&r=g","caption":"Blog da Condessa"},"url":"https:\/\/blogdacondessa.com.br\/blog\/author\/beatriz\/"}]}},"_links":{"self":[{"href":"https:\/\/blogdacondessa.com.br\/blog\/wp-json\/wp\/v2\/posts\/6228","targetHints":{"allow":["GET"]}}],"collection":[{"href":"https:\/\/blogdacondessa.com.br\/blog\/wp-json\/wp\/v2\/posts"}],"about":[{"href":"https:\/\/blogdacondessa.com.br\/blog\/wp-json\/wp\/v2\/types\/post"}],"author":[{"embeddable":true,"href":"https:\/\/blogdacondessa.com.br\/blog\/wp-json\/wp\/v2\/users\/2"}],"replies":[{"embeddable":true,"href":"https:\/\/blogdacondessa.com.br\/blog\/wp-json\/wp\/v2\/comments?post=6228"}],"version-history":[{"count":0,"href":"https:\/\/blogdacondessa.com.br\/blog\/wp-json\/wp\/v2\/posts\/6228\/revisions"}],"wp:featuredmedia":[{"embeddable":true,"href":"https:\/\/blogdacondessa.com.br\/blog\/wp-json\/wp\/v2\/media\/6230"}],"wp:attachment":[{"href":"https:\/\/blogdacondessa.com.br\/blog\/wp-json\/wp\/v2\/media?parent=6228"}],"wp:term":[{"taxonomy":"category","embeddable":true,"href":"https:\/\/blogdacondessa.com.br\/blog\/wp-json\/wp\/v2\/categories?post=6228"},{"taxonomy":"post_tag","embeddable":true,"href":"https:\/\/blogdacondessa.com.br\/blog\/wp-json\/wp\/v2\/tags?post=6228"}],"curies":[{"name":"wp","href":"https:\/\/api.w.org\/{rel}","templated":true}]}}