{"id":6222,"date":"2023-02-03T05:00:44","date_gmt":"2023-02-03T09:00:44","guid":{"rendered":"http:\/\/blogdacondessa.com.br\/?p=6222"},"modified":"2023-02-02T16:23:41","modified_gmt":"2023-02-02T20:23:41","slug":"sesc-mt-contrata-secretaria-executiva-para-atuar-em-cuiaba","status":"publish","type":"post","link":"https:\/\/blogdacondessa.com.br\/blog\/cotidiano\/sesc-mt-contrata-secretaria-executiva-para-atuar-em-cuiaba\/","title":{"rendered":"Sesc-MT contrata secret\u00e1ria executiva para atuar em Cuiab\u00e1"},"content":{"rendered":"<p>O Servi\u00e7o Social do Com\u00e9rcio (Sesc-MT) est\u00e1 com processo seletivo aberto para a contrata\u00e7\u00e3o de secret\u00e1ria executiva. A remunera\u00e7\u00e3o \u00e9 de R$ 4,4 mil. Os candidatos devem enviar o seu curr\u00edculo para o e-mail\u00a0<a href=\"mailto:recrutamento@sescmt.com.br\">recrutamento@sescmt.com.br<\/a>, informando no assunto o nome da vaga, at\u00e9 7 de fevereiro.<\/p>\n<p>Os interessados devem comprovar experi\u00eancia m\u00ednima de 6 meses na fun\u00e7\u00e3o, Ensino Superior Completo, conhecimento no pacote Office (Excel, Word e Power Point) e disponibilidade de hor\u00e1rios. Al\u00e9m do sal\u00e1rio, o novo colaborador tamb\u00e9m ir\u00e1 receber vale alimenta\u00e7\u00e3o no valor de R$900 por m\u00eas, plano de sa\u00fade e benef\u00edcios do Cart\u00e3o Sesc.<\/p>\n<p>O profissional ir\u00e1 lidar com o corpo executivo do Sesc-MT, prestando assist\u00eancia e assessorando os diretores da institui\u00e7\u00e3o. Entre as fun\u00e7\u00f5es est\u00e3o: realiza\u00e7\u00e3o de servi\u00e7os de escrit\u00f3rio, planejamento e administra\u00e7\u00e3o da agenda das dire\u00e7\u00f5es, gerenciamento de informa\u00e7\u00f5es, elabora\u00e7\u00e3o de documentos, controle de correspond\u00eancia f\u00edsica e eletr\u00f4nica, despachos com a dire\u00e7\u00e3o, coleta de assinaturas, defini\u00e7\u00e3o de liga\u00e7\u00f5es telef\u00f4nicas, administra\u00e7\u00e3o de pend\u00eancias, defini\u00e7\u00e3o do encaminhamento de documentos e assist\u00eancia \u00e0 dire\u00e7\u00e3o em reuni\u00f5es.<\/p>\n<p>Mais informa\u00e7\u00f5es pelo telefone (65) 3616-7900 ou 3616-7907.<\/p>\n<p><strong>Sobre o Sesc-MT<\/strong><\/p>\n<p>Desde 1947, o Sesc-MT promove a\u00e7\u00f5es socioeducativas destinadas ao bem-estar social e a qualidade de vida dos trabalhadores do Com\u00e9rcio de Bens, Servi\u00e7os e Turismo, de seus familiares e da comunidade em geral.<\/p>\n<p>As a\u00e7\u00f5es desenvolvidas est\u00e3o distribu\u00eddas nos seguintes programas: educa\u00e7\u00e3o, sa\u00fade, cultura, lazer a assist\u00eancia. Atualmente, o Sesc-MT administra 22 unidades fixas no estado e quatro unidades m\u00f3veis que circulam pelos munic\u00edpios do interior.<\/p>\n<p>O Sistema S do Com\u00e9rcio, composto pela Fecom\u00e9rcio, Sesc, Senac e IPF em Mato Grosso, \u00e9 presidido por Jos\u00e9 Wenceslau de Souza J\u00fanior. A entidade \u00e9 filiada \u00e0 Confedera\u00e7\u00e3o Nacional do Com\u00e9rcio de Bens, Servi\u00e7os e Turismo (CNC), que est\u00e1 sob o comando de Jos\u00e9 Roberto Tadros.<\/p>\n<p>&nbsp;<\/p>\n","protected":false},"excerpt":{"rendered":"<p>O Servi\u00e7o Social do Com\u00e9rcio (Sesc-MT) est\u00e1 com processo seletivo aberto para a contrata\u00e7\u00e3o de secret\u00e1ria executiva. A remunera\u00e7\u00e3o \u00e9 de R$ 4,4 mil. Os candidatos devem enviar o seu curr\u00edculo para o e-mail\u00a0recrutamento@sescmt.com.br, informando no assunto o nome da vaga, at\u00e9 7 de fevereiro. Os interessados devem comprovar experi\u00eancia m\u00ednima de 6 meses na [&hellip;]<\/p>\n","protected":false},"author":2,"featured_media":6223,"comment_status":"closed","ping_status":"closed","sticky":false,"template":"","format":"standard","meta":{"iawp_total_views":0,"footnotes":""},"categories":[24],"tags":[],"class_list":["post-6222","post","type-post","status-publish","format-standard","has-post-thumbnail","hentry","category-cotidiano"],"yoast_head":"<!-- This site is optimized with the Yoast SEO plugin v27.3 - https:\/\/yoast.com\/product\/yoast-seo-wordpress\/ -->\n<title>Sesc-MT contrata secret\u00e1ria executiva para atuar em Cuiab\u00e1 &#8902; Blog da Condessa<\/title>\n<meta name=\"robots\" content=\"index, follow, max-snippet:-1, max-image-preview:large, max-video-preview:-1\" \/>\n<link rel=\"canonical\" href=\"https:\/\/blogdacondessa.com.br\/blog\/cotidiano\/sesc-mt-contrata-secretaria-executiva-para-atuar-em-cuiaba\/\" \/>\n<meta property=\"og:locale\" content=\"pt_BR\" \/>\n<meta property=\"og:type\" content=\"article\" \/>\n<meta property=\"og:title\" content=\"Sesc-MT contrata secret\u00e1ria executiva para atuar em Cuiab\u00e1 &#8902; Blog da Condessa\" \/>\n<meta property=\"og:description\" content=\"O Servi\u00e7o Social do Com\u00e9rcio (Sesc-MT) est\u00e1 com processo seletivo aberto para a contrata\u00e7\u00e3o de secret\u00e1ria executiva. A remunera\u00e7\u00e3o \u00e9 de R$ 4,4 mil. Os candidatos devem enviar o seu curr\u00edculo para o e-mail\u00a0recrutamento@sescmt.com.br, informando no assunto o nome da vaga, at\u00e9 7 de fevereiro. Os interessados devem comprovar experi\u00eancia m\u00ednima de 6 meses na [&hellip;]\" \/>\n<meta property=\"og:url\" content=\"https:\/\/blogdacondessa.com.br\/blog\/cotidiano\/sesc-mt-contrata-secretaria-executiva-para-atuar-em-cuiaba\/\" \/>\n<meta property=\"og:site_name\" content=\"Blog da Condessa\" \/>\n<meta property=\"article:published_time\" content=\"2023-02-03T09:00:44+00:00\" \/>\n<meta property=\"og:image\" content=\"https:\/\/blogdacondessa.com.br\/blog\/wp-content\/uploads\/2023\/02\/SESC-secretaria-executiva.jpg\" \/>\n\t<meta property=\"og:image:width\" content=\"560\" \/>\n\t<meta property=\"og:image:height\" content=\"560\" \/>\n\t<meta property=\"og:image:type\" content=\"image\/jpeg\" \/>\n<meta name=\"author\" content=\"Blog da Condessa\" \/>\n<meta name=\"twitter:card\" content=\"summary_large_image\" \/>\n<meta name=\"twitter:label1\" content=\"Escrito por\" \/>\n\t<meta name=\"twitter:data1\" content=\"Blog da Condessa\" \/>\n\t<meta name=\"twitter:label2\" content=\"Est. tempo de leitura\" \/>\n\t<meta name=\"twitter:data2\" content=\"2 minutos\" \/>\n<script type=\"application\/ld+json\" class=\"yoast-schema-graph\">{\"@context\":\"https:\\\/\\\/schema.org\",\"@graph\":[{\"@type\":\"Article\",\"@id\":\"https:\\\/\\\/blogdacondessa.com.br\\\/blog\\\/cotidiano\\\/sesc-mt-contrata-secretaria-executiva-para-atuar-em-cuiaba\\\/#article\",\"isPartOf\":{\"@id\":\"https:\\\/\\\/blogdacondessa.com.br\\\/blog\\\/cotidiano\\\/sesc-mt-contrata-secretaria-executiva-para-atuar-em-cuiaba\\\/\"},\"author\":{\"name\":\"Blog da Condessa\",\"@id\":\"https:\\\/\\\/blogdacondessa.com.br\\\/blog\\\/#\\\/schema\\\/person\\\/1d667ff8b785195b568677489d266035\"},\"headline\":\"Sesc-MT contrata secret\u00e1ria executiva para atuar em Cuiab\u00e1\",\"datePublished\":\"2023-02-03T09:00:44+00:00\",\"mainEntityOfPage\":{\"@id\":\"https:\\\/\\\/blogdacondessa.com.br\\\/blog\\\/cotidiano\\\/sesc-mt-contrata-secretaria-executiva-para-atuar-em-cuiaba\\\/\"},\"wordCount\":355,\"image\":{\"@id\":\"https:\\\/\\\/blogdacondessa.com.br\\\/blog\\\/cotidiano\\\/sesc-mt-contrata-secretaria-executiva-para-atuar-em-cuiaba\\\/#primaryimage\"},\"thumbnailUrl\":\"https:\\\/\\\/blogdacondessa.com.br\\\/blog\\\/wp-content\\\/uploads\\\/2023\\\/02\\\/SESC-secretaria-executiva.jpg\",\"articleSection\":[\"Cotidiano\"],\"inLanguage\":\"pt-BR\"},{\"@type\":\"WebPage\",\"@id\":\"https:\\\/\\\/blogdacondessa.com.br\\\/blog\\\/cotidiano\\\/sesc-mt-contrata-secretaria-executiva-para-atuar-em-cuiaba\\\/\",\"url\":\"https:\\\/\\\/blogdacondessa.com.br\\\/blog\\\/cotidiano\\\/sesc-mt-contrata-secretaria-executiva-para-atuar-em-cuiaba\\\/\",\"name\":\"Sesc-MT contrata secret\u00e1ria executiva para atuar em Cuiab\u00e1 &#8902; Blog da Condessa\",\"isPartOf\":{\"@id\":\"https:\\\/\\\/blogdacondessa.com.br\\\/blog\\\/#website\"},\"primaryImageOfPage\":{\"@id\":\"https:\\\/\\\/blogdacondessa.com.br\\\/blog\\\/cotidiano\\\/sesc-mt-contrata-secretaria-executiva-para-atuar-em-cuiaba\\\/#primaryimage\"},\"image\":{\"@id\":\"https:\\\/\\\/blogdacondessa.com.br\\\/blog\\\/cotidiano\\\/sesc-mt-contrata-secretaria-executiva-para-atuar-em-cuiaba\\\/#primaryimage\"},\"thumbnailUrl\":\"https:\\\/\\\/blogdacondessa.com.br\\\/blog\\\/wp-content\\\/uploads\\\/2023\\\/02\\\/SESC-secretaria-executiva.jpg\",\"datePublished\":\"2023-02-03T09:00:44+00:00\",\"author\":{\"@id\":\"https:\\\/\\\/blogdacondessa.com.br\\\/blog\\\/#\\\/schema\\\/person\\\/1d667ff8b785195b568677489d266035\"},\"breadcrumb\":{\"@id\":\"https:\\\/\\\/blogdacondessa.com.br\\\/blog\\\/cotidiano\\\/sesc-mt-contrata-secretaria-executiva-para-atuar-em-cuiaba\\\/#breadcrumb\"},\"inLanguage\":\"pt-BR\",\"potentialAction\":[{\"@type\":\"ReadAction\",\"target\":[\"https:\\\/\\\/blogdacondessa.com.br\\\/blog\\\/cotidiano\\\/sesc-mt-contrata-secretaria-executiva-para-atuar-em-cuiaba\\\/\"]}]},{\"@type\":\"ImageObject\",\"inLanguage\":\"pt-BR\",\"@id\":\"https:\\\/\\\/blogdacondessa.com.br\\\/blog\\\/cotidiano\\\/sesc-mt-contrata-secretaria-executiva-para-atuar-em-cuiaba\\\/#primaryimage\",\"url\":\"https:\\\/\\\/blogdacondessa.com.br\\\/blog\\\/wp-content\\\/uploads\\\/2023\\\/02\\\/SESC-secretaria-executiva.jpg\",\"contentUrl\":\"https:\\\/\\\/blogdacondessa.com.br\\\/blog\\\/wp-content\\\/uploads\\\/2023\\\/02\\\/SESC-secretaria-executiva.jpg\",\"width\":560,\"height\":560,\"caption\":\"Foto: Assessoria\"},{\"@type\":\"BreadcrumbList\",\"@id\":\"https:\\\/\\\/blogdacondessa.com.br\\\/blog\\\/cotidiano\\\/sesc-mt-contrata-secretaria-executiva-para-atuar-em-cuiaba\\\/#breadcrumb\",\"itemListElement\":[{\"@type\":\"ListItem\",\"position\":1,\"name\":\"In\u00edcio\",\"item\":\"https:\\\/\\\/blogdacondessa.com.br\\\/blog\\\/\"},{\"@type\":\"ListItem\",\"position\":2,\"name\":\"Sesc-MT contrata secret\u00e1ria executiva para atuar em Cuiab\u00e1\"}]},{\"@type\":\"WebSite\",\"@id\":\"https:\\\/\\\/blogdacondessa.com.br\\\/blog\\\/#website\",\"url\":\"https:\\\/\\\/blogdacondessa.com.br\\\/blog\\\/\",\"name\":\"Blog da Condessa\",\"description\":\"Com Shirley de Souza O\u2019Campos\",\"potentialAction\":[{\"@type\":\"SearchAction\",\"target\":{\"@type\":\"EntryPoint\",\"urlTemplate\":\"https:\\\/\\\/blogdacondessa.com.br\\\/blog\\\/?s={search_term_string}\"},\"query-input\":{\"@type\":\"PropertyValueSpecification\",\"valueRequired\":true,\"valueName\":\"search_term_string\"}}],\"inLanguage\":\"pt-BR\"},{\"@type\":\"Person\",\"@id\":\"https:\\\/\\\/blogdacondessa.com.br\\\/blog\\\/#\\\/schema\\\/person\\\/1d667ff8b785195b568677489d266035\",\"name\":\"Blog da Condessa\",\"image\":{\"@type\":\"ImageObject\",\"inLanguage\":\"pt-BR\",\"@id\":\"https:\\\/\\\/secure.gravatar.com\\\/avatar\\\/377c0eb8b4ad2bfc25461b41564b5971e721ca34a57642868fc7b0c8ac7b52c5?s=96&d=mm&r=g\",\"url\":\"https:\\\/\\\/secure.gravatar.com\\\/avatar\\\/377c0eb8b4ad2bfc25461b41564b5971e721ca34a57642868fc7b0c8ac7b52c5?s=96&d=mm&r=g\",\"contentUrl\":\"https:\\\/\\\/secure.gravatar.com\\\/avatar\\\/377c0eb8b4ad2bfc25461b41564b5971e721ca34a57642868fc7b0c8ac7b52c5?s=96&d=mm&r=g\",\"caption\":\"Blog da Condessa\"},\"url\":\"https:\\\/\\\/blogdacondessa.com.br\\\/blog\\\/author\\\/beatriz\\\/\"}]}<\/script>\n<!-- \/ Yoast SEO plugin. -->","yoast_head_json":{"title":"Sesc-MT contrata secret\u00e1ria executiva para atuar em Cuiab\u00e1 &#8902; Blog da Condessa","robots":{"index":"index","follow":"follow","max-snippet":"max-snippet:-1","max-image-preview":"max-image-preview:large","max-video-preview":"max-video-preview:-1"},"canonical":"https:\/\/blogdacondessa.com.br\/blog\/cotidiano\/sesc-mt-contrata-secretaria-executiva-para-atuar-em-cuiaba\/","og_locale":"pt_BR","og_type":"article","og_title":"Sesc-MT contrata secret\u00e1ria executiva para atuar em Cuiab\u00e1 &#8902; Blog da Condessa","og_description":"O Servi\u00e7o Social do Com\u00e9rcio (Sesc-MT) est\u00e1 com processo seletivo aberto para a contrata\u00e7\u00e3o de secret\u00e1ria executiva. A remunera\u00e7\u00e3o \u00e9 de R$ 4,4 mil. Os candidatos devem enviar o seu curr\u00edculo para o e-mail\u00a0recrutamento@sescmt.com.br, informando no assunto o nome da vaga, at\u00e9 7 de fevereiro. Os interessados devem comprovar experi\u00eancia m\u00ednima de 6 meses na [&hellip;]","og_url":"https:\/\/blogdacondessa.com.br\/blog\/cotidiano\/sesc-mt-contrata-secretaria-executiva-para-atuar-em-cuiaba\/","og_site_name":"Blog da Condessa","article_published_time":"2023-02-03T09:00:44+00:00","og_image":[{"width":560,"height":560,"url":"https:\/\/blogdacondessa.com.br\/blog\/wp-content\/uploads\/2023\/02\/SESC-secretaria-executiva.jpg","type":"image\/jpeg"}],"author":"Blog da Condessa","twitter_card":"summary_large_image","twitter_misc":{"Escrito por":"Blog da Condessa","Est. tempo de leitura":"2 minutos"},"schema":{"@context":"https:\/\/schema.org","@graph":[{"@type":"Article","@id":"https:\/\/blogdacondessa.com.br\/blog\/cotidiano\/sesc-mt-contrata-secretaria-executiva-para-atuar-em-cuiaba\/#article","isPartOf":{"@id":"https:\/\/blogdacondessa.com.br\/blog\/cotidiano\/sesc-mt-contrata-secretaria-executiva-para-atuar-em-cuiaba\/"},"author":{"name":"Blog da Condessa","@id":"https:\/\/blogdacondessa.com.br\/blog\/#\/schema\/person\/1d667ff8b785195b568677489d266035"},"headline":"Sesc-MT contrata secret\u00e1ria executiva para atuar em Cuiab\u00e1","datePublished":"2023-02-03T09:00:44+00:00","mainEntityOfPage":{"@id":"https:\/\/blogdacondessa.com.br\/blog\/cotidiano\/sesc-mt-contrata-secretaria-executiva-para-atuar-em-cuiaba\/"},"wordCount":355,"image":{"@id":"https:\/\/blogdacondessa.com.br\/blog\/cotidiano\/sesc-mt-contrata-secretaria-executiva-para-atuar-em-cuiaba\/#primaryimage"},"thumbnailUrl":"https:\/\/blogdacondessa.com.br\/blog\/wp-content\/uploads\/2023\/02\/SESC-secretaria-executiva.jpg","articleSection":["Cotidiano"],"inLanguage":"pt-BR"},{"@type":"WebPage","@id":"https:\/\/blogdacondessa.com.br\/blog\/cotidiano\/sesc-mt-contrata-secretaria-executiva-para-atuar-em-cuiaba\/","url":"https:\/\/blogdacondessa.com.br\/blog\/cotidiano\/sesc-mt-contrata-secretaria-executiva-para-atuar-em-cuiaba\/","name":"Sesc-MT contrata secret\u00e1ria executiva para atuar em Cuiab\u00e1 &#8902; Blog da Condessa","isPartOf":{"@id":"https:\/\/blogdacondessa.com.br\/blog\/#website"},"primaryImageOfPage":{"@id":"https:\/\/blogdacondessa.com.br\/blog\/cotidiano\/sesc-mt-contrata-secretaria-executiva-para-atuar-em-cuiaba\/#primaryimage"},"image":{"@id":"https:\/\/blogdacondessa.com.br\/blog\/cotidiano\/sesc-mt-contrata-secretaria-executiva-para-atuar-em-cuiaba\/#primaryimage"},"thumbnailUrl":"https:\/\/blogdacondessa.com.br\/blog\/wp-content\/uploads\/2023\/02\/SESC-secretaria-executiva.jpg","datePublished":"2023-02-03T09:00:44+00:00","author":{"@id":"https:\/\/blogdacondessa.com.br\/blog\/#\/schema\/person\/1d667ff8b785195b568677489d266035"},"breadcrumb":{"@id":"https:\/\/blogdacondessa.com.br\/blog\/cotidiano\/sesc-mt-contrata-secretaria-executiva-para-atuar-em-cuiaba\/#breadcrumb"},"inLanguage":"pt-BR","potentialAction":[{"@type":"ReadAction","target":["https:\/\/blogdacondessa.com.br\/blog\/cotidiano\/sesc-mt-contrata-secretaria-executiva-para-atuar-em-cuiaba\/"]}]},{"@type":"ImageObject","inLanguage":"pt-BR","@id":"https:\/\/blogdacondessa.com.br\/blog\/cotidiano\/sesc-mt-contrata-secretaria-executiva-para-atuar-em-cuiaba\/#primaryimage","url":"https:\/\/blogdacondessa.com.br\/blog\/wp-content\/uploads\/2023\/02\/SESC-secretaria-executiva.jpg","contentUrl":"https:\/\/blogdacondessa.com.br\/blog\/wp-content\/uploads\/2023\/02\/SESC-secretaria-executiva.jpg","width":560,"height":560,"caption":"Foto: Assessoria"},{"@type":"BreadcrumbList","@id":"https:\/\/blogdacondessa.com.br\/blog\/cotidiano\/sesc-mt-contrata-secretaria-executiva-para-atuar-em-cuiaba\/#breadcrumb","itemListElement":[{"@type":"ListItem","position":1,"name":"In\u00edcio","item":"https:\/\/blogdacondessa.com.br\/blog\/"},{"@type":"ListItem","position":2,"name":"Sesc-MT contrata secret\u00e1ria executiva para atuar em Cuiab\u00e1"}]},{"@type":"WebSite","@id":"https:\/\/blogdacondessa.com.br\/blog\/#website","url":"https:\/\/blogdacondessa.com.br\/blog\/","name":"Blog da Condessa","description":"Com Shirley de Souza O\u2019Campos","potentialAction":[{"@type":"SearchAction","target":{"@type":"EntryPoint","urlTemplate":"https:\/\/blogdacondessa.com.br\/blog\/?s={search_term_string}"},"query-input":{"@type":"PropertyValueSpecification","valueRequired":true,"valueName":"search_term_string"}}],"inLanguage":"pt-BR"},{"@type":"Person","@id":"https:\/\/blogdacondessa.com.br\/blog\/#\/schema\/person\/1d667ff8b785195b568677489d266035","name":"Blog da Condessa","image":{"@type":"ImageObject","inLanguage":"pt-BR","@id":"https:\/\/secure.gravatar.com\/avatar\/377c0eb8b4ad2bfc25461b41564b5971e721ca34a57642868fc7b0c8ac7b52c5?s=96&d=mm&r=g","url":"https:\/\/secure.gravatar.com\/avatar\/377c0eb8b4ad2bfc25461b41564b5971e721ca34a57642868fc7b0c8ac7b52c5?s=96&d=mm&r=g","contentUrl":"https:\/\/secure.gravatar.com\/avatar\/377c0eb8b4ad2bfc25461b41564b5971e721ca34a57642868fc7b0c8ac7b52c5?s=96&d=mm&r=g","caption":"Blog da Condessa"},"url":"https:\/\/blogdacondessa.com.br\/blog\/author\/beatriz\/"}]}},"_links":{"self":[{"href":"https:\/\/blogdacondessa.com.br\/blog\/wp-json\/wp\/v2\/posts\/6222","targetHints":{"allow":["GET"]}}],"collection":[{"href":"https:\/\/blogdacondessa.com.br\/blog\/wp-json\/wp\/v2\/posts"}],"about":[{"href":"https:\/\/blogdacondessa.com.br\/blog\/wp-json\/wp\/v2\/types\/post"}],"author":[{"embeddable":true,"href":"https:\/\/blogdacondessa.com.br\/blog\/wp-json\/wp\/v2\/users\/2"}],"replies":[{"embeddable":true,"href":"https:\/\/blogdacondessa.com.br\/blog\/wp-json\/wp\/v2\/comments?post=6222"}],"version-history":[{"count":0,"href":"https:\/\/blogdacondessa.com.br\/blog\/wp-json\/wp\/v2\/posts\/6222\/revisions"}],"wp:featuredmedia":[{"embeddable":true,"href":"https:\/\/blogdacondessa.com.br\/blog\/wp-json\/wp\/v2\/media\/6223"}],"wp:attachment":[{"href":"https:\/\/blogdacondessa.com.br\/blog\/wp-json\/wp\/v2\/media?parent=6222"}],"wp:term":[{"taxonomy":"category","embeddable":true,"href":"https:\/\/blogdacondessa.com.br\/blog\/wp-json\/wp\/v2\/categories?post=6222"},{"taxonomy":"post_tag","embeddable":true,"href":"https:\/\/blogdacondessa.com.br\/blog\/wp-json\/wp\/v2\/tags?post=6222"}],"curies":[{"name":"wp","href":"https:\/\/api.w.org\/{rel}","templated":true}]}}